{"id":92288,"date":"2015-09-14T14:28:03","date_gmt":"2015-09-14T13:28:03","guid":{"rendered":"http:\/\/www.visit-ulcinj.com\/blog\/?p=92288"},"modified":"2015-09-14T15:01:01","modified_gmt":"2015-09-14T14:01:01","slug":"vertete-kush-e-mbrojti-dhe-kush-e-humbi-pronen-e-kinemase-verore","status":"publish","type":"post","link":"https:\/\/www.visit-ulcinj.com\/blog\/2015\/09\/14\/vertete-kush-e-mbrojti-dhe-kush-e-humbi-pronen-e-kinemase-verore\/","title":{"rendered":"V\u00ebrtet\u00eb kush e mbrojti dhe kush  e humbi pron\u00ebn e kinemas\u00eb verore ?!"},"content":{"rendered":"<p><strong><em><a href=\"http:\/\/www.visit-ulcinj.com\/blog\/wp-content\/uploads\/2015\/09\/Hotel-Cruiser-Ulqin.jpg\"><img loading=\"lazy\" class=\"alignleft wp-image-92290\" src=\"http:\/\/www.visit-ulcinj.com\/blog\/wp-content\/uploads\/2015\/09\/Hotel-Cruiser-Ulqin.jpg\" alt=\"Hotel Cruiser - Ulqin\" width=\"508\" height=\"350\" srcset=\"https:\/\/www.visit-ulcinj.com\/blog\/wp-content\/uploads\/2015\/09\/Hotel-Cruiser-Ulqin.jpg 960w, https:\/\/www.visit-ulcinj.com\/blog\/wp-content\/uploads\/2015\/09\/Hotel-Cruiser-Ulqin-300x207.jpg 300w\" sizes=\"(max-width: 508px) 100vw, 508px\" \/><\/a>Shkruan Muhamet Nika<\/em><\/strong><\/p>\n<p>Ky shkrim edhe pse ka mund\u00ebsi q\u00eb tu sh\u00ebrbej\u00eb grupeve dhe individ\u00ebve brenda vet\u00eb partis\u00eb s\u00eb Forc\u00ebs , p\u00ebr q\u00ebrim hesapesh n\u00eb primat politik e biznes&#8230; , ai me gjith\u00eb at\u00eb nuk e ka k\u00ebt\u00eb q\u00ebllim . Por thjesht\u00eb b\u00ebhet p\u00ebr ata q\u00eb jan\u00eb t\u00eb interesuar p\u00ebr ngritjen e nj\u00eb interpelance n\u00eb kuvend duke gjetur shkaktarin e d\u00ebmit prej 1mlion eurosh pasi q\u00eb pasuria e kinemas\u00eb iu kthye ish pronar\u00ebve&#8230;?!<\/p>\n<p><strong><em> Po p\u00ebrse b\u00ebhet shkrimi?!<\/em><\/strong><\/p>\n<p>Duke qen\u00eb q\u00eb qarqe t\u00eb ndryshme dhe p\u00ebr arsye t\u00eb ndryshme , p\u00ebr seri \u00e7\u00ebshtjen e humbjes s\u00eb pron\u00ebsis\u00eb n\u00eb kineman\u00eb verore, nga sht\u00ebpia e kultur\u00ebs, po mundohen\u00a0\u00a0 ta lidhin me periudh\u00ebn 2006-2008, kur un\u00eb pata n\u00ebnshkruar nj\u00eb kontrat\u00eb me qiramarr\u00ebsin <strong>( me p\u00eblqim t\u00eb k\u00ebshillit drejtues<\/strong>),at\u00eb her\u00eb sot, i shtyr\u00eb nga rrethanat e reja t\u00eb krijuara , pohojm\u00eb q\u00eb n\u00eb vitin 2012 gjykata kish sjell\u00eb nj\u00eb vendim i cili kineman\u00eb verore i a kthente sht\u00ebpis\u00eb s\u00eb kultur\u00ebs prej qira marr\u00ebsit, pasi kjo e fundit kish ngritur nj\u00eb padi ndaj tij dhe e kish fituar. Thjesht , th\u00ebn\u00eb edhe m\u00eb qart\u00eb, n\u00eb vitin 2005 kinemaja u mbrojt e nd\u00ebrsa p\u00ebr tu humbur, u humb n\u00eb vitin 2015&#8230;?! Nd\u00ebrsa e gjith\u00eb kjo , po duket ndodhi p\u00ebr arsye se ekspert\u00ebt e gjyqit gjeometri dhe inxhinieri i nd\u00ebrtimtaris\u00eb- kishin fshehur rrethanat n\u00eb gjyq duke deklaruar se toka e marr\u00eb kurr\u00eb nuk i kishte sh\u00ebrbyer destinimit dhe se aty nuk ishte b\u00ebr\u00eb kurrfar\u00eb investimi sipas q\u00ebllimit. Por me nxjerrjen e d\u00ebshmive nga<strong> Ne<\/strong> \u2013 gjykata e shkall\u00ebs s\u00eb lart\u00eb e hodhi posht\u00eb vendimin p\u00ebr t\u2019iu kthyer k\u00ebt\u00eb ish-pronar\u00ebve.<\/p>\n<p>Tjet\u00ebr n\u00eb vitin-2012- Gjykata p\u00ebr t\u00eb realizuar vendimin e vet (lirimin e kinemas\u00eb verore)kish d\u00ebrguar edhe ftes\u00eb ndaj sht\u00ebpis\u00eb s\u00eb kultur\u00ebs , p\u00ebr t\u00eb asistuar n\u00eb dor\u00ebzim pranimin e \u00e7el\u00ebsave t\u00eb objektit. Mir\u00ebpo sht\u00ebpia e kultur\u00ebs , me sa jemi ne n\u00eb njohuri ,nuk shkoi k\u00ebt\u00eb dit\u00eb n\u00eb gjykat\u00eb q\u00eb t\u00eb asistoj\u00eb n\u00eb marrje t\u00eb \u00e7el\u00ebsave nga qiramarr\u00ebsi e kjo, sipas Ligjit p\u00ebr Qiradh\u00ebnie , n\u00ebnkupton q\u00eb sht\u00ebpia e kultur\u00ebs mendon n\u00eb vazhdimin e kontrat\u00ebs, q\u00eb edhe u b\u00eb n\u00eb vitet n\u00eb vazhdim.<\/p>\n<p>N\u00eb k\u00ebt\u00eb koh\u00eb- drejtori i sht\u00ebpis\u00eb s\u00eb kultur\u00ebs , i binte t\u00eb ishte nga radh\u00ebt e Forc\u00ebs, mbrojt\u00ebsi i pasuris\u00eb s\u00eb komun\u00ebs \u2013 po ashtu i Forc\u00ebs, kuptohet bashk\u00eb me kryeadministratorin e komun\u00ebs(q\u00eb ishte edhe mbrojt\u00ebs i pal\u00ebs- konflikt interesi &#8230;.), si dhe mbase vet kryetari i komun\u00ebs. Pra shkurt t\u00eb gjith\u00eb t\u00eb nj\u00eb partie duke mos llogaritur k\u00ebtu edhe vet\u00eb qiramarr\u00ebsin e saj&#8230;?!!<\/p>\n<p>Gjithashtu , ia vlen t\u00eb ve\u00e7ohet se nga viti 2008 e deri n\u00eb vitin 2012, ishin nd\u00ebrruar edhe tre drejtor\u00eb t\u00eb cil\u00ebt duke respektuar nenin e aneks marr\u00ebveshjes, q\u00eb p\u00ebrjashtonte mund\u00ebsin\u00eb e vazhdimit t\u00eb kontrat\u00ebs \u00a0, nuk kishin n\u00ebnshkruar m\u00eb kontrata t\u00eb reja me pal\u00ebn.<\/p>\n<p>Prandaj , p\u00ebr ta lidh\u00eb humbjen e pron\u00ebs me periudh\u00ebn time edhe po t\u00eb d\u00ebshirohet nuk mund t\u00eb ket\u00eb kuptim , sepse kemi nj\u00eb vendim t\u00eb plotfuqish\u00ebm gjykate( q\u00eb i njeh pron\u00ebsin\u00eb sht\u00ebpis\u00eb s\u00eb kultur\u00ebs, n\u00eb vitin 2012) dhe nj\u00eb vakum prej 5 viteve p\u00ebr t\u00eb mos th\u00ebn\u00eb 10vite deri n\u00eb vitin 2015 t\u00eb humbjes s\u00eb saj&#8230;?!!<\/p>\n<p>Nj\u00eb situat\u00eb tjet\u00ebr interesante- enigmatike mbetet fakti se kush e mbuloi me letra pune qiramarr\u00ebsin- D<strong>ISKOTEK\u00cbN FAMA, nga viti 2008- 2012 , <\/strong>nga komuna , pasi q\u00eb administrata e kultur\u00ebs e kish v\u00ebn\u00eb n\u00eb dijeni sekretariatin e komun\u00ebs, q\u00eb ajo e kish shk\u00ebputur kontrat\u00ebn e qiradh\u00ebnies , si kusht dhe d\u00ebshmi t\u00eb fitimit t\u00eb lejes p\u00ebr pun\u00eb t\u00eb diskotek\u00ebs Fama..?!<\/p>\n<p>Dhe po, desh harruam , motivi i k\u00ebtij shkrimi ishte edhe arsyeja q\u00eb k\u00ebtyre dit\u00ebve , k\u00ebrkuam nga sht\u00ebpia e kultur\u00ebs t\u00eb na jepet n\u00eb dispozicion skica me parcelat kadastrale t\u00eb kinemas\u00eb t\u00eb kthyera, p\u00ebr tu v\u00ebrtetuar se cilat hap\u00ebsira ishin l\u00ebnd\u00eb kthimi, por ata than\u00eb se nuk i dispononin?!<\/p>\n<p>Andaj pyesim, athua se me k\u00ebt\u00eb vendim gjykate , mund t\u00eb jen\u00eb humbur vet\u00ebm hap\u00ebsirat rreth kinemas\u00eb q\u00eb u uzurpuan (privatizuan) dhe aktualisht sh\u00ebrbejn\u00eb p\u00ebr lokale private (kafiteri&#8230;) ?! Dhe dy &#8211; athua se ndokush me k\u00ebt\u00eb interpelanc\u00eb p\u00ebr mes ndonj\u00eb konkluze t\u00eb kuvendit do t\u00eb d\u00ebshironte t\u00eb mbroj\u00eb biznesin e vet t\u00eb dyshimt\u00eb &#8230;.., n\u00eb em\u00ebr t\u00eb interesit t\u00eb p\u00ebrgjithsh\u00ebm &#8230;.,mbetet t\u00eb shihet ..?!!<\/p>\n<p><strong> Thirrja e gjykat\u00ebsit Pero LLukiq- p\u00ebr dor\u00ebzim t\u00eb Kinemas\u00eb Verore q\u00eb nuk u p\u00ebrfill..?!!<\/strong><\/p>\n<p><a href=\"http:\/\/www.visit-ulcinj.com\/blog\/wp-content\/uploads\/2015\/09\/Gjykat\u00ebsi-Pero-LLukiq-p\u00ebr-dor\u00ebzim-t\u00eb-Kinemas\u00eb-Verore.jpg\"><img loading=\"lazy\" class=\"alignleft wp-image-92289\" src=\"http:\/\/www.visit-ulcinj.com\/blog\/wp-content\/uploads\/2015\/09\/Gjykat\u00ebsi-Pero-LLukiq-p\u00ebr-dor\u00ebzim-t\u00eb-Kinemas\u00eb-Verore.jpg\" alt=\"Gjykat\u00ebsi Pero LLukiq- p\u00ebr dor\u00ebzim t\u00eb Kinemas\u00eb Verore\" width=\"508\" height=\"387\" srcset=\"https:\/\/www.visit-ulcinj.com\/blog\/wp-content\/uploads\/2015\/09\/Gjykat\u00ebsi-Pero-LLukiq-p\u00ebr-dor\u00ebzim-t\u00eb-Kinemas\u00eb-Verore.jpg 626w, https:\/\/www.visit-ulcinj.com\/blog\/wp-content\/uploads\/2015\/09\/Gjykat\u00ebsi-Pero-LLukiq-p\u00ebr-dor\u00ebzim-t\u00eb-Kinemas\u00eb-Verore-300x229.jpg 300w\" sizes=\"(max-width: 508px) 100vw, 508px\" \/><\/a><\/p>\n<p><strong>Pik\u00ebpamjet e shprehura n\u00eb faqen \u201cOPINIONE\u201d nuk p\u00ebrfaq\u00ebsojn\u00eb domosdoshm\u00ebrisht politik\u00ebn redaksionale t\u00eb \u201eLajmeve nga Ulqini\u201e<\/strong><\/p>\n","protected":false},"excerpt":{"rendered":"<p>Shkruan Muhamet Nika Ky shkrim edhe pse ka mund\u00ebsi q\u00eb tu sh\u00ebrbej\u00eb grupeve dhe individ\u00ebve brenda vet\u00eb partis\u00eb s\u00eb Forc\u00ebs , p\u00ebr q\u00ebrim hesapesh n\u00eb primat politik e biznes&#8230; , ai me gjith\u00eb at\u00eb nuk e ka k\u00ebt\u00eb q\u00ebllim . Por thjesht\u00eb b\u00ebhet p\u00ebr ata q\u00eb jan\u00eb t\u00eb interesuar p\u00ebr ngritjen e nj\u00eb interpelance n\u00eb [&hellip;]<\/p>\n","protected":false},"author":1,"featured_media":0,"comment_status":"closed","ping_status":"closed","sticky":false,"template":"","format":"standard","meta":{"spay_email":"","jetpack_publicize_message":"","jetpack_is_tweetstorm":false,"jetpack_publicize_feature_enabled":true},"categories":[14249],"tags":[],"jetpack_publicize_connections":[],"yoast_head":"<!-- This site is optimized with the Yoast SEO plugin v19.1 - https:\/\/yoast.com\/wordpress\/plugins\/seo\/ -->\n<title>V\u00ebrtet\u00eb kush e mbrojti dhe kush e humbi pron\u00ebn e kinemas\u00eb verore ?! - Lajme nga Ulqini<\/title>\n<meta name=\"description\" content=\"Shkruan Muhamet Nika Ky shkrim edhe pse ka mund\u00ebsi q\u00eb tu sh\u00ebrbej\u00eb grupeve dhe individ\u00ebve brenda vet\u00eb partis\u00eb s\u00eb Forc\u00ebs , p\u00ebr q\u00ebrim hesapesh n\u00eb primat\" \/>\n<meta name=\"robots\" content=\"index, follow, max-snippet:-1, max-image-preview:large, max-video-preview:-1\" \/>\n<link rel=\"canonical\" href=\"https:\/\/www.visit-ulcinj.com\/blog\/2015\/09\/14\/vertete-kush-e-mbrojti-dhe-kush-e-humbi-pronen-e-kinemase-verore\/\" \/>\n<meta property=\"og:locale\" content=\"en_US\" \/>\n<meta property=\"og:type\" content=\"article\" \/>\n<meta property=\"og:title\" content=\"V\u00ebrtet\u00eb kush e mbrojti dhe kush e humbi pron\u00ebn e kinemas\u00eb verore ?! - Lajme nga Ulqini\" \/>\n<meta property=\"og:description\" content=\"Shkruan Muhamet Nika Ky shkrim edhe pse ka mund\u00ebsi q\u00eb tu sh\u00ebrbej\u00eb grupeve dhe individ\u00ebve brenda vet\u00eb partis\u00eb s\u00eb Forc\u00ebs , p\u00ebr q\u00ebrim hesapesh n\u00eb primat\" \/>\n<meta property=\"og:url\" content=\"https:\/\/www.visit-ulcinj.com\/blog\/2015\/09\/14\/vertete-kush-e-mbrojti-dhe-kush-e-humbi-pronen-e-kinemase-verore\/\" \/>\n<meta property=\"og:site_name\" content=\"Lajme nga Ulqini\" \/>\n<meta property=\"article:published_time\" content=\"2015-09-14T13:28:03+00:00\" \/>\n<meta property=\"article:modified_time\" content=\"2015-09-14T14:01:01+00:00\" \/>\n<meta property=\"og:image\" content=\"http:\/\/www.visit-ulcinj.com\/blog\/wp-content\/uploads\/2015\/09\/Hotel-Cruiser-Ulqin.jpg\" \/>\n<meta name=\"twitter:label1\" content=\"Written by\" \/>\n\t<meta name=\"twitter:data1\" content=\"ulqini\" \/>\n\t<meta name=\"twitter:label2\" content=\"Est. reading time\" \/>\n\t<meta name=\"twitter:data2\" content=\"4 minutes\" \/>\n<script type=\"application\/ld+json\" class=\"yoast-schema-graph\">{\"@context\":\"https:\/\/schema.org\",\"@graph\":[{\"@type\":\"WebSite\",\"@id\":\"https:\/\/www.visit-ulcinj.com\/blog\/#website\",\"url\":\"https:\/\/www.visit-ulcinj.com\/blog\/\",\"name\":\"Lajme nga Ulqini\",\"description\":\"Lajme,Vijesti,Ulqini,Ulqin,Crna Gora,Mali i Zi\",\"potentialAction\":[{\"@type\":\"SearchAction\",\"target\":{\"@type\":\"EntryPoint\",\"urlTemplate\":\"https:\/\/www.visit-ulcinj.com\/blog\/?s={search_term_string}\"},\"query-input\":\"required name=search_term_string\"}],\"inLanguage\":\"en-US\"},{\"@type\":\"ImageObject\",\"inLanguage\":\"en-US\",\"@id\":\"https:\/\/www.visit-ulcinj.com\/blog\/2015\/09\/14\/vertete-kush-e-mbrojti-dhe-kush-e-humbi-pronen-e-kinemase-verore\/#primaryimage\",\"url\":\"https:\/\/www.visit-ulcinj.com\/blog\/wp-content\/uploads\/2015\/09\/Hotel-Cruiser-Ulqin.jpg\",\"contentUrl\":\"https:\/\/www.visit-ulcinj.com\/blog\/wp-content\/uploads\/2015\/09\/Hotel-Cruiser-Ulqin.jpg\",\"width\":960,\"height\":662},{\"@type\":\"WebPage\",\"@id\":\"https:\/\/www.visit-ulcinj.com\/blog\/2015\/09\/14\/vertete-kush-e-mbrojti-dhe-kush-e-humbi-pronen-e-kinemase-verore\/#webpage\",\"url\":\"https:\/\/www.visit-ulcinj.com\/blog\/2015\/09\/14\/vertete-kush-e-mbrojti-dhe-kush-e-humbi-pronen-e-kinemase-verore\/\",\"name\":\"V\u00ebrtet\u00eb kush e mbrojti dhe kush e humbi pron\u00ebn e kinemas\u00eb verore ?! - Lajme nga Ulqini\",\"isPartOf\":{\"@id\":\"https:\/\/www.visit-ulcinj.com\/blog\/#website\"},\"primaryImageOfPage\":{\"@id\":\"https:\/\/www.visit-ulcinj.com\/blog\/2015\/09\/14\/vertete-kush-e-mbrojti-dhe-kush-e-humbi-pronen-e-kinemase-verore\/#primaryimage\"},\"datePublished\":\"2015-09-14T13:28:03+00:00\",\"dateModified\":\"2015-09-14T14:01:01+00:00\",\"author\":{\"@id\":\"https:\/\/www.visit-ulcinj.com\/blog\/#\/schema\/person\/dcab619c614d3038751c63bc2aadc06d\"},\"description\":\"Shkruan Muhamet Nika Ky shkrim edhe pse ka mund\u00ebsi q\u00eb tu sh\u00ebrbej\u00eb grupeve dhe individ\u00ebve brenda vet\u00eb partis\u00eb s\u00eb Forc\u00ebs , p\u00ebr q\u00ebrim hesapesh n\u00eb primat\",\"breadcrumb\":{\"@id\":\"https:\/\/www.visit-ulcinj.com\/blog\/2015\/09\/14\/vertete-kush-e-mbrojti-dhe-kush-e-humbi-pronen-e-kinemase-verore\/#breadcrumb\"},\"inLanguage\":\"en-US\",\"potentialAction\":[{\"@type\":\"ReadAction\",\"target\":[\"https:\/\/www.visit-ulcinj.com\/blog\/2015\/09\/14\/vertete-kush-e-mbrojti-dhe-kush-e-humbi-pronen-e-kinemase-verore\/\"]}]},{\"@type\":\"BreadcrumbList\",\"@id\":\"https:\/\/www.visit-ulcinj.com\/blog\/2015\/09\/14\/vertete-kush-e-mbrojti-dhe-kush-e-humbi-pronen-e-kinemase-verore\/#breadcrumb\",\"itemListElement\":[{\"@type\":\"ListItem\",\"position\":1,\"name\":\"V\u00ebrtet\u00eb kush e mbrojti dhe kush e humbi pron\u00ebn e kinemas\u00eb verore ?!\"}]},{\"@type\":\"Person\",\"@id\":\"https:\/\/www.visit-ulcinj.com\/blog\/#\/schema\/person\/dcab619c614d3038751c63bc2aadc06d\",\"name\":\"ulqini\",\"sameAs\":[\"http:\/\/www.visit-ulcinj.com\"],\"url\":\"https:\/\/www.visit-ulcinj.com\/blog\/author\/admin\/\"}]}<\/script>\n<!-- \/ Yoast SEO plugin. -->","yoast_head_json":{"title":"V\u00ebrtet\u00eb kush e mbrojti dhe kush e humbi pron\u00ebn e kinemas\u00eb verore ?! - Lajme nga Ulqini","description":"Shkruan Muhamet Nika Ky shkrim edhe pse ka mund\u00ebsi q\u00eb tu sh\u00ebrbej\u00eb grupeve dhe individ\u00ebve brenda vet\u00eb partis\u00eb s\u00eb Forc\u00ebs , p\u00ebr q\u00ebrim hesapesh n\u00eb primat","robots":{"index":"index","follow":"follow","max-snippet":"max-snippet:-1","max-image-preview":"max-image-preview:large","max-video-preview":"max-video-preview:-1"},"canonical":"https:\/\/www.visit-ulcinj.com\/blog\/2015\/09\/14\/vertete-kush-e-mbrojti-dhe-kush-e-humbi-pronen-e-kinemase-verore\/","og_locale":"en_US","og_type":"article","og_title":"V\u00ebrtet\u00eb kush e mbrojti dhe kush e humbi pron\u00ebn e kinemas\u00eb verore ?! - Lajme nga Ulqini","og_description":"Shkruan Muhamet Nika Ky shkrim edhe pse ka mund\u00ebsi q\u00eb tu sh\u00ebrbej\u00eb grupeve dhe individ\u00ebve brenda vet\u00eb partis\u00eb s\u00eb Forc\u00ebs , p\u00ebr q\u00ebrim hesapesh n\u00eb primat","og_url":"https:\/\/www.visit-ulcinj.com\/blog\/2015\/09\/14\/vertete-kush-e-mbrojti-dhe-kush-e-humbi-pronen-e-kinemase-verore\/","og_site_name":"Lajme nga Ulqini","article_published_time":"2015-09-14T13:28:03+00:00","article_modified_time":"2015-09-14T14:01:01+00:00","og_image":[{"url":"http:\/\/www.visit-ulcinj.com\/blog\/wp-content\/uploads\/2015\/09\/Hotel-Cruiser-Ulqin.jpg"}],"twitter_misc":{"Written by":"ulqini","Est. reading time":"4 minutes"},"schema":{"@context":"https:\/\/schema.org","@graph":[{"@type":"WebSite","@id":"https:\/\/www.visit-ulcinj.com\/blog\/#website","url":"https:\/\/www.visit-ulcinj.com\/blog\/","name":"Lajme nga Ulqini","description":"Lajme,Vijesti,Ulqini,Ulqin,Crna Gora,Mali i Zi","potentialAction":[{"@type":"SearchAction","target":{"@type":"EntryPoint","urlTemplate":"https:\/\/www.visit-ulcinj.com\/blog\/?s={search_term_string}"},"query-input":"required name=search_term_string"}],"inLanguage":"en-US"},{"@type":"ImageObject","inLanguage":"en-US","@id":"https:\/\/www.visit-ulcinj.com\/blog\/2015\/09\/14\/vertete-kush-e-mbrojti-dhe-kush-e-humbi-pronen-e-kinemase-verore\/#primaryimage","url":"https:\/\/www.visit-ulcinj.com\/blog\/wp-content\/uploads\/2015\/09\/Hotel-Cruiser-Ulqin.jpg","contentUrl":"https:\/\/www.visit-ulcinj.com\/blog\/wp-content\/uploads\/2015\/09\/Hotel-Cruiser-Ulqin.jpg","width":960,"height":662},{"@type":"WebPage","@id":"https:\/\/www.visit-ulcinj.com\/blog\/2015\/09\/14\/vertete-kush-e-mbrojti-dhe-kush-e-humbi-pronen-e-kinemase-verore\/#webpage","url":"https:\/\/www.visit-ulcinj.com\/blog\/2015\/09\/14\/vertete-kush-e-mbrojti-dhe-kush-e-humbi-pronen-e-kinemase-verore\/","name":"V\u00ebrtet\u00eb kush e mbrojti dhe kush e humbi pron\u00ebn e kinemas\u00eb verore ?! - Lajme nga Ulqini","isPartOf":{"@id":"https:\/\/www.visit-ulcinj.com\/blog\/#website"},"primaryImageOfPage":{"@id":"https:\/\/www.visit-ulcinj.com\/blog\/2015\/09\/14\/vertete-kush-e-mbrojti-dhe-kush-e-humbi-pronen-e-kinemase-verore\/#primaryimage"},"datePublished":"2015-09-14T13:28:03+00:00","dateModified":"2015-09-14T14:01:01+00:00","author":{"@id":"https:\/\/www.visit-ulcinj.com\/blog\/#\/schema\/person\/dcab619c614d3038751c63bc2aadc06d"},"description":"Shkruan Muhamet Nika Ky shkrim edhe pse ka mund\u00ebsi q\u00eb tu sh\u00ebrbej\u00eb grupeve dhe individ\u00ebve brenda vet\u00eb partis\u00eb s\u00eb Forc\u00ebs , p\u00ebr q\u00ebrim hesapesh n\u00eb primat","breadcrumb":{"@id":"https:\/\/www.visit-ulcinj.com\/blog\/2015\/09\/14\/vertete-kush-e-mbrojti-dhe-kush-e-humbi-pronen-e-kinemase-verore\/#breadcrumb"},"inLanguage":"en-US","potentialAction":[{"@type":"ReadAction","target":["https:\/\/www.visit-ulcinj.com\/blog\/2015\/09\/14\/vertete-kush-e-mbrojti-dhe-kush-e-humbi-pronen-e-kinemase-verore\/"]}]},{"@type":"BreadcrumbList","@id":"https:\/\/www.visit-ulcinj.com\/blog\/2015\/09\/14\/vertete-kush-e-mbrojti-dhe-kush-e-humbi-pronen-e-kinemase-verore\/#breadcrumb","itemListElement":[{"@type":"ListItem","position":1,"name":"V\u00ebrtet\u00eb kush e mbrojti dhe kush e humbi pron\u00ebn e kinemas\u00eb verore ?!"}]},{"@type":"Person","@id":"https:\/\/www.visit-ulcinj.com\/blog\/#\/schema\/person\/dcab619c614d3038751c63bc2aadc06d","name":"ulqini","sameAs":["http:\/\/www.visit-ulcinj.com"],"url":"https:\/\/www.visit-ulcinj.com\/blog\/author\/admin\/"}]}},"jetpack_featured_media_url":"","jetpack_sharing_enabled":true,"jetpack_shortlink":"https:\/\/wp.me\/pe6lTn-o0w","_links":{"self":[{"href":"https:\/\/www.visit-ulcinj.com\/blog\/wp-json\/wp\/v2\/posts\/92288"}],"collection":[{"href":"https:\/\/www.visit-ulcinj.com\/blog\/wp-json\/wp\/v2\/posts"}],"about":[{"href":"https:\/\/www.visit-ulcinj.com\/blog\/wp-json\/wp\/v2\/types\/post"}],"author":[{"embeddable":true,"href":"https:\/\/www.visit-ulcinj.com\/blog\/wp-json\/wp\/v2\/users\/1"}],"replies":[{"embeddable":true,"href":"https:\/\/www.visit-ulcinj.com\/blog\/wp-json\/wp\/v2\/comments?post=92288"}],"version-history":[{"count":2,"href":"https:\/\/www.visit-ulcinj.com\/blog\/wp-json\/wp\/v2\/posts\/92288\/revisions"}],"predecessor-version":[{"id":92297,"href":"https:\/\/www.visit-ulcinj.com\/blog\/wp-json\/wp\/v2\/posts\/92288\/revisions\/92297"}],"wp:attachment":[{"href":"https:\/\/www.visit-ulcinj.com\/blog\/wp-json\/wp\/v2\/media?parent=92288"}],"wp:term":[{"taxonomy":"category","embeddable":true,"href":"https:\/\/www.visit-ulcinj.com\/blog\/wp-json\/wp\/v2\/categories?post=92288"},{"taxonomy":"post_tag","embeddable":true,"href":"https:\/\/www.visit-ulcinj.com\/blog\/wp-json\/wp\/v2\/tags?post=92288"}],"curies":[{"name":"wp","href":"https:\/\/api.w.org\/{rel}","templated":true}]}}