{"id":92294,"date":"2015-09-14T14:56:33","date_gmt":"2015-09-14T13:56:33","guid":{"rendered":"http:\/\/www.visit-ulcinj.com\/blog\/?p=92294"},"modified":"2015-09-18T21:57:31","modified_gmt":"2015-09-18T20:57:31","slug":"zeri-poeteshave-shqiptare-mirupafhim-ulqin","status":"publish","type":"post","link":"https:\/\/www.visit-ulcinj.com\/blog\/2015\/09\/14\/zeri-poeteshave-shqiptare-mirupafhim-ulqin\/","title":{"rendered":"\u201cZ\u00ebri i poeteshave shqiptare\u201d: Mirupafshim Ulqin!"},"content":{"rendered":"<p><a href=\"http:\/\/www.visit-ulcinj.com\/blog\/wp-content\/uploads\/2015\/09\/Z\u00ebri-i-poeteshave-shqiptare-Ulqin.jpg\"><img loading=\"lazy\" class=\"alignleft wp-image-92295\" src=\"http:\/\/www.visit-ulcinj.com\/blog\/wp-content\/uploads\/2015\/09\/Z\u00ebri-i-poeteshave-shqiptare-Ulqin.jpg\" alt=\"Z\u00ebri i poeteshave shqiptare-Ulqin\" width=\"508\" height=\"381\" srcset=\"https:\/\/www.visit-ulcinj.com\/blog\/wp-content\/uploads\/2015\/09\/Z\u00ebri-i-poeteshave-shqiptare-Ulqin.jpg 960w, https:\/\/www.visit-ulcinj.com\/blog\/wp-content\/uploads\/2015\/09\/Z\u00ebri-i-poeteshave-shqiptare-Ulqin-300x225.jpg 300w\" sizes=\"(max-width: 508px) 100vw, 508px\" \/><\/a>Dit\u00ebn e h\u00ebn\u00eb me sukses p\u00ebrfundoi manifestimi treditor tradicional letrar \u201cDITA E POEZIS\u00cb SHQIPE ULQINI 2015\u201d, t\u00eb cil\u00ebn Organizata joqeveritare \u201cHARMONIA\u201d.Sivjet,aktiviteti i \u00ebsht\u00eb kushtuar n\u00eb ter\u00ebsi poezis\u00eb moderne fem\u00ebrore shqiptare.N\u00eb k\u00ebt\u00eb nd\u00ebrlidhje, organizatori takimet i ka pag\u00ebzuar me nj\u00eb em\u00ebrtim simbolik \u201cZ\u00cbRI I POETESHAVE SHQIPTARE\u201d.Me k\u00ebt\u00eb rast n\u00eb Ulqin me krijimtarin\u00eb e tyre letrare u prezantuan emrat e spikatura t\u00eb let\u00ebrsis\u00eb s\u00eb sotme shqipe, si Flora Brovina, poete dhe kryetare e Lidhjes s\u00eb shkrimtar\u00ebve t\u00eb Kosov\u00ebs,Irena Gjoni nga Saranda,Migena Arllati nga Gjakova,Mimoza Rexhvelaj,nga Mal\u00ebsia e madhe,Alma Begaj nga Durr\u00ebs,Rozafa Shpuza nga Shkodra. Poezit\u00eb e lexuara entuaziasmuan auditoriumin e p\u00ebrzgjedhur,t\u00eb cilat i nderoi me duatrokitje n\u00eb shenj\u00eb respekti,mesazheve estetike dhe filozofike.<\/p>\n<p>Moderatorja e re, shum\u00eb e talentuar,AF\u00cbRDITA MEHMETI,solli nj\u00eb atmosfer\u00eb t\u00eb gjall\u00eb t\u00eb shijimit t\u00eb poezive me publikun. Organizatori falenderon kryetarin e Kuvendit t\u00eb Komun\u00ebs s\u00eb Ulqinit,Mr. Fuad Haxhibeti,delegacionin e Fondit t\u00eb pakicave,drejtorin e p\u00ebrgjithsh\u00ebm t\u00eb Qendr\u00ebs kulturore Dr. Nail Draga etj.p\u00ebr pranin\u00eb e tyre n\u00eb k\u00ebt\u00eb zhvillim kulturo- letrar t\u00eb posa\u00e7\u00ebm,jo vet\u00ebm n\u00eb Ulqin.<\/p>\n<p>Ibro 2Me nj\u00eb respekt t\u00eb ve\u00e7ant\u00eb OJQ \u201cHarmonia\u201d dhe stafi organizativ i manifestim \u201cDITA E POEZIS\u00cb SHQIPE ULQINI 2015\u201d,Dr. Zylfije Duraku p\u00ebr shoq\u00ebrimin me poeteshat, falenderimin e ardhjes s\u00eb tyre n\u00eb Ulqin si dhe organizatorin q\u00eb p\u00ebrher\u00eb pasuron sken\u00ebn kulturore n\u00eb Ulqin. Nj\u00eb moment shum\u00eb i r\u00ebnd\u00ebsish\u00ebm p\u00ebr poeteshat ishte vizita n\u00eb Muzeun e Ulqinit n\u00eb Kala.Me nj\u00eb v\u00ebmendje t\u00eb posa\u00e7me shikuan edhe u informuan mbi vlerat e ekspozuara t\u00eb trash\u00ebgimis\u00eb kulturore t\u00eb Ulqinit t\u00eb lasht\u00eb. N\u00eb katin e ep\u00ebrm t\u00eb Kull\u00ebs s\u00eb Balshajve,pasi m\u00ebsuan se,pik\u00ebrisht n\u00eb at\u00eb ambient unik ka qendruar edhe \u00ebsht\u00eb i \u00ebsht\u00eb lutur zotit reformatori i Talmudit, Shabetaj Cvi, se aty ver\u00ebs mbahen takimet m\u00eb elitare kulturore,poeteshat mbajten edhe nj\u00eb tryez\u00eb t\u00eb rrumbullak\u00ebt lidhur me pozit\u00ebn e femr\u00ebs shqiptare n\u00eb krijimtarin\u00eb letrare.<\/p>\n<p>Debatin e udh\u00ebhoqi poetja Flora Brovina,kryetare e Lidhjes s\u00eb shkrimtar\u00ebve t\u00eb Kosov\u00ebs, duke potencuar se ende nuk kemi arritur q\u00eb t\u00eb bindim bot\u00ebn letrare t\u00eb meshkujve se ata kan\u00eb edhe sot e k\u00ebsaj dite paragjykime ndaj let\u00ebrsis\u00eb fem\u00ebrore. \u201cE njoh nj\u00eb fem\u00ebr,shkrimtare shum\u00eb t\u00eb talentuar. N\u00eb dor\u00ebshkrim ka nj\u00eb roman, sigurisht edhe ndonj\u00eb v\u00ebllim me poezi,q\u00eb p\u00ebr shkak t\u00eb rethanave familjare nuk ka guxuar ta botoj\u00eb. Them se ajo \u00ebsht\u00eb e nj\u00eb moshe shum\u00eb t\u00eb thell\u00eb edhe \u00ebsht\u00eb m\u00ebkat q\u00eb veprat e saj letrare nuk e kan\u00eb par\u00eb drit\u00ebn\u201d, tha zonja Brovina. Poetja nga Gjakova, Migena Arllati p\u00eblqen poezin\u00eb q\u00eb dihet se kujt i dedikohet, nd\u00ebrsa poetja dhe prozatorja shkodrane, Rozafa Shpuza k\u00ebmb\u00ebngul se konkretisht poezia,si\u00e7 tha, mbret\u00ebresh\u00eb e let\u00ebrsis\u00eb artistike, duhet ta ket\u00eb mesazhin folozofik,shijen estetike,por edhe bukurin\u00eb sekrete e jo lexuesit t ia \u201cdhurojm\u00eb\u201d sikur frutin e pem\u00ebs s\u00eb pjekur n\u00eb tavolin\u00eb!<\/p>\n<p>N\u00eb debatin e frytsh\u00ebm u ky\u00e7en edhe Mimoza Rexhvelaj,Alma Begaj etj. Duke porositur q\u00eb femra jon\u00eb krijuese duhet t\u00eb angazhohet fuqish\u00ebm p\u00ebr t\u00eb siguruar vendin e duhur t\u00eb veprave cil\u00ebsore n\u00eb hart\u00ebn komb\u00ebtare t\u00eb artit shqiptar dhe nd\u00ebrkomb\u00ebtar. OJQ \u201cHarmonia\u201d Sh\u00ebrbimi p\u00ebr informim<\/p>\n","protected":false},"excerpt":{"rendered":"<p>Dit\u00ebn e h\u00ebn\u00eb me sukses p\u00ebrfundoi manifestimi treditor tradicional letrar \u201cDITA E POEZIS\u00cb SHQIPE ULQINI 2015\u201d, t\u00eb cil\u00ebn Organizata joqeveritare \u201cHARMONIA\u201d.Sivjet,aktiviteti i \u00ebsht\u00eb kushtuar n\u00eb ter\u00ebsi poezis\u00eb moderne fem\u00ebrore shqiptare.N\u00eb k\u00ebt\u00eb nd\u00ebrlidhje, organizatori takimet i ka pag\u00ebzuar me nj\u00eb em\u00ebrtim simbolik \u201cZ\u00cbRI I POETESHAVE SHQIPTARE\u201d.Me k\u00ebt\u00eb rast n\u00eb Ulqin me krijimtarin\u00eb e tyre letrare u [&hellip;]<\/p>\n","protected":false},"author":1,"featured_media":0,"comment_status":"closed","ping_status":"closed","sticky":false,"template":"","format":"standard","meta":{"spay_email":"","jetpack_publicize_message":"","jetpack_is_tweetstorm":false,"jetpack_publicize_feature_enabled":true},"categories":[1,12],"tags":[],"jetpack_publicize_connections":[],"yoast_head":"<!-- This site is optimized with the Yoast SEO plugin v19.1 - https:\/\/yoast.com\/wordpress\/plugins\/seo\/ -->\n<title>\u201cZ\u00ebri i poeteshave shqiptare\u201d: Mirupafshim Ulqin! - Lajme nga Ulqini<\/title>\n<meta name=\"description\" content=\"Dit\u00ebn e h\u00ebn\u00eb me sukses p\u00ebrfundoi manifestimi treditor tradicional letrar \u201cDITA E POEZIS\u00cb SHQIPE ULQINI 2015\u201d, t\u00eb cil\u00ebn Organizata joqeveritare\" \/>\n<meta name=\"robots\" content=\"index, follow, max-snippet:-1, max-image-preview:large, max-video-preview:-1\" \/>\n<link rel=\"canonical\" href=\"https:\/\/www.visit-ulcinj.com\/blog\/2015\/09\/14\/zeri-poeteshave-shqiptare-mirupafhim-ulqin\/\" \/>\n<meta property=\"og:locale\" content=\"en_US\" \/>\n<meta property=\"og:type\" content=\"article\" \/>\n<meta property=\"og:title\" content=\"\u201cZ\u00ebri i poeteshave shqiptare\u201d: Mirupafshim Ulqin! - Lajme nga Ulqini\" \/>\n<meta property=\"og:description\" content=\"Dit\u00ebn e h\u00ebn\u00eb me sukses p\u00ebrfundoi manifestimi treditor tradicional letrar \u201cDITA E POEZIS\u00cb SHQIPE ULQINI 2015\u201d, t\u00eb cil\u00ebn Organizata joqeveritare\" \/>\n<meta property=\"og:url\" content=\"https:\/\/www.visit-ulcinj.com\/blog\/2015\/09\/14\/zeri-poeteshave-shqiptare-mirupafhim-ulqin\/\" \/>\n<meta property=\"og:site_name\" content=\"Lajme nga Ulqini\" \/>\n<meta property=\"article:published_time\" content=\"2015-09-14T13:56:33+00:00\" \/>\n<meta property=\"article:modified_time\" content=\"2015-09-18T20:57:31+00:00\" \/>\n<meta name=\"twitter:label1\" content=\"Written by\" \/>\n\t<meta name=\"twitter:data1\" content=\"ulqini\" \/>\n\t<meta name=\"twitter:label2\" content=\"Est. reading time\" \/>\n\t<meta name=\"twitter:data2\" content=\"3 minutes\" \/>\n<script type=\"application\/ld+json\" class=\"yoast-schema-graph\">{\"@context\":\"https:\/\/schema.org\",\"@graph\":[{\"@type\":\"WebSite\",\"@id\":\"https:\/\/www.visit-ulcinj.com\/blog\/#website\",\"url\":\"https:\/\/www.visit-ulcinj.com\/blog\/\",\"name\":\"Lajme nga Ulqini\",\"description\":\"Lajme,Vijesti,Ulqini,Ulqin,Crna Gora,Mali i Zi\",\"potentialAction\":[{\"@type\":\"SearchAction\",\"target\":{\"@type\":\"EntryPoint\",\"urlTemplate\":\"https:\/\/www.visit-ulcinj.com\/blog\/?s={search_term_string}\"},\"query-input\":\"required name=search_term_string\"}],\"inLanguage\":\"en-US\"},{\"@type\":\"WebPage\",\"@id\":\"https:\/\/www.visit-ulcinj.com\/blog\/2015\/09\/14\/zeri-poeteshave-shqiptare-mirupafhim-ulqin\/#webpage\",\"url\":\"https:\/\/www.visit-ulcinj.com\/blog\/2015\/09\/14\/zeri-poeteshave-shqiptare-mirupafhim-ulqin\/\",\"name\":\"\u201cZ\u00ebri i poeteshave shqiptare\u201d: Mirupafshim Ulqin! - Lajme nga Ulqini\",\"isPartOf\":{\"@id\":\"https:\/\/www.visit-ulcinj.com\/blog\/#website\"},\"datePublished\":\"2015-09-14T13:56:33+00:00\",\"dateModified\":\"2015-09-18T20:57:31+00:00\",\"author\":{\"@id\":\"https:\/\/www.visit-ulcinj.com\/blog\/#\/schema\/person\/dcab619c614d3038751c63bc2aadc06d\"},\"description\":\"Dit\u00ebn e h\u00ebn\u00eb me sukses p\u00ebrfundoi manifestimi treditor tradicional letrar \u201cDITA E POEZIS\u00cb SHQIPE ULQINI 2015\u201d, t\u00eb cil\u00ebn Organizata joqeveritare\",\"breadcrumb\":{\"@id\":\"https:\/\/www.visit-ulcinj.com\/blog\/2015\/09\/14\/zeri-poeteshave-shqiptare-mirupafhim-ulqin\/#breadcrumb\"},\"inLanguage\":\"en-US\",\"potentialAction\":[{\"@type\":\"ReadAction\",\"target\":[\"https:\/\/www.visit-ulcinj.com\/blog\/2015\/09\/14\/zeri-poeteshave-shqiptare-mirupafhim-ulqin\/\"]}]},{\"@type\":\"BreadcrumbList\",\"@id\":\"https:\/\/www.visit-ulcinj.com\/blog\/2015\/09\/14\/zeri-poeteshave-shqiptare-mirupafhim-ulqin\/#breadcrumb\",\"itemListElement\":[{\"@type\":\"ListItem\",\"position\":1,\"name\":\"\u201cZ\u00ebri i poeteshave shqiptare\u201d: Mirupafshim Ulqin!\"}]},{\"@type\":\"Person\",\"@id\":\"https:\/\/www.visit-ulcinj.com\/blog\/#\/schema\/person\/dcab619c614d3038751c63bc2aadc06d\",\"name\":\"ulqini\",\"sameAs\":[\"http:\/\/www.visit-ulcinj.com\"],\"url\":\"https:\/\/www.visit-ulcinj.com\/blog\/author\/admin\/\"}]}<\/script>\n<!-- \/ Yoast SEO plugin. -->","yoast_head_json":{"title":"\u201cZ\u00ebri i poeteshave shqiptare\u201d: Mirupafshim Ulqin! - Lajme nga Ulqini","description":"Dit\u00ebn e h\u00ebn\u00eb me sukses p\u00ebrfundoi manifestimi treditor tradicional letrar \u201cDITA E POEZIS\u00cb SHQIPE ULQINI 2015\u201d, t\u00eb cil\u00ebn Organizata joqeveritare","robots":{"index":"index","follow":"follow","max-snippet":"max-snippet:-1","max-image-preview":"max-image-preview:large","max-video-preview":"max-video-preview:-1"},"canonical":"https:\/\/www.visit-ulcinj.com\/blog\/2015\/09\/14\/zeri-poeteshave-shqiptare-mirupafhim-ulqin\/","og_locale":"en_US","og_type":"article","og_title":"\u201cZ\u00ebri i poeteshave shqiptare\u201d: Mirupafshim Ulqin! - Lajme nga Ulqini","og_description":"Dit\u00ebn e h\u00ebn\u00eb me sukses p\u00ebrfundoi manifestimi treditor tradicional letrar \u201cDITA E POEZIS\u00cb SHQIPE ULQINI 2015\u201d, t\u00eb cil\u00ebn Organizata joqeveritare","og_url":"https:\/\/www.visit-ulcinj.com\/blog\/2015\/09\/14\/zeri-poeteshave-shqiptare-mirupafhim-ulqin\/","og_site_name":"Lajme nga Ulqini","article_published_time":"2015-09-14T13:56:33+00:00","article_modified_time":"2015-09-18T20:57:31+00:00","twitter_misc":{"Written by":"ulqini","Est. reading time":"3 minutes"},"schema":{"@context":"https:\/\/schema.org","@graph":[{"@type":"WebSite","@id":"https:\/\/www.visit-ulcinj.com\/blog\/#website","url":"https:\/\/www.visit-ulcinj.com\/blog\/","name":"Lajme nga Ulqini","description":"Lajme,Vijesti,Ulqini,Ulqin,Crna Gora,Mali i Zi","potentialAction":[{"@type":"SearchAction","target":{"@type":"EntryPoint","urlTemplate":"https:\/\/www.visit-ulcinj.com\/blog\/?s={search_term_string}"},"query-input":"required name=search_term_string"}],"inLanguage":"en-US"},{"@type":"WebPage","@id":"https:\/\/www.visit-ulcinj.com\/blog\/2015\/09\/14\/zeri-poeteshave-shqiptare-mirupafhim-ulqin\/#webpage","url":"https:\/\/www.visit-ulcinj.com\/blog\/2015\/09\/14\/zeri-poeteshave-shqiptare-mirupafhim-ulqin\/","name":"\u201cZ\u00ebri i poeteshave shqiptare\u201d: Mirupafshim Ulqin! - Lajme nga Ulqini","isPartOf":{"@id":"https:\/\/www.visit-ulcinj.com\/blog\/#website"},"datePublished":"2015-09-14T13:56:33+00:00","dateModified":"2015-09-18T20:57:31+00:00","author":{"@id":"https:\/\/www.visit-ulcinj.com\/blog\/#\/schema\/person\/dcab619c614d3038751c63bc2aadc06d"},"description":"Dit\u00ebn e h\u00ebn\u00eb me sukses p\u00ebrfundoi manifestimi treditor tradicional letrar \u201cDITA E POEZIS\u00cb SHQIPE ULQINI 2015\u201d, t\u00eb cil\u00ebn Organizata joqeveritare","breadcrumb":{"@id":"https:\/\/www.visit-ulcinj.com\/blog\/2015\/09\/14\/zeri-poeteshave-shqiptare-mirupafhim-ulqin\/#breadcrumb"},"inLanguage":"en-US","potentialAction":[{"@type":"ReadAction","target":["https:\/\/www.visit-ulcinj.com\/blog\/2015\/09\/14\/zeri-poeteshave-shqiptare-mirupafhim-ulqin\/"]}]},{"@type":"BreadcrumbList","@id":"https:\/\/www.visit-ulcinj.com\/blog\/2015\/09\/14\/zeri-poeteshave-shqiptare-mirupafhim-ulqin\/#breadcrumb","itemListElement":[{"@type":"ListItem","position":1,"name":"\u201cZ\u00ebri i poeteshave shqiptare\u201d: Mirupafshim Ulqin!"}]},{"@type":"Person","@id":"https:\/\/www.visit-ulcinj.com\/blog\/#\/schema\/person\/dcab619c614d3038751c63bc2aadc06d","name":"ulqini","sameAs":["http:\/\/www.visit-ulcinj.com"],"url":"https:\/\/www.visit-ulcinj.com\/blog\/author\/admin\/"}]}},"jetpack_featured_media_url":"","jetpack_sharing_enabled":true,"jetpack_shortlink":"https:\/\/wp.me\/pe6lTn-o0C","_links":{"self":[{"href":"https:\/\/www.visit-ulcinj.com\/blog\/wp-json\/wp\/v2\/posts\/92294"}],"collection":[{"href":"https:\/\/www.visit-ulcinj.com\/blog\/wp-json\/wp\/v2\/posts"}],"about":[{"href":"https:\/\/www.visit-ulcinj.com\/blog\/wp-json\/wp\/v2\/types\/post"}],"author":[{"embeddable":true,"href":"https:\/\/www.visit-ulcinj.com\/blog\/wp-json\/wp\/v2\/users\/1"}],"replies":[{"embeddable":true,"href":"https:\/\/www.visit-ulcinj.com\/blog\/wp-json\/wp\/v2\/comments?post=92294"}],"version-history":[{"count":2,"href":"https:\/\/www.visit-ulcinj.com\/blog\/wp-json\/wp\/v2\/posts\/92294\/revisions"}],"predecessor-version":[{"id":92313,"href":"https:\/\/www.visit-ulcinj.com\/blog\/wp-json\/wp\/v2\/posts\/92294\/revisions\/92313"}],"wp:attachment":[{"href":"https:\/\/www.visit-ulcinj.com\/blog\/wp-json\/wp\/v2\/media?parent=92294"}],"wp:term":[{"taxonomy":"category","embeddable":true,"href":"https:\/\/www.visit-ulcinj.com\/blog\/wp-json\/wp\/v2\/categories?post=92294"},{"taxonomy":"post_tag","embeddable":true,"href":"https:\/\/www.visit-ulcinj.com\/blog\/wp-json\/wp\/v2\/tags?post=92294"}],"curies":[{"name":"wp","href":"https:\/\/api.w.org\/{rel}","templated":true}]}}