{"id":92307,"date":"2015-09-18T13:28:54","date_gmt":"2015-09-18T12:28:54","guid":{"rendered":"http:\/\/www.visit-ulcinj.com\/blog\/?p=92307"},"modified":"2015-09-18T13:28:54","modified_gmt":"2015-09-18T12:28:54","slug":"si-e-humbi-davane-ne-gjykate-nazifi-pushtetaret-lokale","status":"publish","type":"post","link":"https:\/\/www.visit-ulcinj.com\/blog\/2015\/09\/18\/si-e-humbi-davane-ne-gjykate-nazifi-pushtetaret-lokale\/","title":{"rendered":"Si e humbi davan\u00eb n\u00eb gjykat\u00eb Nazifi me pushtetar\u00ebt lokal\u00eb?!"},"content":{"rendered":"<p><strong><em><a href=\"http:\/\/www.visit-ulcinj.com\/blog\/wp-content\/uploads\/2015\/09\/aparati-elektronik-orari-punes.jpg\"><img loading=\"lazy\" class=\"alignleft wp-image-92308 size-full\" src=\"http:\/\/www.visit-ulcinj.com\/blog\/wp-content\/uploads\/2015\/09\/aparati-elektronik-orari-punes.jpg\" alt=\"aparati-elektronik-orari-punes\" width=\"508\" height=\"384\" srcset=\"https:\/\/www.visit-ulcinj.com\/blog\/wp-content\/uploads\/2015\/09\/aparati-elektronik-orari-punes.jpg 508w, https:\/\/www.visit-ulcinj.com\/blog\/wp-content\/uploads\/2015\/09\/aparati-elektronik-orari-punes-300x227.jpg 300w\" sizes=\"(max-width: 508px) 100vw, 508px\" \/><\/a>Shkruan : Muhamet Nika,<\/em><\/strong><\/p>\n<p>M\u00ebsohet se Gjykata Kushtetuese e Mali t\u00eb Zi hodhi posht\u00eb me nj\u00eb vendim t\u00eb vetin rregulloren e evidenc\u00ebs s\u00eb prezenc\u00ebs n\u00eb pun\u00eb q\u00eb aplikohej p\u00ebr zyrtar\u00ebt lokal\u00eb t\u00eb Komun\u00ebs s\u00eb Ulqinit nga ish-kryetari N. Cungu. Rregullorja e Cungut u shpall e pavlefshme n\u00eb gazet\u00ebn zyrtare t\u00eb Malit t\u00eb Zi , mbi baz\u00ebn e nj\u00eb ankese t\u00eb pushtetar\u00ebve lokal\u00eb andaj k\u00ebtyre dit\u00ebve v\u00ebrehet se automati elektronik nuk \u00ebsht\u00eb m\u00eb n\u00eb funksion..?!<\/p>\n<p>Por me sa duket puna nuk do t\u00eb mbaroj\u00eb me kaq&#8230; , m\u00ebsohet se disa zyrtar\u00eb lokal\u00eb do t\u00eb padisin Cungun , p\u00ebr d\u00ebmin q\u00eb ai i shkaktoi buxhetit t\u00eb komun\u00ebs \u00a0\u00a0\u00a0me shpenzimin e mjeteve p\u00ebr blerjen e pajisjeve t\u00eb tilla dhe q\u00eb pritet t\u00eb rezultojn\u00eb t\u00eb jen\u00eb bler\u00eb edhe me \u00e7mim t\u00eb mufatur- fryr\u00eb tregu. ..?!<\/p>\n<p>Sipas ligjit prezenca n\u00eb pun\u00eb\u00a0\u00a0 i takonte t\u00eb b\u00ebhej nga shefi p\u00ebrkat\u00ebs i zyrtar\u00ebve lokal\u00eb.<\/p>\n<p><strong><em>KRYETARI GJEKA P\u00cbRMIR\u00cbSON RAPORTET ME ADMINISTRAT\u00cbN E KOMUN\u00cbS \u00a0T\u00cb PRISHURA NGA CUNGU<\/em><\/strong><\/p>\n<p>Ky nuk \u00ebsht\u00eb rasti i vet\u00ebm i ankes\u00ebs s\u00eb pun\u00ebtor\u00ebve t\u00eb administrat\u00eb lokale , n\u00eb t\u00eb cilin zyrtar\u00ebt lokal\u00eb ishin ankuar p\u00ebr cenim te t\u00eb drejtave kushtetuese \u00a0t\u00eb veta nga ana e kryetar Cungut. M\u00eb her\u00ebt ata ishin ankuar n\u00eb uljen e paligjshme t\u00eb rrogave n\u00eb mas\u00ebn af\u00ebr 30 % . Nd\u00ebrsa pohohet se kjo ulje n\u00eb rrog\u00eb nga administrata e Cungut u b\u00eb p\u00ebr t\u00eb siguruar t\u00eb ardhurat edhe p\u00ebr 30 veta t\u00eb pun\u00ebsuar nga partia e tij.<\/p>\n<p>Kur pun\u00ebtor\u00ebt e komun\u00ebs e \u00a0kishin fituar \u201cdavan\u00eb \u201c me gjykata , kryetari pasues F. Gjeka, n\u00eb marr\u00ebveshje me t\u00eb pun\u00ebsuarit u detyrua t\u00eb b\u00ebj\u00eb rritjen s\u00ebrish t\u00eb rrogave..<\/p>\n<p>Tjet\u00ebr gjithashtu m\u00ebsohet se disa nga t\u00eb pun\u00ebsuarit e kishin paditur Cungun p\u00ebr cenimin e t\u00eb drejt\u00ebs kushtetuese t\u00eb strehimit te t\u00eb pun\u00ebsuarve n\u00eb pushtetin vendor,gj\u00eb q\u00eb gjithashtu \u00ebsht\u00eb obligim ligjor. Cungu gjat\u00eb mandatit t\u00eb vet iu pat shmangur nxjerrjes s\u00eb\u00a0\u00a0 vendimit p\u00ebr nd\u00ebrtim t\u00eb banesave te t\u00eb pun\u00ebsuarve n\u00eb administrat\u00ebs lokale. Ky vendim gjithashtu u kandidua nga kryetari Gjeka si pik\u00eb e rendit t\u00eb dit\u00ebs s\u00eb kuvendit . P\u00ebrflitet se zvarritja e vendimit p\u00ebr nd\u00ebrtim t\u00eb banesave , b\u00ebhej q\u00ebllimisht prej tij , p\u00ebr t\u00eb mos u b\u00ebr\u00eb konkurrenc\u00eb n\u00eb treg disa biznesmen\u00ebve t\u00eb k\u00ebsaj partie q\u00eb ata kishin nxjerr\u00eb banesa n\u00eb shitje n\u00eb tregun edhe ashtu t\u00eb ngopur ulqinak. Kuptohet para se shitjen e tyre t\u2019iu kish marr\u00eb banka&#8230;.?!<\/p>\n<p><strong><em>AI Q\u00cb T\u00cb MATET \u2013 DIKUR EDHE T\u00cb BJEN&#8230;?!<\/em><\/strong><\/p>\n<p>N\u00eb fund ata paralajm\u00ebrojn\u00eb masa edhe m\u00eb t\u00eb rrepta, si\u00e7 \u00ebsht\u00eb ajo e mund\u00ebsis\u00eb s\u00eb ngritjes t\u00eb nj\u00eb interpelance n\u00eb kuvend me n\u00ebnshkrime t\u00eb qytetar\u00ebve. Mendohet rreth nj\u00eb super revizioni t\u00eb 3 milion eurove t\u00eb humbura n\u00eb proceset e dyshimta gjyq\u00ebsore, gj\u00eb \u00a0q\u00eb varf\u00ebroi skajshm\u00ebrish t\u00eb ardhurat e tyre mujore. Sipas tyre edhe kjo ishte nj\u00eb shkelje e r\u00ebnd\u00eb ligjore e t\u00eb drejt\u00ebs kushtetues sepse rrogat e t\u00eb pun\u00ebsuarve kan\u00eb p\u00ebrpar\u00ebsi ndaj borxheve t\u00eb komun\u00ebs p\u00ebr t\u00eb cilat ajo u detyrohet pal\u00ebve ?!!<\/p>\n<p><a href=\"http:\/\/www.visit-ulcinj.com\/blog\/wp-content\/uploads\/2015\/09\/Dokument-Gjykata.jpg\"><img loading=\"lazy\" class=\"alignleft wp-image-92309\" src=\"http:\/\/www.visit-ulcinj.com\/blog\/wp-content\/uploads\/2015\/09\/Dokument-Gjykata.jpg\" alt=\"Dokument-Gjykata\" width=\"508\" height=\"253\" srcset=\"https:\/\/www.visit-ulcinj.com\/blog\/wp-content\/uploads\/2015\/09\/Dokument-Gjykata.jpg 626w, https:\/\/www.visit-ulcinj.com\/blog\/wp-content\/uploads\/2015\/09\/Dokument-Gjykata-300x150.jpg 300w\" sizes=\"(max-width: 508px) 100vw, 508px\" \/><\/a><br \/>\n<strong><br \/>\nPik\u00ebpamjet e shprehura n\u00eb faqen \u201cOPINIONE\u201d nuk p\u00ebrfaq\u00ebsojn\u00eb domosdoshm\u00ebrisht politik\u00ebn redaksionale t\u00eb \u201eLajmeve nga Ulqini\u201e<\/strong><\/p>\n","protected":false},"excerpt":{"rendered":"<p>Shkruan : Muhamet Nika, M\u00ebsohet se Gjykata Kushtetuese e Mali t\u00eb Zi hodhi posht\u00eb me nj\u00eb vendim t\u00eb vetin rregulloren e evidenc\u00ebs s\u00eb prezenc\u00ebs n\u00eb pun\u00eb q\u00eb aplikohej p\u00ebr zyrtar\u00ebt lokal\u00eb t\u00eb Komun\u00ebs s\u00eb Ulqinit nga ish-kryetari N. Cungu. Rregullorja e Cungut u shpall e pavlefshme n\u00eb gazet\u00ebn zyrtare t\u00eb Malit t\u00eb Zi , mbi [&hellip;]<\/p>\n","protected":false},"author":1,"featured_media":0,"comment_status":"closed","ping_status":"closed","sticky":false,"template":"","format":"standard","meta":{"spay_email":"","jetpack_publicize_message":"","jetpack_is_tweetstorm":false,"jetpack_publicize_feature_enabled":true},"categories":[14249],"tags":[],"jetpack_publicize_connections":[],"yoast_head":"<!-- This site is optimized with the Yoast SEO plugin v19.1 - https:\/\/yoast.com\/wordpress\/plugins\/seo\/ -->\n<title>Si e humbi davan\u00eb n\u00eb gjykat\u00eb Nazifi me pushtetar\u00ebt lokal\u00eb?! - Lajme nga Ulqini<\/title>\n<meta name=\"description\" content=\"Shkruan : Muhamet Nika, M\u00ebsohet se Gjykata Kushtetuese e Mali t\u00eb Zi hodhi posht\u00eb me nj\u00eb vendim t\u00eb vetin rregulloren e evidenc\u00ebs s\u00eb prezenc\u00ebs n\u00eb pun\u00eb q\u00eb\" \/>\n<meta name=\"robots\" content=\"index, follow, max-snippet:-1, max-image-preview:large, max-video-preview:-1\" \/>\n<link rel=\"canonical\" href=\"https:\/\/www.visit-ulcinj.com\/blog\/2015\/09\/18\/si-e-humbi-davane-ne-gjykate-nazifi-pushtetaret-lokale\/\" \/>\n<meta property=\"og:locale\" content=\"en_US\" \/>\n<meta property=\"og:type\" content=\"article\" \/>\n<meta property=\"og:title\" content=\"Si e humbi davan\u00eb n\u00eb gjykat\u00eb Nazifi me pushtetar\u00ebt lokal\u00eb?! - Lajme nga Ulqini\" \/>\n<meta property=\"og:description\" content=\"Shkruan : Muhamet Nika, M\u00ebsohet se Gjykata Kushtetuese e Mali t\u00eb Zi hodhi posht\u00eb me nj\u00eb vendim t\u00eb vetin rregulloren e evidenc\u00ebs s\u00eb prezenc\u00ebs n\u00eb pun\u00eb q\u00eb\" \/>\n<meta property=\"og:url\" content=\"https:\/\/www.visit-ulcinj.com\/blog\/2015\/09\/18\/si-e-humbi-davane-ne-gjykate-nazifi-pushtetaret-lokale\/\" \/>\n<meta property=\"og:site_name\" content=\"Lajme nga Ulqini\" \/>\n<meta property=\"article:published_time\" content=\"2015-09-18T12:28:54+00:00\" \/>\n<meta property=\"og:image\" content=\"http:\/\/www.visit-ulcinj.com\/blog\/wp-content\/uploads\/2015\/09\/aparati-elektronik-orari-punes.jpg\" \/>\n<meta name=\"twitter:label1\" content=\"Written by\" \/>\n\t<meta name=\"twitter:data1\" content=\"ulqini\" \/>\n\t<meta name=\"twitter:label2\" content=\"Est. reading time\" \/>\n\t<meta name=\"twitter:data2\" content=\"3 minutes\" \/>\n<script type=\"application\/ld+json\" class=\"yoast-schema-graph\">{\"@context\":\"https:\/\/schema.org\",\"@graph\":[{\"@type\":\"WebSite\",\"@id\":\"https:\/\/www.visit-ulcinj.com\/blog\/#website\",\"url\":\"https:\/\/www.visit-ulcinj.com\/blog\/\",\"name\":\"Lajme nga Ulqini\",\"description\":\"Lajme,Vijesti,Ulqini,Ulqin,Crna Gora,Mali i Zi\",\"potentialAction\":[{\"@type\":\"SearchAction\",\"target\":{\"@type\":\"EntryPoint\",\"urlTemplate\":\"https:\/\/www.visit-ulcinj.com\/blog\/?s={search_term_string}\"},\"query-input\":\"required name=search_term_string\"}],\"inLanguage\":\"en-US\"},{\"@type\":\"ImageObject\",\"inLanguage\":\"en-US\",\"@id\":\"https:\/\/www.visit-ulcinj.com\/blog\/2015\/09\/18\/si-e-humbi-davane-ne-gjykate-nazifi-pushtetaret-lokale\/#primaryimage\",\"url\":\"https:\/\/www.visit-ulcinj.com\/blog\/wp-content\/uploads\/2015\/09\/aparati-elektronik-orari-punes.jpg\",\"contentUrl\":\"https:\/\/www.visit-ulcinj.com\/blog\/wp-content\/uploads\/2015\/09\/aparati-elektronik-orari-punes.jpg\",\"width\":508,\"height\":384},{\"@type\":\"WebPage\",\"@id\":\"https:\/\/www.visit-ulcinj.com\/blog\/2015\/09\/18\/si-e-humbi-davane-ne-gjykate-nazifi-pushtetaret-lokale\/#webpage\",\"url\":\"https:\/\/www.visit-ulcinj.com\/blog\/2015\/09\/18\/si-e-humbi-davane-ne-gjykate-nazifi-pushtetaret-lokale\/\",\"name\":\"Si e humbi davan\u00eb n\u00eb gjykat\u00eb Nazifi me pushtetar\u00ebt lokal\u00eb?! - Lajme nga Ulqini\",\"isPartOf\":{\"@id\":\"https:\/\/www.visit-ulcinj.com\/blog\/#website\"},\"primaryImageOfPage\":{\"@id\":\"https:\/\/www.visit-ulcinj.com\/blog\/2015\/09\/18\/si-e-humbi-davane-ne-gjykate-nazifi-pushtetaret-lokale\/#primaryimage\"},\"datePublished\":\"2015-09-18T12:28:54+00:00\",\"dateModified\":\"2015-09-18T12:28:54+00:00\",\"author\":{\"@id\":\"https:\/\/www.visit-ulcinj.com\/blog\/#\/schema\/person\/dcab619c614d3038751c63bc2aadc06d\"},\"description\":\"Shkruan : Muhamet Nika, M\u00ebsohet se Gjykata Kushtetuese e Mali t\u00eb Zi hodhi posht\u00eb me nj\u00eb vendim t\u00eb vetin rregulloren e evidenc\u00ebs s\u00eb prezenc\u00ebs n\u00eb pun\u00eb q\u00eb\",\"breadcrumb\":{\"@id\":\"https:\/\/www.visit-ulcinj.com\/blog\/2015\/09\/18\/si-e-humbi-davane-ne-gjykate-nazifi-pushtetaret-lokale\/#breadcrumb\"},\"inLanguage\":\"en-US\",\"potentialAction\":[{\"@type\":\"ReadAction\",\"target\":[\"https:\/\/www.visit-ulcinj.com\/blog\/2015\/09\/18\/si-e-humbi-davane-ne-gjykate-nazifi-pushtetaret-lokale\/\"]}]},{\"@type\":\"BreadcrumbList\",\"@id\":\"https:\/\/www.visit-ulcinj.com\/blog\/2015\/09\/18\/si-e-humbi-davane-ne-gjykate-nazifi-pushtetaret-lokale\/#breadcrumb\",\"itemListElement\":[{\"@type\":\"ListItem\",\"position\":1,\"name\":\"Si e humbi davan\u00eb n\u00eb gjykat\u00eb Nazifi me pushtetar\u00ebt lokal\u00eb?!\"}]},{\"@type\":\"Person\",\"@id\":\"https:\/\/www.visit-ulcinj.com\/blog\/#\/schema\/person\/dcab619c614d3038751c63bc2aadc06d\",\"name\":\"ulqini\",\"sameAs\":[\"http:\/\/www.visit-ulcinj.com\"],\"url\":\"https:\/\/www.visit-ulcinj.com\/blog\/author\/admin\/\"}]}<\/script>\n<!-- \/ Yoast SEO plugin. -->","yoast_head_json":{"title":"Si e humbi davan\u00eb n\u00eb gjykat\u00eb Nazifi me pushtetar\u00ebt lokal\u00eb?! - Lajme nga Ulqini","description":"Shkruan : Muhamet Nika, M\u00ebsohet se Gjykata Kushtetuese e Mali t\u00eb Zi hodhi posht\u00eb me nj\u00eb vendim t\u00eb vetin rregulloren e evidenc\u00ebs s\u00eb prezenc\u00ebs n\u00eb pun\u00eb q\u00eb","robots":{"index":"index","follow":"follow","max-snippet":"max-snippet:-1","max-image-preview":"max-image-preview:large","max-video-preview":"max-video-preview:-1"},"canonical":"https:\/\/www.visit-ulcinj.com\/blog\/2015\/09\/18\/si-e-humbi-davane-ne-gjykate-nazifi-pushtetaret-lokale\/","og_locale":"en_US","og_type":"article","og_title":"Si e humbi davan\u00eb n\u00eb gjykat\u00eb Nazifi me pushtetar\u00ebt lokal\u00eb?! - Lajme nga Ulqini","og_description":"Shkruan : Muhamet Nika, M\u00ebsohet se Gjykata Kushtetuese e Mali t\u00eb Zi hodhi posht\u00eb me nj\u00eb vendim t\u00eb vetin rregulloren e evidenc\u00ebs s\u00eb prezenc\u00ebs n\u00eb pun\u00eb q\u00eb","og_url":"https:\/\/www.visit-ulcinj.com\/blog\/2015\/09\/18\/si-e-humbi-davane-ne-gjykate-nazifi-pushtetaret-lokale\/","og_site_name":"Lajme nga Ulqini","article_published_time":"2015-09-18T12:28:54+00:00","og_image":[{"url":"http:\/\/www.visit-ulcinj.com\/blog\/wp-content\/uploads\/2015\/09\/aparati-elektronik-orari-punes.jpg"}],"twitter_misc":{"Written by":"ulqini","Est. reading time":"3 minutes"},"schema":{"@context":"https:\/\/schema.org","@graph":[{"@type":"WebSite","@id":"https:\/\/www.visit-ulcinj.com\/blog\/#website","url":"https:\/\/www.visit-ulcinj.com\/blog\/","name":"Lajme nga Ulqini","description":"Lajme,Vijesti,Ulqini,Ulqin,Crna Gora,Mali i Zi","potentialAction":[{"@type":"SearchAction","target":{"@type":"EntryPoint","urlTemplate":"https:\/\/www.visit-ulcinj.com\/blog\/?s={search_term_string}"},"query-input":"required name=search_term_string"}],"inLanguage":"en-US"},{"@type":"ImageObject","inLanguage":"en-US","@id":"https:\/\/www.visit-ulcinj.com\/blog\/2015\/09\/18\/si-e-humbi-davane-ne-gjykate-nazifi-pushtetaret-lokale\/#primaryimage","url":"https:\/\/www.visit-ulcinj.com\/blog\/wp-content\/uploads\/2015\/09\/aparati-elektronik-orari-punes.jpg","contentUrl":"https:\/\/www.visit-ulcinj.com\/blog\/wp-content\/uploads\/2015\/09\/aparati-elektronik-orari-punes.jpg","width":508,"height":384},{"@type":"WebPage","@id":"https:\/\/www.visit-ulcinj.com\/blog\/2015\/09\/18\/si-e-humbi-davane-ne-gjykate-nazifi-pushtetaret-lokale\/#webpage","url":"https:\/\/www.visit-ulcinj.com\/blog\/2015\/09\/18\/si-e-humbi-davane-ne-gjykate-nazifi-pushtetaret-lokale\/","name":"Si e humbi davan\u00eb n\u00eb gjykat\u00eb Nazifi me pushtetar\u00ebt lokal\u00eb?! - Lajme nga Ulqini","isPartOf":{"@id":"https:\/\/www.visit-ulcinj.com\/blog\/#website"},"primaryImageOfPage":{"@id":"https:\/\/www.visit-ulcinj.com\/blog\/2015\/09\/18\/si-e-humbi-davane-ne-gjykate-nazifi-pushtetaret-lokale\/#primaryimage"},"datePublished":"2015-09-18T12:28:54+00:00","dateModified":"2015-09-18T12:28:54+00:00","author":{"@id":"https:\/\/www.visit-ulcinj.com\/blog\/#\/schema\/person\/dcab619c614d3038751c63bc2aadc06d"},"description":"Shkruan : Muhamet Nika, M\u00ebsohet se Gjykata Kushtetuese e Mali t\u00eb Zi hodhi posht\u00eb me nj\u00eb vendim t\u00eb vetin rregulloren e evidenc\u00ebs s\u00eb prezenc\u00ebs n\u00eb pun\u00eb q\u00eb","breadcrumb":{"@id":"https:\/\/www.visit-ulcinj.com\/blog\/2015\/09\/18\/si-e-humbi-davane-ne-gjykate-nazifi-pushtetaret-lokale\/#breadcrumb"},"inLanguage":"en-US","potentialAction":[{"@type":"ReadAction","target":["https:\/\/www.visit-ulcinj.com\/blog\/2015\/09\/18\/si-e-humbi-davane-ne-gjykate-nazifi-pushtetaret-lokale\/"]}]},{"@type":"BreadcrumbList","@id":"https:\/\/www.visit-ulcinj.com\/blog\/2015\/09\/18\/si-e-humbi-davane-ne-gjykate-nazifi-pushtetaret-lokale\/#breadcrumb","itemListElement":[{"@type":"ListItem","position":1,"name":"Si e humbi davan\u00eb n\u00eb gjykat\u00eb Nazifi me pushtetar\u00ebt lokal\u00eb?!"}]},{"@type":"Person","@id":"https:\/\/www.visit-ulcinj.com\/blog\/#\/schema\/person\/dcab619c614d3038751c63bc2aadc06d","name":"ulqini","sameAs":["http:\/\/www.visit-ulcinj.com"],"url":"https:\/\/www.visit-ulcinj.com\/blog\/author\/admin\/"}]}},"jetpack_featured_media_url":"","jetpack_sharing_enabled":true,"jetpack_shortlink":"https:\/\/wp.me\/pe6lTn-o0P","_links":{"self":[{"href":"https:\/\/www.visit-ulcinj.com\/blog\/wp-json\/wp\/v2\/posts\/92307"}],"collection":[{"href":"https:\/\/www.visit-ulcinj.com\/blog\/wp-json\/wp\/v2\/posts"}],"about":[{"href":"https:\/\/www.visit-ulcinj.com\/blog\/wp-json\/wp\/v2\/types\/post"}],"author":[{"embeddable":true,"href":"https:\/\/www.visit-ulcinj.com\/blog\/wp-json\/wp\/v2\/users\/1"}],"replies":[{"embeddable":true,"href":"https:\/\/www.visit-ulcinj.com\/blog\/wp-json\/wp\/v2\/comments?post=92307"}],"version-history":[{"count":1,"href":"https:\/\/www.visit-ulcinj.com\/blog\/wp-json\/wp\/v2\/posts\/92307\/revisions"}],"predecessor-version":[{"id":92310,"href":"https:\/\/www.visit-ulcinj.com\/blog\/wp-json\/wp\/v2\/posts\/92307\/revisions\/92310"}],"wp:attachment":[{"href":"https:\/\/www.visit-ulcinj.com\/blog\/wp-json\/wp\/v2\/media?parent=92307"}],"wp:term":[{"taxonomy":"category","embeddable":true,"href":"https:\/\/www.visit-ulcinj.com\/blog\/wp-json\/wp\/v2\/categories?post=92307"},{"taxonomy":"post_tag","embeddable":true,"href":"https:\/\/www.visit-ulcinj.com\/blog\/wp-json\/wp\/v2\/tags?post=92307"}],"curies":[{"name":"wp","href":"https:\/\/api.w.org\/{rel}","templated":true}]}}