{"id":92311,"date":"2015-09-18T21:55:55","date_gmt":"2015-09-18T20:55:55","guid":{"rendered":"http:\/\/www.visit-ulcinj.com\/blog\/?p=92311"},"modified":"2015-09-19T14:44:40","modified_gmt":"2015-09-19T13:44:40","slug":"gjeka-sezoni-veror-2015-ne-ulqin-shume-suksesshem","status":"publish","type":"post","link":"https:\/\/www.visit-ulcinj.com\/blog\/2015\/09\/18\/gjeka-sezoni-veror-2015-ne-ulqin-shume-suksesshem\/","title":{"rendered":"Gjeka: Sezoni veror 2015 n\u00eb Ulqin  shum\u00eb  i suksessh\u00ebm"},"content":{"rendered":"<p><strong><a href=\"http:\/\/www.visit-ulcinj.com\/blog\/wp-content\/uploads\/2014\/07\/Fatmir-Gjeka-Ulqin.jpg\"><img loading=\"lazy\" class=\"alignleft wp-image-83962\" src=\"http:\/\/www.visit-ulcinj.com\/blog\/wp-content\/uploads\/2014\/07\/Fatmir-Gjeka-Ulqin.jpg\" alt=\"Fatmir-Gjeka-Ulqin\" width=\"508\" height=\"381\" srcset=\"https:\/\/www.visit-ulcinj.com\/blog\/wp-content\/uploads\/2014\/07\/Fatmir-Gjeka-Ulqin.jpg 960w, https:\/\/www.visit-ulcinj.com\/blog\/wp-content\/uploads\/2014\/07\/Fatmir-Gjeka-Ulqin-300x225.jpg 300w\" sizes=\"(max-width: 508px) 100vw, 508px\" \/><\/a>Gjek\u00eb Gjonaj<\/strong><\/p>\n<p>Kryetari i Komun\u00ebs s\u00eb Ulqinit Fatmir Gjeka, n\u00eb takimin e t\u00eb premtes me gazetar\u00eb e vler\u00ebsoi shum\u00eb t\u00eb suksessh\u00ebm. sezonin e sivjetsh\u00ebm turistik Ai duke iu refereuar t\u00eb dh\u00ebnave t\u00eb Organizat\u00ebs turistike tha se numri i turist\u00ebve t\u00eb evidentuar k\u00ebt\u00eb vit \u00ebsht\u00eb dy her\u00eb e gjysm\u00eb m\u00eb i madh se ai i nj\u00eb viti m\u00eb par\u00eb. Ai b\u00ebri me dije se aktualisht numri i mysafir\u00ebve t\u00eb regjisturar ka arritur n\u00eb 75 mij\u00eb. \u201cTaksa e banimit sivjet krahasur me vjet sh\u00ebnon rritje prej 46 p\u00ebr qind. Nga ajo jan\u00eb inkasuar 207 mij\u00eb euro. Rritje n\u00eb krahasim me ver\u00ebn e kaluar prej 8.5 p\u00ebr qind n\u00eb vjelje t\u00eb tatimit n\u00eb patudnshm\u00ebris\u00eb ka sh\u00ebnuar edhe Sekretariati p\u00ebr buxhet dhe financa. Po ashtu krahasuar me vitin paraprak esht\u00eb rritur tatimi n\u00eb shitblerjes t\u00eb pron\u00ebs, tatimi n\u00eb kompenzimin e rregullimit t\u00eb tok\u00ebs nd\u00ebrtimore, numri i lejeve p\u00ebr akomodim privat dhe numri i lejeve p\u00ebr nd\u00ebrtim\u201d, u shpreh Gjeka.<\/p>\n<p>Njeriu i par\u00eb i Ulqinit u ndal\u00eb edhe n\u00eb furnizimin me uj\u00eb t\u00eb pijsh\u00ebm dhe furnizmin me energji elektrike. Konstatoi se NP \u201cUjesjell\u00ebs e kanalizime\u201d ka arritur t\u00eb organizoj\u00eb nj\u00eb furnizim t\u00eb rregullt\u00eb me uj\u00eb t\u00eb gjith\u00eb qytetar\u00ebve t\u00eb k\u00ebsaj komun\u00eb, gj\u00eb e cila nuk mund t\u00eb thuhet edhe p\u00ebr furnizimin me energji elektrike, e cila ka munguar shpesh n\u00eb muajin korrik e gusht.<\/p>\n<p>Spas Gjek\u00ebs edhe Nd\u00ebrmarrja p\u00ebr veprimtari komunale ka kontribuar n\u00eb rrjedh\u00ebn e sezonit t\u00eb sivjetsh\u00ebm turistik, sikurse edhe Sh\u00ebrbimi i mbrojtjes dhe shp\u00ebtimit. Gjeka lavd\u00ebroi pun\u00ebn e policis\u00eb s\u00eb Ulqinit, sidomos policis\u00eb kufitare dhe t\u00eb gjitha institucionet p\u00ebr p\u00ebrkushtimin e tyre. Ai me k\u00ebt\u00eb rast fal\u00ebnderoi mysafir\u00ebt q\u00eb k\u00ebt\u00eb ver\u00eb e kan\u00eb vizituar Ulqinin, bashk\u00ebpun\u00ebtor\u00ebt e tij, qytetar\u00ebt e komun\u00ebs s\u00eb Ulqinit, pronar\u00ebt e plazheve, agjensive turistike, restoranteve, dyqaneve tregtare dhe mediat, me t\u00eb cilat, si\u00e7 u shpreeh Gjeka, kemi pasur nj\u00eb bashk\u00ebpunim korrekt dhe cil\u00ebsor\u00eb.<\/p>\n<p>N\u00eb fund t\u00eb deklarimit t\u00eb tij para mediave kryetari Gjeka konkludoi se turizmi \u00ebsht\u00eb dhe mbetet deg\u00eb kryesore e ekonomis\u00eb s\u00eb Ulqinit, dhe shtoi se q\u00eb nga dita e sotme duhet filluar p\u00ebrgatitjet p\u00ebr ver\u00ebn e ardhshme turistike.<\/p>\n","protected":false},"excerpt":{"rendered":"<p>Gjek\u00eb Gjonaj Kryetari i Komun\u00ebs s\u00eb Ulqinit Fatmir Gjeka, n\u00eb takimin e t\u00eb premtes me gazetar\u00eb e vler\u00ebsoi shum\u00eb t\u00eb suksessh\u00ebm. sezonin e sivjetsh\u00ebm turistik Ai duke iu refereuar t\u00eb dh\u00ebnave t\u00eb Organizat\u00ebs turistike tha se numri i turist\u00ebve t\u00eb evidentuar k\u00ebt\u00eb vit \u00ebsht\u00eb dy her\u00eb e gjysm\u00eb m\u00eb i madh se ai i nj\u00eb [&hellip;]<\/p>\n","protected":false},"author":1,"featured_media":0,"comment_status":"closed","ping_status":"closed","sticky":false,"template":"","format":"standard","meta":{"spay_email":"","jetpack_publicize_message":"","jetpack_is_tweetstorm":false,"jetpack_publicize_feature_enabled":true},"categories":[10,1],"tags":[],"jetpack_publicize_connections":[],"yoast_head":"<!-- This site is optimized with the Yoast SEO plugin v19.1 - https:\/\/yoast.com\/wordpress\/plugins\/seo\/ -->\n<title>Gjeka: Sezoni veror 2015 n\u00eb Ulqin shum\u00eb i suksessh\u00ebm - Lajme nga Ulqini<\/title>\n<meta name=\"description\" content=\"Gjek\u00eb Gjonaj Kryetari i Komun\u00ebs s\u00eb Ulqinit Fatmir Gjeka, n\u00eb takimin e t\u00eb premtes me gazetar\u00eb e vler\u00ebsoi shum\u00eb t\u00eb suksessh\u00ebm. sezonin e sivjetsh\u00ebm turistik\" \/>\n<meta name=\"robots\" content=\"index, follow, max-snippet:-1, max-image-preview:large, max-video-preview:-1\" \/>\n<link rel=\"canonical\" href=\"https:\/\/www.visit-ulcinj.com\/blog\/2015\/09\/18\/gjeka-sezoni-veror-2015-ne-ulqin-shume-suksesshem\/\" \/>\n<meta property=\"og:locale\" content=\"en_US\" \/>\n<meta property=\"og:type\" content=\"article\" \/>\n<meta property=\"og:title\" content=\"Gjeka: Sezoni veror 2015 n\u00eb Ulqin shum\u00eb i suksessh\u00ebm - Lajme nga Ulqini\" \/>\n<meta property=\"og:description\" content=\"Gjek\u00eb Gjonaj Kryetari i Komun\u00ebs s\u00eb Ulqinit Fatmir Gjeka, n\u00eb takimin e t\u00eb premtes me gazetar\u00eb e vler\u00ebsoi shum\u00eb t\u00eb suksessh\u00ebm. sezonin e sivjetsh\u00ebm turistik\" \/>\n<meta property=\"og:url\" content=\"https:\/\/www.visit-ulcinj.com\/blog\/2015\/09\/18\/gjeka-sezoni-veror-2015-ne-ulqin-shume-suksesshem\/\" \/>\n<meta property=\"og:site_name\" content=\"Lajme nga Ulqini\" \/>\n<meta property=\"article:published_time\" content=\"2015-09-18T20:55:55+00:00\" \/>\n<meta property=\"article:modified_time\" content=\"2015-09-19T13:44:40+00:00\" \/>\n<meta property=\"og:image\" content=\"http:\/\/www.visit-ulcinj.com\/blog\/wp-content\/uploads\/2014\/07\/Fatmir-Gjeka-Ulqin.jpg\" \/>\n<meta name=\"twitter:label1\" content=\"Written by\" \/>\n\t<meta name=\"twitter:data1\" content=\"ulqini\" \/>\n\t<meta name=\"twitter:label2\" content=\"Est. reading time\" \/>\n\t<meta name=\"twitter:data2\" content=\"2 minutes\" \/>\n<script type=\"application\/ld+json\" class=\"yoast-schema-graph\">{\"@context\":\"https:\/\/schema.org\",\"@graph\":[{\"@type\":\"WebSite\",\"@id\":\"https:\/\/www.visit-ulcinj.com\/blog\/#website\",\"url\":\"https:\/\/www.visit-ulcinj.com\/blog\/\",\"name\":\"Lajme nga Ulqini\",\"description\":\"Lajme,Vijesti,Ulqini,Ulqin,Crna Gora,Mali i Zi\",\"potentialAction\":[{\"@type\":\"SearchAction\",\"target\":{\"@type\":\"EntryPoint\",\"urlTemplate\":\"https:\/\/www.visit-ulcinj.com\/blog\/?s={search_term_string}\"},\"query-input\":\"required name=search_term_string\"}],\"inLanguage\":\"en-US\"},{\"@type\":\"ImageObject\",\"inLanguage\":\"en-US\",\"@id\":\"https:\/\/www.visit-ulcinj.com\/blog\/2015\/09\/18\/gjeka-sezoni-veror-2015-ne-ulqin-shume-suksesshem\/#primaryimage\",\"url\":\"https:\/\/www.visit-ulcinj.com\/blog\/wp-content\/uploads\/2014\/07\/Fatmir-Gjeka-Ulqin.jpg\",\"contentUrl\":\"https:\/\/www.visit-ulcinj.com\/blog\/wp-content\/uploads\/2014\/07\/Fatmir-Gjeka-Ulqin.jpg\",\"width\":960,\"height\":720},{\"@type\":\"WebPage\",\"@id\":\"https:\/\/www.visit-ulcinj.com\/blog\/2015\/09\/18\/gjeka-sezoni-veror-2015-ne-ulqin-shume-suksesshem\/#webpage\",\"url\":\"https:\/\/www.visit-ulcinj.com\/blog\/2015\/09\/18\/gjeka-sezoni-veror-2015-ne-ulqin-shume-suksesshem\/\",\"name\":\"Gjeka: Sezoni veror 2015 n\u00eb Ulqin shum\u00eb i suksessh\u00ebm - Lajme nga Ulqini\",\"isPartOf\":{\"@id\":\"https:\/\/www.visit-ulcinj.com\/blog\/#website\"},\"primaryImageOfPage\":{\"@id\":\"https:\/\/www.visit-ulcinj.com\/blog\/2015\/09\/18\/gjeka-sezoni-veror-2015-ne-ulqin-shume-suksesshem\/#primaryimage\"},\"datePublished\":\"2015-09-18T20:55:55+00:00\",\"dateModified\":\"2015-09-19T13:44:40+00:00\",\"author\":{\"@id\":\"https:\/\/www.visit-ulcinj.com\/blog\/#\/schema\/person\/dcab619c614d3038751c63bc2aadc06d\"},\"description\":\"Gjek\u00eb Gjonaj Kryetari i Komun\u00ebs s\u00eb Ulqinit Fatmir Gjeka, n\u00eb takimin e t\u00eb premtes me gazetar\u00eb e vler\u00ebsoi shum\u00eb t\u00eb suksessh\u00ebm. sezonin e sivjetsh\u00ebm turistik\",\"breadcrumb\":{\"@id\":\"https:\/\/www.visit-ulcinj.com\/blog\/2015\/09\/18\/gjeka-sezoni-veror-2015-ne-ulqin-shume-suksesshem\/#breadcrumb\"},\"inLanguage\":\"en-US\",\"potentialAction\":[{\"@type\":\"ReadAction\",\"target\":[\"https:\/\/www.visit-ulcinj.com\/blog\/2015\/09\/18\/gjeka-sezoni-veror-2015-ne-ulqin-shume-suksesshem\/\"]}]},{\"@type\":\"BreadcrumbList\",\"@id\":\"https:\/\/www.visit-ulcinj.com\/blog\/2015\/09\/18\/gjeka-sezoni-veror-2015-ne-ulqin-shume-suksesshem\/#breadcrumb\",\"itemListElement\":[{\"@type\":\"ListItem\",\"position\":1,\"name\":\"Gjeka: Sezoni veror 2015 n\u00eb Ulqin shum\u00eb i suksessh\u00ebm\"}]},{\"@type\":\"Person\",\"@id\":\"https:\/\/www.visit-ulcinj.com\/blog\/#\/schema\/person\/dcab619c614d3038751c63bc2aadc06d\",\"name\":\"ulqini\",\"sameAs\":[\"http:\/\/www.visit-ulcinj.com\"],\"url\":\"https:\/\/www.visit-ulcinj.com\/blog\/author\/admin\/\"}]}<\/script>\n<!-- \/ Yoast SEO plugin. -->","yoast_head_json":{"title":"Gjeka: Sezoni veror 2015 n\u00eb Ulqin shum\u00eb i suksessh\u00ebm - Lajme nga Ulqini","description":"Gjek\u00eb Gjonaj Kryetari i Komun\u00ebs s\u00eb Ulqinit Fatmir Gjeka, n\u00eb takimin e t\u00eb premtes me gazetar\u00eb e vler\u00ebsoi shum\u00eb t\u00eb suksessh\u00ebm. sezonin e sivjetsh\u00ebm turistik","robots":{"index":"index","follow":"follow","max-snippet":"max-snippet:-1","max-image-preview":"max-image-preview:large","max-video-preview":"max-video-preview:-1"},"canonical":"https:\/\/www.visit-ulcinj.com\/blog\/2015\/09\/18\/gjeka-sezoni-veror-2015-ne-ulqin-shume-suksesshem\/","og_locale":"en_US","og_type":"article","og_title":"Gjeka: Sezoni veror 2015 n\u00eb Ulqin shum\u00eb i suksessh\u00ebm - Lajme nga Ulqini","og_description":"Gjek\u00eb Gjonaj Kryetari i Komun\u00ebs s\u00eb Ulqinit Fatmir Gjeka, n\u00eb takimin e t\u00eb premtes me gazetar\u00eb e vler\u00ebsoi shum\u00eb t\u00eb suksessh\u00ebm. sezonin e sivjetsh\u00ebm turistik","og_url":"https:\/\/www.visit-ulcinj.com\/blog\/2015\/09\/18\/gjeka-sezoni-veror-2015-ne-ulqin-shume-suksesshem\/","og_site_name":"Lajme nga Ulqini","article_published_time":"2015-09-18T20:55:55+00:00","article_modified_time":"2015-09-19T13:44:40+00:00","og_image":[{"url":"http:\/\/www.visit-ulcinj.com\/blog\/wp-content\/uploads\/2014\/07\/Fatmir-Gjeka-Ulqin.jpg"}],"twitter_misc":{"Written by":"ulqini","Est. reading time":"2 minutes"},"schema":{"@context":"https:\/\/schema.org","@graph":[{"@type":"WebSite","@id":"https:\/\/www.visit-ulcinj.com\/blog\/#website","url":"https:\/\/www.visit-ulcinj.com\/blog\/","name":"Lajme nga Ulqini","description":"Lajme,Vijesti,Ulqini,Ulqin,Crna Gora,Mali i Zi","potentialAction":[{"@type":"SearchAction","target":{"@type":"EntryPoint","urlTemplate":"https:\/\/www.visit-ulcinj.com\/blog\/?s={search_term_string}"},"query-input":"required name=search_term_string"}],"inLanguage":"en-US"},{"@type":"ImageObject","inLanguage":"en-US","@id":"https:\/\/www.visit-ulcinj.com\/blog\/2015\/09\/18\/gjeka-sezoni-veror-2015-ne-ulqin-shume-suksesshem\/#primaryimage","url":"https:\/\/www.visit-ulcinj.com\/blog\/wp-content\/uploads\/2014\/07\/Fatmir-Gjeka-Ulqin.jpg","contentUrl":"https:\/\/www.visit-ulcinj.com\/blog\/wp-content\/uploads\/2014\/07\/Fatmir-Gjeka-Ulqin.jpg","width":960,"height":720},{"@type":"WebPage","@id":"https:\/\/www.visit-ulcinj.com\/blog\/2015\/09\/18\/gjeka-sezoni-veror-2015-ne-ulqin-shume-suksesshem\/#webpage","url":"https:\/\/www.visit-ulcinj.com\/blog\/2015\/09\/18\/gjeka-sezoni-veror-2015-ne-ulqin-shume-suksesshem\/","name":"Gjeka: Sezoni veror 2015 n\u00eb Ulqin shum\u00eb i suksessh\u00ebm - Lajme nga Ulqini","isPartOf":{"@id":"https:\/\/www.visit-ulcinj.com\/blog\/#website"},"primaryImageOfPage":{"@id":"https:\/\/www.visit-ulcinj.com\/blog\/2015\/09\/18\/gjeka-sezoni-veror-2015-ne-ulqin-shume-suksesshem\/#primaryimage"},"datePublished":"2015-09-18T20:55:55+00:00","dateModified":"2015-09-19T13:44:40+00:00","author":{"@id":"https:\/\/www.visit-ulcinj.com\/blog\/#\/schema\/person\/dcab619c614d3038751c63bc2aadc06d"},"description":"Gjek\u00eb Gjonaj Kryetari i Komun\u00ebs s\u00eb Ulqinit Fatmir Gjeka, n\u00eb takimin e t\u00eb premtes me gazetar\u00eb e vler\u00ebsoi shum\u00eb t\u00eb suksessh\u00ebm. sezonin e sivjetsh\u00ebm turistik","breadcrumb":{"@id":"https:\/\/www.visit-ulcinj.com\/blog\/2015\/09\/18\/gjeka-sezoni-veror-2015-ne-ulqin-shume-suksesshem\/#breadcrumb"},"inLanguage":"en-US","potentialAction":[{"@type":"ReadAction","target":["https:\/\/www.visit-ulcinj.com\/blog\/2015\/09\/18\/gjeka-sezoni-veror-2015-ne-ulqin-shume-suksesshem\/"]}]},{"@type":"BreadcrumbList","@id":"https:\/\/www.visit-ulcinj.com\/blog\/2015\/09\/18\/gjeka-sezoni-veror-2015-ne-ulqin-shume-suksesshem\/#breadcrumb","itemListElement":[{"@type":"ListItem","position":1,"name":"Gjeka: Sezoni veror 2015 n\u00eb Ulqin shum\u00eb i suksessh\u00ebm"}]},{"@type":"Person","@id":"https:\/\/www.visit-ulcinj.com\/blog\/#\/schema\/person\/dcab619c614d3038751c63bc2aadc06d","name":"ulqini","sameAs":["http:\/\/www.visit-ulcinj.com"],"url":"https:\/\/www.visit-ulcinj.com\/blog\/author\/admin\/"}]}},"jetpack_featured_media_url":"","jetpack_sharing_enabled":true,"jetpack_shortlink":"https:\/\/wp.me\/pe6lTn-o0T","_links":{"self":[{"href":"https:\/\/www.visit-ulcinj.com\/blog\/wp-json\/wp\/v2\/posts\/92311"}],"collection":[{"href":"https:\/\/www.visit-ulcinj.com\/blog\/wp-json\/wp\/v2\/posts"}],"about":[{"href":"https:\/\/www.visit-ulcinj.com\/blog\/wp-json\/wp\/v2\/types\/post"}],"author":[{"embeddable":true,"href":"https:\/\/www.visit-ulcinj.com\/blog\/wp-json\/wp\/v2\/users\/1"}],"replies":[{"embeddable":true,"href":"https:\/\/www.visit-ulcinj.com\/blog\/wp-json\/wp\/v2\/comments?post=92311"}],"version-history":[{"count":1,"href":"https:\/\/www.visit-ulcinj.com\/blog\/wp-json\/wp\/v2\/posts\/92311\/revisions"}],"predecessor-version":[{"id":92312,"href":"https:\/\/www.visit-ulcinj.com\/blog\/wp-json\/wp\/v2\/posts\/92311\/revisions\/92312"}],"wp:attachment":[{"href":"https:\/\/www.visit-ulcinj.com\/blog\/wp-json\/wp\/v2\/media?parent=92311"}],"wp:term":[{"taxonomy":"category","embeddable":true,"href":"https:\/\/www.visit-ulcinj.com\/blog\/wp-json\/wp\/v2\/categories?post=92311"},{"taxonomy":"post_tag","embeddable":true,"href":"https:\/\/www.visit-ulcinj.com\/blog\/wp-json\/wp\/v2\/tags?post=92311"}],"curies":[{"name":"wp","href":"https:\/\/api.w.org\/{rel}","templated":true}]}}