{"id":92330,"date":"2015-09-19T17:03:22","date_gmt":"2015-09-19T16:03:22","guid":{"rendered":"http:\/\/www.visit-ulcinj.com\/blog\/?p=92330"},"modified":"2015-09-19T17:03:22","modified_gmt":"2015-09-19T16:03:22","slug":"ura-ulcinj-bajraktari-zatrazio-raskidanje-ugovora-za-hotel-jadran","status":"publish","type":"post","link":"https:\/\/www.visit-ulcinj.com\/blog\/2015\/09\/19\/ura-ulcinj-bajraktari-zatrazio-raskidanje-ugovora-za-hotel-jadran\/","title":{"rendered":"URA Ulcinj: Bajraktari, zatra\u017eio raskidanje ugovora za hotel &#8220;Jadran&#8221;"},"content":{"rendered":"<p><a href=\"http:\/\/www.visit-ulcinj.com\/blog\/wp-content\/uploads\/2015\/06\/Predsjednik-OO-Gradjanskog-pokreta-URA-Ulcinj.jpg\"><img loading=\"lazy\" class=\"alignleft wp-image-90967\" src=\"http:\/\/www.visit-ulcinj.com\/blog\/wp-content\/uploads\/2015\/06\/Predsjednik-OO-Gradjanskog-pokreta-URA-Ulcinj.jpg\" alt=\"Predsjednik OO Gradjanskog pokreta URA Ulcinj\" width=\"508\" height=\"380\" srcset=\"https:\/\/www.visit-ulcinj.com\/blog\/wp-content\/uploads\/2015\/06\/Predsjednik-OO-Gradjanskog-pokreta-URA-Ulcinj.jpg 960w, https:\/\/www.visit-ulcinj.com\/blog\/wp-content\/uploads\/2015\/06\/Predsjednik-OO-Gradjanskog-pokreta-URA-Ulcinj-300x225.jpg 300w\" sizes=\"(max-width: 508px) 100vw, 508px\" \/><\/a>Op\u0161tinski odbor Gra\u0111anskog pokreta URA u Ulcinju je u saop\u0161tenju za javnost, koje potpisuje predsjednik Omer Bajraktari, zatra\u017eio raskidanje ugovora sa firmom koja je zakupila oko 26 hiljada metara kvadratnih na poluostrvu Suka.<\/p>\n<p>Iz ove politi\u010dke organizacije podsje\u0107aju da \u0107e se za tri mjeseci navr\u0161iti punih sedam godina od potpisivanja ugovora izme\u0111u JP \u2018Morsko Dobro\u2019 i investitora na \u2018DOO Star of Montenegro\u2019. \u201cAli, iako se radovi na stambenoj zgradi za rje\u0161avanje stambenih potreba 13 porodica zarad nesmetanog obavljanja radova na lokaciji privode kraju, agonija oko ove investicije u na\u0161oj op\u0161tini se nastavlja. Naime, ovih dana smo upoznati da je investitor odustao od gra\u0111evinske dozvole. Ovo je \u010detvrti put kako investitor zahtjeva prekid postupka za izdavanje gra\u0111evinske dozvole! To je bio slu\u010daj dva puta tokom 2013. godine, potom u avgustu 2014, godine, te prije mjesec dana. Umjesto da hotel primi goste mi danas imamo osnovni ugovor plus \u010detiri aneksa i \u010detiri odustajanja od gra\u0111evinske dozvole\u201d, navode iz URE i konstatuju da je to \u201cnajbla\u017ee re\u010deno, potvrda da ovaj investitor nije spreman da izvr\u0161i obaveze iz ugovora, odnosno da ovu investiciju zapo\u010dne, a kamoli da je zavr\u0161i\u201d.<\/p>\n<p>Zato u toj stranci smatraju da ugovor o zakupu tog lokaliteta sa \u2018DOO Star of Montenegro\u2019 mora biti raskinut.<\/p>\n<p>\u201cTako\u0111e, treba biti raspisan novi javni poziv za valorizaciju predivnog prostora na Suki, a u tom postupku treba da u\u010destvuje i op\u0161tina. Ne smijemo vi\u0161e tolerisati pasivnost i nepo\u0161tovanje investicionih ugovora, jer, svjedoci smo, ovakve pogre\u0161ne odluke najvi\u0161e poga\u0111aju gra\u0111ane na\u0161e op\u0161tine i nijesu u funkciji ekonomskog razvoja Ulcinja\u201d, zaklju\u010duje se u saop\u0161tenju URE.<\/p>\n<p><strong>Izvor: <span class=\"fwn fcg\"><span class=\"fwb fcg\" data-ft=\"{&quot;tn&quot;:&quot;k&quot;}\"><a id=\"js_1i\" href=\"https:\/\/www.facebook.com\/gradjanskipokret2015?fref=nf\" data-hovercard=\"\/ajax\/hovercard\/page.php?id=313006358903165&amp;extragetparams=%7B%22fref%22%3A%22nf%22%7D\">Gra\u0111anski pokret URA<\/a><\/span><\/span><\/strong><\/p>\n","protected":false},"excerpt":{"rendered":"<p>Op\u0161tinski odbor Gra\u0111anskog pokreta URA u Ulcinju je u saop\u0161tenju za javnost, koje potpisuje predsjednik Omer Bajraktari, zatra\u017eio raskidanje ugovora sa firmom koja je zakupila oko 26 hiljada metara kvadratnih na poluostrvu Suka. Iz ove politi\u010dke organizacije podsje\u0107aju da \u0107e se za tri mjeseci navr\u0161iti punih sedam godina od potpisivanja ugovora izme\u0111u JP \u2018Morsko Dobro\u2019 [&hellip;]<\/p>\n","protected":false},"author":1,"featured_media":0,"comment_status":"closed","ping_status":"closed","sticky":false,"template":"","format":"standard","meta":{"spay_email":"","jetpack_publicize_message":"","jetpack_is_tweetstorm":false,"jetpack_publicize_feature_enabled":true},"categories":[8337],"tags":[],"jetpack_publicize_connections":[],"yoast_head":"<!-- This site is optimized with the Yoast SEO plugin v19.1 - https:\/\/yoast.com\/wordpress\/plugins\/seo\/ -->\n<title>URA Ulcinj: Bajraktari, zatra\u017eio raskidanje ugovora za hotel &quot;Jadran&quot; - Lajme nga Ulqini<\/title>\n<meta name=\"description\" content=\"Op\u0161tinski odbor Gra\u0111anskog pokreta URA u Ulcinju je u saop\u0161tenju za javnost, koje potpisuje predsjednik Omer Bajraktari, zatra\u017eio raskidanje ugovora sa\" \/>\n<meta name=\"robots\" content=\"index, follow, max-snippet:-1, max-image-preview:large, max-video-preview:-1\" \/>\n<link rel=\"canonical\" href=\"https:\/\/www.visit-ulcinj.com\/blog\/2015\/09\/19\/ura-ulcinj-bajraktari-zatrazio-raskidanje-ugovora-za-hotel-jadran\/\" \/>\n<meta property=\"og:locale\" content=\"en_US\" \/>\n<meta property=\"og:type\" content=\"article\" \/>\n<meta property=\"og:title\" content=\"URA Ulcinj: Bajraktari, zatra\u017eio raskidanje ugovora za hotel &quot;Jadran&quot; - Lajme nga Ulqini\" \/>\n<meta property=\"og:description\" content=\"Op\u0161tinski odbor Gra\u0111anskog pokreta URA u Ulcinju je u saop\u0161tenju za javnost, koje potpisuje predsjednik Omer Bajraktari, zatra\u017eio raskidanje ugovora sa\" \/>\n<meta property=\"og:url\" content=\"https:\/\/www.visit-ulcinj.com\/blog\/2015\/09\/19\/ura-ulcinj-bajraktari-zatrazio-raskidanje-ugovora-za-hotel-jadran\/\" \/>\n<meta property=\"og:site_name\" content=\"Lajme nga Ulqini\" \/>\n<meta property=\"article:published_time\" content=\"2015-09-19T16:03:22+00:00\" \/>\n<meta property=\"og:image\" content=\"http:\/\/www.visit-ulcinj.com\/blog\/wp-content\/uploads\/2015\/06\/Predsjednik-OO-Gradjanskog-pokreta-URA-Ulcinj.jpg\" \/>\n<meta name=\"twitter:label1\" content=\"Written by\" \/>\n\t<meta name=\"twitter:data1\" content=\"ulqini\" \/>\n\t<meta name=\"twitter:label2\" content=\"Est. reading time\" \/>\n\t<meta name=\"twitter:data2\" content=\"1 minute\" \/>\n<script type=\"application\/ld+json\" class=\"yoast-schema-graph\">{\"@context\":\"https:\/\/schema.org\",\"@graph\":[{\"@type\":\"WebSite\",\"@id\":\"https:\/\/www.visit-ulcinj.com\/blog\/#website\",\"url\":\"https:\/\/www.visit-ulcinj.com\/blog\/\",\"name\":\"Lajme nga Ulqini\",\"description\":\"Lajme,Vijesti,Ulqini,Ulqin,Crna Gora,Mali i Zi\",\"potentialAction\":[{\"@type\":\"SearchAction\",\"target\":{\"@type\":\"EntryPoint\",\"urlTemplate\":\"https:\/\/www.visit-ulcinj.com\/blog\/?s={search_term_string}\"},\"query-input\":\"required name=search_term_string\"}],\"inLanguage\":\"en-US\"},{\"@type\":\"ImageObject\",\"inLanguage\":\"en-US\",\"@id\":\"https:\/\/www.visit-ulcinj.com\/blog\/2015\/09\/19\/ura-ulcinj-bajraktari-zatrazio-raskidanje-ugovora-za-hotel-jadran\/#primaryimage\",\"url\":\"https:\/\/www.visit-ulcinj.com\/blog\/wp-content\/uploads\/2015\/06\/Predsjednik-OO-Gradjanskog-pokreta-URA-Ulcinj.jpg\",\"contentUrl\":\"https:\/\/www.visit-ulcinj.com\/blog\/wp-content\/uploads\/2015\/06\/Predsjednik-OO-Gradjanskog-pokreta-URA-Ulcinj.jpg\",\"width\":960,\"height\":719},{\"@type\":\"WebPage\",\"@id\":\"https:\/\/www.visit-ulcinj.com\/blog\/2015\/09\/19\/ura-ulcinj-bajraktari-zatrazio-raskidanje-ugovora-za-hotel-jadran\/#webpage\",\"url\":\"https:\/\/www.visit-ulcinj.com\/blog\/2015\/09\/19\/ura-ulcinj-bajraktari-zatrazio-raskidanje-ugovora-za-hotel-jadran\/\",\"name\":\"URA Ulcinj: Bajraktari, zatra\u017eio raskidanje ugovora za hotel \\\"Jadran\\\" - Lajme nga Ulqini\",\"isPartOf\":{\"@id\":\"https:\/\/www.visit-ulcinj.com\/blog\/#website\"},\"primaryImageOfPage\":{\"@id\":\"https:\/\/www.visit-ulcinj.com\/blog\/2015\/09\/19\/ura-ulcinj-bajraktari-zatrazio-raskidanje-ugovora-za-hotel-jadran\/#primaryimage\"},\"datePublished\":\"2015-09-19T16:03:22+00:00\",\"dateModified\":\"2015-09-19T16:03:22+00:00\",\"author\":{\"@id\":\"https:\/\/www.visit-ulcinj.com\/blog\/#\/schema\/person\/dcab619c614d3038751c63bc2aadc06d\"},\"description\":\"Op\u0161tinski odbor Gra\u0111anskog pokreta URA u Ulcinju je u saop\u0161tenju za javnost, koje potpisuje predsjednik Omer Bajraktari, zatra\u017eio raskidanje ugovora sa\",\"breadcrumb\":{\"@id\":\"https:\/\/www.visit-ulcinj.com\/blog\/2015\/09\/19\/ura-ulcinj-bajraktari-zatrazio-raskidanje-ugovora-za-hotel-jadran\/#breadcrumb\"},\"inLanguage\":\"en-US\",\"potentialAction\":[{\"@type\":\"ReadAction\",\"target\":[\"https:\/\/www.visit-ulcinj.com\/blog\/2015\/09\/19\/ura-ulcinj-bajraktari-zatrazio-raskidanje-ugovora-za-hotel-jadran\/\"]}]},{\"@type\":\"BreadcrumbList\",\"@id\":\"https:\/\/www.visit-ulcinj.com\/blog\/2015\/09\/19\/ura-ulcinj-bajraktari-zatrazio-raskidanje-ugovora-za-hotel-jadran\/#breadcrumb\",\"itemListElement\":[{\"@type\":\"ListItem\",\"position\":1,\"name\":\"URA Ulcinj: Bajraktari, zatra\u017eio raskidanje ugovora za hotel &#8220;Jadran&#8221;\"}]},{\"@type\":\"Person\",\"@id\":\"https:\/\/www.visit-ulcinj.com\/blog\/#\/schema\/person\/dcab619c614d3038751c63bc2aadc06d\",\"name\":\"ulqini\",\"sameAs\":[\"http:\/\/www.visit-ulcinj.com\"],\"url\":\"https:\/\/www.visit-ulcinj.com\/blog\/author\/admin\/\"}]}<\/script>\n<!-- \/ Yoast SEO plugin. -->","yoast_head_json":{"title":"URA Ulcinj: Bajraktari, zatra\u017eio raskidanje ugovora za hotel \"Jadran\" - Lajme nga Ulqini","description":"Op\u0161tinski odbor Gra\u0111anskog pokreta URA u Ulcinju je u saop\u0161tenju za javnost, koje potpisuje predsjednik Omer Bajraktari, zatra\u017eio raskidanje ugovora sa","robots":{"index":"index","follow":"follow","max-snippet":"max-snippet:-1","max-image-preview":"max-image-preview:large","max-video-preview":"max-video-preview:-1"},"canonical":"https:\/\/www.visit-ulcinj.com\/blog\/2015\/09\/19\/ura-ulcinj-bajraktari-zatrazio-raskidanje-ugovora-za-hotel-jadran\/","og_locale":"en_US","og_type":"article","og_title":"URA Ulcinj: Bajraktari, zatra\u017eio raskidanje ugovora za hotel \"Jadran\" - Lajme nga Ulqini","og_description":"Op\u0161tinski odbor Gra\u0111anskog pokreta URA u Ulcinju je u saop\u0161tenju za javnost, koje potpisuje predsjednik Omer Bajraktari, zatra\u017eio raskidanje ugovora sa","og_url":"https:\/\/www.visit-ulcinj.com\/blog\/2015\/09\/19\/ura-ulcinj-bajraktari-zatrazio-raskidanje-ugovora-za-hotel-jadran\/","og_site_name":"Lajme nga Ulqini","article_published_time":"2015-09-19T16:03:22+00:00","og_image":[{"url":"http:\/\/www.visit-ulcinj.com\/blog\/wp-content\/uploads\/2015\/06\/Predsjednik-OO-Gradjanskog-pokreta-URA-Ulcinj.jpg"}],"twitter_misc":{"Written by":"ulqini","Est. reading time":"1 minute"},"schema":{"@context":"https:\/\/schema.org","@graph":[{"@type":"WebSite","@id":"https:\/\/www.visit-ulcinj.com\/blog\/#website","url":"https:\/\/www.visit-ulcinj.com\/blog\/","name":"Lajme nga Ulqini","description":"Lajme,Vijesti,Ulqini,Ulqin,Crna Gora,Mali i Zi","potentialAction":[{"@type":"SearchAction","target":{"@type":"EntryPoint","urlTemplate":"https:\/\/www.visit-ulcinj.com\/blog\/?s={search_term_string}"},"query-input":"required name=search_term_string"}],"inLanguage":"en-US"},{"@type":"ImageObject","inLanguage":"en-US","@id":"https:\/\/www.visit-ulcinj.com\/blog\/2015\/09\/19\/ura-ulcinj-bajraktari-zatrazio-raskidanje-ugovora-za-hotel-jadran\/#primaryimage","url":"https:\/\/www.visit-ulcinj.com\/blog\/wp-content\/uploads\/2015\/06\/Predsjednik-OO-Gradjanskog-pokreta-URA-Ulcinj.jpg","contentUrl":"https:\/\/www.visit-ulcinj.com\/blog\/wp-content\/uploads\/2015\/06\/Predsjednik-OO-Gradjanskog-pokreta-URA-Ulcinj.jpg","width":960,"height":719},{"@type":"WebPage","@id":"https:\/\/www.visit-ulcinj.com\/blog\/2015\/09\/19\/ura-ulcinj-bajraktari-zatrazio-raskidanje-ugovora-za-hotel-jadran\/#webpage","url":"https:\/\/www.visit-ulcinj.com\/blog\/2015\/09\/19\/ura-ulcinj-bajraktari-zatrazio-raskidanje-ugovora-za-hotel-jadran\/","name":"URA Ulcinj: Bajraktari, zatra\u017eio raskidanje ugovora za hotel \"Jadran\" - Lajme nga Ulqini","isPartOf":{"@id":"https:\/\/www.visit-ulcinj.com\/blog\/#website"},"primaryImageOfPage":{"@id":"https:\/\/www.visit-ulcinj.com\/blog\/2015\/09\/19\/ura-ulcinj-bajraktari-zatrazio-raskidanje-ugovora-za-hotel-jadran\/#primaryimage"},"datePublished":"2015-09-19T16:03:22+00:00","dateModified":"2015-09-19T16:03:22+00:00","author":{"@id":"https:\/\/www.visit-ulcinj.com\/blog\/#\/schema\/person\/dcab619c614d3038751c63bc2aadc06d"},"description":"Op\u0161tinski odbor Gra\u0111anskog pokreta URA u Ulcinju je u saop\u0161tenju za javnost, koje potpisuje predsjednik Omer Bajraktari, zatra\u017eio raskidanje ugovora sa","breadcrumb":{"@id":"https:\/\/www.visit-ulcinj.com\/blog\/2015\/09\/19\/ura-ulcinj-bajraktari-zatrazio-raskidanje-ugovora-za-hotel-jadran\/#breadcrumb"},"inLanguage":"en-US","potentialAction":[{"@type":"ReadAction","target":["https:\/\/www.visit-ulcinj.com\/blog\/2015\/09\/19\/ura-ulcinj-bajraktari-zatrazio-raskidanje-ugovora-za-hotel-jadran\/"]}]},{"@type":"BreadcrumbList","@id":"https:\/\/www.visit-ulcinj.com\/blog\/2015\/09\/19\/ura-ulcinj-bajraktari-zatrazio-raskidanje-ugovora-za-hotel-jadran\/#breadcrumb","itemListElement":[{"@type":"ListItem","position":1,"name":"URA Ulcinj: Bajraktari, zatra\u017eio raskidanje ugovora za hotel &#8220;Jadran&#8221;"}]},{"@type":"Person","@id":"https:\/\/www.visit-ulcinj.com\/blog\/#\/schema\/person\/dcab619c614d3038751c63bc2aadc06d","name":"ulqini","sameAs":["http:\/\/www.visit-ulcinj.com"],"url":"https:\/\/www.visit-ulcinj.com\/blog\/author\/admin\/"}]}},"jetpack_featured_media_url":"","jetpack_sharing_enabled":true,"jetpack_shortlink":"https:\/\/wp.me\/pe6lTn-o1c","_links":{"self":[{"href":"https:\/\/www.visit-ulcinj.com\/blog\/wp-json\/wp\/v2\/posts\/92330"}],"collection":[{"href":"https:\/\/www.visit-ulcinj.com\/blog\/wp-json\/wp\/v2\/posts"}],"about":[{"href":"https:\/\/www.visit-ulcinj.com\/blog\/wp-json\/wp\/v2\/types\/post"}],"author":[{"embeddable":true,"href":"https:\/\/www.visit-ulcinj.com\/blog\/wp-json\/wp\/v2\/users\/1"}],"replies":[{"embeddable":true,"href":"https:\/\/www.visit-ulcinj.com\/blog\/wp-json\/wp\/v2\/comments?post=92330"}],"version-history":[{"count":1,"href":"https:\/\/www.visit-ulcinj.com\/blog\/wp-json\/wp\/v2\/posts\/92330\/revisions"}],"predecessor-version":[{"id":92331,"href":"https:\/\/www.visit-ulcinj.com\/blog\/wp-json\/wp\/v2\/posts\/92330\/revisions\/92331"}],"wp:attachment":[{"href":"https:\/\/www.visit-ulcinj.com\/blog\/wp-json\/wp\/v2\/media?parent=92330"}],"wp:term":[{"taxonomy":"category","embeddable":true,"href":"https:\/\/www.visit-ulcinj.com\/blog\/wp-json\/wp\/v2\/categories?post=92330"},{"taxonomy":"post_tag","embeddable":true,"href":"https:\/\/www.visit-ulcinj.com\/blog\/wp-json\/wp\/v2\/tags?post=92330"}],"curies":[{"name":"wp","href":"https:\/\/api.w.org\/{rel}","templated":true}]}}