{"id":92336,"date":"2015-09-19T17:32:12","date_gmt":"2015-09-19T16:32:12","guid":{"rendered":"http:\/\/www.visit-ulcinj.com\/blog\/?p=92336"},"modified":"2015-09-19T17:32:12","modified_gmt":"2015-09-19T16:32:12","slug":"mali-zi-se-shpejti-pjese-e-nato-s-ka-perkrahjen-amerikane","status":"publish","type":"post","link":"https:\/\/www.visit-ulcinj.com\/blog\/2015\/09\/19\/mali-zi-se-shpejti-pjese-e-nato-s-ka-perkrahjen-amerikane\/","title":{"rendered":"Mali i Zi s\u00eb shpejti pjes\u00eb e NATO-s, ka p\u00ebrkrahjen amerikane"},"content":{"rendered":"<p><a href=\"http:\/\/www.visit-ulcinj.com\/blog\/wp-content\/uploads\/2015\/09\/Mali-Zi-Nato.jpg\"><img loading=\"lazy\" class=\"alignleft wp-image-92337\" src=\"http:\/\/www.visit-ulcinj.com\/blog\/wp-content\/uploads\/2015\/09\/Mali-Zi-Nato.jpg\" alt=\"Mali-Zi-Nato\" width=\"508\" height=\"295\" srcset=\"https:\/\/www.visit-ulcinj.com\/blog\/wp-content\/uploads\/2015\/09\/Mali-Zi-Nato.jpg 800w, https:\/\/www.visit-ulcinj.com\/blog\/wp-content\/uploads\/2015\/09\/Mali-Zi-Nato-300x174.jpg 300w\" sizes=\"(max-width: 508px) 100vw, 508px\" \/><\/a>Shtetet e Bashkuara jan\u00eb t\u00eb gatshme ta mb\u00ebshtesin an\u00ebtar\u00ebsimin e Malit t\u00eb Zi n\u00eb NATO, duke pasur parasysh se ky vend vazhdon t\u2019i kryej reformat dhe p\u00ebr shkak t\u00eb rritjes s\u00eb mb\u00ebshtetjes popullore p\u00ebr an\u00ebtar\u00ebsim n\u00eb aleanc\u00ebn per\u00ebndimore t\u00eb siguris\u00eb, ka th\u00ebn\u00eb Sht\u00ebpia e Bardh\u00eb, transmeton <a href=\"http:\/\/evropaelire.org\" target=\"_blank\">REL.<\/a><\/p>\n<p>N\u00eb nj\u00eb bised\u00eb telefonike mbr\u00ebm\u00eb von\u00eb, z\u00ebvend\u00ebspresidenti amerikan, Joe Biden, i tha kryeministrit t\u00eb Malit t\u00eb Zi, Millo Gjukanoviq, se Shtetet e Bashkuara do ta mb\u00ebshtesin ftes\u00ebn p\u00ebr an\u00ebtar\u00ebsim t\u00eb Malit t\u00eb Zi, n\u00eb muajin dhjetor, kur mbahet mbledhja e ministrave t\u00eb jasht\u00ebm t\u00eb aleanc\u00ebs.<\/p>\n<p>\u201cZ\u00ebvend\u00ebspresidenti dhe kryeministri jan\u00eb pajtuar se an\u00ebtar\u00ebsimi i Malit t\u00eb Zi n\u00eb NATO fuqish\u00ebm do ta ankoroj Malin e Zi n\u00eb institucionet Evro-atlantike, do t\u00eb promovoj stabilitet m\u00eb t\u00eb madh rajonal n\u00eb Ballkan, dhe do ta demonstroj kredibilitetin e politik\u00ebs s\u00eb dyerve t\u00eb hapura t\u00eb NATO-s\u201d, thuhet n\u00eb deklarat\u00ebn e Sht\u00ebpis\u00eb s\u00eb Bardh\u00eb.<\/p>\n<p>Mali i Zi, vend me 620 mij\u00eb banor\u00eb, synon an\u00ebtar\u00ebsim n\u00eb NATO, sikur dy vendet e tjera ballkanike, Shqip\u00ebria dhe Kroacia, q\u00eb u pranuan n\u00eb aleanc\u00eb n\u00eb vitin 2009.<\/p>\n<p><strong><cite>Portalb.mk<\/cite><\/strong><\/p>\n","protected":false},"excerpt":{"rendered":"<p>Shtetet e Bashkuara jan\u00eb t\u00eb gatshme ta mb\u00ebshtesin an\u00ebtar\u00ebsimin e Malit t\u00eb Zi n\u00eb NATO, duke pasur parasysh se ky vend vazhdon t\u2019i kryej reformat dhe p\u00ebr shkak t\u00eb rritjes s\u00eb mb\u00ebshtetjes popullore p\u00ebr an\u00ebtar\u00ebsim n\u00eb aleanc\u00ebn per\u00ebndimore t\u00eb siguris\u00eb, ka th\u00ebn\u00eb Sht\u00ebpia e Bardh\u00eb, transmeton REL. N\u00eb nj\u00eb bised\u00eb telefonike mbr\u00ebm\u00eb von\u00eb, z\u00ebvend\u00ebspresidenti amerikan, [&hellip;]<\/p>\n","protected":false},"author":1,"featured_media":0,"comment_status":"closed","ping_status":"closed","sticky":false,"template":"","format":"standard","meta":{"spay_email":"","jetpack_publicize_message":"","jetpack_is_tweetstorm":false,"jetpack_publicize_feature_enabled":true},"categories":[13],"tags":[],"jetpack_publicize_connections":[],"yoast_head":"<!-- This site is optimized with the Yoast SEO plugin v19.1 - https:\/\/yoast.com\/wordpress\/plugins\/seo\/ -->\n<title>Mali i Zi s\u00eb shpejti pjes\u00eb e NATO-s, ka p\u00ebrkrahjen amerikane - Lajme nga Ulqini<\/title>\n<meta name=\"description\" content=\"Shtetet e Bashkuara jan\u00eb t\u00eb gatshme ta mb\u00ebshtesin an\u00ebtar\u00ebsimin e Malit t\u00eb Zi n\u00eb NATO, duke pasur parasysh se ky vend vazhdon t\u2019i kryej reformat dhe p\u00ebr\" \/>\n<meta name=\"robots\" content=\"index, follow, max-snippet:-1, max-image-preview:large, max-video-preview:-1\" \/>\n<link rel=\"canonical\" href=\"https:\/\/www.visit-ulcinj.com\/blog\/2015\/09\/19\/mali-zi-se-shpejti-pjese-e-nato-s-ka-perkrahjen-amerikane\/\" \/>\n<meta property=\"og:locale\" content=\"en_US\" \/>\n<meta property=\"og:type\" content=\"article\" \/>\n<meta property=\"og:title\" content=\"Mali i Zi s\u00eb shpejti pjes\u00eb e NATO-s, ka p\u00ebrkrahjen amerikane - Lajme nga Ulqini\" \/>\n<meta property=\"og:description\" content=\"Shtetet e Bashkuara jan\u00eb t\u00eb gatshme ta mb\u00ebshtesin an\u00ebtar\u00ebsimin e Malit t\u00eb Zi n\u00eb NATO, duke pasur parasysh se ky vend vazhdon t\u2019i kryej reformat dhe p\u00ebr\" \/>\n<meta property=\"og:url\" content=\"https:\/\/www.visit-ulcinj.com\/blog\/2015\/09\/19\/mali-zi-se-shpejti-pjese-e-nato-s-ka-perkrahjen-amerikane\/\" \/>\n<meta property=\"og:site_name\" content=\"Lajme nga Ulqini\" \/>\n<meta property=\"article:published_time\" content=\"2015-09-19T16:32:12+00:00\" \/>\n<meta property=\"og:image\" content=\"http:\/\/www.visit-ulcinj.com\/blog\/wp-content\/uploads\/2015\/09\/Mali-Zi-Nato.jpg\" \/>\n<meta name=\"twitter:label1\" content=\"Written by\" \/>\n\t<meta name=\"twitter:data1\" content=\"ulqini\" \/>\n\t<meta name=\"twitter:label2\" content=\"Est. reading time\" \/>\n\t<meta name=\"twitter:data2\" content=\"1 minute\" \/>\n<script type=\"application\/ld+json\" class=\"yoast-schema-graph\">{\"@context\":\"https:\/\/schema.org\",\"@graph\":[{\"@type\":\"WebSite\",\"@id\":\"https:\/\/www.visit-ulcinj.com\/blog\/#website\",\"url\":\"https:\/\/www.visit-ulcinj.com\/blog\/\",\"name\":\"Lajme nga Ulqini\",\"description\":\"Lajme,Vijesti,Ulqini,Ulqin,Crna Gora,Mali i Zi\",\"potentialAction\":[{\"@type\":\"SearchAction\",\"target\":{\"@type\":\"EntryPoint\",\"urlTemplate\":\"https:\/\/www.visit-ulcinj.com\/blog\/?s={search_term_string}\"},\"query-input\":\"required name=search_term_string\"}],\"inLanguage\":\"en-US\"},{\"@type\":\"ImageObject\",\"inLanguage\":\"en-US\",\"@id\":\"https:\/\/www.visit-ulcinj.com\/blog\/2015\/09\/19\/mali-zi-se-shpejti-pjese-e-nato-s-ka-perkrahjen-amerikane\/#primaryimage\",\"url\":\"https:\/\/www.visit-ulcinj.com\/blog\/wp-content\/uploads\/2015\/09\/Mali-Zi-Nato.jpg\",\"contentUrl\":\"https:\/\/www.visit-ulcinj.com\/blog\/wp-content\/uploads\/2015\/09\/Mali-Zi-Nato.jpg\",\"width\":800,\"height\":465},{\"@type\":\"WebPage\",\"@id\":\"https:\/\/www.visit-ulcinj.com\/blog\/2015\/09\/19\/mali-zi-se-shpejti-pjese-e-nato-s-ka-perkrahjen-amerikane\/#webpage\",\"url\":\"https:\/\/www.visit-ulcinj.com\/blog\/2015\/09\/19\/mali-zi-se-shpejti-pjese-e-nato-s-ka-perkrahjen-amerikane\/\",\"name\":\"Mali i Zi s\u00eb shpejti pjes\u00eb e NATO-s, ka p\u00ebrkrahjen amerikane - Lajme nga Ulqini\",\"isPartOf\":{\"@id\":\"https:\/\/www.visit-ulcinj.com\/blog\/#website\"},\"primaryImageOfPage\":{\"@id\":\"https:\/\/www.visit-ulcinj.com\/blog\/2015\/09\/19\/mali-zi-se-shpejti-pjese-e-nato-s-ka-perkrahjen-amerikane\/#primaryimage\"},\"datePublished\":\"2015-09-19T16:32:12+00:00\",\"dateModified\":\"2015-09-19T16:32:12+00:00\",\"author\":{\"@id\":\"https:\/\/www.visit-ulcinj.com\/blog\/#\/schema\/person\/dcab619c614d3038751c63bc2aadc06d\"},\"description\":\"Shtetet e Bashkuara jan\u00eb t\u00eb gatshme ta mb\u00ebshtesin an\u00ebtar\u00ebsimin e Malit t\u00eb Zi n\u00eb NATO, duke pasur parasysh se ky vend vazhdon t\u2019i kryej reformat dhe p\u00ebr\",\"breadcrumb\":{\"@id\":\"https:\/\/www.visit-ulcinj.com\/blog\/2015\/09\/19\/mali-zi-se-shpejti-pjese-e-nato-s-ka-perkrahjen-amerikane\/#breadcrumb\"},\"inLanguage\":\"en-US\",\"potentialAction\":[{\"@type\":\"ReadAction\",\"target\":[\"https:\/\/www.visit-ulcinj.com\/blog\/2015\/09\/19\/mali-zi-se-shpejti-pjese-e-nato-s-ka-perkrahjen-amerikane\/\"]}]},{\"@type\":\"BreadcrumbList\",\"@id\":\"https:\/\/www.visit-ulcinj.com\/blog\/2015\/09\/19\/mali-zi-se-shpejti-pjese-e-nato-s-ka-perkrahjen-amerikane\/#breadcrumb\",\"itemListElement\":[{\"@type\":\"ListItem\",\"position\":1,\"name\":\"Mali i Zi s\u00eb shpejti pjes\u00eb e NATO-s, ka p\u00ebrkrahjen amerikane\"}]},{\"@type\":\"Person\",\"@id\":\"https:\/\/www.visit-ulcinj.com\/blog\/#\/schema\/person\/dcab619c614d3038751c63bc2aadc06d\",\"name\":\"ulqini\",\"sameAs\":[\"http:\/\/www.visit-ulcinj.com\"],\"url\":\"https:\/\/www.visit-ulcinj.com\/blog\/author\/admin\/\"}]}<\/script>\n<!-- \/ Yoast SEO plugin. -->","yoast_head_json":{"title":"Mali i Zi s\u00eb shpejti pjes\u00eb e NATO-s, ka p\u00ebrkrahjen amerikane - Lajme nga Ulqini","description":"Shtetet e Bashkuara jan\u00eb t\u00eb gatshme ta mb\u00ebshtesin an\u00ebtar\u00ebsimin e Malit t\u00eb Zi n\u00eb NATO, duke pasur parasysh se ky vend vazhdon t\u2019i kryej reformat dhe p\u00ebr","robots":{"index":"index","follow":"follow","max-snippet":"max-snippet:-1","max-image-preview":"max-image-preview:large","max-video-preview":"max-video-preview:-1"},"canonical":"https:\/\/www.visit-ulcinj.com\/blog\/2015\/09\/19\/mali-zi-se-shpejti-pjese-e-nato-s-ka-perkrahjen-amerikane\/","og_locale":"en_US","og_type":"article","og_title":"Mali i Zi s\u00eb shpejti pjes\u00eb e NATO-s, ka p\u00ebrkrahjen amerikane - Lajme nga Ulqini","og_description":"Shtetet e Bashkuara jan\u00eb t\u00eb gatshme ta mb\u00ebshtesin an\u00ebtar\u00ebsimin e Malit t\u00eb Zi n\u00eb NATO, duke pasur parasysh se ky vend vazhdon t\u2019i kryej reformat dhe p\u00ebr","og_url":"https:\/\/www.visit-ulcinj.com\/blog\/2015\/09\/19\/mali-zi-se-shpejti-pjese-e-nato-s-ka-perkrahjen-amerikane\/","og_site_name":"Lajme nga Ulqini","article_published_time":"2015-09-19T16:32:12+00:00","og_image":[{"url":"http:\/\/www.visit-ulcinj.com\/blog\/wp-content\/uploads\/2015\/09\/Mali-Zi-Nato.jpg"}],"twitter_misc":{"Written by":"ulqini","Est. reading time":"1 minute"},"schema":{"@context":"https:\/\/schema.org","@graph":[{"@type":"WebSite","@id":"https:\/\/www.visit-ulcinj.com\/blog\/#website","url":"https:\/\/www.visit-ulcinj.com\/blog\/","name":"Lajme nga Ulqini","description":"Lajme,Vijesti,Ulqini,Ulqin,Crna Gora,Mali i Zi","potentialAction":[{"@type":"SearchAction","target":{"@type":"EntryPoint","urlTemplate":"https:\/\/www.visit-ulcinj.com\/blog\/?s={search_term_string}"},"query-input":"required name=search_term_string"}],"inLanguage":"en-US"},{"@type":"ImageObject","inLanguage":"en-US","@id":"https:\/\/www.visit-ulcinj.com\/blog\/2015\/09\/19\/mali-zi-se-shpejti-pjese-e-nato-s-ka-perkrahjen-amerikane\/#primaryimage","url":"https:\/\/www.visit-ulcinj.com\/blog\/wp-content\/uploads\/2015\/09\/Mali-Zi-Nato.jpg","contentUrl":"https:\/\/www.visit-ulcinj.com\/blog\/wp-content\/uploads\/2015\/09\/Mali-Zi-Nato.jpg","width":800,"height":465},{"@type":"WebPage","@id":"https:\/\/www.visit-ulcinj.com\/blog\/2015\/09\/19\/mali-zi-se-shpejti-pjese-e-nato-s-ka-perkrahjen-amerikane\/#webpage","url":"https:\/\/www.visit-ulcinj.com\/blog\/2015\/09\/19\/mali-zi-se-shpejti-pjese-e-nato-s-ka-perkrahjen-amerikane\/","name":"Mali i Zi s\u00eb shpejti pjes\u00eb e NATO-s, ka p\u00ebrkrahjen amerikane - Lajme nga Ulqini","isPartOf":{"@id":"https:\/\/www.visit-ulcinj.com\/blog\/#website"},"primaryImageOfPage":{"@id":"https:\/\/www.visit-ulcinj.com\/blog\/2015\/09\/19\/mali-zi-se-shpejti-pjese-e-nato-s-ka-perkrahjen-amerikane\/#primaryimage"},"datePublished":"2015-09-19T16:32:12+00:00","dateModified":"2015-09-19T16:32:12+00:00","author":{"@id":"https:\/\/www.visit-ulcinj.com\/blog\/#\/schema\/person\/dcab619c614d3038751c63bc2aadc06d"},"description":"Shtetet e Bashkuara jan\u00eb t\u00eb gatshme ta mb\u00ebshtesin an\u00ebtar\u00ebsimin e Malit t\u00eb Zi n\u00eb NATO, duke pasur parasysh se ky vend vazhdon t\u2019i kryej reformat dhe p\u00ebr","breadcrumb":{"@id":"https:\/\/www.visit-ulcinj.com\/blog\/2015\/09\/19\/mali-zi-se-shpejti-pjese-e-nato-s-ka-perkrahjen-amerikane\/#breadcrumb"},"inLanguage":"en-US","potentialAction":[{"@type":"ReadAction","target":["https:\/\/www.visit-ulcinj.com\/blog\/2015\/09\/19\/mali-zi-se-shpejti-pjese-e-nato-s-ka-perkrahjen-amerikane\/"]}]},{"@type":"BreadcrumbList","@id":"https:\/\/www.visit-ulcinj.com\/blog\/2015\/09\/19\/mali-zi-se-shpejti-pjese-e-nato-s-ka-perkrahjen-amerikane\/#breadcrumb","itemListElement":[{"@type":"ListItem","position":1,"name":"Mali i Zi s\u00eb shpejti pjes\u00eb e NATO-s, ka p\u00ebrkrahjen amerikane"}]},{"@type":"Person","@id":"https:\/\/www.visit-ulcinj.com\/blog\/#\/schema\/person\/dcab619c614d3038751c63bc2aadc06d","name":"ulqini","sameAs":["http:\/\/www.visit-ulcinj.com"],"url":"https:\/\/www.visit-ulcinj.com\/blog\/author\/admin\/"}]}},"jetpack_featured_media_url":"","jetpack_sharing_enabled":true,"jetpack_shortlink":"https:\/\/wp.me\/pe6lTn-o1i","_links":{"self":[{"href":"https:\/\/www.visit-ulcinj.com\/blog\/wp-json\/wp\/v2\/posts\/92336"}],"collection":[{"href":"https:\/\/www.visit-ulcinj.com\/blog\/wp-json\/wp\/v2\/posts"}],"about":[{"href":"https:\/\/www.visit-ulcinj.com\/blog\/wp-json\/wp\/v2\/types\/post"}],"author":[{"embeddable":true,"href":"https:\/\/www.visit-ulcinj.com\/blog\/wp-json\/wp\/v2\/users\/1"}],"replies":[{"embeddable":true,"href":"https:\/\/www.visit-ulcinj.com\/blog\/wp-json\/wp\/v2\/comments?post=92336"}],"version-history":[{"count":1,"href":"https:\/\/www.visit-ulcinj.com\/blog\/wp-json\/wp\/v2\/posts\/92336\/revisions"}],"predecessor-version":[{"id":92338,"href":"https:\/\/www.visit-ulcinj.com\/blog\/wp-json\/wp\/v2\/posts\/92336\/revisions\/92338"}],"wp:attachment":[{"href":"https:\/\/www.visit-ulcinj.com\/blog\/wp-json\/wp\/v2\/media?parent=92336"}],"wp:term":[{"taxonomy":"category","embeddable":true,"href":"https:\/\/www.visit-ulcinj.com\/blog\/wp-json\/wp\/v2\/categories?post=92336"},{"taxonomy":"post_tag","embeddable":true,"href":"https:\/\/www.visit-ulcinj.com\/blog\/wp-json\/wp\/v2\/tags?post=92336"}],"curies":[{"name":"wp","href":"https:\/\/api.w.org\/{rel}","templated":true}]}}