{"id":92341,"date":"2015-09-20T13:39:07","date_gmt":"2015-09-20T12:39:07","guid":{"rendered":"http:\/\/www.visit-ulcinj.com\/blog\/?p=92341"},"modified":"2015-09-20T13:39:07","modified_gmt":"2015-09-20T12:39:07","slug":"skoro-gradnja-djecjeg-vrtica-na-nivou-opstine-ulcinj","status":"publish","type":"post","link":"https:\/\/www.visit-ulcinj.com\/blog\/2015\/09\/20\/skoro-gradnja-djecjeg-vrtica-na-nivou-opstine-ulcinj\/","title":{"rendered":"Skoro  gradnja dje\u010djeg vrti\u0107a na nivou Op\u0161tine Ulcinj"},"content":{"rendered":"<p><strong><a href=\"http:\/\/www.visit-ulcinj.com\/blog\/wp-content\/uploads\/2015\/09\/Ulcinjski-vrtic.jpg\"><img loading=\"lazy\" class=\"alignleft wp-image-92342\" src=\"http:\/\/www.visit-ulcinj.com\/blog\/wp-content\/uploads\/2015\/09\/Ulcinjski-vrtic.jpg\" alt=\"Ulcinjski vrtic\" width=\"508\" height=\"305\" srcset=\"https:\/\/www.visit-ulcinj.com\/blog\/wp-content\/uploads\/2015\/09\/Ulcinjski-vrtic.jpg 448w, https:\/\/www.visit-ulcinj.com\/blog\/wp-content\/uploads\/2015\/09\/Ulcinjski-vrtic-300x180.jpg 300w\" sizes=\"(max-width: 508px) 100vw, 508px\" \/><\/a>Multikulturalnost i tolerantna atmosfera, uva\u017eavanjem razlika u pogledu jezi\u010dkih i kulturolo\u0161kih specifi\u010dnosti, a u cilju podsticanja razvoja djece, principi su rada vrti\u0107a Solidarnost u Ulcinju.<\/strong><\/p>\n<div class=\"body-text\">\n<p>Iz tog vrti\u0107a agenciji MINA su kazali da ustanova funkcioni\u0161e dvojezi\u010dno i da se vaspitno-obrazovni proces realizuje na crnogorskom i albanskom jeziku.<\/p>\n<p>&#8220;Specifi\u010dnost bazirana na po\u0161tovanju potreba roditelja je to \u0161to je formirano osam grupa u kojima se proces odvija na albanskom i pet grupa na crnogorskom jeziku\u201c, objasnili su iz vrti\u0107a.<\/p>\n<p>Specifi\u010dnost tog vrti\u0107a je, kako su naveli iz te ustanove, po\u0161tovanje kulturolo\u0161kih, etni\u010dkih, jezi\u010dkih potreba djece, porodica i sredine u kojoj funkcioni\u0161e. Principi kojima se vode \u010dine, kako su ukazali, osnovu za dobru komunikaciju me\u0111u djecom i zaposlenima, kao i sa roditeljima i okru\u017eenjem, sa kona\u010dnim ciljem podsticanja razvoja djece kao budu\u0107ih demokratskih gra\u0111ana Crne Gore.<\/p>\n<p>Iz vrti\u0107a se rekli da je cjelodnevni boravak u sedam, a poludnevni u \u0161est vaspitnih grupa. Radno vrijeme boravka od \u0161est sati i 30 minuta do 16 sati i 30 minuta, dok poludnevni boravak traje pet sati, a organizovan je i popodnevni rad.<\/p>\n<p>\u201eU ovom trenutku je upisano 328 djece za \u0161kolsku 2015\/16 godinu, a raspore\u0111eni su u 13 jaslenih i vaspitnih grupa\u201c, precizirali su iz vrti\u0107a.<\/p>\n<p>Oni su rekli da, u prilog tome da se vodi ra\u010duna o broju djece, govori podatak da \u0107e na nivou Op\u0161tine Ulcinj biti izgra\u0111en jo\u0161 jedan objekat vrti\u0107a sa kapacitetom za smje\u0161taj 123 djece.<\/p>\n<p>\u201eTo \u0107e svakako doprinijeti stvaranju kvalitetnijih uslova boravka i realizacije programa sa djecom pred\u0161kolskog uzrasta\u201c, kazali su iz te ustanove i dodali da je za taj projekat novac obezbijedila crnogorska Vlada, Ugovorom o kreditu koji je potpisala sa Bankom za razvoj Savjeta Evrope.<\/p>\n<p>Prema njihovim rije\u010dima, da bi odgovorili na sveukupne potrebe djece, objekti te ustanove opremljeni su namje\u0161tajem po standardima u svim vaspitnim jedinicama. Didakti\u010dki materijal se, kako su dodali, redovno obnavlja i stru\u010dna literatura dopunjuje novim izdanjima.<\/p>\n<p>Iz vrti\u0107a su naveli da su, u saradnji sa nevladinom organizacijom Mogul i uz podr\u0161ku Delegacije Evropske unije u Crnoj Gori, ostvarili prekograni\u010dnu saradnju Crne Gore i Albanije tako \u0161to su, kako su objasnili, realizovali projekat sa ciljem promovisanja socio-emocionalnih vrijednosti kod djece pred\u0161kolskog uzrasta.<\/p>\n<p>\u201eRezultat takve saradnje je izdavanje priru\u010dnika i pri\u010da \u0161tampanih na crnogorskom i albanskom jeziku \u010dime je oboga\u0107en vaspitno obrazovni proces\u201c, kazali su iz vrti\u0107a i dodali da uspje\u0161nost mjere i u realizaciji pozori\u0161nih predstava na oba jezika, kao i u izvo\u0111enju tradicionalnih folklornih igara u no\u0161njama svih narodnosti Ulcinja, a koje naravno izvode djeca.<\/p>\n<p>Oni su naveli da, zarad podsticanja sveukupnog razvoj djece, sprovode aktivnosti kao \u0161to su dru\u017eenje kroz realizaciju raznovrsnih i prema interesovanjima koncipiranim aktivnostima, izvo\u0111enju raznovrsnih sadr\u017eaja kroz radionice, u\u010de\u0161\u0107e u pripremi javnih nastupa, maskenbala i \u0161etnji.<\/p>\n<p><strong>Izvor: CDM<\/strong><\/p>\n<\/div>\n","protected":false},"excerpt":{"rendered":"<p>Multikulturalnost i tolerantna atmosfera, uva\u017eavanjem razlika u pogledu jezi\u010dkih i kulturolo\u0161kih specifi\u010dnosti, a u cilju podsticanja razvoja djece, principi su rada vrti\u0107a Solidarnost u Ulcinju. Iz tog vrti\u0107a agenciji MINA su kazali da ustanova funkcioni\u0161e dvojezi\u010dno i da se vaspitno-obrazovni proces realizuje na crnogorskom i albanskom jeziku. &#8220;Specifi\u010dnost bazirana na po\u0161tovanju potreba roditelja je to [&hellip;]<\/p>\n","protected":false},"author":1,"featured_media":0,"comment_status":"closed","ping_status":"closed","sticky":false,"template":"","format":"standard","meta":{"spay_email":"","jetpack_publicize_message":"","jetpack_is_tweetstorm":false,"jetpack_publicize_feature_enabled":true},"categories":[8337],"tags":[],"jetpack_publicize_connections":[],"yoast_head":"<!-- This site is optimized with the Yoast SEO plugin v19.1 - https:\/\/yoast.com\/wordpress\/plugins\/seo\/ -->\n<title>Skoro gradnja dje\u010djeg vrti\u0107a na nivou Op\u0161tine Ulcinj - Lajme nga Ulqini<\/title>\n<meta name=\"description\" content=\"Multikulturalnost i tolerantna atmosfera, uva\u017eavanjem razlika u pogledu jezi\u010dkih i kulturolo\u0161kih specifi\u010dnosti, a u cilju podsticanja razvoja djece,\" \/>\n<meta name=\"robots\" content=\"index, follow, max-snippet:-1, max-image-preview:large, max-video-preview:-1\" \/>\n<link rel=\"canonical\" href=\"https:\/\/www.visit-ulcinj.com\/blog\/2015\/09\/20\/skoro-gradnja-djecjeg-vrtica-na-nivou-opstine-ulcinj\/\" \/>\n<meta property=\"og:locale\" content=\"en_US\" \/>\n<meta property=\"og:type\" content=\"article\" \/>\n<meta property=\"og:title\" content=\"Skoro gradnja dje\u010djeg vrti\u0107a na nivou Op\u0161tine Ulcinj - Lajme nga Ulqini\" \/>\n<meta property=\"og:description\" content=\"Multikulturalnost i tolerantna atmosfera, uva\u017eavanjem razlika u pogledu jezi\u010dkih i kulturolo\u0161kih specifi\u010dnosti, a u cilju podsticanja razvoja djece,\" \/>\n<meta property=\"og:url\" content=\"https:\/\/www.visit-ulcinj.com\/blog\/2015\/09\/20\/skoro-gradnja-djecjeg-vrtica-na-nivou-opstine-ulcinj\/\" \/>\n<meta property=\"og:site_name\" content=\"Lajme nga Ulqini\" \/>\n<meta property=\"article:published_time\" content=\"2015-09-20T12:39:07+00:00\" \/>\n<meta property=\"og:image\" content=\"http:\/\/www.visit-ulcinj.com\/blog\/wp-content\/uploads\/2015\/09\/Ulcinjski-vrtic.jpg\" \/>\n<meta name=\"twitter:label1\" content=\"Written by\" \/>\n\t<meta name=\"twitter:data1\" content=\"ulqini\" \/>\n\t<meta name=\"twitter:label2\" content=\"Est. reading time\" \/>\n\t<meta name=\"twitter:data2\" content=\"2 minutes\" \/>\n<script type=\"application\/ld+json\" class=\"yoast-schema-graph\">{\"@context\":\"https:\/\/schema.org\",\"@graph\":[{\"@type\":\"WebSite\",\"@id\":\"https:\/\/www.visit-ulcinj.com\/blog\/#website\",\"url\":\"https:\/\/www.visit-ulcinj.com\/blog\/\",\"name\":\"Lajme nga Ulqini\",\"description\":\"Lajme,Vijesti,Ulqini,Ulqin,Crna Gora,Mali i Zi\",\"potentialAction\":[{\"@type\":\"SearchAction\",\"target\":{\"@type\":\"EntryPoint\",\"urlTemplate\":\"https:\/\/www.visit-ulcinj.com\/blog\/?s={search_term_string}\"},\"query-input\":\"required name=search_term_string\"}],\"inLanguage\":\"en-US\"},{\"@type\":\"ImageObject\",\"inLanguage\":\"en-US\",\"@id\":\"https:\/\/www.visit-ulcinj.com\/blog\/2015\/09\/20\/skoro-gradnja-djecjeg-vrtica-na-nivou-opstine-ulcinj\/#primaryimage\",\"url\":\"https:\/\/www.visit-ulcinj.com\/blog\/wp-content\/uploads\/2015\/09\/Ulcinjski-vrtic.jpg\",\"contentUrl\":\"https:\/\/www.visit-ulcinj.com\/blog\/wp-content\/uploads\/2015\/09\/Ulcinjski-vrtic.jpg\",\"width\":448,\"height\":269},{\"@type\":\"WebPage\",\"@id\":\"https:\/\/www.visit-ulcinj.com\/blog\/2015\/09\/20\/skoro-gradnja-djecjeg-vrtica-na-nivou-opstine-ulcinj\/#webpage\",\"url\":\"https:\/\/www.visit-ulcinj.com\/blog\/2015\/09\/20\/skoro-gradnja-djecjeg-vrtica-na-nivou-opstine-ulcinj\/\",\"name\":\"Skoro gradnja dje\u010djeg vrti\u0107a na nivou Op\u0161tine Ulcinj - Lajme nga Ulqini\",\"isPartOf\":{\"@id\":\"https:\/\/www.visit-ulcinj.com\/blog\/#website\"},\"primaryImageOfPage\":{\"@id\":\"https:\/\/www.visit-ulcinj.com\/blog\/2015\/09\/20\/skoro-gradnja-djecjeg-vrtica-na-nivou-opstine-ulcinj\/#primaryimage\"},\"datePublished\":\"2015-09-20T12:39:07+00:00\",\"dateModified\":\"2015-09-20T12:39:07+00:00\",\"author\":{\"@id\":\"https:\/\/www.visit-ulcinj.com\/blog\/#\/schema\/person\/dcab619c614d3038751c63bc2aadc06d\"},\"description\":\"Multikulturalnost i tolerantna atmosfera, uva\u017eavanjem razlika u pogledu jezi\u010dkih i kulturolo\u0161kih specifi\u010dnosti, a u cilju podsticanja razvoja djece,\",\"breadcrumb\":{\"@id\":\"https:\/\/www.visit-ulcinj.com\/blog\/2015\/09\/20\/skoro-gradnja-djecjeg-vrtica-na-nivou-opstine-ulcinj\/#breadcrumb\"},\"inLanguage\":\"en-US\",\"potentialAction\":[{\"@type\":\"ReadAction\",\"target\":[\"https:\/\/www.visit-ulcinj.com\/blog\/2015\/09\/20\/skoro-gradnja-djecjeg-vrtica-na-nivou-opstine-ulcinj\/\"]}]},{\"@type\":\"BreadcrumbList\",\"@id\":\"https:\/\/www.visit-ulcinj.com\/blog\/2015\/09\/20\/skoro-gradnja-djecjeg-vrtica-na-nivou-opstine-ulcinj\/#breadcrumb\",\"itemListElement\":[{\"@type\":\"ListItem\",\"position\":1,\"name\":\"Skoro gradnja dje\u010djeg vrti\u0107a na nivou Op\u0161tine Ulcinj\"}]},{\"@type\":\"Person\",\"@id\":\"https:\/\/www.visit-ulcinj.com\/blog\/#\/schema\/person\/dcab619c614d3038751c63bc2aadc06d\",\"name\":\"ulqini\",\"sameAs\":[\"http:\/\/www.visit-ulcinj.com\"],\"url\":\"https:\/\/www.visit-ulcinj.com\/blog\/author\/admin\/\"}]}<\/script>\n<!-- \/ Yoast SEO plugin. -->","yoast_head_json":{"title":"Skoro gradnja dje\u010djeg vrti\u0107a na nivou Op\u0161tine Ulcinj - Lajme nga Ulqini","description":"Multikulturalnost i tolerantna atmosfera, uva\u017eavanjem razlika u pogledu jezi\u010dkih i kulturolo\u0161kih specifi\u010dnosti, a u cilju podsticanja razvoja djece,","robots":{"index":"index","follow":"follow","max-snippet":"max-snippet:-1","max-image-preview":"max-image-preview:large","max-video-preview":"max-video-preview:-1"},"canonical":"https:\/\/www.visit-ulcinj.com\/blog\/2015\/09\/20\/skoro-gradnja-djecjeg-vrtica-na-nivou-opstine-ulcinj\/","og_locale":"en_US","og_type":"article","og_title":"Skoro gradnja dje\u010djeg vrti\u0107a na nivou Op\u0161tine Ulcinj - Lajme nga Ulqini","og_description":"Multikulturalnost i tolerantna atmosfera, uva\u017eavanjem razlika u pogledu jezi\u010dkih i kulturolo\u0161kih specifi\u010dnosti, a u cilju podsticanja razvoja djece,","og_url":"https:\/\/www.visit-ulcinj.com\/blog\/2015\/09\/20\/skoro-gradnja-djecjeg-vrtica-na-nivou-opstine-ulcinj\/","og_site_name":"Lajme nga Ulqini","article_published_time":"2015-09-20T12:39:07+00:00","og_image":[{"url":"http:\/\/www.visit-ulcinj.com\/blog\/wp-content\/uploads\/2015\/09\/Ulcinjski-vrtic.jpg"}],"twitter_misc":{"Written by":"ulqini","Est. reading time":"2 minutes"},"schema":{"@context":"https:\/\/schema.org","@graph":[{"@type":"WebSite","@id":"https:\/\/www.visit-ulcinj.com\/blog\/#website","url":"https:\/\/www.visit-ulcinj.com\/blog\/","name":"Lajme nga Ulqini","description":"Lajme,Vijesti,Ulqini,Ulqin,Crna Gora,Mali i Zi","potentialAction":[{"@type":"SearchAction","target":{"@type":"EntryPoint","urlTemplate":"https:\/\/www.visit-ulcinj.com\/blog\/?s={search_term_string}"},"query-input":"required name=search_term_string"}],"inLanguage":"en-US"},{"@type":"ImageObject","inLanguage":"en-US","@id":"https:\/\/www.visit-ulcinj.com\/blog\/2015\/09\/20\/skoro-gradnja-djecjeg-vrtica-na-nivou-opstine-ulcinj\/#primaryimage","url":"https:\/\/www.visit-ulcinj.com\/blog\/wp-content\/uploads\/2015\/09\/Ulcinjski-vrtic.jpg","contentUrl":"https:\/\/www.visit-ulcinj.com\/blog\/wp-content\/uploads\/2015\/09\/Ulcinjski-vrtic.jpg","width":448,"height":269},{"@type":"WebPage","@id":"https:\/\/www.visit-ulcinj.com\/blog\/2015\/09\/20\/skoro-gradnja-djecjeg-vrtica-na-nivou-opstine-ulcinj\/#webpage","url":"https:\/\/www.visit-ulcinj.com\/blog\/2015\/09\/20\/skoro-gradnja-djecjeg-vrtica-na-nivou-opstine-ulcinj\/","name":"Skoro gradnja dje\u010djeg vrti\u0107a na nivou Op\u0161tine Ulcinj - Lajme nga Ulqini","isPartOf":{"@id":"https:\/\/www.visit-ulcinj.com\/blog\/#website"},"primaryImageOfPage":{"@id":"https:\/\/www.visit-ulcinj.com\/blog\/2015\/09\/20\/skoro-gradnja-djecjeg-vrtica-na-nivou-opstine-ulcinj\/#primaryimage"},"datePublished":"2015-09-20T12:39:07+00:00","dateModified":"2015-09-20T12:39:07+00:00","author":{"@id":"https:\/\/www.visit-ulcinj.com\/blog\/#\/schema\/person\/dcab619c614d3038751c63bc2aadc06d"},"description":"Multikulturalnost i tolerantna atmosfera, uva\u017eavanjem razlika u pogledu jezi\u010dkih i kulturolo\u0161kih specifi\u010dnosti, a u cilju podsticanja razvoja djece,","breadcrumb":{"@id":"https:\/\/www.visit-ulcinj.com\/blog\/2015\/09\/20\/skoro-gradnja-djecjeg-vrtica-na-nivou-opstine-ulcinj\/#breadcrumb"},"inLanguage":"en-US","potentialAction":[{"@type":"ReadAction","target":["https:\/\/www.visit-ulcinj.com\/blog\/2015\/09\/20\/skoro-gradnja-djecjeg-vrtica-na-nivou-opstine-ulcinj\/"]}]},{"@type":"BreadcrumbList","@id":"https:\/\/www.visit-ulcinj.com\/blog\/2015\/09\/20\/skoro-gradnja-djecjeg-vrtica-na-nivou-opstine-ulcinj\/#breadcrumb","itemListElement":[{"@type":"ListItem","position":1,"name":"Skoro gradnja dje\u010djeg vrti\u0107a na nivou Op\u0161tine Ulcinj"}]},{"@type":"Person","@id":"https:\/\/www.visit-ulcinj.com\/blog\/#\/schema\/person\/dcab619c614d3038751c63bc2aadc06d","name":"ulqini","sameAs":["http:\/\/www.visit-ulcinj.com"],"url":"https:\/\/www.visit-ulcinj.com\/blog\/author\/admin\/"}]}},"jetpack_featured_media_url":"","jetpack_sharing_enabled":true,"jetpack_shortlink":"https:\/\/wp.me\/pe6lTn-o1n","_links":{"self":[{"href":"https:\/\/www.visit-ulcinj.com\/blog\/wp-json\/wp\/v2\/posts\/92341"}],"collection":[{"href":"https:\/\/www.visit-ulcinj.com\/blog\/wp-json\/wp\/v2\/posts"}],"about":[{"href":"https:\/\/www.visit-ulcinj.com\/blog\/wp-json\/wp\/v2\/types\/post"}],"author":[{"embeddable":true,"href":"https:\/\/www.visit-ulcinj.com\/blog\/wp-json\/wp\/v2\/users\/1"}],"replies":[{"embeddable":true,"href":"https:\/\/www.visit-ulcinj.com\/blog\/wp-json\/wp\/v2\/comments?post=92341"}],"version-history":[{"count":1,"href":"https:\/\/www.visit-ulcinj.com\/blog\/wp-json\/wp\/v2\/posts\/92341\/revisions"}],"predecessor-version":[{"id":92343,"href":"https:\/\/www.visit-ulcinj.com\/blog\/wp-json\/wp\/v2\/posts\/92341\/revisions\/92343"}],"wp:attachment":[{"href":"https:\/\/www.visit-ulcinj.com\/blog\/wp-json\/wp\/v2\/media?parent=92341"}],"wp:term":[{"taxonomy":"category","embeddable":true,"href":"https:\/\/www.visit-ulcinj.com\/blog\/wp-json\/wp\/v2\/categories?post=92341"},{"taxonomy":"post_tag","embeddable":true,"href":"https:\/\/www.visit-ulcinj.com\/blog\/wp-json\/wp\/v2\/tags?post=92341"}],"curies":[{"name":"wp","href":"https:\/\/api.w.org\/{rel}","templated":true}]}}