{"id":92344,"date":"2015-09-22T12:09:13","date_gmt":"2015-09-22T11:09:13","guid":{"rendered":"http:\/\/www.visit-ulcinj.com\/blog\/?p=92344"},"modified":"2015-09-23T16:20:38","modified_gmt":"2015-09-23T15:20:38","slug":"neser-kuvendi-ulqinit-te-votoje-pro-ose-kunder-kredise-per-ujesjelles-dhe-kanalizim","status":"publish","type":"post","link":"https:\/\/www.visit-ulcinj.com\/blog\/2015\/09\/22\/neser-kuvendi-ulqinit-te-votoje-pro-ose-kunder-kredise-per-ujesjelles-dhe-kanalizim\/","title":{"rendered":"Nes\u00ebr kuvendi i Ulqinit do t\u00eb votoj\u00eb pro ose kund\u00ebr kredis\u00eb p\u00ebr uj\u00ebsjell\u00ebs dhe kanalizim"},"content":{"rendered":"<p><strong><em><a href=\"http:\/\/www.visit-ulcinj.com\/blog\/wp-content\/uploads\/2014\/12\/skupstina-ulcinj.jpg\"><img loading=\"lazy\" class=\"alignleft wp-image-87403\" src=\"http:\/\/www.visit-ulcinj.com\/blog\/wp-content\/uploads\/2014\/12\/skupstina-ulcinj.jpg\" alt=\"skupstina-ulcinj\" width=\"508\" height=\"379\" srcset=\"https:\/\/www.visit-ulcinj.com\/blog\/wp-content\/uploads\/2014\/12\/skupstina-ulcinj.jpg 900w, https:\/\/www.visit-ulcinj.com\/blog\/wp-content\/uploads\/2014\/12\/skupstina-ulcinj-300x224.jpg 300w\" sizes=\"(max-width: 508px) 100vw, 508px\" \/><\/a>Shkruan Muhamet Nika<\/em><\/strong><\/p>\n<p>Nes\u00ebr Kuvendi i Komun\u00ebs s\u00eb Ulqinit\u00a0\u00a0 pritet t\u00eb mblidhet n\u00eb seanc\u00eb t\u00eb jasht\u00ebzakonshme p\u00ebr t\u00eb debatuar p\u00ebr dy pika tep\u00ebr \u00a0t\u00eb r\u00ebnd\u00ebsishme, si\u00e7 \u00ebsht\u00eb ajo e kredi marrjes p\u00ebr uj\u00ebsjell\u00ebs dhe kanalizim. Shuma e parapar\u00eb e kredis\u00eb sillet n\u00eb vler\u00ebn prej 25 milion\u00eb eurosh kurse pikat kandidohen nga kryetari i Komun\u00ebs Fatmir Gjeka.<\/p>\n<p>Pasi mbledhja i bie t\u00eb mbahet para fillimit t\u00eb seanc\u00ebs vjeshtore,n\u00eb koh\u00ebn kur kuvendi ende vazhdon t\u00eb jet\u00eb n\u00eb pushim, i bie q\u00eb kjo mbledhje t\u00eb jet\u00eb e jasht\u00ebzakonshme<\/p>\n<p>Fjala \u00ebsht\u00eb p\u00ebr \u00e7uarjen e kredis\u00eb te Banka Evropiane p\u00ebr Investime( 5 milion\u00eb euro) , rreth projektit t\u00eb \u00a0rrjetit t\u00eb kanalizimit n\u00eb Komun\u00eb dhe pika dy \u00ebsht\u00eb p\u00ebr \u00e7uarjen e nj\u00eb kredie te KFW Banka \u2013 p\u00ebr realizimin e projektit t\u00eb furnizimit me uj\u00eb t\u00eb bregdetit dhe bartjes s\u00eb uj\u00ebrave t\u00eb zeza t\u00eb regjionit t\u00eb bregdetit.<\/p>\n<p>Mjetet p\u00ebr vjeljen e k\u00ebtyre dy kredive \u201ct\u00eb buta\u201d, jan\u00eb siguruar nga bankat p\u00ebrkat\u00ebse dhe qeveria e Malit t\u00eb Zi q\u00eb \u00ebsht\u00eb garant i tyre.<\/p>\n<p>Po t\u00eb vilej kjo kredi , i bie q\u00eb k\u00ebto investime ,n\u00eb k\u00ebt\u00eb l\u00ebmi t\u00eb infrastruktur\u00ebs , t\u00eb jen\u00eb m\u00eb t\u00eb m\u00ebdhat\u00eb prej koh\u00ebs s\u00eb komunizmit e k\u00ebndej.<\/p>\n<p>\u00cbsht\u00eb rasti t\u00eb cekim se humbjet n\u00eb sistemin e uj\u00ebsjell\u00ebsit komunal t\u00eb komun\u00ebs moti dihet se jan\u00eb tep\u00ebr t\u00eb m\u00ebdha dhe se nga 100 litra n\u00eb sekond\u00eb, aq sa nisen nga puset n\u00eb Bun\u00eb, \u00a0n\u00eb Ulqin llogaritet t\u00eb arrijn\u00eb diku rreth 40 litra n\u00eb sekond\u00eb.<\/p>\n<p>Nj\u00eb e met\u00eb tjet\u00ebr e k\u00ebtij sistemi t\u00eb uj\u00ebsjell\u00ebsit \u00ebsht\u00eb fakti i funksionimit t\u00eb vet pa basene t\u00eb akumulimit t\u00eb ujit n\u00eb pikat e larta dhe krijon problem t\u00eb vazhduesh\u00ebm sidomos gjat\u00eb stin\u00ebs s\u00eb ver\u00ebs kur ka r\u00ebnie t\u00eb shpeshta t\u00eb rrjetit elektrik si shkak i mbingarkesave .<\/p>\n<p>B\u00ebjm\u00eb t\u00eb ditur se \u00e7\u00ebshtja e d\u00ebmtimit n\u00eb rrjet nuk \u00ebsht\u00eb di\u00e7ka e re dhe se q\u00eb n\u00eb koh\u00ebn kur Udsh erdhi n\u00eb pushtet kryetari i at\u00ebhersh\u00ebm i komun\u00ebs z. Fuad Nimani i pat propozuar kuvendit marrjen e nj\u00eb kredie t\u00eb ngjashme p\u00ebr nd\u00ebrtim t\u00eb baseneve, por kuvendi i asaj p\u00ebrb\u00ebrje nuk edha p\u00eblqimin n\u00eb te . Mbase p\u00eblqimi nuk u dha sepse me uj\u00ebsjell\u00ebs at\u00ebher\u00eb drejtonte LD &#8211; si partnere e koalicionit- Hajro Hajdari.<\/p>\n<p>Me gjith\u00eb at\u00eb shpresojm\u00eb q\u00eb posti i komunales t\u00eb mos jet\u00eb serish moll\u00eb sherri me t\u00eb cil\u00ebn drejton Gjeka, p\u00ebr mes Feim Avdiut, \u00a0e jo Forca, n\u00eb m\u00ebnyr\u00eb q\u00eb k\u00ebsaj radhe t\u00eb mos e ket\u00eb ( kemi )fatin e Nimanit\u00a0\u00a0 duke vuajtur edhe p\u00ebr nj\u00eb \u00e7erek shekulli munges\u00ebn e ujit&#8230;.?!<\/p>\n","protected":false},"excerpt":{"rendered":"<p>Shkruan Muhamet Nika Nes\u00ebr Kuvendi i Komun\u00ebs s\u00eb Ulqinit\u00a0\u00a0 pritet t\u00eb mblidhet n\u00eb seanc\u00eb t\u00eb jasht\u00ebzakonshme p\u00ebr t\u00eb debatuar p\u00ebr dy pika tep\u00ebr \u00a0t\u00eb r\u00ebnd\u00ebsishme, si\u00e7 \u00ebsht\u00eb ajo e kredi marrjes p\u00ebr uj\u00ebsjell\u00ebs dhe kanalizim. Shuma e parapar\u00eb e kredis\u00eb sillet n\u00eb vler\u00ebn prej 25 milion\u00eb eurosh kurse pikat kandidohen nga kryetari i Komun\u00ebs Fatmir [&hellip;]<\/p>\n","protected":false},"author":1,"featured_media":0,"comment_status":"closed","ping_status":"closed","sticky":false,"template":"","format":"standard","meta":{"spay_email":"","jetpack_publicize_message":"","jetpack_is_tweetstorm":false,"jetpack_publicize_feature_enabled":true},"categories":[1,6],"tags":[],"jetpack_publicize_connections":[],"yoast_head":"<!-- This site is optimized with the Yoast SEO plugin v19.1 - https:\/\/yoast.com\/wordpress\/plugins\/seo\/ -->\n<title>Nes\u00ebr kuvendi i Ulqinit do t\u00eb votoj\u00eb pro ose kund\u00ebr kredis\u00eb p\u00ebr uj\u00ebsjell\u00ebs dhe kanalizim - Lajme nga Ulqini<\/title>\n<meta name=\"description\" content=\"Shkruan Muhamet Nika Nes\u00ebr Kuvendi i Komun\u00ebs s\u00eb Ulqinit\u00a0\u00a0 pritet t\u00eb mblidhet n\u00eb seanc\u00eb t\u00eb jasht\u00ebzakonshme p\u00ebr t\u00eb debatuar p\u00ebr dy pika tep\u00ebr \u00a0t\u00eb\" \/>\n<meta name=\"robots\" content=\"index, follow, max-snippet:-1, max-image-preview:large, max-video-preview:-1\" \/>\n<link rel=\"canonical\" href=\"https:\/\/www.visit-ulcinj.com\/blog\/2015\/09\/22\/neser-kuvendi-ulqinit-te-votoje-pro-ose-kunder-kredise-per-ujesjelles-dhe-kanalizim\/\" \/>\n<meta property=\"og:locale\" content=\"en_US\" \/>\n<meta property=\"og:type\" content=\"article\" \/>\n<meta property=\"og:title\" content=\"Nes\u00ebr kuvendi i Ulqinit do t\u00eb votoj\u00eb pro ose kund\u00ebr kredis\u00eb p\u00ebr uj\u00ebsjell\u00ebs dhe kanalizim - Lajme nga Ulqini\" \/>\n<meta property=\"og:description\" content=\"Shkruan Muhamet Nika Nes\u00ebr Kuvendi i Komun\u00ebs s\u00eb Ulqinit\u00a0\u00a0 pritet t\u00eb mblidhet n\u00eb seanc\u00eb t\u00eb jasht\u00ebzakonshme p\u00ebr t\u00eb debatuar p\u00ebr dy pika tep\u00ebr \u00a0t\u00eb\" \/>\n<meta property=\"og:url\" content=\"https:\/\/www.visit-ulcinj.com\/blog\/2015\/09\/22\/neser-kuvendi-ulqinit-te-votoje-pro-ose-kunder-kredise-per-ujesjelles-dhe-kanalizim\/\" \/>\n<meta property=\"og:site_name\" content=\"Lajme nga Ulqini\" \/>\n<meta property=\"article:published_time\" content=\"2015-09-22T11:09:13+00:00\" \/>\n<meta property=\"article:modified_time\" content=\"2015-09-23T15:20:38+00:00\" \/>\n<meta property=\"og:image\" content=\"http:\/\/www.visit-ulcinj.com\/blog\/wp-content\/uploads\/2014\/12\/skupstina-ulcinj.jpg\" \/>\n<meta name=\"twitter:label1\" content=\"Written by\" \/>\n\t<meta name=\"twitter:data1\" content=\"ulqini\" \/>\n\t<meta name=\"twitter:label2\" content=\"Est. reading time\" \/>\n\t<meta name=\"twitter:data2\" content=\"2 minutes\" \/>\n<script type=\"application\/ld+json\" class=\"yoast-schema-graph\">{\"@context\":\"https:\/\/schema.org\",\"@graph\":[{\"@type\":\"WebSite\",\"@id\":\"https:\/\/www.visit-ulcinj.com\/blog\/#website\",\"url\":\"https:\/\/www.visit-ulcinj.com\/blog\/\",\"name\":\"Lajme nga Ulqini\",\"description\":\"Lajme,Vijesti,Ulqini,Ulqin,Crna Gora,Mali i Zi\",\"potentialAction\":[{\"@type\":\"SearchAction\",\"target\":{\"@type\":\"EntryPoint\",\"urlTemplate\":\"https:\/\/www.visit-ulcinj.com\/blog\/?s={search_term_string}\"},\"query-input\":\"required name=search_term_string\"}],\"inLanguage\":\"en-US\"},{\"@type\":\"ImageObject\",\"inLanguage\":\"en-US\",\"@id\":\"https:\/\/www.visit-ulcinj.com\/blog\/2015\/09\/22\/neser-kuvendi-ulqinit-te-votoje-pro-ose-kunder-kredise-per-ujesjelles-dhe-kanalizim\/#primaryimage\",\"url\":\"https:\/\/www.visit-ulcinj.com\/blog\/wp-content\/uploads\/2014\/12\/skupstina-ulcinj.jpg\",\"contentUrl\":\"https:\/\/www.visit-ulcinj.com\/blog\/wp-content\/uploads\/2014\/12\/skupstina-ulcinj.jpg\",\"width\":900,\"height\":672},{\"@type\":\"WebPage\",\"@id\":\"https:\/\/www.visit-ulcinj.com\/blog\/2015\/09\/22\/neser-kuvendi-ulqinit-te-votoje-pro-ose-kunder-kredise-per-ujesjelles-dhe-kanalizim\/#webpage\",\"url\":\"https:\/\/www.visit-ulcinj.com\/blog\/2015\/09\/22\/neser-kuvendi-ulqinit-te-votoje-pro-ose-kunder-kredise-per-ujesjelles-dhe-kanalizim\/\",\"name\":\"Nes\u00ebr kuvendi i Ulqinit do t\u00eb votoj\u00eb pro ose kund\u00ebr kredis\u00eb p\u00ebr uj\u00ebsjell\u00ebs dhe kanalizim - Lajme nga Ulqini\",\"isPartOf\":{\"@id\":\"https:\/\/www.visit-ulcinj.com\/blog\/#website\"},\"primaryImageOfPage\":{\"@id\":\"https:\/\/www.visit-ulcinj.com\/blog\/2015\/09\/22\/neser-kuvendi-ulqinit-te-votoje-pro-ose-kunder-kredise-per-ujesjelles-dhe-kanalizim\/#primaryimage\"},\"datePublished\":\"2015-09-22T11:09:13+00:00\",\"dateModified\":\"2015-09-23T15:20:38+00:00\",\"author\":{\"@id\":\"https:\/\/www.visit-ulcinj.com\/blog\/#\/schema\/person\/dcab619c614d3038751c63bc2aadc06d\"},\"description\":\"Shkruan Muhamet Nika Nes\u00ebr Kuvendi i Komun\u00ebs s\u00eb Ulqinit\u00a0\u00a0 pritet t\u00eb mblidhet n\u00eb seanc\u00eb t\u00eb jasht\u00ebzakonshme p\u00ebr t\u00eb debatuar p\u00ebr dy pika tep\u00ebr \u00a0t\u00eb\",\"breadcrumb\":{\"@id\":\"https:\/\/www.visit-ulcinj.com\/blog\/2015\/09\/22\/neser-kuvendi-ulqinit-te-votoje-pro-ose-kunder-kredise-per-ujesjelles-dhe-kanalizim\/#breadcrumb\"},\"inLanguage\":\"en-US\",\"potentialAction\":[{\"@type\":\"ReadAction\",\"target\":[\"https:\/\/www.visit-ulcinj.com\/blog\/2015\/09\/22\/neser-kuvendi-ulqinit-te-votoje-pro-ose-kunder-kredise-per-ujesjelles-dhe-kanalizim\/\"]}]},{\"@type\":\"BreadcrumbList\",\"@id\":\"https:\/\/www.visit-ulcinj.com\/blog\/2015\/09\/22\/neser-kuvendi-ulqinit-te-votoje-pro-ose-kunder-kredise-per-ujesjelles-dhe-kanalizim\/#breadcrumb\",\"itemListElement\":[{\"@type\":\"ListItem\",\"position\":1,\"name\":\"Nes\u00ebr kuvendi i Ulqinit do t\u00eb votoj\u00eb pro ose kund\u00ebr kredis\u00eb p\u00ebr uj\u00ebsjell\u00ebs dhe kanalizim\"}]},{\"@type\":\"Person\",\"@id\":\"https:\/\/www.visit-ulcinj.com\/blog\/#\/schema\/person\/dcab619c614d3038751c63bc2aadc06d\",\"name\":\"ulqini\",\"sameAs\":[\"http:\/\/www.visit-ulcinj.com\"],\"url\":\"https:\/\/www.visit-ulcinj.com\/blog\/author\/admin\/\"}]}<\/script>\n<!-- \/ Yoast SEO plugin. -->","yoast_head_json":{"title":"Nes\u00ebr kuvendi i Ulqinit do t\u00eb votoj\u00eb pro ose kund\u00ebr kredis\u00eb p\u00ebr uj\u00ebsjell\u00ebs dhe kanalizim - Lajme nga Ulqini","description":"Shkruan Muhamet Nika Nes\u00ebr Kuvendi i Komun\u00ebs s\u00eb Ulqinit\u00a0\u00a0 pritet t\u00eb mblidhet n\u00eb seanc\u00eb t\u00eb jasht\u00ebzakonshme p\u00ebr t\u00eb debatuar p\u00ebr dy pika tep\u00ebr \u00a0t\u00eb","robots":{"index":"index","follow":"follow","max-snippet":"max-snippet:-1","max-image-preview":"max-image-preview:large","max-video-preview":"max-video-preview:-1"},"canonical":"https:\/\/www.visit-ulcinj.com\/blog\/2015\/09\/22\/neser-kuvendi-ulqinit-te-votoje-pro-ose-kunder-kredise-per-ujesjelles-dhe-kanalizim\/","og_locale":"en_US","og_type":"article","og_title":"Nes\u00ebr kuvendi i Ulqinit do t\u00eb votoj\u00eb pro ose kund\u00ebr kredis\u00eb p\u00ebr uj\u00ebsjell\u00ebs dhe kanalizim - Lajme nga Ulqini","og_description":"Shkruan Muhamet Nika Nes\u00ebr Kuvendi i Komun\u00ebs s\u00eb Ulqinit\u00a0\u00a0 pritet t\u00eb mblidhet n\u00eb seanc\u00eb t\u00eb jasht\u00ebzakonshme p\u00ebr t\u00eb debatuar p\u00ebr dy pika tep\u00ebr \u00a0t\u00eb","og_url":"https:\/\/www.visit-ulcinj.com\/blog\/2015\/09\/22\/neser-kuvendi-ulqinit-te-votoje-pro-ose-kunder-kredise-per-ujesjelles-dhe-kanalizim\/","og_site_name":"Lajme nga Ulqini","article_published_time":"2015-09-22T11:09:13+00:00","article_modified_time":"2015-09-23T15:20:38+00:00","og_image":[{"url":"http:\/\/www.visit-ulcinj.com\/blog\/wp-content\/uploads\/2014\/12\/skupstina-ulcinj.jpg"}],"twitter_misc":{"Written by":"ulqini","Est. reading time":"2 minutes"},"schema":{"@context":"https:\/\/schema.org","@graph":[{"@type":"WebSite","@id":"https:\/\/www.visit-ulcinj.com\/blog\/#website","url":"https:\/\/www.visit-ulcinj.com\/blog\/","name":"Lajme nga Ulqini","description":"Lajme,Vijesti,Ulqini,Ulqin,Crna Gora,Mali i Zi","potentialAction":[{"@type":"SearchAction","target":{"@type":"EntryPoint","urlTemplate":"https:\/\/www.visit-ulcinj.com\/blog\/?s={search_term_string}"},"query-input":"required name=search_term_string"}],"inLanguage":"en-US"},{"@type":"ImageObject","inLanguage":"en-US","@id":"https:\/\/www.visit-ulcinj.com\/blog\/2015\/09\/22\/neser-kuvendi-ulqinit-te-votoje-pro-ose-kunder-kredise-per-ujesjelles-dhe-kanalizim\/#primaryimage","url":"https:\/\/www.visit-ulcinj.com\/blog\/wp-content\/uploads\/2014\/12\/skupstina-ulcinj.jpg","contentUrl":"https:\/\/www.visit-ulcinj.com\/blog\/wp-content\/uploads\/2014\/12\/skupstina-ulcinj.jpg","width":900,"height":672},{"@type":"WebPage","@id":"https:\/\/www.visit-ulcinj.com\/blog\/2015\/09\/22\/neser-kuvendi-ulqinit-te-votoje-pro-ose-kunder-kredise-per-ujesjelles-dhe-kanalizim\/#webpage","url":"https:\/\/www.visit-ulcinj.com\/blog\/2015\/09\/22\/neser-kuvendi-ulqinit-te-votoje-pro-ose-kunder-kredise-per-ujesjelles-dhe-kanalizim\/","name":"Nes\u00ebr kuvendi i Ulqinit do t\u00eb votoj\u00eb pro ose kund\u00ebr kredis\u00eb p\u00ebr uj\u00ebsjell\u00ebs dhe kanalizim - Lajme nga Ulqini","isPartOf":{"@id":"https:\/\/www.visit-ulcinj.com\/blog\/#website"},"primaryImageOfPage":{"@id":"https:\/\/www.visit-ulcinj.com\/blog\/2015\/09\/22\/neser-kuvendi-ulqinit-te-votoje-pro-ose-kunder-kredise-per-ujesjelles-dhe-kanalizim\/#primaryimage"},"datePublished":"2015-09-22T11:09:13+00:00","dateModified":"2015-09-23T15:20:38+00:00","author":{"@id":"https:\/\/www.visit-ulcinj.com\/blog\/#\/schema\/person\/dcab619c614d3038751c63bc2aadc06d"},"description":"Shkruan Muhamet Nika Nes\u00ebr Kuvendi i Komun\u00ebs s\u00eb Ulqinit\u00a0\u00a0 pritet t\u00eb mblidhet n\u00eb seanc\u00eb t\u00eb jasht\u00ebzakonshme p\u00ebr t\u00eb debatuar p\u00ebr dy pika tep\u00ebr \u00a0t\u00eb","breadcrumb":{"@id":"https:\/\/www.visit-ulcinj.com\/blog\/2015\/09\/22\/neser-kuvendi-ulqinit-te-votoje-pro-ose-kunder-kredise-per-ujesjelles-dhe-kanalizim\/#breadcrumb"},"inLanguage":"en-US","potentialAction":[{"@type":"ReadAction","target":["https:\/\/www.visit-ulcinj.com\/blog\/2015\/09\/22\/neser-kuvendi-ulqinit-te-votoje-pro-ose-kunder-kredise-per-ujesjelles-dhe-kanalizim\/"]}]},{"@type":"BreadcrumbList","@id":"https:\/\/www.visit-ulcinj.com\/blog\/2015\/09\/22\/neser-kuvendi-ulqinit-te-votoje-pro-ose-kunder-kredise-per-ujesjelles-dhe-kanalizim\/#breadcrumb","itemListElement":[{"@type":"ListItem","position":1,"name":"Nes\u00ebr kuvendi i Ulqinit do t\u00eb votoj\u00eb pro ose kund\u00ebr kredis\u00eb p\u00ebr uj\u00ebsjell\u00ebs dhe kanalizim"}]},{"@type":"Person","@id":"https:\/\/www.visit-ulcinj.com\/blog\/#\/schema\/person\/dcab619c614d3038751c63bc2aadc06d","name":"ulqini","sameAs":["http:\/\/www.visit-ulcinj.com"],"url":"https:\/\/www.visit-ulcinj.com\/blog\/author\/admin\/"}]}},"jetpack_featured_media_url":"","jetpack_sharing_enabled":true,"jetpack_shortlink":"https:\/\/wp.me\/pe6lTn-o1q","_links":{"self":[{"href":"https:\/\/www.visit-ulcinj.com\/blog\/wp-json\/wp\/v2\/posts\/92344"}],"collection":[{"href":"https:\/\/www.visit-ulcinj.com\/blog\/wp-json\/wp\/v2\/posts"}],"about":[{"href":"https:\/\/www.visit-ulcinj.com\/blog\/wp-json\/wp\/v2\/types\/post"}],"author":[{"embeddable":true,"href":"https:\/\/www.visit-ulcinj.com\/blog\/wp-json\/wp\/v2\/users\/1"}],"replies":[{"embeddable":true,"href":"https:\/\/www.visit-ulcinj.com\/blog\/wp-json\/wp\/v2\/comments?post=92344"}],"version-history":[{"count":1,"href":"https:\/\/www.visit-ulcinj.com\/blog\/wp-json\/wp\/v2\/posts\/92344\/revisions"}],"predecessor-version":[{"id":92345,"href":"https:\/\/www.visit-ulcinj.com\/blog\/wp-json\/wp\/v2\/posts\/92344\/revisions\/92345"}],"wp:attachment":[{"href":"https:\/\/www.visit-ulcinj.com\/blog\/wp-json\/wp\/v2\/media?parent=92344"}],"wp:term":[{"taxonomy":"category","embeddable":true,"href":"https:\/\/www.visit-ulcinj.com\/blog\/wp-json\/wp\/v2\/categories?post=92344"},{"taxonomy":"post_tag","embeddable":true,"href":"https:\/\/www.visit-ulcinj.com\/blog\/wp-json\/wp\/v2\/tags?post=92344"}],"curies":[{"name":"wp","href":"https:\/\/api.w.org\/{rel}","templated":true}]}}