{"id":9235,"date":"2009-01-17T09:34:05","date_gmt":"2009-01-17T08:34:05","guid":{"rendered":"http:\/\/www.visit-ulcinj.com\/blog\/?p=9235"},"modified":"2009-01-17T09:37:01","modified_gmt":"2009-01-17T08:37:01","slug":"ulcinj-the-sexy-very-much-bend-vec-postali-brend","status":"publish","type":"post","link":"https:\/\/www.visit-ulcinj.com\/blog\/2009\/01\/17\/ulcinj-the-sexy-very-much-bend-vec-postali-brend\/","title":{"rendered":"Ulcinj: &#8220;The Sexy Very Much Bend&#8221;- Ve? postali brend"},"content":{"rendered":"<p><strong><a rel=\"attachment wp-att-9238\" href=\"http:\/\/www.visit-ulcinj.com\/blog\/2009\/01\/17\/ulcinj-the-sexy-very-much-bend-vec-postali-brend\/ulcinjski-brend-the-sexy-very-much-bend\/\"><img loading=\"lazy\" class=\"alignleft size-full wp-image-9238\" title=\"ulcinjski-brend-the-sexy-very-much-bend\" src=\"http:\/\/www.visit-ulcinj.com\/blog\/wp-content\/uploads\/2009\/01\/ulcinjski-brend-the-sexy-very-much-bend.jpg\" alt=\"ulcinjski-brend-the-sexy-very-much-bend\" width=\"570\" height=\"319\" \/><\/a>Podgorica &#8211; Nakon vi\u0161emjese?ne pauze grupa \u201cThe Sexy Veru Much\u201d se vra?a na muzi?ku scenu.<\/strong><br \/>\nSino? su imali svirku u ulcinjskom lokalu \u201cAlta verna\u201d, a imaju u?estale ponude za gostovanja i u ostalim crnogorskim gradovima. Iako nije \u017eelio da pri?a o razlozima zbog kojih je raspustio prvu postavu, pjeva? Andrian Ljulj?uraj za \u201cVijesti\u201d govori o ideji da ponovo okupi taj bend, sa izmijenjenom postavom.<br \/>\n&#8211; Razlog \u0161to sam odlu?io da ponovo okupim bend je taj \u0161to je sastav \u201cThe Sexy Veri Much\u201d ve? postao brend, a i ljudi su nas ?esto zvali da sviramo. Kombinacija muzi?ara koja je ranije ?inila sastav nije bila predodre?ena za uspjeh, zato smo i odlu?ili da ne sviramo vi\u0161e zajedno. Naravno, nijesmo se sva?ali, naprotiv, ostali smo u odli?nim odnosima &#8211; naglasio je na po?etku razgovora Ljulj?uraj.<br \/>\nSa ranijom postavom, sastav \u201cThe Sexy Very Much\u201d bio je ulcinjsko-barska grupa, a sada im se pridru\u017eio i Podgori?anin Marko Peri?, nekada\u0161nji ?lan sastava \u201cNo Name\u201d.<br \/>\n&#8211; Pored mene, iz starog \u201cSexy Very Mucha\u201d ostao je jo\u0161 i bubnjar Besim Mehmedovi?. Sada sa nama svira jo\u0161 i na\u0161 sugra?anin klavijaturista I\u0161ljam Ad\u017eemovi?, ina?e profesor muzike, dok prvi put u bendu je sa nama i Baranin Milan Kiselina koji je ranije svirao u \u201cKatapultu\u201d &#8211; otkriva Ljulj?uraj.<br \/>\nIako su brojne ponude za svirke dobijali upravo zbog dobre svirke i repertoara, kako tvrdi Adrian, planiraju da ga promijene.<br \/>\n&#8211; Za sada se nije repertoar mijenjao. To su neke poznate had rok stvari, kao i balade koje publika tra\u017ei. Me?utim, planiramo da ga osvje\u017eimo novim pjesmama, jer imamo stalne svirke i ne mo\u017eemo pred publikom da sviramo jedno isto &#8211; objasnio je on, dodaju?i da pored klubova po Crnoj Gori, ovaj bend ima ponude da svira i u inostranstvu.<br \/>\n&#8211; Sljede?e nedjelje zakazali smo svirku u Tirani. Ina?e, tamo smo sa starom postavom bili ?esti gosti &#8211; dodaje Ljulj?uraj.<br \/>\nZa razliku od prethodnog \u201cThe Sexy Veri Mucha\u201d koji je bio isklju?ivo klupski bend, sa novom postavom posveti?e se i autorskom radu.<br \/>\n&#8211; Uveliko radimo na na\u0161oj prvoj autorskoj pjesmi. Ipak, shvatili smo, da pored klupskih svirki moramo ostaviti ja?i pe?at, pa smo se zato odlu?ili da ubudu?e radimo i autorske pjesme. Sa ovom koja je u pripremi konkurisa?emo na \u201cTopfestu 6\u201d koji se odr\u017eava u Tirani &#8211; zaklju?io je Ljulj?uraj.<\/p>\n<p><strong>Ve?eras i sjutra u \u201cGardenu\u201d<\/strong><\/p>\n<p>Sastav \u201cThe Sexy Very Much\u201d svira?e ve?eras i sjutra ve?e u budvanskom lokalu \u201cGarden\u201d.<br \/>\nNakon pauze od nekoliko mjeseci, publika u ovom lokalu ?e dvije no?i zaredom imati priliku da ?uje pjesme grupe &#8220;The Doors&#8221;, Erika Kleptona, D\u017eimija Hendriksa, Lenija Kravica i ostalih inostranih rokera.<br \/>\nSvirka ?e obje ve?eri po?eti oko 22 sata, a ulaz je slobodan.<br \/>\n<strong>M.V.<br \/>\nIzvor \/ Vijesti<\/strong><\/p>\n<p><strong>\n\t\t<style type=\"text\/css\">\n\t\t\t#gallery-1 {\n\t\t\t\tmargin: auto;\n\t\t\t}\n\t\t\t#gallery-1 .gallery-item {\n\t\t\t\tfloat: left;\n\t\t\t\tmargin-top: 10px;\n\t\t\t\ttext-align: center;\n\t\t\t\twidth: 33%;\n\t\t\t}\n\t\t\t#gallery-1 img {\n\t\t\t\tborder: 2px solid #cfcfcf;\n\t\t\t}\n\t\t\t#gallery-1 .gallery-caption {\n\t\t\t\tmargin-left: 0;\n\t\t\t}\n\t\t\t\/* see gallery_shortcode() in wp-includes\/media.php *\/\n\t\t<\/style>\n\t\t<div id='gallery-1' class='gallery galleryid-9235 gallery-columns-3 gallery-size-thumbnail'><dl class='gallery-item'>\n\t\t\t<dt class='gallery-icon landscape'>\n\t\t\t\t<a href='https:\/\/www.visit-ulcinj.com\/blog\/wp-content\/uploads\/2009\/01\/the-sexy-very-much-bend2.jpg'><img width=\"150\" height=\"150\" src=\"https:\/\/www.visit-ulcinj.com\/blog\/wp-content\/uploads\/2009\/01\/the-sexy-very-much-bend2-150x150.jpg\" class=\"attachment-thumbnail size-thumbnail\" alt=\"\" loading=\"lazy\" \/><\/a>\n\t\t\t<\/dt><\/dl><dl class='gallery-item'>\n\t\t\t<dt class='gallery-icon landscape'>\n\t\t\t\t<a href='https:\/\/www.visit-ulcinj.com\/blog\/wp-content\/uploads\/2009\/01\/ulcinjski-brend-the-sexy-very-much-bend1.jpg'><img width=\"150\" height=\"150\" src=\"https:\/\/www.visit-ulcinj.com\/blog\/wp-content\/uploads\/2009\/01\/ulcinjski-brend-the-sexy-very-much-bend1-150x150.jpg\" class=\"attachment-thumbnail size-thumbnail\" alt=\"\" loading=\"lazy\" \/><\/a>\n\t\t\t<\/dt><\/dl><dl class='gallery-item'>\n\t\t\t<dt class='gallery-icon landscape'>\n\t\t\t\t<a href='https:\/\/www.visit-ulcinj.com\/blog\/wp-content\/uploads\/2009\/01\/ulcinjski-brend-the-sexy-very-much-bend.jpg'><img width=\"150\" height=\"150\" src=\"https:\/\/www.visit-ulcinj.com\/blog\/wp-content\/uploads\/2009\/01\/ulcinjski-brend-the-sexy-very-much-bend-150x150.jpg\" class=\"attachment-thumbnail size-thumbnail\" alt=\"\" loading=\"lazy\" \/><\/a>\n\t\t\t<\/dt><\/dl><br style=\"clear: both\" \/>\n\t\t<\/div>\n<br \/>\n<\/strong><\/p>\n<!--YouTube Error: bad URL entered-->\n","protected":false},"excerpt":{"rendered":"<p>Podgorica &#8211; Nakon vi\u0161emjese?ne pauze grupa \u201cThe Sexy Veru Much\u201d se vra?a na muzi?ku scenu. Sino? su imali svirku u ulcinjskom lokalu \u201cAlta verna\u201d, a imaju u?estale ponude za gostovanja i u ostalim crnogorskim gradovima. Iako nije \u017eelio da pri?a o razlozima zbog kojih je raspustio prvu postavu, pjeva? Andrian Ljulj?uraj za \u201cVijesti\u201d govori o [&hellip;]<\/p>\n","protected":false},"author":1,"featured_media":0,"comment_status":"open","ping_status":"closed","sticky":false,"template":"","format":"standard","meta":{"spay_email":"","jetpack_publicize_message":"","jetpack_is_tweetstorm":false,"jetpack_publicize_feature_enabled":true},"categories":[1],"tags":[5813,5815,20,5816,5814,5817,79,5818,19,5819],"jetpack_publicize_connections":[],"yoast_head":"<!-- This site is optimized with the Yoast SEO plugin v19.1 - https:\/\/yoast.com\/wordpress\/plugins\/seo\/ -->\n<title>Ulcinj: &quot;The Sexy Very Much Bend&quot;- Ve? postali brend - Lajme nga Ulqini<\/title>\n<meta name=\"description\" content=\"Podgorica - Nakon vi\u0161emjese?ne pauze grupa \u201cThe Sexy Veru Much\u201d se vra?a na muzi?ku scenu. Sino? su imali svirku u ulcinjskom lokalu \u201cAlta verna\u201d, a imaju\" \/>\n<meta name=\"robots\" content=\"index, follow, max-snippet:-1, max-image-preview:large, max-video-preview:-1\" \/>\n<link rel=\"canonical\" href=\"https:\/\/www.visit-ulcinj.com\/blog\/2009\/01\/17\/ulcinj-the-sexy-very-much-bend-vec-postali-brend\/\" \/>\n<meta property=\"og:locale\" content=\"en_US\" \/>\n<meta property=\"og:type\" content=\"article\" \/>\n<meta property=\"og:title\" content=\"Ulcinj: &quot;The Sexy Very Much Bend&quot;- Ve? postali brend - Lajme nga Ulqini\" \/>\n<meta property=\"og:description\" content=\"Podgorica - Nakon vi\u0161emjese?ne pauze grupa \u201cThe Sexy Veru Much\u201d se vra?a na muzi?ku scenu. Sino? su imali svirku u ulcinjskom lokalu \u201cAlta verna\u201d, a imaju\" \/>\n<meta property=\"og:url\" content=\"https:\/\/www.visit-ulcinj.com\/blog\/2009\/01\/17\/ulcinj-the-sexy-very-much-bend-vec-postali-brend\/\" \/>\n<meta property=\"og:site_name\" content=\"Lajme nga Ulqini\" \/>\n<meta property=\"article:published_time\" content=\"2009-01-17T08:34:05+00:00\" \/>\n<meta property=\"article:modified_time\" content=\"2009-01-17T08:37:01+00:00\" \/>\n<meta property=\"og:image\" content=\"https:\/\/www.visit-ulcinj.com\/blog\/wp-content\/uploads\/2009\/01\/the-sexy-very-much-bend2-150x150.jpg\" \/>\n<meta name=\"twitter:label1\" content=\"Written by\" \/>\n\t<meta name=\"twitter:data1\" content=\"ulqini\" \/>\n\t<meta name=\"twitter:label2\" content=\"Est. reading time\" \/>\n\t<meta name=\"twitter:data2\" content=\"3 minutes\" \/>\n<script type=\"application\/ld+json\" class=\"yoast-schema-graph\">{\"@context\":\"https:\/\/schema.org\",\"@graph\":[{\"@type\":\"WebSite\",\"@id\":\"https:\/\/www.visit-ulcinj.com\/blog\/#website\",\"url\":\"https:\/\/www.visit-ulcinj.com\/blog\/\",\"name\":\"Lajme nga Ulqini\",\"description\":\"Lajme,Vijesti,Ulqini,Ulqin,Crna Gora,Mali i Zi\",\"potentialAction\":[{\"@type\":\"SearchAction\",\"target\":{\"@type\":\"EntryPoint\",\"urlTemplate\":\"https:\/\/www.visit-ulcinj.com\/blog\/?s={search_term_string}\"},\"query-input\":\"required name=search_term_string\"}],\"inLanguage\":\"en-US\"},{\"@type\":\"ImageObject\",\"inLanguage\":\"en-US\",\"@id\":\"https:\/\/www.visit-ulcinj.com\/blog\/2009\/01\/17\/ulcinj-the-sexy-very-much-bend-vec-postali-brend\/#primaryimage\",\"url\":\"https:\/\/www.visit-ulcinj.com\/blog\/wp-content\/uploads\/2009\/01\/ulcinjski-brend-the-sexy-very-much-bend.jpg\",\"contentUrl\":\"https:\/\/www.visit-ulcinj.com\/blog\/wp-content\/uploads\/2009\/01\/ulcinjski-brend-the-sexy-very-much-bend.jpg\",\"width\":\"359\",\"height\":\"219\"},{\"@type\":\"WebPage\",\"@id\":\"https:\/\/www.visit-ulcinj.com\/blog\/2009\/01\/17\/ulcinj-the-sexy-very-much-bend-vec-postali-brend\/#webpage\",\"url\":\"https:\/\/www.visit-ulcinj.com\/blog\/2009\/01\/17\/ulcinj-the-sexy-very-much-bend-vec-postali-brend\/\",\"name\":\"Ulcinj: \\\"The Sexy Very Much Bend\\\"- Ve? postali brend - Lajme nga Ulqini\",\"isPartOf\":{\"@id\":\"https:\/\/www.visit-ulcinj.com\/blog\/#website\"},\"primaryImageOfPage\":{\"@id\":\"https:\/\/www.visit-ulcinj.com\/blog\/2009\/01\/17\/ulcinj-the-sexy-very-much-bend-vec-postali-brend\/#primaryimage\"},\"datePublished\":\"2009-01-17T08:34:05+00:00\",\"dateModified\":\"2009-01-17T08:37:01+00:00\",\"author\":{\"@id\":\"https:\/\/www.visit-ulcinj.com\/blog\/#\/schema\/person\/dcab619c614d3038751c63bc2aadc06d\"},\"description\":\"Podgorica - Nakon vi\u0161emjese?ne pauze grupa \u201cThe Sexy Veru Much\u201d se vra?a na muzi?ku scenu. Sino? su imali svirku u ulcinjskom lokalu \u201cAlta verna\u201d, a imaju\",\"breadcrumb\":{\"@id\":\"https:\/\/www.visit-ulcinj.com\/blog\/2009\/01\/17\/ulcinj-the-sexy-very-much-bend-vec-postali-brend\/#breadcrumb\"},\"inLanguage\":\"en-US\",\"potentialAction\":[{\"@type\":\"ReadAction\",\"target\":[\"https:\/\/www.visit-ulcinj.com\/blog\/2009\/01\/17\/ulcinj-the-sexy-very-much-bend-vec-postali-brend\/\"]}]},{\"@type\":\"BreadcrumbList\",\"@id\":\"https:\/\/www.visit-ulcinj.com\/blog\/2009\/01\/17\/ulcinj-the-sexy-very-much-bend-vec-postali-brend\/#breadcrumb\",\"itemListElement\":[{\"@type\":\"ListItem\",\"position\":1,\"name\":\"Ulcinj: &#8220;The Sexy Very Much Bend&#8221;- Ve? postali brend\"}]},{\"@type\":\"Person\",\"@id\":\"https:\/\/www.visit-ulcinj.com\/blog\/#\/schema\/person\/dcab619c614d3038751c63bc2aadc06d\",\"name\":\"ulqini\",\"sameAs\":[\"http:\/\/www.visit-ulcinj.com\"],\"url\":\"https:\/\/www.visit-ulcinj.com\/blog\/author\/admin\/\"}]}<\/script>\n<!-- \/ Yoast SEO plugin. -->","yoast_head_json":{"title":"Ulcinj: \"The Sexy Very Much Bend\"- Ve? postali brend - Lajme nga Ulqini","description":"Podgorica - Nakon vi\u0161emjese?ne pauze grupa \u201cThe Sexy Veru Much\u201d se vra?a na muzi?ku scenu. Sino? su imali svirku u ulcinjskom lokalu \u201cAlta verna\u201d, a imaju","robots":{"index":"index","follow":"follow","max-snippet":"max-snippet:-1","max-image-preview":"max-image-preview:large","max-video-preview":"max-video-preview:-1"},"canonical":"https:\/\/www.visit-ulcinj.com\/blog\/2009\/01\/17\/ulcinj-the-sexy-very-much-bend-vec-postali-brend\/","og_locale":"en_US","og_type":"article","og_title":"Ulcinj: \"The Sexy Very Much Bend\"- Ve? postali brend - Lajme nga Ulqini","og_description":"Podgorica - Nakon vi\u0161emjese?ne pauze grupa \u201cThe Sexy Veru Much\u201d se vra?a na muzi?ku scenu. Sino? su imali svirku u ulcinjskom lokalu \u201cAlta verna\u201d, a imaju","og_url":"https:\/\/www.visit-ulcinj.com\/blog\/2009\/01\/17\/ulcinj-the-sexy-very-much-bend-vec-postali-brend\/","og_site_name":"Lajme nga Ulqini","article_published_time":"2009-01-17T08:34:05+00:00","article_modified_time":"2009-01-17T08:37:01+00:00","og_image":[{"url":"https:\/\/www.visit-ulcinj.com\/blog\/wp-content\/uploads\/2009\/01\/the-sexy-very-much-bend2-150x150.jpg"}],"twitter_misc":{"Written by":"ulqini","Est. reading time":"3 minutes"},"schema":{"@context":"https:\/\/schema.org","@graph":[{"@type":"WebSite","@id":"https:\/\/www.visit-ulcinj.com\/blog\/#website","url":"https:\/\/www.visit-ulcinj.com\/blog\/","name":"Lajme nga Ulqini","description":"Lajme,Vijesti,Ulqini,Ulqin,Crna Gora,Mali i Zi","potentialAction":[{"@type":"SearchAction","target":{"@type":"EntryPoint","urlTemplate":"https:\/\/www.visit-ulcinj.com\/blog\/?s={search_term_string}"},"query-input":"required name=search_term_string"}],"inLanguage":"en-US"},{"@type":"ImageObject","inLanguage":"en-US","@id":"https:\/\/www.visit-ulcinj.com\/blog\/2009\/01\/17\/ulcinj-the-sexy-very-much-bend-vec-postali-brend\/#primaryimage","url":"https:\/\/www.visit-ulcinj.com\/blog\/wp-content\/uploads\/2009\/01\/ulcinjski-brend-the-sexy-very-much-bend.jpg","contentUrl":"https:\/\/www.visit-ulcinj.com\/blog\/wp-content\/uploads\/2009\/01\/ulcinjski-brend-the-sexy-very-much-bend.jpg","width":"359","height":"219"},{"@type":"WebPage","@id":"https:\/\/www.visit-ulcinj.com\/blog\/2009\/01\/17\/ulcinj-the-sexy-very-much-bend-vec-postali-brend\/#webpage","url":"https:\/\/www.visit-ulcinj.com\/blog\/2009\/01\/17\/ulcinj-the-sexy-very-much-bend-vec-postali-brend\/","name":"Ulcinj: \"The Sexy Very Much Bend\"- Ve? postali brend - Lajme nga Ulqini","isPartOf":{"@id":"https:\/\/www.visit-ulcinj.com\/blog\/#website"},"primaryImageOfPage":{"@id":"https:\/\/www.visit-ulcinj.com\/blog\/2009\/01\/17\/ulcinj-the-sexy-very-much-bend-vec-postali-brend\/#primaryimage"},"datePublished":"2009-01-17T08:34:05+00:00","dateModified":"2009-01-17T08:37:01+00:00","author":{"@id":"https:\/\/www.visit-ulcinj.com\/blog\/#\/schema\/person\/dcab619c614d3038751c63bc2aadc06d"},"description":"Podgorica - Nakon vi\u0161emjese?ne pauze grupa \u201cThe Sexy Veru Much\u201d se vra?a na muzi?ku scenu. Sino? su imali svirku u ulcinjskom lokalu \u201cAlta verna\u201d, a imaju","breadcrumb":{"@id":"https:\/\/www.visit-ulcinj.com\/blog\/2009\/01\/17\/ulcinj-the-sexy-very-much-bend-vec-postali-brend\/#breadcrumb"},"inLanguage":"en-US","potentialAction":[{"@type":"ReadAction","target":["https:\/\/www.visit-ulcinj.com\/blog\/2009\/01\/17\/ulcinj-the-sexy-very-much-bend-vec-postali-brend\/"]}]},{"@type":"BreadcrumbList","@id":"https:\/\/www.visit-ulcinj.com\/blog\/2009\/01\/17\/ulcinj-the-sexy-very-much-bend-vec-postali-brend\/#breadcrumb","itemListElement":[{"@type":"ListItem","position":1,"name":"Ulcinj: &#8220;The Sexy Very Much Bend&#8221;- Ve? postali brend"}]},{"@type":"Person","@id":"https:\/\/www.visit-ulcinj.com\/blog\/#\/schema\/person\/dcab619c614d3038751c63bc2aadc06d","name":"ulqini","sameAs":["http:\/\/www.visit-ulcinj.com"],"url":"https:\/\/www.visit-ulcinj.com\/blog\/author\/admin\/"}]}},"jetpack_featured_media_url":"","jetpack_sharing_enabled":true,"jetpack_shortlink":"https:\/\/wp.me\/pe6lTn-2oX","_links":{"self":[{"href":"https:\/\/www.visit-ulcinj.com\/blog\/wp-json\/wp\/v2\/posts\/9235"}],"collection":[{"href":"https:\/\/www.visit-ulcinj.com\/blog\/wp-json\/wp\/v2\/posts"}],"about":[{"href":"https:\/\/www.visit-ulcinj.com\/blog\/wp-json\/wp\/v2\/types\/post"}],"author":[{"embeddable":true,"href":"https:\/\/www.visit-ulcinj.com\/blog\/wp-json\/wp\/v2\/users\/1"}],"replies":[{"embeddable":true,"href":"https:\/\/www.visit-ulcinj.com\/blog\/wp-json\/wp\/v2\/comments?post=9235"}],"version-history":[{"count":0,"href":"https:\/\/www.visit-ulcinj.com\/blog\/wp-json\/wp\/v2\/posts\/9235\/revisions"}],"wp:attachment":[{"href":"https:\/\/www.visit-ulcinj.com\/blog\/wp-json\/wp\/v2\/media?parent=9235"}],"wp:term":[{"taxonomy":"category","embeddable":true,"href":"https:\/\/www.visit-ulcinj.com\/blog\/wp-json\/wp\/v2\/categories?post=9235"},{"taxonomy":"post_tag","embeddable":true,"href":"https:\/\/www.visit-ulcinj.com\/blog\/wp-json\/wp\/v2\/tags?post=9235"}],"curies":[{"name":"wp","href":"https:\/\/api.w.org\/{rel}","templated":true}]}}