{"id":92354,"date":"2015-09-23T16:19:05","date_gmt":"2015-09-23T15:19:05","guid":{"rendered":"http:\/\/www.visit-ulcinj.com\/blog\/?p=92354"},"modified":"2015-09-24T15:35:25","modified_gmt":"2015-09-24T14:35:25","slug":"urimi-kryetarit-gjeka-per-festen-e-kurban-bajramit","status":"publish","type":"post","link":"https:\/\/www.visit-ulcinj.com\/blog\/2015\/09\/23\/urimi-kryetarit-gjeka-per-festen-e-kurban-bajramit\/","title":{"rendered":"Urimi i Kryetarit Gjeka p\u00ebr fest\u00ebn e Kurban Bajramit"},"content":{"rendered":"<p><span lang=\"SQ\"><a href=\"http:\/\/www.visit-ulcinj.com\/blog\/wp-content\/uploads\/2014\/08\/Fatmir-Gjeka-1.jpg\"><img loading=\"lazy\" class=\"alignleft wp-image-84665\" src=\"http:\/\/www.visit-ulcinj.com\/blog\/wp-content\/uploads\/2014\/08\/Fatmir-Gjeka-1.jpg\" alt=\"Fatmir-Gjeka-1\" width=\"508\" height=\"377\" srcset=\"https:\/\/www.visit-ulcinj.com\/blog\/wp-content\/uploads\/2014\/08\/Fatmir-Gjeka-1.jpg 407w, https:\/\/www.visit-ulcinj.com\/blog\/wp-content\/uploads\/2014\/08\/Fatmir-Gjeka-1-300x222.jpg 300w\" sizes=\"(max-width: 508px) 100vw, 508px\" \/><\/a>Kryetari i Komun\u00ebs s\u00eb Ulqinit Fatmir Gjeka p\u00ebrg\u00ebzon besimtar\u00ebt e besimit islam me rastin e Fest\u00ebs s\u00eb Fiter Bajramit. N\u00eb mesazhin e tij nd\u00ebr t\u00eb tjera thuhet<\/span>:<\/p>\n<p><span lang=\"SQ\">Kam nder dhe k\u00ebnaq\u00ebsin\u00eb\u00a0 q\u00eb n\u00eb\u00a0 em\u00ebr t\u00eb Komun\u00ebs s\u00eb Ulqinit dhe n\u00eb emrin tim personal t\u00eb gjith\u00eb besimtar\u00ebve t\u00eb besimit islam tua uroj Fest\u00ebn e Kurban Bajramit. <\/span><\/p>\n<p><span lang=\"SQ\">Uroj q\u00eb kjo fest\u00eb t\u00eb p\u00ebrcillet me dashuri, respekt, solidaritet dhe vullnet t\u00eb mir\u00eb!<\/span><\/p>\n<p><span lang=\"SQ\">Pa<\/span><span lang=\"SR-LATN-ME\">\u00e7<\/span><span lang=\"SQ\">i g\u00ebzim dhe mir\u00ebqenie p\u00ebrgjat\u00eb vitit n\u00eb vazhdim!<\/span><\/p>\n<p><span lang=\"SQ\">Qofshi t\u00eb g\u00ebzuar gjithmon\u00eb!\u00a0<\/span><\/p>\n<p>&nbsp;<\/p>\n<div>\n<p><span lang=\"SQ\">G\u00ebzuar Bajramin <\/span>!<\/p>\n<p><strong><span lang=\"HR\">Municipality of Ulcinj\/Ulqin<\/span><\/strong><\/p>\n<\/div>\n","protected":false},"excerpt":{"rendered":"<p>Kryetari i Komun\u00ebs s\u00eb Ulqinit Fatmir Gjeka p\u00ebrg\u00ebzon besimtar\u00ebt e besimit islam me rastin e Fest\u00ebs s\u00eb Fiter Bajramit. N\u00eb mesazhin e tij nd\u00ebr t\u00eb tjera thuhet: Kam nder dhe k\u00ebnaq\u00ebsin\u00eb\u00a0 q\u00eb n\u00eb\u00a0 em\u00ebr t\u00eb Komun\u00ebs s\u00eb Ulqinit dhe n\u00eb emrin tim personal t\u00eb gjith\u00eb besimtar\u00ebve t\u00eb besimit islam tua uroj Fest\u00ebn e Kurban Bajramit. [&hellip;]<\/p>\n","protected":false},"author":1,"featured_media":0,"comment_status":"closed","ping_status":"closed","sticky":false,"template":"","format":"standard","meta":{"spay_email":"","jetpack_publicize_message":"","jetpack_is_tweetstorm":false,"jetpack_publicize_feature_enabled":true},"categories":[7,1],"tags":[],"jetpack_publicize_connections":[],"yoast_head":"<!-- This site is optimized with the Yoast SEO plugin v19.1 - https:\/\/yoast.com\/wordpress\/plugins\/seo\/ -->\n<title>Urimi i Kryetarit Gjeka p\u00ebr fest\u00ebn e Kurban Bajramit - Lajme nga Ulqini<\/title>\n<meta name=\"description\" content=\"Kryetari i Komun\u00ebs s\u00eb Ulqinit Fatmir Gjeka p\u00ebrg\u00ebzon besimtar\u00ebt e besimit islam me rastin e Fest\u00ebs s\u00eb Fiter Bajramit. N\u00eb mesazhin e tij nd\u00ebr t\u00eb tjera\" \/>\n<meta name=\"robots\" content=\"index, follow, max-snippet:-1, max-image-preview:large, max-video-preview:-1\" \/>\n<link rel=\"canonical\" href=\"https:\/\/www.visit-ulcinj.com\/blog\/2015\/09\/23\/urimi-kryetarit-gjeka-per-festen-e-kurban-bajramit\/\" \/>\n<meta property=\"og:locale\" content=\"en_US\" \/>\n<meta property=\"og:type\" content=\"article\" \/>\n<meta property=\"og:title\" content=\"Urimi i Kryetarit Gjeka p\u00ebr fest\u00ebn e Kurban Bajramit - Lajme nga Ulqini\" \/>\n<meta property=\"og:description\" content=\"Kryetari i Komun\u00ebs s\u00eb Ulqinit Fatmir Gjeka p\u00ebrg\u00ebzon besimtar\u00ebt e besimit islam me rastin e Fest\u00ebs s\u00eb Fiter Bajramit. N\u00eb mesazhin e tij nd\u00ebr t\u00eb tjera\" \/>\n<meta property=\"og:url\" content=\"https:\/\/www.visit-ulcinj.com\/blog\/2015\/09\/23\/urimi-kryetarit-gjeka-per-festen-e-kurban-bajramit\/\" \/>\n<meta property=\"og:site_name\" content=\"Lajme nga Ulqini\" \/>\n<meta property=\"article:published_time\" content=\"2015-09-23T15:19:05+00:00\" \/>\n<meta property=\"article:modified_time\" content=\"2015-09-24T14:35:25+00:00\" \/>\n<meta property=\"og:image\" content=\"http:\/\/www.visit-ulcinj.com\/blog\/wp-content\/uploads\/2014\/08\/Fatmir-Gjeka-1.jpg\" \/>\n<meta name=\"twitter:label1\" content=\"Written by\" \/>\n\t<meta name=\"twitter:data1\" content=\"ulqini\" \/>\n\t<meta name=\"twitter:label2\" content=\"Est. reading time\" \/>\n\t<meta name=\"twitter:data2\" content=\"1 minute\" \/>\n<script type=\"application\/ld+json\" class=\"yoast-schema-graph\">{\"@context\":\"https:\/\/schema.org\",\"@graph\":[{\"@type\":\"WebSite\",\"@id\":\"https:\/\/www.visit-ulcinj.com\/blog\/#website\",\"url\":\"https:\/\/www.visit-ulcinj.com\/blog\/\",\"name\":\"Lajme nga Ulqini\",\"description\":\"Lajme,Vijesti,Ulqini,Ulqin,Crna Gora,Mali i Zi\",\"potentialAction\":[{\"@type\":\"SearchAction\",\"target\":{\"@type\":\"EntryPoint\",\"urlTemplate\":\"https:\/\/www.visit-ulcinj.com\/blog\/?s={search_term_string}\"},\"query-input\":\"required name=search_term_string\"}],\"inLanguage\":\"en-US\"},{\"@type\":\"ImageObject\",\"inLanguage\":\"en-US\",\"@id\":\"https:\/\/www.visit-ulcinj.com\/blog\/2015\/09\/23\/urimi-kryetarit-gjeka-per-festen-e-kurban-bajramit\/#primaryimage\",\"url\":\"https:\/\/www.visit-ulcinj.com\/blog\/wp-content\/uploads\/2014\/08\/Fatmir-Gjeka-1.jpg\",\"contentUrl\":\"https:\/\/www.visit-ulcinj.com\/blog\/wp-content\/uploads\/2014\/08\/Fatmir-Gjeka-1.jpg\",\"width\":407,\"height\":302},{\"@type\":\"WebPage\",\"@id\":\"https:\/\/www.visit-ulcinj.com\/blog\/2015\/09\/23\/urimi-kryetarit-gjeka-per-festen-e-kurban-bajramit\/#webpage\",\"url\":\"https:\/\/www.visit-ulcinj.com\/blog\/2015\/09\/23\/urimi-kryetarit-gjeka-per-festen-e-kurban-bajramit\/\",\"name\":\"Urimi i Kryetarit Gjeka p\u00ebr fest\u00ebn e Kurban Bajramit - Lajme nga Ulqini\",\"isPartOf\":{\"@id\":\"https:\/\/www.visit-ulcinj.com\/blog\/#website\"},\"primaryImageOfPage\":{\"@id\":\"https:\/\/www.visit-ulcinj.com\/blog\/2015\/09\/23\/urimi-kryetarit-gjeka-per-festen-e-kurban-bajramit\/#primaryimage\"},\"datePublished\":\"2015-09-23T15:19:05+00:00\",\"dateModified\":\"2015-09-24T14:35:25+00:00\",\"author\":{\"@id\":\"https:\/\/www.visit-ulcinj.com\/blog\/#\/schema\/person\/dcab619c614d3038751c63bc2aadc06d\"},\"description\":\"Kryetari i Komun\u00ebs s\u00eb Ulqinit Fatmir Gjeka p\u00ebrg\u00ebzon besimtar\u00ebt e besimit islam me rastin e Fest\u00ebs s\u00eb Fiter Bajramit. N\u00eb mesazhin e tij nd\u00ebr t\u00eb tjera\",\"breadcrumb\":{\"@id\":\"https:\/\/www.visit-ulcinj.com\/blog\/2015\/09\/23\/urimi-kryetarit-gjeka-per-festen-e-kurban-bajramit\/#breadcrumb\"},\"inLanguage\":\"en-US\",\"potentialAction\":[{\"@type\":\"ReadAction\",\"target\":[\"https:\/\/www.visit-ulcinj.com\/blog\/2015\/09\/23\/urimi-kryetarit-gjeka-per-festen-e-kurban-bajramit\/\"]}]},{\"@type\":\"BreadcrumbList\",\"@id\":\"https:\/\/www.visit-ulcinj.com\/blog\/2015\/09\/23\/urimi-kryetarit-gjeka-per-festen-e-kurban-bajramit\/#breadcrumb\",\"itemListElement\":[{\"@type\":\"ListItem\",\"position\":1,\"name\":\"Urimi i Kryetarit Gjeka p\u00ebr fest\u00ebn e Kurban Bajramit\"}]},{\"@type\":\"Person\",\"@id\":\"https:\/\/www.visit-ulcinj.com\/blog\/#\/schema\/person\/dcab619c614d3038751c63bc2aadc06d\",\"name\":\"ulqini\",\"sameAs\":[\"http:\/\/www.visit-ulcinj.com\"],\"url\":\"https:\/\/www.visit-ulcinj.com\/blog\/author\/admin\/\"}]}<\/script>\n<!-- \/ Yoast SEO plugin. -->","yoast_head_json":{"title":"Urimi i Kryetarit Gjeka p\u00ebr fest\u00ebn e Kurban Bajramit - Lajme nga Ulqini","description":"Kryetari i Komun\u00ebs s\u00eb Ulqinit Fatmir Gjeka p\u00ebrg\u00ebzon besimtar\u00ebt e besimit islam me rastin e Fest\u00ebs s\u00eb Fiter Bajramit. N\u00eb mesazhin e tij nd\u00ebr t\u00eb tjera","robots":{"index":"index","follow":"follow","max-snippet":"max-snippet:-1","max-image-preview":"max-image-preview:large","max-video-preview":"max-video-preview:-1"},"canonical":"https:\/\/www.visit-ulcinj.com\/blog\/2015\/09\/23\/urimi-kryetarit-gjeka-per-festen-e-kurban-bajramit\/","og_locale":"en_US","og_type":"article","og_title":"Urimi i Kryetarit Gjeka p\u00ebr fest\u00ebn e Kurban Bajramit - Lajme nga Ulqini","og_description":"Kryetari i Komun\u00ebs s\u00eb Ulqinit Fatmir Gjeka p\u00ebrg\u00ebzon besimtar\u00ebt e besimit islam me rastin e Fest\u00ebs s\u00eb Fiter Bajramit. N\u00eb mesazhin e tij nd\u00ebr t\u00eb tjera","og_url":"https:\/\/www.visit-ulcinj.com\/blog\/2015\/09\/23\/urimi-kryetarit-gjeka-per-festen-e-kurban-bajramit\/","og_site_name":"Lajme nga Ulqini","article_published_time":"2015-09-23T15:19:05+00:00","article_modified_time":"2015-09-24T14:35:25+00:00","og_image":[{"url":"http:\/\/www.visit-ulcinj.com\/blog\/wp-content\/uploads\/2014\/08\/Fatmir-Gjeka-1.jpg"}],"twitter_misc":{"Written by":"ulqini","Est. reading time":"1 minute"},"schema":{"@context":"https:\/\/schema.org","@graph":[{"@type":"WebSite","@id":"https:\/\/www.visit-ulcinj.com\/blog\/#website","url":"https:\/\/www.visit-ulcinj.com\/blog\/","name":"Lajme nga Ulqini","description":"Lajme,Vijesti,Ulqini,Ulqin,Crna Gora,Mali i Zi","potentialAction":[{"@type":"SearchAction","target":{"@type":"EntryPoint","urlTemplate":"https:\/\/www.visit-ulcinj.com\/blog\/?s={search_term_string}"},"query-input":"required name=search_term_string"}],"inLanguage":"en-US"},{"@type":"ImageObject","inLanguage":"en-US","@id":"https:\/\/www.visit-ulcinj.com\/blog\/2015\/09\/23\/urimi-kryetarit-gjeka-per-festen-e-kurban-bajramit\/#primaryimage","url":"https:\/\/www.visit-ulcinj.com\/blog\/wp-content\/uploads\/2014\/08\/Fatmir-Gjeka-1.jpg","contentUrl":"https:\/\/www.visit-ulcinj.com\/blog\/wp-content\/uploads\/2014\/08\/Fatmir-Gjeka-1.jpg","width":407,"height":302},{"@type":"WebPage","@id":"https:\/\/www.visit-ulcinj.com\/blog\/2015\/09\/23\/urimi-kryetarit-gjeka-per-festen-e-kurban-bajramit\/#webpage","url":"https:\/\/www.visit-ulcinj.com\/blog\/2015\/09\/23\/urimi-kryetarit-gjeka-per-festen-e-kurban-bajramit\/","name":"Urimi i Kryetarit Gjeka p\u00ebr fest\u00ebn e Kurban Bajramit - Lajme nga Ulqini","isPartOf":{"@id":"https:\/\/www.visit-ulcinj.com\/blog\/#website"},"primaryImageOfPage":{"@id":"https:\/\/www.visit-ulcinj.com\/blog\/2015\/09\/23\/urimi-kryetarit-gjeka-per-festen-e-kurban-bajramit\/#primaryimage"},"datePublished":"2015-09-23T15:19:05+00:00","dateModified":"2015-09-24T14:35:25+00:00","author":{"@id":"https:\/\/www.visit-ulcinj.com\/blog\/#\/schema\/person\/dcab619c614d3038751c63bc2aadc06d"},"description":"Kryetari i Komun\u00ebs s\u00eb Ulqinit Fatmir Gjeka p\u00ebrg\u00ebzon besimtar\u00ebt e besimit islam me rastin e Fest\u00ebs s\u00eb Fiter Bajramit. N\u00eb mesazhin e tij nd\u00ebr t\u00eb tjera","breadcrumb":{"@id":"https:\/\/www.visit-ulcinj.com\/blog\/2015\/09\/23\/urimi-kryetarit-gjeka-per-festen-e-kurban-bajramit\/#breadcrumb"},"inLanguage":"en-US","potentialAction":[{"@type":"ReadAction","target":["https:\/\/www.visit-ulcinj.com\/blog\/2015\/09\/23\/urimi-kryetarit-gjeka-per-festen-e-kurban-bajramit\/"]}]},{"@type":"BreadcrumbList","@id":"https:\/\/www.visit-ulcinj.com\/blog\/2015\/09\/23\/urimi-kryetarit-gjeka-per-festen-e-kurban-bajramit\/#breadcrumb","itemListElement":[{"@type":"ListItem","position":1,"name":"Urimi i Kryetarit Gjeka p\u00ebr fest\u00ebn e Kurban Bajramit"}]},{"@type":"Person","@id":"https:\/\/www.visit-ulcinj.com\/blog\/#\/schema\/person\/dcab619c614d3038751c63bc2aadc06d","name":"ulqini","sameAs":["http:\/\/www.visit-ulcinj.com"],"url":"https:\/\/www.visit-ulcinj.com\/blog\/author\/admin\/"}]}},"jetpack_featured_media_url":"","jetpack_sharing_enabled":true,"jetpack_shortlink":"https:\/\/wp.me\/pe6lTn-o1A","_links":{"self":[{"href":"https:\/\/www.visit-ulcinj.com\/blog\/wp-json\/wp\/v2\/posts\/92354"}],"collection":[{"href":"https:\/\/www.visit-ulcinj.com\/blog\/wp-json\/wp\/v2\/posts"}],"about":[{"href":"https:\/\/www.visit-ulcinj.com\/blog\/wp-json\/wp\/v2\/types\/post"}],"author":[{"embeddable":true,"href":"https:\/\/www.visit-ulcinj.com\/blog\/wp-json\/wp\/v2\/users\/1"}],"replies":[{"embeddable":true,"href":"https:\/\/www.visit-ulcinj.com\/blog\/wp-json\/wp\/v2\/comments?post=92354"}],"version-history":[{"count":1,"href":"https:\/\/www.visit-ulcinj.com\/blog\/wp-json\/wp\/v2\/posts\/92354\/revisions"}],"predecessor-version":[{"id":92355,"href":"https:\/\/www.visit-ulcinj.com\/blog\/wp-json\/wp\/v2\/posts\/92354\/revisions\/92355"}],"wp:attachment":[{"href":"https:\/\/www.visit-ulcinj.com\/blog\/wp-json\/wp\/v2\/media?parent=92354"}],"wp:term":[{"taxonomy":"category","embeddable":true,"href":"https:\/\/www.visit-ulcinj.com\/blog\/wp-json\/wp\/v2\/categories?post=92354"},{"taxonomy":"post_tag","embeddable":true,"href":"https:\/\/www.visit-ulcinj.com\/blog\/wp-json\/wp\/v2\/tags?post=92354"}],"curies":[{"name":"wp","href":"https:\/\/api.w.org\/{rel}","templated":true}]}}