{"id":92365,"date":"2015-09-23T16:53:39","date_gmt":"2015-09-23T15:53:39","guid":{"rendered":"http:\/\/www.visit-ulcinj.com\/blog\/?p=92365"},"modified":"2015-09-28T15:48:01","modified_gmt":"2015-09-28T14:48:01","slug":"kuvendi-ulqinit-voton-pro-kredise-prej-25-milione-eurove","status":"publish","type":"post","link":"https:\/\/www.visit-ulcinj.com\/blog\/2015\/09\/23\/kuvendi-ulqinit-voton-pro-kredise-prej-25-milione-eurove\/","title":{"rendered":"Kuvendi Ulqinit voton pro kredis\u00eb prej 25 milion\u00eb eurove"},"content":{"rendered":"<p><strong><em><a href=\"http:\/\/www.visit-ulcinj.com\/blog\/wp-content\/uploads\/2015\/09\/Kuvendi-Ulqinit.jpg\"><img loading=\"lazy\" class=\"alignleft wp-image-92366\" src=\"http:\/\/www.visit-ulcinj.com\/blog\/wp-content\/uploads\/2015\/09\/Kuvendi-Ulqinit.jpg\" alt=\"Kuvendi-Ulqinit\" width=\"508\" height=\"286\" srcset=\"https:\/\/www.visit-ulcinj.com\/blog\/wp-content\/uploads\/2015\/09\/Kuvendi-Ulqinit.jpg 640w, https:\/\/www.visit-ulcinj.com\/blog\/wp-content\/uploads\/2015\/09\/Kuvendi-Ulqinit-300x169.jpg 300w\" sizes=\"(max-width: 508px) 100vw, 508px\" \/><\/a>Shkruan Muhamet Nika<\/em><\/strong><\/p>\n<p style=\"text-align: center;\"><strong><em>ULQINI VOTOI PRO KREDIS\u00cb PREJ 25 MILION\u00cb EUROVE<\/em><\/strong><\/p>\n<p>Edhe pse Kuvendi i Ulqinit sot pati sukses t\u00eb miratoj\u00eb vet\u00ebm vendimin e kredi marrjes p\u00ebr uj\u00ebsjell\u00ebs te Banka Evropiane p\u00ebr investime n\u00eb shum\u00ebn prej 5 milion\u00eb eurove u pa q\u00eb u arrit pajtimi p\u00ebr marrjen edhe t\u00eb 20 milion\u00eb eurove kredi p\u00ebr nd\u00ebrhyrje n\u00eb rrjetin e kanalizimit nga Bratica e deri n\u00eb Plazh t\u00eb Madhe q\u00eb gjith\u00eb se si p\u00ebrb\u00ebn nj\u00eb arritje t\u00eb madhe p\u00ebr momentin.<\/p>\n<p>M k\u00ebt\u00eb akt komuna e Ulqinit hyri n\u00eb obligime t\u00eb m\u00ebdha financiare po dhe zhvillimore p\u00ebr 50 vjet e ardhshme t\u00eb cilat do t\u00eb reflektojn\u00eb n\u00eb m\u00ebnyr\u00ebn evropiane t\u00eb jetes\u00ebs pasi hapet rrug\u00eb p\u00ebr investimeve q\u00eb priten n\u00eb Plazhin Madh . Investime k\u00ebto t\u00eb cilat p\u00ebr munges\u00eb t\u00eb ujit dhe kanalizimit mungonin.<\/p>\n<p>Gjithashtu nga p\u00ebrfaq\u00ebsuesit e ministris\u00eb u tha se p\u00ebr vitin q\u00eb vjen qeveria ka parapar\u00eb rreth 580 mij\u00eb euro, p\u00ebr rregullimin e Porto Milen\u00ebs q\u00eb p\u00ebr momentin cil\u00ebsohet si bomb\u00eb e v\u00ebrtet\u00eb ekologjike.<\/p>\n<p>Thjesht\u00eb Komuna e Ulqinit me k\u00ebto vendime po u bashkohet komunave tjera t\u00eb Malit t\u00eb Zi, t\u00eb cilat brenda k\u00ebtij 4 vje\u00e7ari nga KFI Banka dhe Banka Evropiane p\u00ebr Investime do t\u00eb vjelin shum\u00ebn n\u00eb total prej 270 milion\u00eb eurove.<\/p>\n<p>Kujtojm\u00eb opinionin q\u00eb komuna e Ulqinit p\u00ebr arsye subjektive ishte jasht\u00eb loj\u00ebs s\u00eb investimeve nga viti 2006 e k\u00ebtej sepse nuk u ky\u00e7 n\u00eb shfryt\u00ebzim t\u00eb k\u00ebtyre mjeteve bashk\u00eb me komunat tjera nga se kishte nj\u00eb kriz\u00eb permanente n\u00eb vendim marrje t\u00eb kuvendit.<\/p>\n<p>Me gjith\u00eb at\u00eb ia vlen t\u00eb thuhet se Koalicioni qeveris\u00ebs-pozita, n\u00eb kuvend nuk i kish 17 gishtat e saj sepse i mungonin 5 k\u00ebshilltar\u00eb p\u00ebr t\u00eb votuar.<\/p>\n<p>Nuk d\u00ebshirojm\u00eb t\u00eb paragjykojm\u00eb p\u00ebr mos prezenc\u00eb t\u00eb tyre, por n\u00ebse mund t\u00eb ken\u00eb dashur t\u00eb kusht\u00ebzojn\u00eb vendimin me votim kjo nuk u arrit. Vendimi u kalua me gishta t\u00eb opozit\u00ebs dhe me k\u00ebt\u00eb i ra t\u00eb thehej ng\u00ebr\u00e7i politik. P\u00ebr k\u00ebt\u00eb nuk munguan edhe fal\u00ebnderimet e pozit\u00ebs p\u00ebr p\u00ebrgjegj\u00ebsin\u00eb e opozit\u00ebs kur \u00ebsht\u00eb n\u00eb pyetje zhvillimi i Ulqinit.<\/p>\n","protected":false},"excerpt":{"rendered":"<p>Shkruan Muhamet Nika ULQINI VOTOI PRO KREDIS\u00cb PREJ 25 MILION\u00cb EUROVE Edhe pse Kuvendi i Ulqinit sot pati sukses t\u00eb miratoj\u00eb vet\u00ebm vendimin e kredi marrjes p\u00ebr uj\u00ebsjell\u00ebs te Banka Evropiane p\u00ebr investime n\u00eb shum\u00ebn prej 5 milion\u00eb eurove u pa q\u00eb u arrit pajtimi p\u00ebr marrjen edhe t\u00eb 20 milion\u00eb eurove kredi p\u00ebr nd\u00ebrhyrje [&hellip;]<\/p>\n","protected":false},"author":1,"featured_media":0,"comment_status":"closed","ping_status":"closed","sticky":false,"template":"","format":"standard","meta":{"spay_email":"","jetpack_publicize_message":"","jetpack_is_tweetstorm":false,"jetpack_publicize_feature_enabled":true},"categories":[14249],"tags":[],"jetpack_publicize_connections":[],"yoast_head":"<!-- This site is optimized with the Yoast SEO plugin v19.1 - https:\/\/yoast.com\/wordpress\/plugins\/seo\/ -->\n<title>Kuvendi Ulqinit voton pro kredis\u00eb prej 25 milion\u00eb eurove - Lajme nga Ulqini<\/title>\n<meta name=\"description\" content=\"Shkruan Muhamet Nika ULQINI VOTOI PRO KREDIS\u00cb PREJ 25 MILION\u00cb EUROVE Edhe pse Kuvendi i Ulqinit sot pati sukses t\u00eb miratoj\u00eb vet\u00ebm vendimin e kredi marrjes\" \/>\n<meta name=\"robots\" content=\"index, follow, max-snippet:-1, max-image-preview:large, max-video-preview:-1\" \/>\n<link rel=\"canonical\" href=\"https:\/\/www.visit-ulcinj.com\/blog\/2015\/09\/23\/kuvendi-ulqinit-voton-pro-kredise-prej-25-milione-eurove\/\" \/>\n<meta property=\"og:locale\" content=\"en_US\" \/>\n<meta property=\"og:type\" content=\"article\" \/>\n<meta property=\"og:title\" content=\"Kuvendi Ulqinit voton pro kredis\u00eb prej 25 milion\u00eb eurove - Lajme nga Ulqini\" \/>\n<meta property=\"og:description\" content=\"Shkruan Muhamet Nika ULQINI VOTOI PRO KREDIS\u00cb PREJ 25 MILION\u00cb EUROVE Edhe pse Kuvendi i Ulqinit sot pati sukses t\u00eb miratoj\u00eb vet\u00ebm vendimin e kredi marrjes\" \/>\n<meta property=\"og:url\" content=\"https:\/\/www.visit-ulcinj.com\/blog\/2015\/09\/23\/kuvendi-ulqinit-voton-pro-kredise-prej-25-milione-eurove\/\" \/>\n<meta property=\"og:site_name\" content=\"Lajme nga Ulqini\" \/>\n<meta property=\"article:published_time\" content=\"2015-09-23T15:53:39+00:00\" \/>\n<meta property=\"article:modified_time\" content=\"2015-09-28T14:48:01+00:00\" \/>\n<meta property=\"og:image\" content=\"http:\/\/www.visit-ulcinj.com\/blog\/wp-content\/uploads\/2015\/09\/Kuvendi-Ulqinit.jpg\" \/>\n<meta name=\"twitter:label1\" content=\"Written by\" \/>\n\t<meta name=\"twitter:data1\" content=\"ulqini\" \/>\n\t<meta name=\"twitter:label2\" content=\"Est. reading time\" \/>\n\t<meta name=\"twitter:data2\" content=\"2 minutes\" \/>\n<script type=\"application\/ld+json\" class=\"yoast-schema-graph\">{\"@context\":\"https:\/\/schema.org\",\"@graph\":[{\"@type\":\"WebSite\",\"@id\":\"https:\/\/www.visit-ulcinj.com\/blog\/#website\",\"url\":\"https:\/\/www.visit-ulcinj.com\/blog\/\",\"name\":\"Lajme nga Ulqini\",\"description\":\"Lajme,Vijesti,Ulqini,Ulqin,Crna Gora,Mali i Zi\",\"potentialAction\":[{\"@type\":\"SearchAction\",\"target\":{\"@type\":\"EntryPoint\",\"urlTemplate\":\"https:\/\/www.visit-ulcinj.com\/blog\/?s={search_term_string}\"},\"query-input\":\"required name=search_term_string\"}],\"inLanguage\":\"en-US\"},{\"@type\":\"ImageObject\",\"inLanguage\":\"en-US\",\"@id\":\"https:\/\/www.visit-ulcinj.com\/blog\/2015\/09\/23\/kuvendi-ulqinit-voton-pro-kredise-prej-25-milione-eurove\/#primaryimage\",\"url\":\"https:\/\/www.visit-ulcinj.com\/blog\/wp-content\/uploads\/2015\/09\/Kuvendi-Ulqinit.jpg\",\"contentUrl\":\"https:\/\/www.visit-ulcinj.com\/blog\/wp-content\/uploads\/2015\/09\/Kuvendi-Ulqinit.jpg\",\"width\":640,\"height\":360},{\"@type\":\"WebPage\",\"@id\":\"https:\/\/www.visit-ulcinj.com\/blog\/2015\/09\/23\/kuvendi-ulqinit-voton-pro-kredise-prej-25-milione-eurove\/#webpage\",\"url\":\"https:\/\/www.visit-ulcinj.com\/blog\/2015\/09\/23\/kuvendi-ulqinit-voton-pro-kredise-prej-25-milione-eurove\/\",\"name\":\"Kuvendi Ulqinit voton pro kredis\u00eb prej 25 milion\u00eb eurove - Lajme nga Ulqini\",\"isPartOf\":{\"@id\":\"https:\/\/www.visit-ulcinj.com\/blog\/#website\"},\"primaryImageOfPage\":{\"@id\":\"https:\/\/www.visit-ulcinj.com\/blog\/2015\/09\/23\/kuvendi-ulqinit-voton-pro-kredise-prej-25-milione-eurove\/#primaryimage\"},\"datePublished\":\"2015-09-23T15:53:39+00:00\",\"dateModified\":\"2015-09-28T14:48:01+00:00\",\"author\":{\"@id\":\"https:\/\/www.visit-ulcinj.com\/blog\/#\/schema\/person\/dcab619c614d3038751c63bc2aadc06d\"},\"description\":\"Shkruan Muhamet Nika ULQINI VOTOI PRO KREDIS\u00cb PREJ 25 MILION\u00cb EUROVE Edhe pse Kuvendi i Ulqinit sot pati sukses t\u00eb miratoj\u00eb vet\u00ebm vendimin e kredi marrjes\",\"breadcrumb\":{\"@id\":\"https:\/\/www.visit-ulcinj.com\/blog\/2015\/09\/23\/kuvendi-ulqinit-voton-pro-kredise-prej-25-milione-eurove\/#breadcrumb\"},\"inLanguage\":\"en-US\",\"potentialAction\":[{\"@type\":\"ReadAction\",\"target\":[\"https:\/\/www.visit-ulcinj.com\/blog\/2015\/09\/23\/kuvendi-ulqinit-voton-pro-kredise-prej-25-milione-eurove\/\"]}]},{\"@type\":\"BreadcrumbList\",\"@id\":\"https:\/\/www.visit-ulcinj.com\/blog\/2015\/09\/23\/kuvendi-ulqinit-voton-pro-kredise-prej-25-milione-eurove\/#breadcrumb\",\"itemListElement\":[{\"@type\":\"ListItem\",\"position\":1,\"name\":\"Kuvendi Ulqinit voton pro kredis\u00eb prej 25 milion\u00eb eurove\"}]},{\"@type\":\"Person\",\"@id\":\"https:\/\/www.visit-ulcinj.com\/blog\/#\/schema\/person\/dcab619c614d3038751c63bc2aadc06d\",\"name\":\"ulqini\",\"sameAs\":[\"http:\/\/www.visit-ulcinj.com\"],\"url\":\"https:\/\/www.visit-ulcinj.com\/blog\/author\/admin\/\"}]}<\/script>\n<!-- \/ Yoast SEO plugin. -->","yoast_head_json":{"title":"Kuvendi Ulqinit voton pro kredis\u00eb prej 25 milion\u00eb eurove - Lajme nga Ulqini","description":"Shkruan Muhamet Nika ULQINI VOTOI PRO KREDIS\u00cb PREJ 25 MILION\u00cb EUROVE Edhe pse Kuvendi i Ulqinit sot pati sukses t\u00eb miratoj\u00eb vet\u00ebm vendimin e kredi marrjes","robots":{"index":"index","follow":"follow","max-snippet":"max-snippet:-1","max-image-preview":"max-image-preview:large","max-video-preview":"max-video-preview:-1"},"canonical":"https:\/\/www.visit-ulcinj.com\/blog\/2015\/09\/23\/kuvendi-ulqinit-voton-pro-kredise-prej-25-milione-eurove\/","og_locale":"en_US","og_type":"article","og_title":"Kuvendi Ulqinit voton pro kredis\u00eb prej 25 milion\u00eb eurove - Lajme nga Ulqini","og_description":"Shkruan Muhamet Nika ULQINI VOTOI PRO KREDIS\u00cb PREJ 25 MILION\u00cb EUROVE Edhe pse Kuvendi i Ulqinit sot pati sukses t\u00eb miratoj\u00eb vet\u00ebm vendimin e kredi marrjes","og_url":"https:\/\/www.visit-ulcinj.com\/blog\/2015\/09\/23\/kuvendi-ulqinit-voton-pro-kredise-prej-25-milione-eurove\/","og_site_name":"Lajme nga Ulqini","article_published_time":"2015-09-23T15:53:39+00:00","article_modified_time":"2015-09-28T14:48:01+00:00","og_image":[{"url":"http:\/\/www.visit-ulcinj.com\/blog\/wp-content\/uploads\/2015\/09\/Kuvendi-Ulqinit.jpg"}],"twitter_misc":{"Written by":"ulqini","Est. reading time":"2 minutes"},"schema":{"@context":"https:\/\/schema.org","@graph":[{"@type":"WebSite","@id":"https:\/\/www.visit-ulcinj.com\/blog\/#website","url":"https:\/\/www.visit-ulcinj.com\/blog\/","name":"Lajme nga Ulqini","description":"Lajme,Vijesti,Ulqini,Ulqin,Crna Gora,Mali i Zi","potentialAction":[{"@type":"SearchAction","target":{"@type":"EntryPoint","urlTemplate":"https:\/\/www.visit-ulcinj.com\/blog\/?s={search_term_string}"},"query-input":"required name=search_term_string"}],"inLanguage":"en-US"},{"@type":"ImageObject","inLanguage":"en-US","@id":"https:\/\/www.visit-ulcinj.com\/blog\/2015\/09\/23\/kuvendi-ulqinit-voton-pro-kredise-prej-25-milione-eurove\/#primaryimage","url":"https:\/\/www.visit-ulcinj.com\/blog\/wp-content\/uploads\/2015\/09\/Kuvendi-Ulqinit.jpg","contentUrl":"https:\/\/www.visit-ulcinj.com\/blog\/wp-content\/uploads\/2015\/09\/Kuvendi-Ulqinit.jpg","width":640,"height":360},{"@type":"WebPage","@id":"https:\/\/www.visit-ulcinj.com\/blog\/2015\/09\/23\/kuvendi-ulqinit-voton-pro-kredise-prej-25-milione-eurove\/#webpage","url":"https:\/\/www.visit-ulcinj.com\/blog\/2015\/09\/23\/kuvendi-ulqinit-voton-pro-kredise-prej-25-milione-eurove\/","name":"Kuvendi Ulqinit voton pro kredis\u00eb prej 25 milion\u00eb eurove - Lajme nga Ulqini","isPartOf":{"@id":"https:\/\/www.visit-ulcinj.com\/blog\/#website"},"primaryImageOfPage":{"@id":"https:\/\/www.visit-ulcinj.com\/blog\/2015\/09\/23\/kuvendi-ulqinit-voton-pro-kredise-prej-25-milione-eurove\/#primaryimage"},"datePublished":"2015-09-23T15:53:39+00:00","dateModified":"2015-09-28T14:48:01+00:00","author":{"@id":"https:\/\/www.visit-ulcinj.com\/blog\/#\/schema\/person\/dcab619c614d3038751c63bc2aadc06d"},"description":"Shkruan Muhamet Nika ULQINI VOTOI PRO KREDIS\u00cb PREJ 25 MILION\u00cb EUROVE Edhe pse Kuvendi i Ulqinit sot pati sukses t\u00eb miratoj\u00eb vet\u00ebm vendimin e kredi marrjes","breadcrumb":{"@id":"https:\/\/www.visit-ulcinj.com\/blog\/2015\/09\/23\/kuvendi-ulqinit-voton-pro-kredise-prej-25-milione-eurove\/#breadcrumb"},"inLanguage":"en-US","potentialAction":[{"@type":"ReadAction","target":["https:\/\/www.visit-ulcinj.com\/blog\/2015\/09\/23\/kuvendi-ulqinit-voton-pro-kredise-prej-25-milione-eurove\/"]}]},{"@type":"BreadcrumbList","@id":"https:\/\/www.visit-ulcinj.com\/blog\/2015\/09\/23\/kuvendi-ulqinit-voton-pro-kredise-prej-25-milione-eurove\/#breadcrumb","itemListElement":[{"@type":"ListItem","position":1,"name":"Kuvendi Ulqinit voton pro kredis\u00eb prej 25 milion\u00eb eurove"}]},{"@type":"Person","@id":"https:\/\/www.visit-ulcinj.com\/blog\/#\/schema\/person\/dcab619c614d3038751c63bc2aadc06d","name":"ulqini","sameAs":["http:\/\/www.visit-ulcinj.com"],"url":"https:\/\/www.visit-ulcinj.com\/blog\/author\/admin\/"}]}},"jetpack_featured_media_url":"","jetpack_sharing_enabled":true,"jetpack_shortlink":"https:\/\/wp.me\/pe6lTn-o1L","_links":{"self":[{"href":"https:\/\/www.visit-ulcinj.com\/blog\/wp-json\/wp\/v2\/posts\/92365"}],"collection":[{"href":"https:\/\/www.visit-ulcinj.com\/blog\/wp-json\/wp\/v2\/posts"}],"about":[{"href":"https:\/\/www.visit-ulcinj.com\/blog\/wp-json\/wp\/v2\/types\/post"}],"author":[{"embeddable":true,"href":"https:\/\/www.visit-ulcinj.com\/blog\/wp-json\/wp\/v2\/users\/1"}],"replies":[{"embeddable":true,"href":"https:\/\/www.visit-ulcinj.com\/blog\/wp-json\/wp\/v2\/comments?post=92365"}],"version-history":[{"count":1,"href":"https:\/\/www.visit-ulcinj.com\/blog\/wp-json\/wp\/v2\/posts\/92365\/revisions"}],"predecessor-version":[{"id":92367,"href":"https:\/\/www.visit-ulcinj.com\/blog\/wp-json\/wp\/v2\/posts\/92365\/revisions\/92367"}],"wp:attachment":[{"href":"https:\/\/www.visit-ulcinj.com\/blog\/wp-json\/wp\/v2\/media?parent=92365"}],"wp:term":[{"taxonomy":"category","embeddable":true,"href":"https:\/\/www.visit-ulcinj.com\/blog\/wp-json\/wp\/v2\/categories?post=92365"},{"taxonomy":"post_tag","embeddable":true,"href":"https:\/\/www.visit-ulcinj.com\/blog\/wp-json\/wp\/v2\/tags?post=92365"}],"curies":[{"name":"wp","href":"https:\/\/api.w.org\/{rel}","templated":true}]}}