{"id":92375,"date":"2015-09-23T18:10:48","date_gmt":"2015-09-23T17:10:48","guid":{"rendered":"http:\/\/www.visit-ulcinj.com\/blog\/?p=92375"},"modified":"2015-09-23T18:10:48","modified_gmt":"2015-09-23T17:10:48","slug":"mali-zi-mbeshtet-pranimin-e-kosoves-ne-unesco","status":"publish","type":"post","link":"https:\/\/www.visit-ulcinj.com\/blog\/2015\/09\/23\/mali-zi-mbeshtet-pranimin-e-kosoves-ne-unesco\/","title":{"rendered":"Mali i Zi mb\u00ebshtet pranimin e Kosov\u00ebs n\u00eb UNESCO"},"content":{"rendered":"<p><strong><a href=\"http:\/\/www.visit-ulcinj.com\/blog\/wp-content\/uploads\/2015\/09\/Thaci-Gjukanivic.jpg\"><img loading=\"lazy\" class=\"alignleft wp-image-92376\" src=\"http:\/\/www.visit-ulcinj.com\/blog\/wp-content\/uploads\/2015\/09\/Thaci-Gjukanivic.jpg\" alt=\"Thaci-Gjukanivic\" width=\"508\" height=\"285\" srcset=\"https:\/\/www.visit-ulcinj.com\/blog\/wp-content\/uploads\/2015\/09\/Thaci-Gjukanivic.jpg 620w, https:\/\/www.visit-ulcinj.com\/blog\/wp-content\/uploads\/2015\/09\/Thaci-Gjukanivic-300x168.jpg 300w\" sizes=\"(max-width: 508px) 100vw, 508px\" \/><\/a>Mali i Zi nuk do t\u00eb ndryshoj\u00eb kursin politik karshi Kosov\u00ebs.<\/strong><\/p>\n<p>Tani ky shtet fqinj pritet q\u00eb ta mb\u00ebshtes\u00eb Kosov\u00ebn edhe n\u00eb an\u00ebtar\u00ebsimin n\u00eb UNESCO, pavar\u00ebsisht kund\u00ebrshtimeve nga Serbia, dhe atyre t\u00eb komunitetit serb n\u00eb Mal t\u00eb Zi.<\/p>\n<p>Gazeta beogradase \u201cNovosti\u201d shkruan se kursi i politik\u00ebs zyrtare t\u00eb Malit t\u00eb Zi, i cili ka filluar me njohjen e pavar\u00ebsis\u00eb, organizimin e vizit\u00ebs zyrtare t\u00eb Hashim Tha\u00e7it n\u00eb Podgoric\u00eb dhe paralajm\u00ebrimi p\u00ebr hapje t\u00eb ambasad\u00ebs n\u00eb Prishtin\u00eb, do t\u00eb vazhdoj\u00eb me mb\u00ebshtetjen Prishtin\u00ebs p\u00ebr an\u00ebtar\u00ebsim n\u00eb UNESCO, transmeton lajmi.net.<\/p>\n<p>\u201cMali i Zi p\u00ebr k\u00ebt\u00eb \u00e7\u00ebshtje t\u00eb marr\u00eb nj\u00eb q\u00ebndrim kur vjen koha e seanc\u00ebs, dhe at\u00eb n\u00eb baz\u00eb t\u00eb kursit t\u00eb tanish\u00ebm politik p\u00ebr rajonin\u201d, ka th\u00ebn\u00eb ministri i Jasht\u00ebm malazez Igor Luksiq. Mali i Zi nuk do t\u00eb ndryshoj\u00eb kursin politik karshi Kosov\u00ebs.<\/p>\n<p>Bordi Ekzekutiv i UNESCO-s do t\u00eb shqyrtoj\u00eb k\u00ebrkes\u00ebn p\u00ebr an\u00ebtar\u00ebsim t\u00eb Kosov\u00ebs m\u00eb 3 tetor dhe sipas \u201cNovostit\u201d, rrjedhimisht kjo deklarat\u00eb e Luksiqit n\u00ebnkupton edhe mb\u00ebshtetje p\u00ebr k\u00ebrkes\u00ebn e Kosov\u00ebs.<\/p>\n<p>RTK<\/p>\n","protected":false},"excerpt":{"rendered":"<p>Mali i Zi nuk do t\u00eb ndryshoj\u00eb kursin politik karshi Kosov\u00ebs. Tani ky shtet fqinj pritet q\u00eb ta mb\u00ebshtes\u00eb Kosov\u00ebn edhe n\u00eb an\u00ebtar\u00ebsimin n\u00eb UNESCO, pavar\u00ebsisht kund\u00ebrshtimeve nga Serbia, dhe atyre t\u00eb komunitetit serb n\u00eb Mal t\u00eb Zi. Gazeta beogradase \u201cNovosti\u201d shkruan se kursi i politik\u00ebs zyrtare t\u00eb Malit t\u00eb Zi, i cili ka filluar [&hellip;]<\/p>\n","protected":false},"author":1,"featured_media":0,"comment_status":"closed","ping_status":"closed","sticky":false,"template":"","format":"standard","meta":{"spay_email":"","jetpack_publicize_message":"","jetpack_is_tweetstorm":false,"jetpack_publicize_feature_enabled":true},"categories":[6950],"tags":[],"jetpack_publicize_connections":[],"yoast_head":"<!-- This site is optimized with the Yoast SEO plugin v19.1 - https:\/\/yoast.com\/wordpress\/plugins\/seo\/ -->\n<title>Mali i Zi mb\u00ebshtet pranimin e Kosov\u00ebs n\u00eb UNESCO - Lajme nga Ulqini<\/title>\n<meta name=\"description\" content=\"Mali i Zi nuk do t\u00eb ndryshoj\u00eb kursin politik karshi Kosov\u00ebs. Tani ky shtet fqinj pritet q\u00eb ta mb\u00ebshtes\u00eb Kosov\u00ebn edhe n\u00eb an\u00ebtar\u00ebsimin n\u00eb UNESCO,\" \/>\n<meta name=\"robots\" content=\"index, follow, max-snippet:-1, max-image-preview:large, max-video-preview:-1\" \/>\n<link rel=\"canonical\" href=\"https:\/\/www.visit-ulcinj.com\/blog\/2015\/09\/23\/mali-zi-mbeshtet-pranimin-e-kosoves-ne-unesco\/\" \/>\n<meta property=\"og:locale\" content=\"en_US\" \/>\n<meta property=\"og:type\" content=\"article\" \/>\n<meta property=\"og:title\" content=\"Mali i Zi mb\u00ebshtet pranimin e Kosov\u00ebs n\u00eb UNESCO - Lajme nga Ulqini\" \/>\n<meta property=\"og:description\" content=\"Mali i Zi nuk do t\u00eb ndryshoj\u00eb kursin politik karshi Kosov\u00ebs. Tani ky shtet fqinj pritet q\u00eb ta mb\u00ebshtes\u00eb Kosov\u00ebn edhe n\u00eb an\u00ebtar\u00ebsimin n\u00eb UNESCO,\" \/>\n<meta property=\"og:url\" content=\"https:\/\/www.visit-ulcinj.com\/blog\/2015\/09\/23\/mali-zi-mbeshtet-pranimin-e-kosoves-ne-unesco\/\" \/>\n<meta property=\"og:site_name\" content=\"Lajme nga Ulqini\" \/>\n<meta property=\"article:published_time\" content=\"2015-09-23T17:10:48+00:00\" \/>\n<meta property=\"og:image\" content=\"http:\/\/www.visit-ulcinj.com\/blog\/wp-content\/uploads\/2015\/09\/Thaci-Gjukanivic.jpg\" \/>\n<meta name=\"twitter:label1\" content=\"Written by\" \/>\n\t<meta name=\"twitter:data1\" content=\"ulqini\" \/>\n\t<meta name=\"twitter:label2\" content=\"Est. reading time\" \/>\n\t<meta name=\"twitter:data2\" content=\"1 minute\" \/>\n<script type=\"application\/ld+json\" class=\"yoast-schema-graph\">{\"@context\":\"https:\/\/schema.org\",\"@graph\":[{\"@type\":\"WebSite\",\"@id\":\"https:\/\/www.visit-ulcinj.com\/blog\/#website\",\"url\":\"https:\/\/www.visit-ulcinj.com\/blog\/\",\"name\":\"Lajme nga Ulqini\",\"description\":\"Lajme,Vijesti,Ulqini,Ulqin,Crna Gora,Mali i Zi\",\"potentialAction\":[{\"@type\":\"SearchAction\",\"target\":{\"@type\":\"EntryPoint\",\"urlTemplate\":\"https:\/\/www.visit-ulcinj.com\/blog\/?s={search_term_string}\"},\"query-input\":\"required name=search_term_string\"}],\"inLanguage\":\"en-US\"},{\"@type\":\"ImageObject\",\"inLanguage\":\"en-US\",\"@id\":\"https:\/\/www.visit-ulcinj.com\/blog\/2015\/09\/23\/mali-zi-mbeshtet-pranimin-e-kosoves-ne-unesco\/#primaryimage\",\"url\":\"https:\/\/www.visit-ulcinj.com\/blog\/wp-content\/uploads\/2015\/09\/Thaci-Gjukanivic.jpg\",\"contentUrl\":\"https:\/\/www.visit-ulcinj.com\/blog\/wp-content\/uploads\/2015\/09\/Thaci-Gjukanivic.jpg\",\"width\":620,\"height\":348},{\"@type\":\"WebPage\",\"@id\":\"https:\/\/www.visit-ulcinj.com\/blog\/2015\/09\/23\/mali-zi-mbeshtet-pranimin-e-kosoves-ne-unesco\/#webpage\",\"url\":\"https:\/\/www.visit-ulcinj.com\/blog\/2015\/09\/23\/mali-zi-mbeshtet-pranimin-e-kosoves-ne-unesco\/\",\"name\":\"Mali i Zi mb\u00ebshtet pranimin e Kosov\u00ebs n\u00eb UNESCO - Lajme nga Ulqini\",\"isPartOf\":{\"@id\":\"https:\/\/www.visit-ulcinj.com\/blog\/#website\"},\"primaryImageOfPage\":{\"@id\":\"https:\/\/www.visit-ulcinj.com\/blog\/2015\/09\/23\/mali-zi-mbeshtet-pranimin-e-kosoves-ne-unesco\/#primaryimage\"},\"datePublished\":\"2015-09-23T17:10:48+00:00\",\"dateModified\":\"2015-09-23T17:10:48+00:00\",\"author\":{\"@id\":\"https:\/\/www.visit-ulcinj.com\/blog\/#\/schema\/person\/dcab619c614d3038751c63bc2aadc06d\"},\"description\":\"Mali i Zi nuk do t\u00eb ndryshoj\u00eb kursin politik karshi Kosov\u00ebs. Tani ky shtet fqinj pritet q\u00eb ta mb\u00ebshtes\u00eb Kosov\u00ebn edhe n\u00eb an\u00ebtar\u00ebsimin n\u00eb UNESCO,\",\"breadcrumb\":{\"@id\":\"https:\/\/www.visit-ulcinj.com\/blog\/2015\/09\/23\/mali-zi-mbeshtet-pranimin-e-kosoves-ne-unesco\/#breadcrumb\"},\"inLanguage\":\"en-US\",\"potentialAction\":[{\"@type\":\"ReadAction\",\"target\":[\"https:\/\/www.visit-ulcinj.com\/blog\/2015\/09\/23\/mali-zi-mbeshtet-pranimin-e-kosoves-ne-unesco\/\"]}]},{\"@type\":\"BreadcrumbList\",\"@id\":\"https:\/\/www.visit-ulcinj.com\/blog\/2015\/09\/23\/mali-zi-mbeshtet-pranimin-e-kosoves-ne-unesco\/#breadcrumb\",\"itemListElement\":[{\"@type\":\"ListItem\",\"position\":1,\"name\":\"Mali i Zi mb\u00ebshtet pranimin e Kosov\u00ebs n\u00eb UNESCO\"}]},{\"@type\":\"Person\",\"@id\":\"https:\/\/www.visit-ulcinj.com\/blog\/#\/schema\/person\/dcab619c614d3038751c63bc2aadc06d\",\"name\":\"ulqini\",\"sameAs\":[\"http:\/\/www.visit-ulcinj.com\"],\"url\":\"https:\/\/www.visit-ulcinj.com\/blog\/author\/admin\/\"}]}<\/script>\n<!-- \/ Yoast SEO plugin. -->","yoast_head_json":{"title":"Mali i Zi mb\u00ebshtet pranimin e Kosov\u00ebs n\u00eb UNESCO - Lajme nga Ulqini","description":"Mali i Zi nuk do t\u00eb ndryshoj\u00eb kursin politik karshi Kosov\u00ebs. Tani ky shtet fqinj pritet q\u00eb ta mb\u00ebshtes\u00eb Kosov\u00ebn edhe n\u00eb an\u00ebtar\u00ebsimin n\u00eb UNESCO,","robots":{"index":"index","follow":"follow","max-snippet":"max-snippet:-1","max-image-preview":"max-image-preview:large","max-video-preview":"max-video-preview:-1"},"canonical":"https:\/\/www.visit-ulcinj.com\/blog\/2015\/09\/23\/mali-zi-mbeshtet-pranimin-e-kosoves-ne-unesco\/","og_locale":"en_US","og_type":"article","og_title":"Mali i Zi mb\u00ebshtet pranimin e Kosov\u00ebs n\u00eb UNESCO - Lajme nga Ulqini","og_description":"Mali i Zi nuk do t\u00eb ndryshoj\u00eb kursin politik karshi Kosov\u00ebs. Tani ky shtet fqinj pritet q\u00eb ta mb\u00ebshtes\u00eb Kosov\u00ebn edhe n\u00eb an\u00ebtar\u00ebsimin n\u00eb UNESCO,","og_url":"https:\/\/www.visit-ulcinj.com\/blog\/2015\/09\/23\/mali-zi-mbeshtet-pranimin-e-kosoves-ne-unesco\/","og_site_name":"Lajme nga Ulqini","article_published_time":"2015-09-23T17:10:48+00:00","og_image":[{"url":"http:\/\/www.visit-ulcinj.com\/blog\/wp-content\/uploads\/2015\/09\/Thaci-Gjukanivic.jpg"}],"twitter_misc":{"Written by":"ulqini","Est. reading time":"1 minute"},"schema":{"@context":"https:\/\/schema.org","@graph":[{"@type":"WebSite","@id":"https:\/\/www.visit-ulcinj.com\/blog\/#website","url":"https:\/\/www.visit-ulcinj.com\/blog\/","name":"Lajme nga Ulqini","description":"Lajme,Vijesti,Ulqini,Ulqin,Crna Gora,Mali i Zi","potentialAction":[{"@type":"SearchAction","target":{"@type":"EntryPoint","urlTemplate":"https:\/\/www.visit-ulcinj.com\/blog\/?s={search_term_string}"},"query-input":"required name=search_term_string"}],"inLanguage":"en-US"},{"@type":"ImageObject","inLanguage":"en-US","@id":"https:\/\/www.visit-ulcinj.com\/blog\/2015\/09\/23\/mali-zi-mbeshtet-pranimin-e-kosoves-ne-unesco\/#primaryimage","url":"https:\/\/www.visit-ulcinj.com\/blog\/wp-content\/uploads\/2015\/09\/Thaci-Gjukanivic.jpg","contentUrl":"https:\/\/www.visit-ulcinj.com\/blog\/wp-content\/uploads\/2015\/09\/Thaci-Gjukanivic.jpg","width":620,"height":348},{"@type":"WebPage","@id":"https:\/\/www.visit-ulcinj.com\/blog\/2015\/09\/23\/mali-zi-mbeshtet-pranimin-e-kosoves-ne-unesco\/#webpage","url":"https:\/\/www.visit-ulcinj.com\/blog\/2015\/09\/23\/mali-zi-mbeshtet-pranimin-e-kosoves-ne-unesco\/","name":"Mali i Zi mb\u00ebshtet pranimin e Kosov\u00ebs n\u00eb UNESCO - Lajme nga Ulqini","isPartOf":{"@id":"https:\/\/www.visit-ulcinj.com\/blog\/#website"},"primaryImageOfPage":{"@id":"https:\/\/www.visit-ulcinj.com\/blog\/2015\/09\/23\/mali-zi-mbeshtet-pranimin-e-kosoves-ne-unesco\/#primaryimage"},"datePublished":"2015-09-23T17:10:48+00:00","dateModified":"2015-09-23T17:10:48+00:00","author":{"@id":"https:\/\/www.visit-ulcinj.com\/blog\/#\/schema\/person\/dcab619c614d3038751c63bc2aadc06d"},"description":"Mali i Zi nuk do t\u00eb ndryshoj\u00eb kursin politik karshi Kosov\u00ebs. Tani ky shtet fqinj pritet q\u00eb ta mb\u00ebshtes\u00eb Kosov\u00ebn edhe n\u00eb an\u00ebtar\u00ebsimin n\u00eb UNESCO,","breadcrumb":{"@id":"https:\/\/www.visit-ulcinj.com\/blog\/2015\/09\/23\/mali-zi-mbeshtet-pranimin-e-kosoves-ne-unesco\/#breadcrumb"},"inLanguage":"en-US","potentialAction":[{"@type":"ReadAction","target":["https:\/\/www.visit-ulcinj.com\/blog\/2015\/09\/23\/mali-zi-mbeshtet-pranimin-e-kosoves-ne-unesco\/"]}]},{"@type":"BreadcrumbList","@id":"https:\/\/www.visit-ulcinj.com\/blog\/2015\/09\/23\/mali-zi-mbeshtet-pranimin-e-kosoves-ne-unesco\/#breadcrumb","itemListElement":[{"@type":"ListItem","position":1,"name":"Mali i Zi mb\u00ebshtet pranimin e Kosov\u00ebs n\u00eb UNESCO"}]},{"@type":"Person","@id":"https:\/\/www.visit-ulcinj.com\/blog\/#\/schema\/person\/dcab619c614d3038751c63bc2aadc06d","name":"ulqini","sameAs":["http:\/\/www.visit-ulcinj.com"],"url":"https:\/\/www.visit-ulcinj.com\/blog\/author\/admin\/"}]}},"jetpack_featured_media_url":"","jetpack_sharing_enabled":true,"jetpack_shortlink":"https:\/\/wp.me\/pe6lTn-o1V","_links":{"self":[{"href":"https:\/\/www.visit-ulcinj.com\/blog\/wp-json\/wp\/v2\/posts\/92375"}],"collection":[{"href":"https:\/\/www.visit-ulcinj.com\/blog\/wp-json\/wp\/v2\/posts"}],"about":[{"href":"https:\/\/www.visit-ulcinj.com\/blog\/wp-json\/wp\/v2\/types\/post"}],"author":[{"embeddable":true,"href":"https:\/\/www.visit-ulcinj.com\/blog\/wp-json\/wp\/v2\/users\/1"}],"replies":[{"embeddable":true,"href":"https:\/\/www.visit-ulcinj.com\/blog\/wp-json\/wp\/v2\/comments?post=92375"}],"version-history":[{"count":1,"href":"https:\/\/www.visit-ulcinj.com\/blog\/wp-json\/wp\/v2\/posts\/92375\/revisions"}],"predecessor-version":[{"id":92377,"href":"https:\/\/www.visit-ulcinj.com\/blog\/wp-json\/wp\/v2\/posts\/92375\/revisions\/92377"}],"wp:attachment":[{"href":"https:\/\/www.visit-ulcinj.com\/blog\/wp-json\/wp\/v2\/media?parent=92375"}],"wp:term":[{"taxonomy":"category","embeddable":true,"href":"https:\/\/www.visit-ulcinj.com\/blog\/wp-json\/wp\/v2\/categories?post=92375"},{"taxonomy":"post_tag","embeddable":true,"href":"https:\/\/www.visit-ulcinj.com\/blog\/wp-json\/wp\/v2\/tags?post=92375"}],"curies":[{"name":"wp","href":"https:\/\/api.w.org\/{rel}","templated":true}]}}