{"id":92378,"date":"2015-09-23T18:18:58","date_gmt":"2015-09-23T17:18:58","guid":{"rendered":"http:\/\/www.visit-ulcinj.com\/blog\/?p=92378"},"modified":"2015-09-23T18:18:58","modified_gmt":"2015-09-23T17:18:58","slug":"poeti-basri-capriqi-laureat-cmimit-naim-frasheri","status":"publish","type":"post","link":"https:\/\/www.visit-ulcinj.com\/blog\/2015\/09\/23\/poeti-basri-capriqi-laureat-cmimit-naim-frasheri\/","title":{"rendered":"Poeti Basri \u00c7apriqi \u2013 laureat i \u00e7mimit \u201cNaim Frash\u00ebri\u201d"},"content":{"rendered":"<p><a href=\"http:\/\/www.visit-ulcinj.com\/blog\/wp-content\/uploads\/2015\/09\/Basri-Capriqi.jpg\"><img loading=\"lazy\" class=\"alignleft wp-image-92379\" src=\"http:\/\/www.visit-ulcinj.com\/blog\/wp-content\/uploads\/2015\/09\/Basri-Capriqi.jpg\" alt=\"Basri Capriqi\" width=\"508\" height=\"484\" srcset=\"https:\/\/www.visit-ulcinj.com\/blog\/wp-content\/uploads\/2015\/09\/Basri-Capriqi.jpg 999w, https:\/\/www.visit-ulcinj.com\/blog\/wp-content\/uploads\/2015\/09\/Basri-Capriqi-300x286.jpg 300w\" sizes=\"(max-width: 508px) 100vw, 508px\" \/><\/a>Fitues i \u00e7mimit t\u00eb madh \u201cNaim Frash\u00ebri\u201d i Edicionit XIX t\u00eb Festivalit Nd\u00ebrkomb\u00ebtar t\u00eb Poezis\u00eb \u201cDit\u00ebt e Naimit\u201d \u00ebsht\u00eb poeti I njohur shqiptar, Basri \u00c7apriqi. Ky \u00ebsht\u00eb vendim i Juris\u00eb s\u00eb Festivalit i p\u00ebrb\u00ebr\u00eb nga poeti dhe studjuesi Salajdin Salihu (kryetar), poet\u00ebt Ndue Ukaj\u00a0(an\u00ebtar) dhe Haxhi Shabani (an\u00ebtar). Drejtoria e Festivalit, gjithashtu ka shpall laureatin e sivjetsh\u00ebm edhe An\u00ebtar Nderi t\u00eb Festivalit. Festivali Nd\u00ebrkomb\u00ebtar i Poezis\u00eb \u201cDit\u00ebt e Naimit\u201d do t\u00eb mbahet prej 15 \u2013 18 tetor 2015, n\u00eb qytetin e Tetov\u00ebs.<br \/>\nKjo u b\u00eb e ditur n\u00eb nj\u00eb Konferenc\u00eb shtypi t\u00eb mbajtur m\u00eb 22 shtator n\u00eb Qendr\u00ebn Kulturore n\u00eb Tetov\u00eb, nga drejtori i Festivalit Nd\u00ebrkomb\u00ebtar t\u00eb Poezis\u00eb \u201cDit\u00ebt e Naimit\u201d, Shaip Em\u00ebrllahu dhe kryetari i Juris\u00eb s\u00eb Festivalit, Salajdin Salihu. N\u00eb fillim, drejtori Em\u00ebrllahu tha se, \u00c7mimi i madh letrar \u201cNaim Frash\u00ebri\u201d, jepet me motivacionin\u00a0\u201cP\u00ebr vlera t\u00eb larta artistike\u201d poet\u00ebve nga mbar\u00eb bota. K\u00ebt\u00eb \u00e7mim m\u00eb her\u00ebt e kan\u00eb marr\u00eb emra t\u00eb njohur t\u00eb let\u00ebrsis\u00eb shqiptare dhe asaj t\u00eb huaj, si: Ismail Kadare (Shqip\u00ebri), Desmond Egan (Irland\u00eb), Thomas Tidholm (Suedi), Manlio Argueta (Salvador), Ali Podrimja (Kosov\u00eb), Fatos Arapi (Shqip\u00ebri), Lionel Ray (Franc\u00eb), Abdelatif Laabi (Marok), Eva Lipska (Poloni), Tua Forstrom (Finland\u00eb), Craig Czury (SHBA), Athanase Vantcev de Thracy, Sebastiano Grasso (Itali) etj.<br \/>\nDrejtori i Festivalit, n\u00eb vazhdim lexoi deklarat\u00ebn, t\u00eb cil\u00ebn laureati \u00c7apriqi, ia d\u00ebrgoi Drejtoris\u00eb, me rastin e marrjes s\u00eb \u00e7mimit letrar \u201cNaim Frash\u00ebri\u201d. \u201cI dashur Shaip, jam shum\u00eb i nderuar q\u00eb juria profesionale ka vendosur q\u00eb \u00e7mimin kryesor t\u00eb Festivalit, \u201cNaim Frasheri\u201d p\u00ebr k\u00ebt\u00eb vit t\u00eb ma japin mua. Falenderoj Jurin\u00eb, si dhe Drejtorin\u00eb e Festivalit p\u00ebr k\u00ebt\u00eb nder q\u00eb m\u00eb b\u00ebhet, duke m\u00eb futur n\u00eb nj\u00eb shoq\u00ebri emrash t\u00eb respektuar laureat\u00ebsh t\u00eb k\u00ebtij Festivali. Uroj q\u00eb ky edicion t\u00eb ket\u00eb sukses. Mirupafshim n\u00eb hapjen e Festivalit, Basri \u00c7apriqi\u201d.<\/p>\n<p>Kryetari i Juris\u00eb s\u00eb Festivalit, Salajdin Salihu, paraqiti motivimin e dh\u00ebnies s\u00eb \u00e7imimit letrar \u201cNaim Frash\u00ebri\u201d t\u00eb FNP \u201cDit\u00ebt e Naimit\u201d. \u201cBasri \u00c7apriqi \u00ebsht\u00eb z\u00eb i ve\u00e7ant\u00eb dhe origjinal n\u00eb poezin\u00eb e sotme shqipe. Ai \u00ebsht\u00eb poet i vet\u00ebdijes postmoderniste dhe i diskursit urban. Poezia e tij \u00ebsht\u00eb shum\u00ebshtresore, e shum\u00ebkuptimshme dhe shum\u00ebdimensionale, e cila na shpalos p\u00ebrmasa t\u00eb ndryshme ekzistenciale dhe g\u00ebrsheton motive q\u00eb nd\u00ebrlidhen me aktualen, mitiken, intim\u00ebn njer\u00ebzore dhe p\u00ebrfiton dimensione universale. Basri \u00c7apriqi \u00ebsht\u00eb nj\u00ebr nd\u00ebr poet\u00ebt m\u00eb cil\u00ebsor\u00eb t\u00eb sistemit poetik shqiptar\u201d.<br \/>\nAi m\u00eb pas lexoi nj\u00eb biografi t\u00eb shkurt\u00ebr t\u00eb fituesit, ku theksoi se, Basri \u00c7apriqi ka lindur n\u00eb Ulqin n\u00eb vitin 1960. Ka mbaruar shkollimin e mes\u00ebm n\u00eb Ulqin. N\u00eb Universitetin e Prishrin\u00ebs ka studiuar let\u00ebrsi shqipe, ku ka marr\u00eb grad\u00ebn magjist\u00ebr i shkencave filologjike n\u00eb vitin 1988. N\u00eb vitin 2004 merr grad\u00ebn shkencore Ph. D. n\u00eb Prishtin\u00eb n\u00eb fush\u00ebn e shkencave filologjike. Punon profesor n\u00eb Universitetin e Prishtin\u00ebs, ku ligj\u00ebron l\u00ebnd\u00ebt; Stilistik\u00eb, Semiologji dhe poezi bashk\u00ebkohore. Poezit\u00eb e tij jan\u00eb p\u00ebrfshir\u00eb n\u00eb shum\u00eb antologji t\u00eb poezis\u00eb shqipe dhe n\u00eb antologji t\u00eb poezis\u00eb bashk\u00ebkohore n\u00eb gjuh\u00eb t\u00eb ndryshme. Poezit\u00eb i jan\u00eb p\u00ebrkthyer n\u00eb anglisht, frengjisht, gjermanisht, rumanisht, polonisht, serbokroatisht, turqisht, arabisht, maqedonisht. \u00cbsht\u00eb Kryetar i PEN Qendr\u00ebs s\u00eb Kosov\u00ebs dhe nj\u00ebherit themelues n\u00eb vitin 2004. Ka qen\u00eb Kryetar i Bordit t\u00eb Universitetit t\u00eb Prishtin\u00ebs, kurse nga viti 2012 \u00ebsht\u00eb an\u00ebtar i Akademis\u00eb Shqiptare t\u00eb Arteve dhe Shkencave.<br \/>\nShkruan poezi, kritik\u00eb letrare, ese, publicistik\u00eb. Ka botuar shtat\u00eb p\u00ebrmbledhje me poezi dhe pes\u00eb libra me kritik\u00eb letrare dhe studime. Librat m\u00eb t\u00eb njohur me poezi jan\u00eb: \u201cUlli me dymij\u00eb unaza\u201d, \u201cMa qet gjuh\u00ebn\u201d, \u201cFrutat bizare\u201d, \u201cZbutja e gjarprit\u201d, \u201cP\u00ebrkryrja e shiut\u201d. Librat me kritik\u00eb: \u201cMikrostruktura e tekstit\u201d, \u201cSimboli dhe rival\u00ebt e tij\u201d, \u201cParadigma kadareane\u201d etj.<br \/>\nKa marr\u00eb disa \u00e7mime letrare p\u00ebr poezin\u00eb e tij: \u00c7mimi i Mitingut t\u00eb Poezis\u00eb n\u00eb Gjakov\u00eb (1996, 2007), \u00c7mimi Vjetor i Art Club, Ulqin, \u00c7mimi Lasgush Poradeci, Shqip\u00ebri (1992), Medalen e Argjend\u00ebt, n\u00eb kompeticionin p\u00ebr poezi n\u00eb Internacional Saloon of The Academie Europeenne Des Arts, Bruksel (2007)<\/p>\n<p>N\u00eb fund t\u00eb Konferenc\u00ebs, drejtori Shaip Em\u00ebrllahu, theksoi se, n\u00eb edicionin e sivjet\u00ebm t\u00eb Festivalit kan\u00eb konfirmuar ardhjen 36 poet\u00eb nga vende t\u00eb ndryshme t\u00eb bot\u00ebs, si: SHBA, Argjentin\u00eb, Kolumbi, Meksik\u00eb, Kanada, Japoni, Angli, Danimark\u00eb, Gjermani, Franc\u00eb, Itali, Poloni, Izrael, Greqi, Armeni, Maroko, Slloveni, Bullgari dhe poet\u00eb shqiptare nga Diaspora, Mali i Zi, Shqip\u00ebria, Kosova dhe Maqedonia.<br \/>\nProgramin e k\u00ebtij edicioni pritet ta karakterizoj\u00eb nj\u00eb p\u00ebrmbajtje e larmishme kulturore e letrare. K\u00ebshtu, n\u00eb kuad\u00ebr t\u00eb tij, do t\u00eb mbahet disa lexime poetike, do t\u00eb hapet nj\u00eb ekspozit\u00eb pikturash, do t\u00eb promovohen libra, do t\u00eb vizitohen lokalitete kulturore dhe historike etj.<\/p>\n<p><strong>Koha net<br \/>\n<\/strong><\/p>\n","protected":false},"excerpt":{"rendered":"<p>Fitues i \u00e7mimit t\u00eb madh \u201cNaim Frash\u00ebri\u201d i Edicionit XIX t\u00eb Festivalit Nd\u00ebrkomb\u00ebtar t\u00eb Poezis\u00eb \u201cDit\u00ebt e Naimit\u201d \u00ebsht\u00eb poeti I njohur shqiptar, Basri \u00c7apriqi. Ky \u00ebsht\u00eb vendim i Juris\u00eb s\u00eb Festivalit i p\u00ebrb\u00ebr\u00eb nga poeti dhe studjuesi Salajdin Salihu (kryetar), poet\u00ebt Ndue Ukaj\u00a0(an\u00ebtar) dhe Haxhi Shabani (an\u00ebtar). Drejtoria e Festivalit, gjithashtu ka shpall laureatin [&hellip;]<\/p>\n","protected":false},"author":1,"featured_media":0,"comment_status":"closed","ping_status":"closed","sticky":false,"template":"","format":"standard","meta":{"spay_email":"","jetpack_publicize_message":"","jetpack_is_tweetstorm":false,"jetpack_publicize_feature_enabled":true},"categories":[4],"tags":[],"jetpack_publicize_connections":[],"yoast_head":"<!-- This site is optimized with the Yoast SEO plugin v19.1 - https:\/\/yoast.com\/wordpress\/plugins\/seo\/ -->\n<title>Poeti Basri \u00c7apriqi \u2013 laureat i \u00e7mimit \u201cNaim Frash\u00ebri\u201d - Lajme nga Ulqini<\/title>\n<meta name=\"description\" content=\"Fitues i \u00e7mimit t\u00eb madh \u201cNaim Frash\u00ebri\u201d i Edicionit XIX t\u00eb Festivalit Nd\u00ebrkomb\u00ebtar t\u00eb Poezis\u00eb \u201cDit\u00ebt e Naimit\u201d \u00ebsht\u00eb poeti I njohur shqiptar, Basri\" \/>\n<meta name=\"robots\" content=\"index, follow, max-snippet:-1, max-image-preview:large, max-video-preview:-1\" \/>\n<link rel=\"canonical\" href=\"https:\/\/www.visit-ulcinj.com\/blog\/2015\/09\/23\/poeti-basri-capriqi-laureat-cmimit-naim-frasheri\/\" \/>\n<meta property=\"og:locale\" content=\"en_US\" \/>\n<meta property=\"og:type\" content=\"article\" \/>\n<meta property=\"og:title\" content=\"Poeti Basri \u00c7apriqi \u2013 laureat i \u00e7mimit \u201cNaim Frash\u00ebri\u201d - Lajme nga Ulqini\" \/>\n<meta property=\"og:description\" content=\"Fitues i \u00e7mimit t\u00eb madh \u201cNaim Frash\u00ebri\u201d i Edicionit XIX t\u00eb Festivalit Nd\u00ebrkomb\u00ebtar t\u00eb Poezis\u00eb \u201cDit\u00ebt e Naimit\u201d \u00ebsht\u00eb poeti I njohur shqiptar, Basri\" \/>\n<meta property=\"og:url\" content=\"https:\/\/www.visit-ulcinj.com\/blog\/2015\/09\/23\/poeti-basri-capriqi-laureat-cmimit-naim-frasheri\/\" \/>\n<meta property=\"og:site_name\" content=\"Lajme nga Ulqini\" \/>\n<meta property=\"article:published_time\" content=\"2015-09-23T17:18:58+00:00\" \/>\n<meta property=\"og:image\" content=\"http:\/\/www.visit-ulcinj.com\/blog\/wp-content\/uploads\/2015\/09\/Basri-Capriqi.jpg\" \/>\n<meta name=\"twitter:label1\" content=\"Written by\" \/>\n\t<meta name=\"twitter:data1\" content=\"ulqini\" \/>\n\t<meta name=\"twitter:label2\" content=\"Est. reading time\" \/>\n\t<meta name=\"twitter:data2\" content=\"4 minutes\" \/>\n<script type=\"application\/ld+json\" class=\"yoast-schema-graph\">{\"@context\":\"https:\/\/schema.org\",\"@graph\":[{\"@type\":\"WebSite\",\"@id\":\"https:\/\/www.visit-ulcinj.com\/blog\/#website\",\"url\":\"https:\/\/www.visit-ulcinj.com\/blog\/\",\"name\":\"Lajme nga Ulqini\",\"description\":\"Lajme,Vijesti,Ulqini,Ulqin,Crna Gora,Mali i Zi\",\"potentialAction\":[{\"@type\":\"SearchAction\",\"target\":{\"@type\":\"EntryPoint\",\"urlTemplate\":\"https:\/\/www.visit-ulcinj.com\/blog\/?s={search_term_string}\"},\"query-input\":\"required name=search_term_string\"}],\"inLanguage\":\"en-US\"},{\"@type\":\"ImageObject\",\"inLanguage\":\"en-US\",\"@id\":\"https:\/\/www.visit-ulcinj.com\/blog\/2015\/09\/23\/poeti-basri-capriqi-laureat-cmimit-naim-frasheri\/#primaryimage\",\"url\":\"https:\/\/www.visit-ulcinj.com\/blog\/wp-content\/uploads\/2015\/09\/Basri-Capriqi.jpg\",\"contentUrl\":\"https:\/\/www.visit-ulcinj.com\/blog\/wp-content\/uploads\/2015\/09\/Basri-Capriqi.jpg\",\"width\":999,\"height\":952},{\"@type\":\"WebPage\",\"@id\":\"https:\/\/www.visit-ulcinj.com\/blog\/2015\/09\/23\/poeti-basri-capriqi-laureat-cmimit-naim-frasheri\/#webpage\",\"url\":\"https:\/\/www.visit-ulcinj.com\/blog\/2015\/09\/23\/poeti-basri-capriqi-laureat-cmimit-naim-frasheri\/\",\"name\":\"Poeti Basri \u00c7apriqi \u2013 laureat i \u00e7mimit \u201cNaim Frash\u00ebri\u201d - Lajme nga Ulqini\",\"isPartOf\":{\"@id\":\"https:\/\/www.visit-ulcinj.com\/blog\/#website\"},\"primaryImageOfPage\":{\"@id\":\"https:\/\/www.visit-ulcinj.com\/blog\/2015\/09\/23\/poeti-basri-capriqi-laureat-cmimit-naim-frasheri\/#primaryimage\"},\"datePublished\":\"2015-09-23T17:18:58+00:00\",\"dateModified\":\"2015-09-23T17:18:58+00:00\",\"author\":{\"@id\":\"https:\/\/www.visit-ulcinj.com\/blog\/#\/schema\/person\/dcab619c614d3038751c63bc2aadc06d\"},\"description\":\"Fitues i \u00e7mimit t\u00eb madh \u201cNaim Frash\u00ebri\u201d i Edicionit XIX t\u00eb Festivalit Nd\u00ebrkomb\u00ebtar t\u00eb Poezis\u00eb \u201cDit\u00ebt e Naimit\u201d \u00ebsht\u00eb poeti I njohur shqiptar, Basri\",\"breadcrumb\":{\"@id\":\"https:\/\/www.visit-ulcinj.com\/blog\/2015\/09\/23\/poeti-basri-capriqi-laureat-cmimit-naim-frasheri\/#breadcrumb\"},\"inLanguage\":\"en-US\",\"potentialAction\":[{\"@type\":\"ReadAction\",\"target\":[\"https:\/\/www.visit-ulcinj.com\/blog\/2015\/09\/23\/poeti-basri-capriqi-laureat-cmimit-naim-frasheri\/\"]}]},{\"@type\":\"BreadcrumbList\",\"@id\":\"https:\/\/www.visit-ulcinj.com\/blog\/2015\/09\/23\/poeti-basri-capriqi-laureat-cmimit-naim-frasheri\/#breadcrumb\",\"itemListElement\":[{\"@type\":\"ListItem\",\"position\":1,\"name\":\"Poeti Basri \u00c7apriqi \u2013 laureat i \u00e7mimit \u201cNaim Frash\u00ebri\u201d\"}]},{\"@type\":\"Person\",\"@id\":\"https:\/\/www.visit-ulcinj.com\/blog\/#\/schema\/person\/dcab619c614d3038751c63bc2aadc06d\",\"name\":\"ulqini\",\"sameAs\":[\"http:\/\/www.visit-ulcinj.com\"],\"url\":\"https:\/\/www.visit-ulcinj.com\/blog\/author\/admin\/\"}]}<\/script>\n<!-- \/ Yoast SEO plugin. -->","yoast_head_json":{"title":"Poeti Basri \u00c7apriqi \u2013 laureat i \u00e7mimit \u201cNaim Frash\u00ebri\u201d - Lajme nga Ulqini","description":"Fitues i \u00e7mimit t\u00eb madh \u201cNaim Frash\u00ebri\u201d i Edicionit XIX t\u00eb Festivalit Nd\u00ebrkomb\u00ebtar t\u00eb Poezis\u00eb \u201cDit\u00ebt e Naimit\u201d \u00ebsht\u00eb poeti I njohur shqiptar, Basri","robots":{"index":"index","follow":"follow","max-snippet":"max-snippet:-1","max-image-preview":"max-image-preview:large","max-video-preview":"max-video-preview:-1"},"canonical":"https:\/\/www.visit-ulcinj.com\/blog\/2015\/09\/23\/poeti-basri-capriqi-laureat-cmimit-naim-frasheri\/","og_locale":"en_US","og_type":"article","og_title":"Poeti Basri \u00c7apriqi \u2013 laureat i \u00e7mimit \u201cNaim Frash\u00ebri\u201d - Lajme nga Ulqini","og_description":"Fitues i \u00e7mimit t\u00eb madh \u201cNaim Frash\u00ebri\u201d i Edicionit XIX t\u00eb Festivalit Nd\u00ebrkomb\u00ebtar t\u00eb Poezis\u00eb \u201cDit\u00ebt e Naimit\u201d \u00ebsht\u00eb poeti I njohur shqiptar, Basri","og_url":"https:\/\/www.visit-ulcinj.com\/blog\/2015\/09\/23\/poeti-basri-capriqi-laureat-cmimit-naim-frasheri\/","og_site_name":"Lajme nga Ulqini","article_published_time":"2015-09-23T17:18:58+00:00","og_image":[{"url":"http:\/\/www.visit-ulcinj.com\/blog\/wp-content\/uploads\/2015\/09\/Basri-Capriqi.jpg"}],"twitter_misc":{"Written by":"ulqini","Est. reading time":"4 minutes"},"schema":{"@context":"https:\/\/schema.org","@graph":[{"@type":"WebSite","@id":"https:\/\/www.visit-ulcinj.com\/blog\/#website","url":"https:\/\/www.visit-ulcinj.com\/blog\/","name":"Lajme nga Ulqini","description":"Lajme,Vijesti,Ulqini,Ulqin,Crna Gora,Mali i Zi","potentialAction":[{"@type":"SearchAction","target":{"@type":"EntryPoint","urlTemplate":"https:\/\/www.visit-ulcinj.com\/blog\/?s={search_term_string}"},"query-input":"required name=search_term_string"}],"inLanguage":"en-US"},{"@type":"ImageObject","inLanguage":"en-US","@id":"https:\/\/www.visit-ulcinj.com\/blog\/2015\/09\/23\/poeti-basri-capriqi-laureat-cmimit-naim-frasheri\/#primaryimage","url":"https:\/\/www.visit-ulcinj.com\/blog\/wp-content\/uploads\/2015\/09\/Basri-Capriqi.jpg","contentUrl":"https:\/\/www.visit-ulcinj.com\/blog\/wp-content\/uploads\/2015\/09\/Basri-Capriqi.jpg","width":999,"height":952},{"@type":"WebPage","@id":"https:\/\/www.visit-ulcinj.com\/blog\/2015\/09\/23\/poeti-basri-capriqi-laureat-cmimit-naim-frasheri\/#webpage","url":"https:\/\/www.visit-ulcinj.com\/blog\/2015\/09\/23\/poeti-basri-capriqi-laureat-cmimit-naim-frasheri\/","name":"Poeti Basri \u00c7apriqi \u2013 laureat i \u00e7mimit \u201cNaim Frash\u00ebri\u201d - Lajme nga Ulqini","isPartOf":{"@id":"https:\/\/www.visit-ulcinj.com\/blog\/#website"},"primaryImageOfPage":{"@id":"https:\/\/www.visit-ulcinj.com\/blog\/2015\/09\/23\/poeti-basri-capriqi-laureat-cmimit-naim-frasheri\/#primaryimage"},"datePublished":"2015-09-23T17:18:58+00:00","dateModified":"2015-09-23T17:18:58+00:00","author":{"@id":"https:\/\/www.visit-ulcinj.com\/blog\/#\/schema\/person\/dcab619c614d3038751c63bc2aadc06d"},"description":"Fitues i \u00e7mimit t\u00eb madh \u201cNaim Frash\u00ebri\u201d i Edicionit XIX t\u00eb Festivalit Nd\u00ebrkomb\u00ebtar t\u00eb Poezis\u00eb \u201cDit\u00ebt e Naimit\u201d \u00ebsht\u00eb poeti I njohur shqiptar, Basri","breadcrumb":{"@id":"https:\/\/www.visit-ulcinj.com\/blog\/2015\/09\/23\/poeti-basri-capriqi-laureat-cmimit-naim-frasheri\/#breadcrumb"},"inLanguage":"en-US","potentialAction":[{"@type":"ReadAction","target":["https:\/\/www.visit-ulcinj.com\/blog\/2015\/09\/23\/poeti-basri-capriqi-laureat-cmimit-naim-frasheri\/"]}]},{"@type":"BreadcrumbList","@id":"https:\/\/www.visit-ulcinj.com\/blog\/2015\/09\/23\/poeti-basri-capriqi-laureat-cmimit-naim-frasheri\/#breadcrumb","itemListElement":[{"@type":"ListItem","position":1,"name":"Poeti Basri \u00c7apriqi \u2013 laureat i \u00e7mimit \u201cNaim Frash\u00ebri\u201d"}]},{"@type":"Person","@id":"https:\/\/www.visit-ulcinj.com\/blog\/#\/schema\/person\/dcab619c614d3038751c63bc2aadc06d","name":"ulqini","sameAs":["http:\/\/www.visit-ulcinj.com"],"url":"https:\/\/www.visit-ulcinj.com\/blog\/author\/admin\/"}]}},"jetpack_featured_media_url":"","jetpack_sharing_enabled":true,"jetpack_shortlink":"https:\/\/wp.me\/pe6lTn-o1Y","_links":{"self":[{"href":"https:\/\/www.visit-ulcinj.com\/blog\/wp-json\/wp\/v2\/posts\/92378"}],"collection":[{"href":"https:\/\/www.visit-ulcinj.com\/blog\/wp-json\/wp\/v2\/posts"}],"about":[{"href":"https:\/\/www.visit-ulcinj.com\/blog\/wp-json\/wp\/v2\/types\/post"}],"author":[{"embeddable":true,"href":"https:\/\/www.visit-ulcinj.com\/blog\/wp-json\/wp\/v2\/users\/1"}],"replies":[{"embeddable":true,"href":"https:\/\/www.visit-ulcinj.com\/blog\/wp-json\/wp\/v2\/comments?post=92378"}],"version-history":[{"count":1,"href":"https:\/\/www.visit-ulcinj.com\/blog\/wp-json\/wp\/v2\/posts\/92378\/revisions"}],"predecessor-version":[{"id":92380,"href":"https:\/\/www.visit-ulcinj.com\/blog\/wp-json\/wp\/v2\/posts\/92378\/revisions\/92380"}],"wp:attachment":[{"href":"https:\/\/www.visit-ulcinj.com\/blog\/wp-json\/wp\/v2\/media?parent=92378"}],"wp:term":[{"taxonomy":"category","embeddable":true,"href":"https:\/\/www.visit-ulcinj.com\/blog\/wp-json\/wp\/v2\/categories?post=92378"},{"taxonomy":"post_tag","embeddable":true,"href":"https:\/\/www.visit-ulcinj.com\/blog\/wp-json\/wp\/v2\/tags?post=92378"}],"curies":[{"name":"wp","href":"https:\/\/api.w.org\/{rel}","templated":true}]}}