{"id":92386,"date":"2015-09-24T15:07:01","date_gmt":"2015-09-24T14:07:01","guid":{"rendered":"http:\/\/www.visit-ulcinj.com\/blog\/?p=92386"},"modified":"2015-09-24T15:07:01","modified_gmt":"2015-09-24T14:07:01","slug":"mehmet-bardhi-uron-besimtaret-myslimane-rastin-e-bajramit-te-vogel","status":"publish","type":"post","link":"https:\/\/www.visit-ulcinj.com\/blog\/2015\/09\/24\/mehmet-bardhi-uron-besimtaret-myslimane-rastin-e-bajramit-te-vogel\/","title":{"rendered":"Mehmet Bardhi uron besimtar\u00ebt mysliman\u00eb me rastin e BAJRAMIT T\u00cb VOG\u00cbL"},"content":{"rendered":"<p><a href=\"http:\/\/www.visit-ulcinj.com\/blog\/wp-content\/uploads\/2013\/04\/Lidhja-Demokratike-ne-mal-te-Zi.jpg\"><img loading=\"lazy\" class=\"alignleft wp-image-70337\" src=\"http:\/\/www.visit-ulcinj.com\/blog\/wp-content\/uploads\/2013\/04\/Lidhja-Demokratike-ne-mal-te-Zi.jpg\" alt=\"Lidhja-Demokratike-ne-mal-te-Zi\" width=\"509\" height=\"495\" srcset=\"https:\/\/www.visit-ulcinj.com\/blog\/wp-content\/uploads\/2013\/04\/Lidhja-Demokratike-ne-mal-te-Zi.jpg 599w, https:\/\/www.visit-ulcinj.com\/blog\/wp-content\/uploads\/2013\/04\/Lidhja-Demokratike-ne-mal-te-Zi-300x291.jpg 300w\" sizes=\"(max-width: 509px) 100vw, 509px\" \/><\/a>T\u00eb respektuar besimtare e besimtar\u00eb t\u00eb besimit islam,<\/p>\n<p>Kam k\u00ebnaq\u00ebsi dhe respekt q\u00eb me rastin e FEST\u00cbS S\u00cb MADHNUESHME T\u00cb BAJRAMIT T\u00cb VOG\u00cbL, n\u00eb em\u00ebr t\u00eb Lidhjes Demokratike n\u00eb Mal t\u00eb Zi, partis\u00eb s\u00eb par\u00eb politike (9.9.1990), p\u00ebrfaq\u00ebsueses s\u00eb v\u00ebrtet\u00eb dhe t\u00eb sinqert\u00eb t\u00eb shqiptar\u00ebve n\u00eb trojet e veta shkullore, sot n\u00eb Malin e Zi, t\u00eb an\u00ebtar\u00ebve dhe udh\u00ebheqjes s\u00eb saj t\u00eb v\u00ebrtet\u00eb dhe n\u00eb emrin tim, t\u2019ju uroj<\/p>\n<p>P\u00cbR SHUM\u00cb MOT G\u00cbZUAR!<\/p>\n<p>Kjo Fest\u00eb sjell qart\u00eb porosin\u00eb e paq\u00ebs dhe t\u00eb v\u00ebllaz\u00ebrimit, t\u00eb respektit, t\u00eb pun\u00ebs dhe t\u00eb veprimit e sakrific\u00ebs p\u00ebr t\u00eb mir\u00ebn, humanizmin, rreth q\u00ebllimit dhe idealit t\u00eb p\u00ebrbashk\u00ebt.<\/p>\n<p>Sh\u00ebndet, mir\u00ebqenie, harmoni dhe lumturi past gjith\u00ebher\u00eb n\u00eb familjet Tuaja!<\/p>\n<p>&nbsp;<\/p>\n<p>&nbsp;<\/p>\n<p>Mehmet Bardhi, profesor<\/p>\n<p>Kryetar i LD n\u00eb MZ<\/p>\n<p>Ulqin, 24 shtator 2015<\/p>\n<p>&nbsp;<\/p>\n","protected":false},"excerpt":{"rendered":"<p>T\u00eb respektuar besimtare e besimtar\u00eb t\u00eb besimit islam, Kam k\u00ebnaq\u00ebsi dhe respekt q\u00eb me rastin e FEST\u00cbS S\u00cb MADHNUESHME T\u00cb BAJRAMIT T\u00cb VOG\u00cbL, n\u00eb em\u00ebr t\u00eb Lidhjes Demokratike n\u00eb Mal t\u00eb Zi, partis\u00eb s\u00eb par\u00eb politike (9.9.1990), p\u00ebrfaq\u00ebsueses s\u00eb v\u00ebrtet\u00eb dhe t\u00eb sinqert\u00eb t\u00eb shqiptar\u00ebve n\u00eb trojet e veta shkullore, sot n\u00eb Malin e Zi, [&hellip;]<\/p>\n","protected":false},"author":1,"featured_media":0,"comment_status":"closed","ping_status":"closed","sticky":false,"template":"","format":"standard","meta":{"spay_email":"","jetpack_publicize_message":"","jetpack_is_tweetstorm":false,"jetpack_publicize_feature_enabled":true},"categories":[6950],"tags":[],"jetpack_publicize_connections":[],"yoast_head":"<!-- This site is optimized with the Yoast SEO plugin v19.1 - https:\/\/yoast.com\/wordpress\/plugins\/seo\/ -->\n<title>Mehmet Bardhi uron besimtar\u00ebt mysliman\u00eb me rastin e BAJRAMIT T\u00cb VOG\u00cbL - Lajme nga Ulqini<\/title>\n<meta name=\"description\" content=\"T\u00eb respektuar besimtare e besimtar\u00eb t\u00eb besimit islam, Kam k\u00ebnaq\u00ebsi dhe respekt q\u00eb me rastin e FEST\u00cbS S\u00cb MADHNUESHME T\u00cb BAJRAMIT T\u00cb VOG\u00cbL, n\u00eb em\u00ebr t\u00eb\" \/>\n<meta name=\"robots\" content=\"index, follow, max-snippet:-1, max-image-preview:large, max-video-preview:-1\" \/>\n<link rel=\"canonical\" href=\"https:\/\/www.visit-ulcinj.com\/blog\/2015\/09\/24\/mehmet-bardhi-uron-besimtaret-myslimane-rastin-e-bajramit-te-vogel\/\" \/>\n<meta property=\"og:locale\" content=\"en_US\" \/>\n<meta property=\"og:type\" content=\"article\" \/>\n<meta property=\"og:title\" content=\"Mehmet Bardhi uron besimtar\u00ebt mysliman\u00eb me rastin e BAJRAMIT T\u00cb VOG\u00cbL - Lajme nga Ulqini\" \/>\n<meta property=\"og:description\" content=\"T\u00eb respektuar besimtare e besimtar\u00eb t\u00eb besimit islam, Kam k\u00ebnaq\u00ebsi dhe respekt q\u00eb me rastin e FEST\u00cbS S\u00cb MADHNUESHME T\u00cb BAJRAMIT T\u00cb VOG\u00cbL, n\u00eb em\u00ebr t\u00eb\" \/>\n<meta property=\"og:url\" content=\"https:\/\/www.visit-ulcinj.com\/blog\/2015\/09\/24\/mehmet-bardhi-uron-besimtaret-myslimane-rastin-e-bajramit-te-vogel\/\" \/>\n<meta property=\"og:site_name\" content=\"Lajme nga Ulqini\" \/>\n<meta property=\"article:published_time\" content=\"2015-09-24T14:07:01+00:00\" \/>\n<meta property=\"og:image\" content=\"http:\/\/www.visit-ulcinj.com\/blog\/wp-content\/uploads\/2013\/04\/Lidhja-Demokratike-ne-mal-te-Zi.jpg\" \/>\n<meta name=\"twitter:label1\" content=\"Written by\" \/>\n\t<meta name=\"twitter:data1\" content=\"ulqini\" \/>\n\t<meta name=\"twitter:label2\" content=\"Est. reading time\" \/>\n\t<meta name=\"twitter:data2\" content=\"1 minute\" \/>\n<script type=\"application\/ld+json\" class=\"yoast-schema-graph\">{\"@context\":\"https:\/\/schema.org\",\"@graph\":[{\"@type\":\"WebSite\",\"@id\":\"https:\/\/www.visit-ulcinj.com\/blog\/#website\",\"url\":\"https:\/\/www.visit-ulcinj.com\/blog\/\",\"name\":\"Lajme nga Ulqini\",\"description\":\"Lajme,Vijesti,Ulqini,Ulqin,Crna Gora,Mali i Zi\",\"potentialAction\":[{\"@type\":\"SearchAction\",\"target\":{\"@type\":\"EntryPoint\",\"urlTemplate\":\"https:\/\/www.visit-ulcinj.com\/blog\/?s={search_term_string}\"},\"query-input\":\"required name=search_term_string\"}],\"inLanguage\":\"en-US\"},{\"@type\":\"ImageObject\",\"inLanguage\":\"en-US\",\"@id\":\"https:\/\/www.visit-ulcinj.com\/blog\/2015\/09\/24\/mehmet-bardhi-uron-besimtaret-myslimane-rastin-e-bajramit-te-vogel\/#primaryimage\",\"url\":\"https:\/\/www.visit-ulcinj.com\/blog\/wp-content\/uploads\/2013\/04\/Lidhja-Demokratike-ne-mal-te-Zi.jpg\",\"contentUrl\":\"https:\/\/www.visit-ulcinj.com\/blog\/wp-content\/uploads\/2013\/04\/Lidhja-Demokratike-ne-mal-te-Zi.jpg\",\"width\":599,\"height\":582},{\"@type\":\"WebPage\",\"@id\":\"https:\/\/www.visit-ulcinj.com\/blog\/2015\/09\/24\/mehmet-bardhi-uron-besimtaret-myslimane-rastin-e-bajramit-te-vogel\/#webpage\",\"url\":\"https:\/\/www.visit-ulcinj.com\/blog\/2015\/09\/24\/mehmet-bardhi-uron-besimtaret-myslimane-rastin-e-bajramit-te-vogel\/\",\"name\":\"Mehmet Bardhi uron besimtar\u00ebt mysliman\u00eb me rastin e BAJRAMIT T\u00cb VOG\u00cbL - Lajme nga Ulqini\",\"isPartOf\":{\"@id\":\"https:\/\/www.visit-ulcinj.com\/blog\/#website\"},\"primaryImageOfPage\":{\"@id\":\"https:\/\/www.visit-ulcinj.com\/blog\/2015\/09\/24\/mehmet-bardhi-uron-besimtaret-myslimane-rastin-e-bajramit-te-vogel\/#primaryimage\"},\"datePublished\":\"2015-09-24T14:07:01+00:00\",\"dateModified\":\"2015-09-24T14:07:01+00:00\",\"author\":{\"@id\":\"https:\/\/www.visit-ulcinj.com\/blog\/#\/schema\/person\/dcab619c614d3038751c63bc2aadc06d\"},\"description\":\"T\u00eb respektuar besimtare e besimtar\u00eb t\u00eb besimit islam, Kam k\u00ebnaq\u00ebsi dhe respekt q\u00eb me rastin e FEST\u00cbS S\u00cb MADHNUESHME T\u00cb BAJRAMIT T\u00cb VOG\u00cbL, n\u00eb em\u00ebr t\u00eb\",\"breadcrumb\":{\"@id\":\"https:\/\/www.visit-ulcinj.com\/blog\/2015\/09\/24\/mehmet-bardhi-uron-besimtaret-myslimane-rastin-e-bajramit-te-vogel\/#breadcrumb\"},\"inLanguage\":\"en-US\",\"potentialAction\":[{\"@type\":\"ReadAction\",\"target\":[\"https:\/\/www.visit-ulcinj.com\/blog\/2015\/09\/24\/mehmet-bardhi-uron-besimtaret-myslimane-rastin-e-bajramit-te-vogel\/\"]}]},{\"@type\":\"BreadcrumbList\",\"@id\":\"https:\/\/www.visit-ulcinj.com\/blog\/2015\/09\/24\/mehmet-bardhi-uron-besimtaret-myslimane-rastin-e-bajramit-te-vogel\/#breadcrumb\",\"itemListElement\":[{\"@type\":\"ListItem\",\"position\":1,\"name\":\"Mehmet Bardhi uron besimtar\u00ebt mysliman\u00eb me rastin e BAJRAMIT T\u00cb VOG\u00cbL\"}]},{\"@type\":\"Person\",\"@id\":\"https:\/\/www.visit-ulcinj.com\/blog\/#\/schema\/person\/dcab619c614d3038751c63bc2aadc06d\",\"name\":\"ulqini\",\"sameAs\":[\"http:\/\/www.visit-ulcinj.com\"],\"url\":\"https:\/\/www.visit-ulcinj.com\/blog\/author\/admin\/\"}]}<\/script>\n<!-- \/ Yoast SEO plugin. -->","yoast_head_json":{"title":"Mehmet Bardhi uron besimtar\u00ebt mysliman\u00eb me rastin e BAJRAMIT T\u00cb VOG\u00cbL - Lajme nga Ulqini","description":"T\u00eb respektuar besimtare e besimtar\u00eb t\u00eb besimit islam, Kam k\u00ebnaq\u00ebsi dhe respekt q\u00eb me rastin e FEST\u00cbS S\u00cb MADHNUESHME T\u00cb BAJRAMIT T\u00cb VOG\u00cbL, n\u00eb em\u00ebr t\u00eb","robots":{"index":"index","follow":"follow","max-snippet":"max-snippet:-1","max-image-preview":"max-image-preview:large","max-video-preview":"max-video-preview:-1"},"canonical":"https:\/\/www.visit-ulcinj.com\/blog\/2015\/09\/24\/mehmet-bardhi-uron-besimtaret-myslimane-rastin-e-bajramit-te-vogel\/","og_locale":"en_US","og_type":"article","og_title":"Mehmet Bardhi uron besimtar\u00ebt mysliman\u00eb me rastin e BAJRAMIT T\u00cb VOG\u00cbL - Lajme nga Ulqini","og_description":"T\u00eb respektuar besimtare e besimtar\u00eb t\u00eb besimit islam, Kam k\u00ebnaq\u00ebsi dhe respekt q\u00eb me rastin e FEST\u00cbS S\u00cb MADHNUESHME T\u00cb BAJRAMIT T\u00cb VOG\u00cbL, n\u00eb em\u00ebr t\u00eb","og_url":"https:\/\/www.visit-ulcinj.com\/blog\/2015\/09\/24\/mehmet-bardhi-uron-besimtaret-myslimane-rastin-e-bajramit-te-vogel\/","og_site_name":"Lajme nga Ulqini","article_published_time":"2015-09-24T14:07:01+00:00","og_image":[{"url":"http:\/\/www.visit-ulcinj.com\/blog\/wp-content\/uploads\/2013\/04\/Lidhja-Demokratike-ne-mal-te-Zi.jpg"}],"twitter_misc":{"Written by":"ulqini","Est. reading time":"1 minute"},"schema":{"@context":"https:\/\/schema.org","@graph":[{"@type":"WebSite","@id":"https:\/\/www.visit-ulcinj.com\/blog\/#website","url":"https:\/\/www.visit-ulcinj.com\/blog\/","name":"Lajme nga Ulqini","description":"Lajme,Vijesti,Ulqini,Ulqin,Crna Gora,Mali i Zi","potentialAction":[{"@type":"SearchAction","target":{"@type":"EntryPoint","urlTemplate":"https:\/\/www.visit-ulcinj.com\/blog\/?s={search_term_string}"},"query-input":"required name=search_term_string"}],"inLanguage":"en-US"},{"@type":"ImageObject","inLanguage":"en-US","@id":"https:\/\/www.visit-ulcinj.com\/blog\/2015\/09\/24\/mehmet-bardhi-uron-besimtaret-myslimane-rastin-e-bajramit-te-vogel\/#primaryimage","url":"https:\/\/www.visit-ulcinj.com\/blog\/wp-content\/uploads\/2013\/04\/Lidhja-Demokratike-ne-mal-te-Zi.jpg","contentUrl":"https:\/\/www.visit-ulcinj.com\/blog\/wp-content\/uploads\/2013\/04\/Lidhja-Demokratike-ne-mal-te-Zi.jpg","width":599,"height":582},{"@type":"WebPage","@id":"https:\/\/www.visit-ulcinj.com\/blog\/2015\/09\/24\/mehmet-bardhi-uron-besimtaret-myslimane-rastin-e-bajramit-te-vogel\/#webpage","url":"https:\/\/www.visit-ulcinj.com\/blog\/2015\/09\/24\/mehmet-bardhi-uron-besimtaret-myslimane-rastin-e-bajramit-te-vogel\/","name":"Mehmet Bardhi uron besimtar\u00ebt mysliman\u00eb me rastin e BAJRAMIT T\u00cb VOG\u00cbL - Lajme nga Ulqini","isPartOf":{"@id":"https:\/\/www.visit-ulcinj.com\/blog\/#website"},"primaryImageOfPage":{"@id":"https:\/\/www.visit-ulcinj.com\/blog\/2015\/09\/24\/mehmet-bardhi-uron-besimtaret-myslimane-rastin-e-bajramit-te-vogel\/#primaryimage"},"datePublished":"2015-09-24T14:07:01+00:00","dateModified":"2015-09-24T14:07:01+00:00","author":{"@id":"https:\/\/www.visit-ulcinj.com\/blog\/#\/schema\/person\/dcab619c614d3038751c63bc2aadc06d"},"description":"T\u00eb respektuar besimtare e besimtar\u00eb t\u00eb besimit islam, Kam k\u00ebnaq\u00ebsi dhe respekt q\u00eb me rastin e FEST\u00cbS S\u00cb MADHNUESHME T\u00cb BAJRAMIT T\u00cb VOG\u00cbL, n\u00eb em\u00ebr t\u00eb","breadcrumb":{"@id":"https:\/\/www.visit-ulcinj.com\/blog\/2015\/09\/24\/mehmet-bardhi-uron-besimtaret-myslimane-rastin-e-bajramit-te-vogel\/#breadcrumb"},"inLanguage":"en-US","potentialAction":[{"@type":"ReadAction","target":["https:\/\/www.visit-ulcinj.com\/blog\/2015\/09\/24\/mehmet-bardhi-uron-besimtaret-myslimane-rastin-e-bajramit-te-vogel\/"]}]},{"@type":"BreadcrumbList","@id":"https:\/\/www.visit-ulcinj.com\/blog\/2015\/09\/24\/mehmet-bardhi-uron-besimtaret-myslimane-rastin-e-bajramit-te-vogel\/#breadcrumb","itemListElement":[{"@type":"ListItem","position":1,"name":"Mehmet Bardhi uron besimtar\u00ebt mysliman\u00eb me rastin e BAJRAMIT T\u00cb VOG\u00cbL"}]},{"@type":"Person","@id":"https:\/\/www.visit-ulcinj.com\/blog\/#\/schema\/person\/dcab619c614d3038751c63bc2aadc06d","name":"ulqini","sameAs":["http:\/\/www.visit-ulcinj.com"],"url":"https:\/\/www.visit-ulcinj.com\/blog\/author\/admin\/"}]}},"jetpack_featured_media_url":"","jetpack_sharing_enabled":true,"jetpack_shortlink":"https:\/\/wp.me\/pe6lTn-o26","_links":{"self":[{"href":"https:\/\/www.visit-ulcinj.com\/blog\/wp-json\/wp\/v2\/posts\/92386"}],"collection":[{"href":"https:\/\/www.visit-ulcinj.com\/blog\/wp-json\/wp\/v2\/posts"}],"about":[{"href":"https:\/\/www.visit-ulcinj.com\/blog\/wp-json\/wp\/v2\/types\/post"}],"author":[{"embeddable":true,"href":"https:\/\/www.visit-ulcinj.com\/blog\/wp-json\/wp\/v2\/users\/1"}],"replies":[{"embeddable":true,"href":"https:\/\/www.visit-ulcinj.com\/blog\/wp-json\/wp\/v2\/comments?post=92386"}],"version-history":[{"count":1,"href":"https:\/\/www.visit-ulcinj.com\/blog\/wp-json\/wp\/v2\/posts\/92386\/revisions"}],"predecessor-version":[{"id":92387,"href":"https:\/\/www.visit-ulcinj.com\/blog\/wp-json\/wp\/v2\/posts\/92386\/revisions\/92387"}],"wp:attachment":[{"href":"https:\/\/www.visit-ulcinj.com\/blog\/wp-json\/wp\/v2\/media?parent=92386"}],"wp:term":[{"taxonomy":"category","embeddable":true,"href":"https:\/\/www.visit-ulcinj.com\/blog\/wp-json\/wp\/v2\/categories?post=92386"},{"taxonomy":"post_tag","embeddable":true,"href":"https:\/\/www.visit-ulcinj.com\/blog\/wp-json\/wp\/v2\/tags?post=92386"}],"curies":[{"name":"wp","href":"https:\/\/api.w.org\/{rel}","templated":true}]}}