{"id":92391,"date":"2015-09-24T15:33:14","date_gmt":"2015-09-24T14:33:14","guid":{"rendered":"http:\/\/www.visit-ulcinj.com\/blog\/?p=92391"},"modified":"2015-09-26T18:30:41","modified_gmt":"2015-09-26T17:30:41","slug":"tragjedia-ne-meke-asnje-haxhi-nga-ulqini-nuk-eshte-perfshire-ne-tragjedi","status":"publish","type":"post","link":"https:\/\/www.visit-ulcinj.com\/blog\/2015\/09\/24\/tragjedia-ne-meke-asnje-haxhi-nga-ulqini-nuk-eshte-perfshire-ne-tragjedi\/","title":{"rendered":"Tragjedia n\u00eb Meke: Asnj\u00eb haxhi nga Ulqini nuk \u00ebsht\u00eb p\u00ebrfshir\u00eb n\u00eb tragjedi"},"content":{"rendered":"<p><a href=\"http:\/\/www.visit-ulcinj.com\/blog\/wp-content\/uploads\/2015\/09\/Haxhillaret-nga-Ulqini.jpg\"><img loading=\"lazy\" class=\"alignleft wp-image-92393\" src=\"http:\/\/www.visit-ulcinj.com\/blog\/wp-content\/uploads\/2015\/09\/Haxhillaret-nga-Ulqini.jpg\" alt=\"Haxhillaret-nga-Ulqini\" width=\"508\" height=\"286\" srcset=\"https:\/\/www.visit-ulcinj.com\/blog\/wp-content\/uploads\/2015\/09\/Haxhillaret-nga-Ulqini.jpg 960w, https:\/\/www.visit-ulcinj.com\/blog\/wp-content\/uploads\/2015\/09\/Haxhillaret-nga-Ulqini-300x169.jpg 300w\" sizes=\"(max-width: 508px) 100vw, 508px\" \/><\/a>Nga Komuniteti Musliman i Malit t\u00eb Zi konfirmojn\u00eb se n\u00eb mesin e haxhinj\u00ebve t\u00eb vdekur nuk ka shtetas t\u00eb Malit t\u00eb Zi, nd\u00ebrsa t\u00eb nj\u00ebjtin konfirmim e ka dh\u00ebn\u00eb edhe Mirsad Mu\u00e7aj nga Bashk\u00ebsia Islame e Ulqinit. Nga raportet e fundit te udheheqesve te haxhinjve nga Mali i Zi mesojme se te gjithe haxhinjte tan\u00eb te cilet jane duke kryer haxhin kete vit jane shendosh e mire, raporton portali islam-ul.com.<\/p>\n<p>Ritualet ne Meke i \u00a0perfundojne sonte dhe diten e neserme do te udhetojne per ne qytetin e Medines.<\/p>\n<p>Iu deshirojme adhurime te pranuara te Zoti dhe kthim me te shpejte ne vendlindje.<\/p>\n\n\t\t<style type=\"text\/css\">\n\t\t\t#gallery-1 {\n\t\t\t\tmargin: auto;\n\t\t\t}\n\t\t\t#gallery-1 .gallery-item {\n\t\t\t\tfloat: left;\n\t\t\t\tmargin-top: 10px;\n\t\t\t\ttext-align: center;\n\t\t\t\twidth: 33%;\n\t\t\t}\n\t\t\t#gallery-1 img {\n\t\t\t\tborder: 2px solid #cfcfcf;\n\t\t\t}\n\t\t\t#gallery-1 .gallery-caption {\n\t\t\t\tmargin-left: 0;\n\t\t\t}\n\t\t\t\/* see gallery_shortcode() in wp-includes\/media.php *\/\n\t\t<\/style>\n\t\t<div id='gallery-1' class='gallery galleryid-92391 gallery-columns-3 gallery-size-thumbnail'><dl class='gallery-item'>\n\t\t\t<dt class='gallery-icon landscape'>\n\t\t\t\t<a href='https:\/\/www.visit-ulcinj.com\/blog\/2015\/09\/24\/tragjedia-ne-meke-asnje-haxhi-nga-ulqini-nuk-eshte-perfshire-ne-tragjedi\/haxhillaret-nga-ulqini-1\/'><img width=\"150\" height=\"150\" src=\"https:\/\/www.visit-ulcinj.com\/blog\/wp-content\/uploads\/2015\/09\/Haxhillaret-nga-Ulqini-1-150x150.jpg\" class=\"attachment-thumbnail size-thumbnail\" alt=\"\" loading=\"lazy\" \/><\/a>\n\t\t\t<\/dt><\/dl><dl class='gallery-item'>\n\t\t\t<dt class='gallery-icon landscape'>\n\t\t\t\t<a href='https:\/\/www.visit-ulcinj.com\/blog\/2015\/09\/24\/tragjedia-ne-meke-asnje-haxhi-nga-ulqini-nuk-eshte-perfshire-ne-tragjedi\/haxhillaret-nga-ulqini-2\/'><img width=\"150\" height=\"150\" src=\"https:\/\/www.visit-ulcinj.com\/blog\/wp-content\/uploads\/2015\/09\/Haxhillaret-nga-Ulqini-2-150x150.jpg\" class=\"attachment-thumbnail size-thumbnail\" alt=\"\" loading=\"lazy\" \/><\/a>\n\t\t\t<\/dt><\/dl><dl class='gallery-item'>\n\t\t\t<dt class='gallery-icon landscape'>\n\t\t\t\t<a href='https:\/\/www.visit-ulcinj.com\/blog\/2015\/09\/24\/tragjedia-ne-meke-asnje-haxhi-nga-ulqini-nuk-eshte-perfshire-ne-tragjedi\/haxhillaret-nga-ulqini-3\/'><img width=\"150\" height=\"150\" src=\"https:\/\/www.visit-ulcinj.com\/blog\/wp-content\/uploads\/2015\/09\/Haxhillaret-nga-Ulqini-3-150x150.jpg\" class=\"attachment-thumbnail size-thumbnail\" alt=\"\" loading=\"lazy\" \/><\/a>\n\t\t\t<\/dt><\/dl><br style=\"clear: both\" \/><dl class='gallery-item'>\n\t\t\t<dt class='gallery-icon landscape'>\n\t\t\t\t<a href='https:\/\/www.visit-ulcinj.com\/blog\/2015\/09\/24\/tragjedia-ne-meke-asnje-haxhi-nga-ulqini-nuk-eshte-perfshire-ne-tragjedi\/haxhillaret-nga-ulqini-4\/'><img width=\"150\" height=\"150\" src=\"https:\/\/www.visit-ulcinj.com\/blog\/wp-content\/uploads\/2015\/09\/Haxhillaret-nga-Ulqini-4-150x150.jpg\" class=\"attachment-thumbnail size-thumbnail\" alt=\"\" loading=\"lazy\" \/><\/a>\n\t\t\t<\/dt><\/dl><dl class='gallery-item'>\n\t\t\t<dt class='gallery-icon landscape'>\n\t\t\t\t<a href='https:\/\/www.visit-ulcinj.com\/blog\/2015\/09\/24\/tragjedia-ne-meke-asnje-haxhi-nga-ulqini-nuk-eshte-perfshire-ne-tragjedi\/haxhillaret-nga-ulqini\/'><img width=\"150\" height=\"150\" src=\"https:\/\/www.visit-ulcinj.com\/blog\/wp-content\/uploads\/2015\/09\/Haxhillaret-nga-Ulqini-150x150.jpg\" class=\"attachment-thumbnail size-thumbnail\" alt=\"\" loading=\"lazy\" \/><\/a>\n\t\t\t<\/dt><\/dl>\n\t\t\t<br style='clear: both' \/>\n\t\t<\/div>\n\n<p><strong>Mbi 700 pelegrin\u00eb t\u00eb vdekur n\u00eb Mek\u00eb<\/strong><\/p>\n<p><a href=\"http:\/\/www.visit-ulcinj.com\/blog\/wp-content\/uploads\/2015\/09\/tragjedia-ne-mek\u00eb.jpg\"><img loading=\"lazy\" class=\"alignleft wp-image-92392\" src=\"http:\/\/www.visit-ulcinj.com\/blog\/wp-content\/uploads\/2015\/09\/tragjedia-ne-mek\u00eb.jpg\" alt=\"tragjedia-ne-mek\u00eb\" width=\"508\" height=\"279\" \/><\/a><\/p>\n<p>Zyrtar\u00eb t\u00eb Arabis\u00eb Saudite kan\u00eb th\u00ebn\u00eb se s\u00eb paku 700 persona kan\u00eb humbur jet\u00ebn dhe qindra t\u00eb tjer\u00eb jan\u00eb plagosur gjat\u00eb nj\u00eb rr\u00ebmuje n\u00eb qytetin e shenjt\u00eb t\u00eb Min\u00ebs, gjat\u00eb ceremonis\u00eb s\u00eb haxhit.<\/p>\n<p>Ekipet e shp\u00ebtimit po arrijn\u00eb n\u00eb vazhdim\u00ebsi tek vendi i ngjarjes, i cili \u00ebsht\u00eb vet\u00ebm pak kilometra larg Mek\u00ebs.\u00a0Rr\u00ebmuja ka ndodhur gjat\u00eb ceremonis\u00eb s\u00eb fundit t\u00eb pelegrin\u00ebve t\u00eb cil\u00ebt kishin shkuar p\u00ebr haxh.\u00a0Mbi dy milion\u00eb njer\u00ebz kan\u00eb kryer pelegrinazhin e tyre vjetor n\u00eb k\u00ebt\u00eb qytet t\u00eb shenjt\u00eb mysliman\u00eb.\u00a0Rritet n\u00eb 453 numri i pelegrin\u00ebve t\u00eb vdekur n\u00eb Mek\u00eb.\u00a0S\u00eb paku 453 persona q\u00eb po merrnin pjes\u00eb n\u00eb pelegrinazhin e haxhit kan\u00eb vdekur si pasoj\u00eb e tollovis\u00eb dhe shtyrjeve t\u00eb m\u00ebdha n\u00eb qytetin Mina, af\u00ebr Mek\u00ebs.<\/p>\n<p>Zyrtar\u00ebt arab\u00eb kan\u00eb b\u00ebr\u00eb t\u00eb ditur se 719 persona jan\u00eb t\u00eb l\u00ebnduar n\u00eb incidentin q\u00eb ndodhi derisa pelegrin\u00ebt po hidhnin gur\u00eb n\u00eb shtyll\u00ebn q\u00eb p\u00ebrfaq\u00ebson djallin.\u00a0Rritet numri i viktimave n\u00eb Haxh n\u00eb 320.\u00a0Shkon n\u00eb 320 vet\u00eb numri i t\u00eb vrar\u00ebve n\u00eb Mek\u00eb, nd\u00ebrsa 450 tjer\u00eb jan\u00eb t\u00eb plagosur njoftojn\u00eb mediat e Arabis\u00eb Saudite, transmeton\u00a0Bota Sot. Kjo mund t\u00eb jet\u00eb nd\u00ebr tragjedit\u00eb m\u00eb t\u00eb r\u00ebnda t\u00eb haxhit, prej dhjet\u00eb vitesh. Tragjedia ka ndodhur n\u00eb vendin, Mina, ku besimtar\u00ebt simbolikisht duhet t\u00eb gjuajn\u00eb djallin.<\/p>\n<p>Shkon n\u00eb 220 numri i t\u00eb vdekurve n\u00eb Mek\u00eb<\/p>\n<!--YouTube Error: bad URL entered-->\n<p>(E plotesuar) Festa e madhe e Kurban Bajramit p\u00ebr musliman\u00ebt ka kaluar keq n\u00eb vendin m\u00eb t\u00eb shenjt\u00eb t\u00eb tyre. 450 tjer\u00eb paraqiten t\u00eb plagosur. Numri mund t\u00eb jet\u00eb edhe m\u00eb i madh. Vdekjen ka ardh\u00eb nga paniku i masave.<\/p>\n<p>Gjat\u00eb vitit 2006 numri i t\u00eb vrar\u00ebve n\u00eb haxh shkoi n\u00eb 350 pelegrin\u00eb.<\/p>\n<p>Mbi 150 haxhinj\u00eb humbin jet\u00ebn n\u00eb Mek\u00eb, 400 t\u00eb l\u00ebnduar<\/p>\n<p>Rreth 100 pelegrin\u00eb kan\u00eb nd\u00ebrruar jet\u00ebn dhe 360 tjer\u00eb raportohen t\u00eb plagosur n\u00eb qytetin e shenjt\u00eb t\u00eb Mek\u00ebs, raporton agjensia e lajmeve Reuters, transmeton Bota Sot. Tragjedit\u00eb kan\u00eb ndodhur p\u00ebr shkak t\u00eb turm\u00ebs s\u00eb madhe dhe nuk b\u00ebhet fjal\u00eb p\u00ebr sulme terroriste. Vendi m\u00eb problematik gjat\u00eb haxhit \u00ebsht\u00eb te Tempulli i Djallit, ku haxhiller\u00ebt duhet t\u00eb gjuajn\u00eb at\u00eb me guralec\u00eb, ashtu si\u00e7 b\u00ebri gruaja e pejgamberit Ibrahim, Haxherja.<\/p>\n<p>Haxhi \u00ebsht\u00eb shtylla e pest\u00eb e Islamit, ku \u00e7do musliman obligohet ta kryej\u00eb nj\u00eb her\u00eb n\u00eb jet\u00eb n\u00ebse ka kushte t\u00eb mira materiale.\/ Bota Sot<\/p>\n","protected":false},"excerpt":{"rendered":"<p>Nga Komuniteti Musliman i Malit t\u00eb Zi konfirmojn\u00eb se n\u00eb mesin e haxhinj\u00ebve t\u00eb vdekur nuk ka shtetas t\u00eb Malit t\u00eb Zi, nd\u00ebrsa t\u00eb nj\u00ebjtin konfirmim e ka dh\u00ebn\u00eb edhe Mirsad Mu\u00e7aj nga Bashk\u00ebsia Islame e Ulqinit. Nga raportet e fundit te udheheqesve te haxhinjve nga Mali i Zi mesojme se te gjithe haxhinjte tan\u00eb [&hellip;]<\/p>\n","protected":false},"author":1,"featured_media":0,"comment_status":"closed","ping_status":"closed","sticky":false,"template":"","format":"standard","meta":{"spay_email":"","jetpack_publicize_message":"","jetpack_is_tweetstorm":false,"jetpack_publicize_feature_enabled":true},"categories":[1,13],"tags":[],"jetpack_publicize_connections":[],"yoast_head":"<!-- This site is optimized with the Yoast SEO plugin v19.1 - https:\/\/yoast.com\/wordpress\/plugins\/seo\/ -->\n<title>Tragjedia n\u00eb Meke: Asnj\u00eb haxhi nga Ulqini nuk \u00ebsht\u00eb p\u00ebrfshir\u00eb n\u00eb tragjedi - Lajme nga Ulqini<\/title>\n<meta name=\"description\" content=\"Nga Komuniteti Musliman i Malit t\u00eb Zi konfirmojn\u00eb se n\u00eb mesin e haxhinj\u00ebve t\u00eb vdekur nuk ka shtetas t\u00eb Malit t\u00eb Zi, nd\u00ebrsa t\u00eb nj\u00ebjtin konfirmim e ka dh\u00ebn\u00eb\" \/>\n<meta name=\"robots\" content=\"index, follow, max-snippet:-1, max-image-preview:large, max-video-preview:-1\" \/>\n<link rel=\"canonical\" href=\"https:\/\/www.visit-ulcinj.com\/blog\/2015\/09\/24\/tragjedia-ne-meke-asnje-haxhi-nga-ulqini-nuk-eshte-perfshire-ne-tragjedi\/\" \/>\n<meta property=\"og:locale\" content=\"en_US\" \/>\n<meta property=\"og:type\" content=\"article\" \/>\n<meta property=\"og:title\" content=\"Tragjedia n\u00eb Meke: Asnj\u00eb haxhi nga Ulqini nuk \u00ebsht\u00eb p\u00ebrfshir\u00eb n\u00eb tragjedi - Lajme nga Ulqini\" \/>\n<meta property=\"og:description\" content=\"Nga Komuniteti Musliman i Malit t\u00eb Zi konfirmojn\u00eb se n\u00eb mesin e haxhinj\u00ebve t\u00eb vdekur nuk ka shtetas t\u00eb Malit t\u00eb Zi, nd\u00ebrsa t\u00eb nj\u00ebjtin konfirmim e ka dh\u00ebn\u00eb\" \/>\n<meta property=\"og:url\" content=\"https:\/\/www.visit-ulcinj.com\/blog\/2015\/09\/24\/tragjedia-ne-meke-asnje-haxhi-nga-ulqini-nuk-eshte-perfshire-ne-tragjedi\/\" \/>\n<meta property=\"og:site_name\" content=\"Lajme nga Ulqini\" \/>\n<meta property=\"article:published_time\" content=\"2015-09-24T14:33:14+00:00\" \/>\n<meta property=\"article:modified_time\" content=\"2015-09-26T17:30:41+00:00\" \/>\n<meta property=\"og:image\" content=\"https:\/\/www.visit-ulcinj.com\/blog\/wp-content\/uploads\/2015\/09\/Haxhillaret-nga-Ulqini-1-150x150.jpg\" \/>\n<meta name=\"twitter:label1\" content=\"Written by\" \/>\n\t<meta name=\"twitter:data1\" content=\"ulqini\" \/>\n\t<meta name=\"twitter:label2\" content=\"Est. reading time\" \/>\n\t<meta name=\"twitter:data2\" content=\"3 minutes\" \/>\n<script type=\"application\/ld+json\" class=\"yoast-schema-graph\">{\"@context\":\"https:\/\/schema.org\",\"@graph\":[{\"@type\":\"WebSite\",\"@id\":\"https:\/\/www.visit-ulcinj.com\/blog\/#website\",\"url\":\"https:\/\/www.visit-ulcinj.com\/blog\/\",\"name\":\"Lajme nga Ulqini\",\"description\":\"Lajme,Vijesti,Ulqini,Ulqin,Crna Gora,Mali i Zi\",\"potentialAction\":[{\"@type\":\"SearchAction\",\"target\":{\"@type\":\"EntryPoint\",\"urlTemplate\":\"https:\/\/www.visit-ulcinj.com\/blog\/?s={search_term_string}\"},\"query-input\":\"required name=search_term_string\"}],\"inLanguage\":\"en-US\"},{\"@type\":\"ImageObject\",\"inLanguage\":\"en-US\",\"@id\":\"https:\/\/www.visit-ulcinj.com\/blog\/2015\/09\/24\/tragjedia-ne-meke-asnje-haxhi-nga-ulqini-nuk-eshte-perfshire-ne-tragjedi\/#primaryimage\",\"url\":\"https:\/\/www.visit-ulcinj.com\/blog\/wp-content\/uploads\/2015\/09\/Haxhillaret-nga-Ulqini.jpg\",\"contentUrl\":\"https:\/\/www.visit-ulcinj.com\/blog\/wp-content\/uploads\/2015\/09\/Haxhillaret-nga-Ulqini.jpg\",\"width\":960,\"height\":540},{\"@type\":\"WebPage\",\"@id\":\"https:\/\/www.visit-ulcinj.com\/blog\/2015\/09\/24\/tragjedia-ne-meke-asnje-haxhi-nga-ulqini-nuk-eshte-perfshire-ne-tragjedi\/#webpage\",\"url\":\"https:\/\/www.visit-ulcinj.com\/blog\/2015\/09\/24\/tragjedia-ne-meke-asnje-haxhi-nga-ulqini-nuk-eshte-perfshire-ne-tragjedi\/\",\"name\":\"Tragjedia n\u00eb Meke: Asnj\u00eb haxhi nga Ulqini nuk \u00ebsht\u00eb p\u00ebrfshir\u00eb n\u00eb tragjedi - Lajme nga Ulqini\",\"isPartOf\":{\"@id\":\"https:\/\/www.visit-ulcinj.com\/blog\/#website\"},\"primaryImageOfPage\":{\"@id\":\"https:\/\/www.visit-ulcinj.com\/blog\/2015\/09\/24\/tragjedia-ne-meke-asnje-haxhi-nga-ulqini-nuk-eshte-perfshire-ne-tragjedi\/#primaryimage\"},\"datePublished\":\"2015-09-24T14:33:14+00:00\",\"dateModified\":\"2015-09-26T17:30:41+00:00\",\"author\":{\"@id\":\"https:\/\/www.visit-ulcinj.com\/blog\/#\/schema\/person\/dcab619c614d3038751c63bc2aadc06d\"},\"description\":\"Nga Komuniteti Musliman i Malit t\u00eb Zi konfirmojn\u00eb se n\u00eb mesin e haxhinj\u00ebve t\u00eb vdekur nuk ka shtetas t\u00eb Malit t\u00eb Zi, nd\u00ebrsa t\u00eb nj\u00ebjtin konfirmim e ka dh\u00ebn\u00eb\",\"breadcrumb\":{\"@id\":\"https:\/\/www.visit-ulcinj.com\/blog\/2015\/09\/24\/tragjedia-ne-meke-asnje-haxhi-nga-ulqini-nuk-eshte-perfshire-ne-tragjedi\/#breadcrumb\"},\"inLanguage\":\"en-US\",\"potentialAction\":[{\"@type\":\"ReadAction\",\"target\":[\"https:\/\/www.visit-ulcinj.com\/blog\/2015\/09\/24\/tragjedia-ne-meke-asnje-haxhi-nga-ulqini-nuk-eshte-perfshire-ne-tragjedi\/\"]}]},{\"@type\":\"BreadcrumbList\",\"@id\":\"https:\/\/www.visit-ulcinj.com\/blog\/2015\/09\/24\/tragjedia-ne-meke-asnje-haxhi-nga-ulqini-nuk-eshte-perfshire-ne-tragjedi\/#breadcrumb\",\"itemListElement\":[{\"@type\":\"ListItem\",\"position\":1,\"name\":\"Tragjedia n\u00eb Meke: Asnj\u00eb haxhi nga Ulqini nuk \u00ebsht\u00eb p\u00ebrfshir\u00eb n\u00eb tragjedi\"}]},{\"@type\":\"Person\",\"@id\":\"https:\/\/www.visit-ulcinj.com\/blog\/#\/schema\/person\/dcab619c614d3038751c63bc2aadc06d\",\"name\":\"ulqini\",\"sameAs\":[\"http:\/\/www.visit-ulcinj.com\"],\"url\":\"https:\/\/www.visit-ulcinj.com\/blog\/author\/admin\/\"}]}<\/script>\n<!-- \/ Yoast SEO plugin. -->","yoast_head_json":{"title":"Tragjedia n\u00eb Meke: Asnj\u00eb haxhi nga Ulqini nuk \u00ebsht\u00eb p\u00ebrfshir\u00eb n\u00eb tragjedi - Lajme nga Ulqini","description":"Nga Komuniteti Musliman i Malit t\u00eb Zi konfirmojn\u00eb se n\u00eb mesin e haxhinj\u00ebve t\u00eb vdekur nuk ka shtetas t\u00eb Malit t\u00eb Zi, nd\u00ebrsa t\u00eb nj\u00ebjtin konfirmim e ka dh\u00ebn\u00eb","robots":{"index":"index","follow":"follow","max-snippet":"max-snippet:-1","max-image-preview":"max-image-preview:large","max-video-preview":"max-video-preview:-1"},"canonical":"https:\/\/www.visit-ulcinj.com\/blog\/2015\/09\/24\/tragjedia-ne-meke-asnje-haxhi-nga-ulqini-nuk-eshte-perfshire-ne-tragjedi\/","og_locale":"en_US","og_type":"article","og_title":"Tragjedia n\u00eb Meke: Asnj\u00eb haxhi nga Ulqini nuk \u00ebsht\u00eb p\u00ebrfshir\u00eb n\u00eb tragjedi - Lajme nga Ulqini","og_description":"Nga Komuniteti Musliman i Malit t\u00eb Zi konfirmojn\u00eb se n\u00eb mesin e haxhinj\u00ebve t\u00eb vdekur nuk ka shtetas t\u00eb Malit t\u00eb Zi, nd\u00ebrsa t\u00eb nj\u00ebjtin konfirmim e ka dh\u00ebn\u00eb","og_url":"https:\/\/www.visit-ulcinj.com\/blog\/2015\/09\/24\/tragjedia-ne-meke-asnje-haxhi-nga-ulqini-nuk-eshte-perfshire-ne-tragjedi\/","og_site_name":"Lajme nga Ulqini","article_published_time":"2015-09-24T14:33:14+00:00","article_modified_time":"2015-09-26T17:30:41+00:00","og_image":[{"url":"https:\/\/www.visit-ulcinj.com\/blog\/wp-content\/uploads\/2015\/09\/Haxhillaret-nga-Ulqini-1-150x150.jpg"}],"twitter_misc":{"Written by":"ulqini","Est. reading time":"3 minutes"},"schema":{"@context":"https:\/\/schema.org","@graph":[{"@type":"WebSite","@id":"https:\/\/www.visit-ulcinj.com\/blog\/#website","url":"https:\/\/www.visit-ulcinj.com\/blog\/","name":"Lajme nga Ulqini","description":"Lajme,Vijesti,Ulqini,Ulqin,Crna Gora,Mali i Zi","potentialAction":[{"@type":"SearchAction","target":{"@type":"EntryPoint","urlTemplate":"https:\/\/www.visit-ulcinj.com\/blog\/?s={search_term_string}"},"query-input":"required name=search_term_string"}],"inLanguage":"en-US"},{"@type":"ImageObject","inLanguage":"en-US","@id":"https:\/\/www.visit-ulcinj.com\/blog\/2015\/09\/24\/tragjedia-ne-meke-asnje-haxhi-nga-ulqini-nuk-eshte-perfshire-ne-tragjedi\/#primaryimage","url":"https:\/\/www.visit-ulcinj.com\/blog\/wp-content\/uploads\/2015\/09\/Haxhillaret-nga-Ulqini.jpg","contentUrl":"https:\/\/www.visit-ulcinj.com\/blog\/wp-content\/uploads\/2015\/09\/Haxhillaret-nga-Ulqini.jpg","width":960,"height":540},{"@type":"WebPage","@id":"https:\/\/www.visit-ulcinj.com\/blog\/2015\/09\/24\/tragjedia-ne-meke-asnje-haxhi-nga-ulqini-nuk-eshte-perfshire-ne-tragjedi\/#webpage","url":"https:\/\/www.visit-ulcinj.com\/blog\/2015\/09\/24\/tragjedia-ne-meke-asnje-haxhi-nga-ulqini-nuk-eshte-perfshire-ne-tragjedi\/","name":"Tragjedia n\u00eb Meke: Asnj\u00eb haxhi nga Ulqini nuk \u00ebsht\u00eb p\u00ebrfshir\u00eb n\u00eb tragjedi - Lajme nga Ulqini","isPartOf":{"@id":"https:\/\/www.visit-ulcinj.com\/blog\/#website"},"primaryImageOfPage":{"@id":"https:\/\/www.visit-ulcinj.com\/blog\/2015\/09\/24\/tragjedia-ne-meke-asnje-haxhi-nga-ulqini-nuk-eshte-perfshire-ne-tragjedi\/#primaryimage"},"datePublished":"2015-09-24T14:33:14+00:00","dateModified":"2015-09-26T17:30:41+00:00","author":{"@id":"https:\/\/www.visit-ulcinj.com\/blog\/#\/schema\/person\/dcab619c614d3038751c63bc2aadc06d"},"description":"Nga Komuniteti Musliman i Malit t\u00eb Zi konfirmojn\u00eb se n\u00eb mesin e haxhinj\u00ebve t\u00eb vdekur nuk ka shtetas t\u00eb Malit t\u00eb Zi, nd\u00ebrsa t\u00eb nj\u00ebjtin konfirmim e ka dh\u00ebn\u00eb","breadcrumb":{"@id":"https:\/\/www.visit-ulcinj.com\/blog\/2015\/09\/24\/tragjedia-ne-meke-asnje-haxhi-nga-ulqini-nuk-eshte-perfshire-ne-tragjedi\/#breadcrumb"},"inLanguage":"en-US","potentialAction":[{"@type":"ReadAction","target":["https:\/\/www.visit-ulcinj.com\/blog\/2015\/09\/24\/tragjedia-ne-meke-asnje-haxhi-nga-ulqini-nuk-eshte-perfshire-ne-tragjedi\/"]}]},{"@type":"BreadcrumbList","@id":"https:\/\/www.visit-ulcinj.com\/blog\/2015\/09\/24\/tragjedia-ne-meke-asnje-haxhi-nga-ulqini-nuk-eshte-perfshire-ne-tragjedi\/#breadcrumb","itemListElement":[{"@type":"ListItem","position":1,"name":"Tragjedia n\u00eb Meke: Asnj\u00eb haxhi nga Ulqini nuk \u00ebsht\u00eb p\u00ebrfshir\u00eb n\u00eb tragjedi"}]},{"@type":"Person","@id":"https:\/\/www.visit-ulcinj.com\/blog\/#\/schema\/person\/dcab619c614d3038751c63bc2aadc06d","name":"ulqini","sameAs":["http:\/\/www.visit-ulcinj.com"],"url":"https:\/\/www.visit-ulcinj.com\/blog\/author\/admin\/"}]}},"jetpack_featured_media_url":"","jetpack_sharing_enabled":true,"jetpack_shortlink":"https:\/\/wp.me\/pe6lTn-o2b","_links":{"self":[{"href":"https:\/\/www.visit-ulcinj.com\/blog\/wp-json\/wp\/v2\/posts\/92391"}],"collection":[{"href":"https:\/\/www.visit-ulcinj.com\/blog\/wp-json\/wp\/v2\/posts"}],"about":[{"href":"https:\/\/www.visit-ulcinj.com\/blog\/wp-json\/wp\/v2\/types\/post"}],"author":[{"embeddable":true,"href":"https:\/\/www.visit-ulcinj.com\/blog\/wp-json\/wp\/v2\/users\/1"}],"replies":[{"embeddable":true,"href":"https:\/\/www.visit-ulcinj.com\/blog\/wp-json\/wp\/v2\/comments?post=92391"}],"version-history":[{"count":6,"href":"https:\/\/www.visit-ulcinj.com\/blog\/wp-json\/wp\/v2\/posts\/92391\/revisions"}],"predecessor-version":[{"id":92405,"href":"https:\/\/www.visit-ulcinj.com\/blog\/wp-json\/wp\/v2\/posts\/92391\/revisions\/92405"}],"wp:attachment":[{"href":"https:\/\/www.visit-ulcinj.com\/blog\/wp-json\/wp\/v2\/media?parent=92391"}],"wp:term":[{"taxonomy":"category","embeddable":true,"href":"https:\/\/www.visit-ulcinj.com\/blog\/wp-json\/wp\/v2\/categories?post=92391"},{"taxonomy":"post_tag","embeddable":true,"href":"https:\/\/www.visit-ulcinj.com\/blog\/wp-json\/wp\/v2\/tags?post=92391"}],"curies":[{"name":"wp","href":"https:\/\/api.w.org\/{rel}","templated":true}]}}