{"id":924,"date":"2008-03-16T06:57:15","date_gmt":"2008-03-16T11:57:15","guid":{"rendered":"http:\/\/www.visit-ulcinj.com\/blog\/2008\/03\/16\/deputeti-mehmet-bardhi-ne-parlamentin-e-malit-te-zi-kerkoj-ligjet-te-jene-te-perkthyer-ne-gjuhen-shqipe\/"},"modified":"2008-03-16T15:00:59","modified_gmt":"2008-03-16T20:00:59","slug":"deputeti-mehmet-bardhi-ne-parlamentin-e-malit-te-zi-kerkoj-ligjet-te-jene-te-perkthyer-ne-gjuhen-shqipe","status":"publish","type":"post","link":"https:\/\/www.visit-ulcinj.com\/blog\/2008\/03\/16\/deputeti-mehmet-bardhi-ne-parlamentin-e-malit-te-zi-kerkoj-ligjet-te-jene-te-perkthyer-ne-gjuhen-shqipe\/","title":{"rendered":"Deputeti Mehmet Bardhi n\u00eb parlamentin e malit t\u00eb zi k\u00ebrkoj ligjet t\u00eb jen\u00eb t\u00eb p\u00ebrkthyer n\u00eb gjuhen shqipe"},"content":{"rendered":"<p><a href=\"http:\/\/www.visit-ulcinj.com\/blog\/wp-content\/uploads\/2008\/03\/bardhi_dinosha.jpg\" rel=\"lightbox[pics-1205667657]\" title=\"Bardhi_Dinosha\"><img loading=\"lazy\" src=\"http:\/\/www.visit-ulcinj.com\/blog\/wp-content\/uploads\/2008\/03\/bardhi_dinosha.thumbnail.jpg\" alt=\"Bardhi_Dinosha\" align=\"left\" height=\"140\" width=\"200\" \/><\/a>Deputeti MehmetBardhi n\u00eb mbledhjen e Dyt\u00eb t\u00eb Seanc\u00ebs s\u00eb Par\u00eb t\u00eb Rregullt t\u00eb Kuvendit t\u00eb Malit t\u00eb Zi, e cila filloi m\u00eb 5 mars 2008, propozoi (edhe me shkrim) q\u00eb nga rendi i dit\u00ebs t\u00eb hiqen pika: e 6-ta, Propozimi i Ligjit p\u00ebr Marr\u00ebdh\u00ebnie Pronsore e Juridike dhe pika e 15-t\u00eb Propozimi i Planit Hap\u00ebsinor i Malit t\u00eb Zi deri m\u00eb 2020, me Propozimin e Vendimit p\u00ebr prurjen e Planit Hap\u00ebsinor t\u00eb Malit t\u00eb Zi deri m\u00eb 2020.<br \/>\nBardhi tha se :Meqen\u00ebse kemi t\u00eb b\u00ebjm\u00eb me  dy Ligje t\u00eb r\u00ebnd\u00ebsishme, konsideroj q\u00eb ka qen\u00eb e nevojshme q\u00eb, s\u00eb paku, k\u00ebto dy propozim ligje t\u00eb jen\u00eb t\u00eb p\u00ebrkthyer n\u00eb gjuhen shqipe, n\u00eb m\u00ebnyr\u00eb q\u00eb shqiptar\u00ebt, kjo popullat\u00eb autoktone n\u00eb Malin e Zi, t\u2019i kuptojn\u00eb mir\u00eb dhe qart\u00eb p\u00ebr \u00e7ka kemi t\u00eb b\u00ebjm\u00eb.<br \/>\nSecilit i \u00ebsht\u00eb e qart\u00eb se prurja e Ligjit me t\u00eb cilin rregullohen mardh\u00ebniet pron\u00ebsore-juridike, p\u00ebr secilin shtet dhe qytetar\u00eb t\u00eb saj, \u00ebsht\u00eb nd\u00ebrmarrje legjislative m\u00eb e madhja, madje mund t\u00eb themi t\u00eb nj\u00eb r\u00ebnd\u00ebsie historike. Prandaj nuk \u00ebsht\u00eb nj\u00ebsoj se n\u00eb \u00e7far\u00eb form\u00ebzimi do t\u00eb rregullohet kjo \u00e7\u00ebshtje.Nd\u00ebrsa  Propozimi i Planit Hap\u00ebsinor i Malit t\u00eb Zi deri m\u00eb 2020, me Propozimin e Vendimit p\u00ebr prurjen e Planit Hap\u00ebsinor t\u00eb Malit t\u00eb Zi deri m\u00eb 2020, me siguri do t\u00eb ndikoj\u00eb qen\u00ebsisht n\u00eb zhvillimin e ardhsh\u00ebm t\u00eb hap\u00ebsir\u00ebs ku shqiptaret jetojn\u00eb me shekuj. Kjo do t\u00eb jet\u00eb qen\u00ebsore p\u00ebr q\u00ebndrimin e m\u00ebtejsh\u00ebm n\u00eb vatrat e veta kur \u00ebsht\u00eb e njohur sa \u00ebsht\u00eb e madhe shkuarja &#8211; ikja e qytetar\u00ebve ton\u00eb jasht\u00eb vendit, sidomos n\u00eb SHBA, p\u00ebr arsye dhe presione t\u00eb ndryshme.P\u00ebr k\u00ebto arsye \u00ebsht\u00eb shum\u00eb e r\u00ebnd\u00ebsishme q\u00eb materia, e cila rregullohet me k\u00ebto ligje, t\u00eb jet\u00eb e qart\u00eb p\u00ebr secilin qytetar\u00eb. Kjo mund t\u00eb sigurohet vet\u00ebm n\u00ebse k\u00ebto ligje do t\u00eb jen\u00eb t\u00eb p\u00ebrkthyer edhe n\u00eb gjuhen amtare t\u00eb qytetar\u00ebve shqiptar\u00eb, q\u00eb jan\u00eb autokton\u00eb n\u00eb trojet e veta, n\u00eb m\u00ebnyr\u00eb q\u00eb qart\u00eb dhe drejt\u00eb t\u2019i kuptojn\u00eb.Meqen\u00ebse kjo nuk \u00ebsht\u00eb b\u00ebr\u00eb, pra propozim-ligjet n\u00eb fjal\u00eb nuk jan\u00eb p\u00ebrkthyer n\u00eb gjuhen shqipe, propozoj q\u00eb t\u00eb hiqen nga rendi i dit\u00ebs. Pas k\u00ebsaj t\u00eb p\u00ebrkthehen dhe t\u00eb organizohet t\u00eb shtyhet diskutimi publik, &#8211; k\u00ebrkoi deputeti Bardhi.Fatkeq\u00ebsisht, Kuvendi, me shumic\u00eb votash, si edhe \u00e7do her\u00eb tjet\u00ebr, nuk e mori parasysh. Pra votoi kund\u00ebr  k\u00ebtij propozimi.<\/p>\n<p><strong>Deputeti Bardhi k\u00ebrkoi q\u00eb dokumentat e udh\u00ebtimit (pasaporta) t\u00eb jen\u00eb (edhe) n\u00eb gjuh\u00ebn shqipe dhe alfabetin shqip<\/strong><a href=\"http:\/\/www.visit-ulcinj.com\/blog\/wp-content\/uploads\/2008\/01\/kryetari-i-ld-ne-mz-mehmet-bardhi.jpg\" rel=\"lightbox[pics-1205667657]\" title=\"Kryetari i LD n\u00eb MZ, Mehmet Bardhi,Ulqin\"><img loading=\"lazy\" src=\"http:\/\/www.visit-ulcinj.com\/blog\/wp-content\/uploads\/2008\/01\/kryetari-i-ld-ne-mz-mehmet-bardhi.thumbnail.jpg\" alt=\"Kryetari i LD n\u00eb MZ, Mehmet Bardhi,Ulqin\" align=\"right\" height=\"128\" width=\"115\" \/><\/a><br \/>\nPrandaj un\u00eb propozova 1 amandament n\u00eb 2 alternativa:<br \/>\nAlternativa 1 q\u00ebndron q\u00eb n\u00eb nenin 15-t\u00eb, n\u00eb paragrafin 1, t\u00eb parashihet q\u00eb formular\u00ebt-pasaportat, p\u00ebrpos n\u00eb gjuh\u00ebt e lartp\u00ebrmendura t\u00eb jen\u00eb t\u00eb shtypura edhe n\u00eb gjuhen shqipe dhe me alfabetin shqip si edhe t\u00eb plot\u00ebsohen, p\u00ebr shqiptaret, (edhe) n\u00eb gjuhen shqipe me alfabetin shqip.<br \/>\nAlternativa 2 q\u00ebndron q\u00eb formular\u00ebt, vet\u00ebm p\u00ebr shqiptar\u00ebt t\u00eb shtypen, p\u00ebrpos n\u00eb gjuh\u00ebt e lartsh\u00ebnuara, edhe n\u00eb gjuhen shqipe me alfabetin shqip si dhe t\u00eb plot\u00ebsohen  (edhe) ne gjuhen shqipe dhe alfabetin shqip.<br \/>\nNd\u00ebrsa paragrafi 2 i Propozim Ligjit .. t\u00eb fshihet.<\/p>\n<table border=\"0\" cellpadding=\"0\" cellspacing=\"2\" width=\"100%\">\n<tr>\n<td width=\"100\">&nbsp;<\/td>\n<td><strong><a href=\"mailto:mehmet.bardhi@skupstina.mn.yu%3C\" title=\"Ulcinj-ulqini-ulqin,montenegro\" target=\"_blank\">mehmet.bardhi@skupstina.mn.y<\/a><\/strong><\/td>\n<\/tr>\n<\/table>\n<p>Riza Milla<\/p>\n<p><a href=\"http:\/\/wwww.ulqini.de\/\" title=\"Ulcinj-ulqini-ulqin,montenegro\" target=\"_blank\">wwww.ulqini.de\/<\/a><\/p>\n<p>[googlevideo]http:\/\/video.aol.com\/video-detail\/mehmet-bardhi&#8211;mal-i-zi-shqiptaret-kerkojne-zyrtarizim-te-gjuhes-shqipe\/3048771477[\/googlevideo]<\/p>\n","protected":false},"excerpt":{"rendered":"<p><img loading=\"lazy\" src=\"http:\/\/www.visit-ulcinj.com\/blog\/wp-content\/uploads\/2008\/03\/bardhi_dinosha.thumbnail.jpg\" alt=\"Bardhi_Dinosha\" align=\"left\" height=\"140\" width=\"140\" \/><\/p>\n","protected":false},"author":1,"featured_media":0,"comment_status":"open","ping_status":"closed","sticky":false,"template":"","format":"standard","meta":{"spay_email":"","jetpack_publicize_message":"","jetpack_is_tweetstorm":false,"jetpack_publicize_feature_enabled":true},"categories":[6],"tags":[896,347,200],"jetpack_publicize_connections":[],"yoast_head":"<!-- This site is optimized with the Yoast SEO plugin v19.1 - https:\/\/yoast.com\/wordpress\/plugins\/seo\/ -->\n<title>Deputeti Mehmet Bardhi n\u00eb parlamentin e malit t\u00eb zi k\u00ebrkoj ligjet t\u00eb jen\u00eb t\u00eb p\u00ebrkthyer n\u00eb gjuhen shqipe - Lajme nga Ulqini<\/title>\n<meta name=\"robots\" content=\"index, follow, max-snippet:-1, max-image-preview:large, max-video-preview:-1\" \/>\n<link rel=\"canonical\" href=\"https:\/\/www.visit-ulcinj.com\/blog\/2008\/03\/16\/deputeti-mehmet-bardhi-ne-parlamentin-e-malit-te-zi-kerkoj-ligjet-te-jene-te-perkthyer-ne-gjuhen-shqipe\/\" \/>\n<meta property=\"og:locale\" content=\"en_US\" \/>\n<meta property=\"og:type\" content=\"article\" \/>\n<meta property=\"og:title\" content=\"Deputeti Mehmet Bardhi n\u00eb parlamentin e malit t\u00eb zi k\u00ebrkoj ligjet t\u00eb jen\u00eb t\u00eb p\u00ebrkthyer n\u00eb gjuhen shqipe - Lajme nga Ulqini\" \/>\n<meta property=\"og:url\" content=\"https:\/\/www.visit-ulcinj.com\/blog\/2008\/03\/16\/deputeti-mehmet-bardhi-ne-parlamentin-e-malit-te-zi-kerkoj-ligjet-te-jene-te-perkthyer-ne-gjuhen-shqipe\/\" \/>\n<meta property=\"og:site_name\" content=\"Lajme nga Ulqini\" \/>\n<meta property=\"article:published_time\" content=\"2008-03-16T11:57:15+00:00\" \/>\n<meta property=\"article:modified_time\" content=\"2008-03-16T20:00:59+00:00\" \/>\n<meta property=\"og:image\" content=\"http:\/\/www.visit-ulcinj.com\/blog\/wp-content\/uploads\/2008\/03\/bardhi_dinosha.thumbnail.jpg\" \/>\n<meta name=\"twitter:label1\" content=\"Written by\" \/>\n\t<meta name=\"twitter:data1\" content=\"ulqini\" \/>\n\t<meta name=\"twitter:label2\" content=\"Est. reading time\" \/>\n\t<meta name=\"twitter:data2\" content=\"3 minutes\" \/>\n<script type=\"application\/ld+json\" class=\"yoast-schema-graph\">{\"@context\":\"https:\/\/schema.org\",\"@graph\":[{\"@type\":\"WebSite\",\"@id\":\"https:\/\/www.visit-ulcinj.com\/blog\/#website\",\"url\":\"https:\/\/www.visit-ulcinj.com\/blog\/\",\"name\":\"Lajme nga Ulqini\",\"description\":\"Lajme,Vijesti,Ulqini,Ulqin,Crna Gora,Mali i Zi\",\"potentialAction\":[{\"@type\":\"SearchAction\",\"target\":{\"@type\":\"EntryPoint\",\"urlTemplate\":\"https:\/\/www.visit-ulcinj.com\/blog\/?s={search_term_string}\"},\"query-input\":\"required name=search_term_string\"}],\"inLanguage\":\"en-US\"},{\"@type\":\"ImageObject\",\"inLanguage\":\"en-US\",\"@id\":\"https:\/\/www.visit-ulcinj.com\/blog\/2008\/03\/16\/deputeti-mehmet-bardhi-ne-parlamentin-e-malit-te-zi-kerkoj-ligjet-te-jene-te-perkthyer-ne-gjuhen-shqipe\/#primaryimage\",\"url\":\"http:\/\/www.visit-ulcinj.com\/blog\/wp-content\/uploads\/2008\/03\/bardhi_dinosha.thumbnail.jpg\",\"contentUrl\":\"http:\/\/www.visit-ulcinj.com\/blog\/wp-content\/uploads\/2008\/03\/bardhi_dinosha.thumbnail.jpg\"},{\"@type\":\"WebPage\",\"@id\":\"https:\/\/www.visit-ulcinj.com\/blog\/2008\/03\/16\/deputeti-mehmet-bardhi-ne-parlamentin-e-malit-te-zi-kerkoj-ligjet-te-jene-te-perkthyer-ne-gjuhen-shqipe\/#webpage\",\"url\":\"https:\/\/www.visit-ulcinj.com\/blog\/2008\/03\/16\/deputeti-mehmet-bardhi-ne-parlamentin-e-malit-te-zi-kerkoj-ligjet-te-jene-te-perkthyer-ne-gjuhen-shqipe\/\",\"name\":\"Deputeti Mehmet Bardhi n\u00eb parlamentin e malit t\u00eb zi k\u00ebrkoj ligjet t\u00eb jen\u00eb t\u00eb p\u00ebrkthyer n\u00eb gjuhen shqipe - Lajme nga Ulqini\",\"isPartOf\":{\"@id\":\"https:\/\/www.visit-ulcinj.com\/blog\/#website\"},\"primaryImageOfPage\":{\"@id\":\"https:\/\/www.visit-ulcinj.com\/blog\/2008\/03\/16\/deputeti-mehmet-bardhi-ne-parlamentin-e-malit-te-zi-kerkoj-ligjet-te-jene-te-perkthyer-ne-gjuhen-shqipe\/#primaryimage\"},\"datePublished\":\"2008-03-16T11:57:15+00:00\",\"dateModified\":\"2008-03-16T20:00:59+00:00\",\"author\":{\"@id\":\"https:\/\/www.visit-ulcinj.com\/blog\/#\/schema\/person\/dcab619c614d3038751c63bc2aadc06d\"},\"breadcrumb\":{\"@id\":\"https:\/\/www.visit-ulcinj.com\/blog\/2008\/03\/16\/deputeti-mehmet-bardhi-ne-parlamentin-e-malit-te-zi-kerkoj-ligjet-te-jene-te-perkthyer-ne-gjuhen-shqipe\/#breadcrumb\"},\"inLanguage\":\"en-US\",\"potentialAction\":[{\"@type\":\"ReadAction\",\"target\":[\"https:\/\/www.visit-ulcinj.com\/blog\/2008\/03\/16\/deputeti-mehmet-bardhi-ne-parlamentin-e-malit-te-zi-kerkoj-ligjet-te-jene-te-perkthyer-ne-gjuhen-shqipe\/\"]}]},{\"@type\":\"BreadcrumbList\",\"@id\":\"https:\/\/www.visit-ulcinj.com\/blog\/2008\/03\/16\/deputeti-mehmet-bardhi-ne-parlamentin-e-malit-te-zi-kerkoj-ligjet-te-jene-te-perkthyer-ne-gjuhen-shqipe\/#breadcrumb\",\"itemListElement\":[{\"@type\":\"ListItem\",\"position\":1,\"name\":\"Deputeti Mehmet Bardhi n\u00eb parlamentin e malit t\u00eb zi k\u00ebrkoj ligjet t\u00eb jen\u00eb t\u00eb p\u00ebrkthyer n\u00eb gjuhen shqipe\"}]},{\"@type\":\"Person\",\"@id\":\"https:\/\/www.visit-ulcinj.com\/blog\/#\/schema\/person\/dcab619c614d3038751c63bc2aadc06d\",\"name\":\"ulqini\",\"sameAs\":[\"http:\/\/www.visit-ulcinj.com\"],\"url\":\"https:\/\/www.visit-ulcinj.com\/blog\/author\/admin\/\"}]}<\/script>\n<!-- \/ Yoast SEO plugin. -->","yoast_head_json":{"title":"Deputeti Mehmet Bardhi n\u00eb parlamentin e malit t\u00eb zi k\u00ebrkoj ligjet t\u00eb jen\u00eb t\u00eb p\u00ebrkthyer n\u00eb gjuhen shqipe - Lajme nga Ulqini","robots":{"index":"index","follow":"follow","max-snippet":"max-snippet:-1","max-image-preview":"max-image-preview:large","max-video-preview":"max-video-preview:-1"},"canonical":"https:\/\/www.visit-ulcinj.com\/blog\/2008\/03\/16\/deputeti-mehmet-bardhi-ne-parlamentin-e-malit-te-zi-kerkoj-ligjet-te-jene-te-perkthyer-ne-gjuhen-shqipe\/","og_locale":"en_US","og_type":"article","og_title":"Deputeti Mehmet Bardhi n\u00eb parlamentin e malit t\u00eb zi k\u00ebrkoj ligjet t\u00eb jen\u00eb t\u00eb p\u00ebrkthyer n\u00eb gjuhen shqipe - Lajme nga Ulqini","og_url":"https:\/\/www.visit-ulcinj.com\/blog\/2008\/03\/16\/deputeti-mehmet-bardhi-ne-parlamentin-e-malit-te-zi-kerkoj-ligjet-te-jene-te-perkthyer-ne-gjuhen-shqipe\/","og_site_name":"Lajme nga Ulqini","article_published_time":"2008-03-16T11:57:15+00:00","article_modified_time":"2008-03-16T20:00:59+00:00","og_image":[{"url":"http:\/\/www.visit-ulcinj.com\/blog\/wp-content\/uploads\/2008\/03\/bardhi_dinosha.thumbnail.jpg"}],"twitter_misc":{"Written by":"ulqini","Est. reading time":"3 minutes"},"schema":{"@context":"https:\/\/schema.org","@graph":[{"@type":"WebSite","@id":"https:\/\/www.visit-ulcinj.com\/blog\/#website","url":"https:\/\/www.visit-ulcinj.com\/blog\/","name":"Lajme nga Ulqini","description":"Lajme,Vijesti,Ulqini,Ulqin,Crna Gora,Mali i Zi","potentialAction":[{"@type":"SearchAction","target":{"@type":"EntryPoint","urlTemplate":"https:\/\/www.visit-ulcinj.com\/blog\/?s={search_term_string}"},"query-input":"required name=search_term_string"}],"inLanguage":"en-US"},{"@type":"ImageObject","inLanguage":"en-US","@id":"https:\/\/www.visit-ulcinj.com\/blog\/2008\/03\/16\/deputeti-mehmet-bardhi-ne-parlamentin-e-malit-te-zi-kerkoj-ligjet-te-jene-te-perkthyer-ne-gjuhen-shqipe\/#primaryimage","url":"http:\/\/www.visit-ulcinj.com\/blog\/wp-content\/uploads\/2008\/03\/bardhi_dinosha.thumbnail.jpg","contentUrl":"http:\/\/www.visit-ulcinj.com\/blog\/wp-content\/uploads\/2008\/03\/bardhi_dinosha.thumbnail.jpg"},{"@type":"WebPage","@id":"https:\/\/www.visit-ulcinj.com\/blog\/2008\/03\/16\/deputeti-mehmet-bardhi-ne-parlamentin-e-malit-te-zi-kerkoj-ligjet-te-jene-te-perkthyer-ne-gjuhen-shqipe\/#webpage","url":"https:\/\/www.visit-ulcinj.com\/blog\/2008\/03\/16\/deputeti-mehmet-bardhi-ne-parlamentin-e-malit-te-zi-kerkoj-ligjet-te-jene-te-perkthyer-ne-gjuhen-shqipe\/","name":"Deputeti Mehmet Bardhi n\u00eb parlamentin e malit t\u00eb zi k\u00ebrkoj ligjet t\u00eb jen\u00eb t\u00eb p\u00ebrkthyer n\u00eb gjuhen shqipe - Lajme nga Ulqini","isPartOf":{"@id":"https:\/\/www.visit-ulcinj.com\/blog\/#website"},"primaryImageOfPage":{"@id":"https:\/\/www.visit-ulcinj.com\/blog\/2008\/03\/16\/deputeti-mehmet-bardhi-ne-parlamentin-e-malit-te-zi-kerkoj-ligjet-te-jene-te-perkthyer-ne-gjuhen-shqipe\/#primaryimage"},"datePublished":"2008-03-16T11:57:15+00:00","dateModified":"2008-03-16T20:00:59+00:00","author":{"@id":"https:\/\/www.visit-ulcinj.com\/blog\/#\/schema\/person\/dcab619c614d3038751c63bc2aadc06d"},"breadcrumb":{"@id":"https:\/\/www.visit-ulcinj.com\/blog\/2008\/03\/16\/deputeti-mehmet-bardhi-ne-parlamentin-e-malit-te-zi-kerkoj-ligjet-te-jene-te-perkthyer-ne-gjuhen-shqipe\/#breadcrumb"},"inLanguage":"en-US","potentialAction":[{"@type":"ReadAction","target":["https:\/\/www.visit-ulcinj.com\/blog\/2008\/03\/16\/deputeti-mehmet-bardhi-ne-parlamentin-e-malit-te-zi-kerkoj-ligjet-te-jene-te-perkthyer-ne-gjuhen-shqipe\/"]}]},{"@type":"BreadcrumbList","@id":"https:\/\/www.visit-ulcinj.com\/blog\/2008\/03\/16\/deputeti-mehmet-bardhi-ne-parlamentin-e-malit-te-zi-kerkoj-ligjet-te-jene-te-perkthyer-ne-gjuhen-shqipe\/#breadcrumb","itemListElement":[{"@type":"ListItem","position":1,"name":"Deputeti Mehmet Bardhi n\u00eb parlamentin e malit t\u00eb zi k\u00ebrkoj ligjet t\u00eb jen\u00eb t\u00eb p\u00ebrkthyer n\u00eb gjuhen shqipe"}]},{"@type":"Person","@id":"https:\/\/www.visit-ulcinj.com\/blog\/#\/schema\/person\/dcab619c614d3038751c63bc2aadc06d","name":"ulqini","sameAs":["http:\/\/www.visit-ulcinj.com"],"url":"https:\/\/www.visit-ulcinj.com\/blog\/author\/admin\/"}]}},"jetpack_featured_media_url":"","jetpack_sharing_enabled":true,"jetpack_shortlink":"https:\/\/wp.me\/pe6lTn-eU","_links":{"self":[{"href":"https:\/\/www.visit-ulcinj.com\/blog\/wp-json\/wp\/v2\/posts\/924"}],"collection":[{"href":"https:\/\/www.visit-ulcinj.com\/blog\/wp-json\/wp\/v2\/posts"}],"about":[{"href":"https:\/\/www.visit-ulcinj.com\/blog\/wp-json\/wp\/v2\/types\/post"}],"author":[{"embeddable":true,"href":"https:\/\/www.visit-ulcinj.com\/blog\/wp-json\/wp\/v2\/users\/1"}],"replies":[{"embeddable":true,"href":"https:\/\/www.visit-ulcinj.com\/blog\/wp-json\/wp\/v2\/comments?post=924"}],"version-history":[{"count":0,"href":"https:\/\/www.visit-ulcinj.com\/blog\/wp-json\/wp\/v2\/posts\/924\/revisions"}],"wp:attachment":[{"href":"https:\/\/www.visit-ulcinj.com\/blog\/wp-json\/wp\/v2\/media?parent=924"}],"wp:term":[{"taxonomy":"category","embeddable":true,"href":"https:\/\/www.visit-ulcinj.com\/blog\/wp-json\/wp\/v2\/categories?post=924"},{"taxonomy":"post_tag","embeddable":true,"href":"https:\/\/www.visit-ulcinj.com\/blog\/wp-json\/wp\/v2\/tags?post=924"}],"curies":[{"name":"wp","href":"https:\/\/api.w.org\/{rel}","templated":true}]}}