{"id":92413,"date":"2015-09-28T08:14:51","date_gmt":"2015-09-28T07:14:51","guid":{"rendered":"http:\/\/www.visit-ulcinj.com\/blog\/?p=92413"},"modified":"2015-09-28T08:14:51","modified_gmt":"2015-09-28T07:14:51","slug":"ne-theranda-open-2015-taekwondo-ulqini-u-u-kurorezua-4-medalje","status":"publish","type":"post","link":"https:\/\/www.visit-ulcinj.com\/blog\/2015\/09\/28\/ne-theranda-open-2015-taekwondo-ulqini-u-u-kurorezua-4-medalje\/","title":{"rendered":"N\u00eb \u201cTheranda open 2015\u201d Taekwondo Ulqini u u kuror\u00ebzua me 4 medalje"},"content":{"rendered":"<div dir=\"ltr\">\n<div><i><b><a href=\"http:\/\/www.visit-ulcinj.com\/blog\/wp-content\/uploads\/2015\/09\/Theranda-open-2015-Taekwondo-Ulqini.jpg\"><img loading=\"lazy\" class=\"alignleft wp-image-92414\" src=\"http:\/\/www.visit-ulcinj.com\/blog\/wp-content\/uploads\/2015\/09\/Theranda-open-2015-Taekwondo-Ulqini.jpg\" alt=\"Theranda open 2015- Taekwondo Ulqini\" width=\"508\" height=\"381\" srcset=\"https:\/\/www.visit-ulcinj.com\/blog\/wp-content\/uploads\/2015\/09\/Theranda-open-2015-Taekwondo-Ulqini.jpg 661w, https:\/\/www.visit-ulcinj.com\/blog\/wp-content\/uploads\/2015\/09\/Theranda-open-2015-Taekwondo-Ulqini-300x225.jpg 300w\" sizes=\"(max-width: 508px) 100vw, 508px\" \/><\/a>TAEKWONDO \u201cTheranda open 2015\u201d<\/b><\/i><\/div>\n<div>\n<div>\n<div>\n<div><\/div>\n<\/div>\n<\/div>\n<\/div>\n<div>Gjat\u00eb vikendit q\u00eb lam\u00eb pas me dat\u00eb 26.09.2015 e shtune n\u00eb Kosove n\u00eb qytetin e Therandes u zhvillua turneu nd\u00ebrkomb\u00ebtar\u00eb p\u00ebr t\u00eb 6-tin vit\u00eb me radh\u00eb n\u00eb sportin olimpik t\u00eb Taekwondo-s\u00eb.<br \/>\nN\u00eb k\u00ebt\u00eb gar\u00eb mor\u00ebn pjes\u00eb rreth\u00eb 100 garues, kryesisht nga klubet shqiptare si Kosova, Shqiperia dhe Mali i Zi.<br \/>\nKlubi i Taekwondo-s\u00eb Ulqini u paraqit me 4 garues dhe nj\u00eb refer.<br \/>\nGaruesit e KT Ulqinit ishin t\u00eb sukssesh\u00ebn duke fituar tri medalje t\u00eb arta dhe nj\u00eb t\u00eb bronzit.<\/div>\n<div><a href=\"http:\/\/www.visit-ulcinj.com\/blog\/wp-content\/uploads\/2015\/09\/Theranda-open-2015-Taekwondo-Ulqini-1.jpg\"><img loading=\"lazy\" class=\"alignleft wp-image-92415\" src=\"http:\/\/www.visit-ulcinj.com\/blog\/wp-content\/uploads\/2015\/09\/Theranda-open-2015-Taekwondo-Ulqini-1.jpg\" alt=\"Theranda open 2015- Taekwondo Ulqini-1\" width=\"508\" height=\"381\" srcset=\"https:\/\/www.visit-ulcinj.com\/blog\/wp-content\/uploads\/2015\/09\/Theranda-open-2015-Taekwondo-Ulqini-1.jpg 661w, https:\/\/www.visit-ulcinj.com\/blog\/wp-content\/uploads\/2015\/09\/Theranda-open-2015-Taekwondo-Ulqini-1-300x225.jpg 300w\" sizes=\"(max-width: 508px) 100vw, 508px\" \/><\/a><br \/>\n<b>Me medalje t\u00eb arta u kurorzuan:<\/b><br \/>\n1. Medina Kanaqi n\u00eb kategorin -53kg Senior\u00eb,<br \/>\n2. Ardiana Karanamaga n\u00eb kategorin\u00eb -49kg Senior\u00eb,<br \/>\n3. Edina Kraja n\u00eb kategorin\u00eb -44 Kadet\u00eb.<br \/>\n<b>Me medalje t\u00eb bronzit u kurorzua garuesi<\/b>:<br \/>\n1. Esad Kraja n\u00eb kategorin\u00eb -45kg Kadet\u00eb.<\/p>\n<p>Klubi i Taekwondo-s\u00eb Ulqini p\u00ebrshendet dhe falenderon t\u00eb gjith\u00eb sponsor\u00ebt q\u00eb kontribuan p\u00ebr garuesit tan\u00eb.<\/p>\n<p>Sh\u00ebrbimi informativ i KT Ulqinit.<\/p><\/div>\n<div><\/div>\n<div>\n\n\t\t<style type=\"text\/css\">\n\t\t\t#gallery-1 {\n\t\t\t\tmargin: auto;\n\t\t\t}\n\t\t\t#gallery-1 .gallery-item {\n\t\t\t\tfloat: left;\n\t\t\t\tmargin-top: 10px;\n\t\t\t\ttext-align: center;\n\t\t\t\twidth: 33%;\n\t\t\t}\n\t\t\t#gallery-1 img {\n\t\t\t\tborder: 2px solid #cfcfcf;\n\t\t\t}\n\t\t\t#gallery-1 .gallery-caption {\n\t\t\t\tmargin-left: 0;\n\t\t\t}\n\t\t\t\/* see gallery_shortcode() in wp-includes\/media.php *\/\n\t\t<\/style>\n\t\t<div id='gallery-1' class='gallery galleryid-92413 gallery-columns-3 gallery-size-thumbnail'><dl class='gallery-item'>\n\t\t\t<dt class='gallery-icon landscape'>\n\t\t\t\t<a href='https:\/\/www.visit-ulcinj.com\/blog\/2015\/09\/28\/ne-theranda-open-2015-taekwondo-ulqini-u-u-kurorezua-4-medalje\/theranda-open-2015-taekwondo-ulqini-2\/'><img width=\"150\" height=\"150\" src=\"https:\/\/www.visit-ulcinj.com\/blog\/wp-content\/uploads\/2015\/09\/Theranda-open-2015-Taekwondo-Ulqini-2-150x150.jpg\" class=\"attachment-thumbnail size-thumbnail\" alt=\"\" loading=\"lazy\" \/><\/a>\n\t\t\t<\/dt><\/dl><dl class='gallery-item'>\n\t\t\t<dt class='gallery-icon portrait'>\n\t\t\t\t<a href='https:\/\/www.visit-ulcinj.com\/blog\/2015\/09\/28\/ne-theranda-open-2015-taekwondo-ulqini-u-u-kurorezua-4-medalje\/theranda-open-2015-taekwondo-ulqini-3\/'><img width=\"150\" height=\"150\" src=\"https:\/\/www.visit-ulcinj.com\/blog\/wp-content\/uploads\/2015\/09\/Theranda-open-2015-Taekwondo-Ulqini-3-150x150.jpg\" class=\"attachment-thumbnail size-thumbnail\" alt=\"\" loading=\"lazy\" \/><\/a>\n\t\t\t<\/dt><\/dl><dl class='gallery-item'>\n\t\t\t<dt class='gallery-icon landscape'>\n\t\t\t\t<a href='https:\/\/www.visit-ulcinj.com\/blog\/2015\/09\/28\/ne-theranda-open-2015-taekwondo-ulqini-u-u-kurorezua-4-medalje\/theranda-open-2015-taekwondo-ulqini-4\/'><img width=\"150\" height=\"150\" src=\"https:\/\/www.visit-ulcinj.com\/blog\/wp-content\/uploads\/2015\/09\/Theranda-open-2015-Taekwondo-Ulqini-4-150x150.jpg\" class=\"attachment-thumbnail size-thumbnail\" alt=\"\" loading=\"lazy\" \/><\/a>\n\t\t\t<\/dt><\/dl><br style=\"clear: both\" \/>\n\t\t<\/div>\n\n<\/div>\n<\/div>\n","protected":false},"excerpt":{"rendered":"<p>TAEKWONDO \u201cTheranda open 2015\u201d Gjat\u00eb vikendit q\u00eb lam\u00eb pas me dat\u00eb 26.09.2015 e shtune n\u00eb Kosove n\u00eb qytetin e Therandes u zhvillua turneu nd\u00ebrkomb\u00ebtar\u00eb p\u00ebr t\u00eb 6-tin vit\u00eb me radh\u00eb n\u00eb sportin olimpik t\u00eb Taekwondo-s\u00eb. N\u00eb k\u00ebt\u00eb gar\u00eb mor\u00ebn pjes\u00eb rreth\u00eb 100 garues, kryesisht nga klubet shqiptare si Kosova, Shqiperia dhe Mali i Zi. Klubi [&hellip;]<\/p>\n","protected":false},"author":1,"featured_media":0,"comment_status":"closed","ping_status":"closed","sticky":false,"template":"","format":"standard","meta":{"spay_email":"","jetpack_publicize_message":"","jetpack_is_tweetstorm":false,"jetpack_publicize_feature_enabled":true},"categories":[3],"tags":[],"jetpack_publicize_connections":[],"yoast_head":"<!-- This site is optimized with the Yoast SEO plugin v19.1 - https:\/\/yoast.com\/wordpress\/plugins\/seo\/ -->\n<title>N\u00eb \u201cTheranda open 2015\u201d Taekwondo Ulqini u u kuror\u00ebzua me 4 medalje - Lajme nga Ulqini<\/title>\n<meta name=\"description\" content=\"TAEKWONDO \u201cTheranda open 2015\u201d Gjat\u00eb vikendit q\u00eb lam\u00eb pas me dat\u00eb 26.09.2015 e shtune n\u00eb Kosove n\u00eb qytetin e Therandes u zhvillua turneu nd\u00ebrkomb\u00ebtar\u00eb p\u00ebr\" \/>\n<meta name=\"robots\" content=\"index, follow, max-snippet:-1, max-image-preview:large, max-video-preview:-1\" \/>\n<link rel=\"canonical\" href=\"https:\/\/www.visit-ulcinj.com\/blog\/2015\/09\/28\/ne-theranda-open-2015-taekwondo-ulqini-u-u-kurorezua-4-medalje\/\" \/>\n<meta property=\"og:locale\" content=\"en_US\" \/>\n<meta property=\"og:type\" content=\"article\" \/>\n<meta property=\"og:title\" content=\"N\u00eb \u201cTheranda open 2015\u201d Taekwondo Ulqini u u kuror\u00ebzua me 4 medalje - Lajme nga Ulqini\" \/>\n<meta property=\"og:description\" content=\"TAEKWONDO \u201cTheranda open 2015\u201d Gjat\u00eb vikendit q\u00eb lam\u00eb pas me dat\u00eb 26.09.2015 e shtune n\u00eb Kosove n\u00eb qytetin e Therandes u zhvillua turneu nd\u00ebrkomb\u00ebtar\u00eb p\u00ebr\" \/>\n<meta property=\"og:url\" content=\"https:\/\/www.visit-ulcinj.com\/blog\/2015\/09\/28\/ne-theranda-open-2015-taekwondo-ulqini-u-u-kurorezua-4-medalje\/\" \/>\n<meta property=\"og:site_name\" content=\"Lajme nga Ulqini\" \/>\n<meta property=\"article:published_time\" content=\"2015-09-28T07:14:51+00:00\" \/>\n<meta property=\"og:image\" content=\"https:\/\/www.visit-ulcinj.com\/blog\/wp-content\/uploads\/2015\/09\/Theranda-open-2015-Taekwondo-Ulqini-2-150x150.jpg\" \/>\n<meta name=\"twitter:label1\" content=\"Written by\" \/>\n\t<meta name=\"twitter:data1\" content=\"ulqini\" \/>\n\t<meta name=\"twitter:label2\" content=\"Est. reading time\" \/>\n\t<meta name=\"twitter:data2\" content=\"1 minute\" \/>\n<script type=\"application\/ld+json\" class=\"yoast-schema-graph\">{\"@context\":\"https:\/\/schema.org\",\"@graph\":[{\"@type\":\"WebSite\",\"@id\":\"https:\/\/www.visit-ulcinj.com\/blog\/#website\",\"url\":\"https:\/\/www.visit-ulcinj.com\/blog\/\",\"name\":\"Lajme nga Ulqini\",\"description\":\"Lajme,Vijesti,Ulqini,Ulqin,Crna Gora,Mali i Zi\",\"potentialAction\":[{\"@type\":\"SearchAction\",\"target\":{\"@type\":\"EntryPoint\",\"urlTemplate\":\"https:\/\/www.visit-ulcinj.com\/blog\/?s={search_term_string}\"},\"query-input\":\"required name=search_term_string\"}],\"inLanguage\":\"en-US\"},{\"@type\":\"ImageObject\",\"inLanguage\":\"en-US\",\"@id\":\"https:\/\/www.visit-ulcinj.com\/blog\/2015\/09\/28\/ne-theranda-open-2015-taekwondo-ulqini-u-u-kurorezua-4-medalje\/#primaryimage\",\"url\":\"https:\/\/www.visit-ulcinj.com\/blog\/wp-content\/uploads\/2015\/09\/Theranda-open-2015-Taekwondo-Ulqini.jpg\",\"contentUrl\":\"https:\/\/www.visit-ulcinj.com\/blog\/wp-content\/uploads\/2015\/09\/Theranda-open-2015-Taekwondo-Ulqini.jpg\",\"width\":661,\"height\":496},{\"@type\":\"WebPage\",\"@id\":\"https:\/\/www.visit-ulcinj.com\/blog\/2015\/09\/28\/ne-theranda-open-2015-taekwondo-ulqini-u-u-kurorezua-4-medalje\/#webpage\",\"url\":\"https:\/\/www.visit-ulcinj.com\/blog\/2015\/09\/28\/ne-theranda-open-2015-taekwondo-ulqini-u-u-kurorezua-4-medalje\/\",\"name\":\"N\u00eb \u201cTheranda open 2015\u201d Taekwondo Ulqini u u kuror\u00ebzua me 4 medalje - Lajme nga Ulqini\",\"isPartOf\":{\"@id\":\"https:\/\/www.visit-ulcinj.com\/blog\/#website\"},\"primaryImageOfPage\":{\"@id\":\"https:\/\/www.visit-ulcinj.com\/blog\/2015\/09\/28\/ne-theranda-open-2015-taekwondo-ulqini-u-u-kurorezua-4-medalje\/#primaryimage\"},\"datePublished\":\"2015-09-28T07:14:51+00:00\",\"dateModified\":\"2015-09-28T07:14:51+00:00\",\"author\":{\"@id\":\"https:\/\/www.visit-ulcinj.com\/blog\/#\/schema\/person\/dcab619c614d3038751c63bc2aadc06d\"},\"description\":\"TAEKWONDO \u201cTheranda open 2015\u201d Gjat\u00eb vikendit q\u00eb lam\u00eb pas me dat\u00eb 26.09.2015 e shtune n\u00eb Kosove n\u00eb qytetin e Therandes u zhvillua turneu nd\u00ebrkomb\u00ebtar\u00eb p\u00ebr\",\"breadcrumb\":{\"@id\":\"https:\/\/www.visit-ulcinj.com\/blog\/2015\/09\/28\/ne-theranda-open-2015-taekwondo-ulqini-u-u-kurorezua-4-medalje\/#breadcrumb\"},\"inLanguage\":\"en-US\",\"potentialAction\":[{\"@type\":\"ReadAction\",\"target\":[\"https:\/\/www.visit-ulcinj.com\/blog\/2015\/09\/28\/ne-theranda-open-2015-taekwondo-ulqini-u-u-kurorezua-4-medalje\/\"]}]},{\"@type\":\"BreadcrumbList\",\"@id\":\"https:\/\/www.visit-ulcinj.com\/blog\/2015\/09\/28\/ne-theranda-open-2015-taekwondo-ulqini-u-u-kurorezua-4-medalje\/#breadcrumb\",\"itemListElement\":[{\"@type\":\"ListItem\",\"position\":1,\"name\":\"N\u00eb \u201cTheranda open 2015\u201d Taekwondo Ulqini u u kuror\u00ebzua me 4 medalje\"}]},{\"@type\":\"Person\",\"@id\":\"https:\/\/www.visit-ulcinj.com\/blog\/#\/schema\/person\/dcab619c614d3038751c63bc2aadc06d\",\"name\":\"ulqini\",\"sameAs\":[\"http:\/\/www.visit-ulcinj.com\"],\"url\":\"https:\/\/www.visit-ulcinj.com\/blog\/author\/admin\/\"}]}<\/script>\n<!-- \/ Yoast SEO plugin. -->","yoast_head_json":{"title":"N\u00eb \u201cTheranda open 2015\u201d Taekwondo Ulqini u u kuror\u00ebzua me 4 medalje - Lajme nga Ulqini","description":"TAEKWONDO \u201cTheranda open 2015\u201d Gjat\u00eb vikendit q\u00eb lam\u00eb pas me dat\u00eb 26.09.2015 e shtune n\u00eb Kosove n\u00eb qytetin e Therandes u zhvillua turneu nd\u00ebrkomb\u00ebtar\u00eb p\u00ebr","robots":{"index":"index","follow":"follow","max-snippet":"max-snippet:-1","max-image-preview":"max-image-preview:large","max-video-preview":"max-video-preview:-1"},"canonical":"https:\/\/www.visit-ulcinj.com\/blog\/2015\/09\/28\/ne-theranda-open-2015-taekwondo-ulqini-u-u-kurorezua-4-medalje\/","og_locale":"en_US","og_type":"article","og_title":"N\u00eb \u201cTheranda open 2015\u201d Taekwondo Ulqini u u kuror\u00ebzua me 4 medalje - Lajme nga Ulqini","og_description":"TAEKWONDO \u201cTheranda open 2015\u201d Gjat\u00eb vikendit q\u00eb lam\u00eb pas me dat\u00eb 26.09.2015 e shtune n\u00eb Kosove n\u00eb qytetin e Therandes u zhvillua turneu nd\u00ebrkomb\u00ebtar\u00eb p\u00ebr","og_url":"https:\/\/www.visit-ulcinj.com\/blog\/2015\/09\/28\/ne-theranda-open-2015-taekwondo-ulqini-u-u-kurorezua-4-medalje\/","og_site_name":"Lajme nga Ulqini","article_published_time":"2015-09-28T07:14:51+00:00","og_image":[{"url":"https:\/\/www.visit-ulcinj.com\/blog\/wp-content\/uploads\/2015\/09\/Theranda-open-2015-Taekwondo-Ulqini-2-150x150.jpg"}],"twitter_misc":{"Written by":"ulqini","Est. reading time":"1 minute"},"schema":{"@context":"https:\/\/schema.org","@graph":[{"@type":"WebSite","@id":"https:\/\/www.visit-ulcinj.com\/blog\/#website","url":"https:\/\/www.visit-ulcinj.com\/blog\/","name":"Lajme nga Ulqini","description":"Lajme,Vijesti,Ulqini,Ulqin,Crna Gora,Mali i Zi","potentialAction":[{"@type":"SearchAction","target":{"@type":"EntryPoint","urlTemplate":"https:\/\/www.visit-ulcinj.com\/blog\/?s={search_term_string}"},"query-input":"required name=search_term_string"}],"inLanguage":"en-US"},{"@type":"ImageObject","inLanguage":"en-US","@id":"https:\/\/www.visit-ulcinj.com\/blog\/2015\/09\/28\/ne-theranda-open-2015-taekwondo-ulqini-u-u-kurorezua-4-medalje\/#primaryimage","url":"https:\/\/www.visit-ulcinj.com\/blog\/wp-content\/uploads\/2015\/09\/Theranda-open-2015-Taekwondo-Ulqini.jpg","contentUrl":"https:\/\/www.visit-ulcinj.com\/blog\/wp-content\/uploads\/2015\/09\/Theranda-open-2015-Taekwondo-Ulqini.jpg","width":661,"height":496},{"@type":"WebPage","@id":"https:\/\/www.visit-ulcinj.com\/blog\/2015\/09\/28\/ne-theranda-open-2015-taekwondo-ulqini-u-u-kurorezua-4-medalje\/#webpage","url":"https:\/\/www.visit-ulcinj.com\/blog\/2015\/09\/28\/ne-theranda-open-2015-taekwondo-ulqini-u-u-kurorezua-4-medalje\/","name":"N\u00eb \u201cTheranda open 2015\u201d Taekwondo Ulqini u u kuror\u00ebzua me 4 medalje - Lajme nga Ulqini","isPartOf":{"@id":"https:\/\/www.visit-ulcinj.com\/blog\/#website"},"primaryImageOfPage":{"@id":"https:\/\/www.visit-ulcinj.com\/blog\/2015\/09\/28\/ne-theranda-open-2015-taekwondo-ulqini-u-u-kurorezua-4-medalje\/#primaryimage"},"datePublished":"2015-09-28T07:14:51+00:00","dateModified":"2015-09-28T07:14:51+00:00","author":{"@id":"https:\/\/www.visit-ulcinj.com\/blog\/#\/schema\/person\/dcab619c614d3038751c63bc2aadc06d"},"description":"TAEKWONDO \u201cTheranda open 2015\u201d Gjat\u00eb vikendit q\u00eb lam\u00eb pas me dat\u00eb 26.09.2015 e shtune n\u00eb Kosove n\u00eb qytetin e Therandes u zhvillua turneu nd\u00ebrkomb\u00ebtar\u00eb p\u00ebr","breadcrumb":{"@id":"https:\/\/www.visit-ulcinj.com\/blog\/2015\/09\/28\/ne-theranda-open-2015-taekwondo-ulqini-u-u-kurorezua-4-medalje\/#breadcrumb"},"inLanguage":"en-US","potentialAction":[{"@type":"ReadAction","target":["https:\/\/www.visit-ulcinj.com\/blog\/2015\/09\/28\/ne-theranda-open-2015-taekwondo-ulqini-u-u-kurorezua-4-medalje\/"]}]},{"@type":"BreadcrumbList","@id":"https:\/\/www.visit-ulcinj.com\/blog\/2015\/09\/28\/ne-theranda-open-2015-taekwondo-ulqini-u-u-kurorezua-4-medalje\/#breadcrumb","itemListElement":[{"@type":"ListItem","position":1,"name":"N\u00eb \u201cTheranda open 2015\u201d Taekwondo Ulqini u u kuror\u00ebzua me 4 medalje"}]},{"@type":"Person","@id":"https:\/\/www.visit-ulcinj.com\/blog\/#\/schema\/person\/dcab619c614d3038751c63bc2aadc06d","name":"ulqini","sameAs":["http:\/\/www.visit-ulcinj.com"],"url":"https:\/\/www.visit-ulcinj.com\/blog\/author\/admin\/"}]}},"jetpack_featured_media_url":"","jetpack_sharing_enabled":true,"jetpack_shortlink":"https:\/\/wp.me\/pe6lTn-o2x","_links":{"self":[{"href":"https:\/\/www.visit-ulcinj.com\/blog\/wp-json\/wp\/v2\/posts\/92413"}],"collection":[{"href":"https:\/\/www.visit-ulcinj.com\/blog\/wp-json\/wp\/v2\/posts"}],"about":[{"href":"https:\/\/www.visit-ulcinj.com\/blog\/wp-json\/wp\/v2\/types\/post"}],"author":[{"embeddable":true,"href":"https:\/\/www.visit-ulcinj.com\/blog\/wp-json\/wp\/v2\/users\/1"}],"replies":[{"embeddable":true,"href":"https:\/\/www.visit-ulcinj.com\/blog\/wp-json\/wp\/v2\/comments?post=92413"}],"version-history":[{"count":1,"href":"https:\/\/www.visit-ulcinj.com\/blog\/wp-json\/wp\/v2\/posts\/92413\/revisions"}],"predecessor-version":[{"id":92419,"href":"https:\/\/www.visit-ulcinj.com\/blog\/wp-json\/wp\/v2\/posts\/92413\/revisions\/92419"}],"wp:attachment":[{"href":"https:\/\/www.visit-ulcinj.com\/blog\/wp-json\/wp\/v2\/media?parent=92413"}],"wp:term":[{"taxonomy":"category","embeddable":true,"href":"https:\/\/www.visit-ulcinj.com\/blog\/wp-json\/wp\/v2\/categories?post=92413"},{"taxonomy":"post_tag","embeddable":true,"href":"https:\/\/www.visit-ulcinj.com\/blog\/wp-json\/wp\/v2\/tags?post=92413"}],"curies":[{"name":"wp","href":"https:\/\/api.w.org\/{rel}","templated":true}]}}