{"id":92420,"date":"2015-09-28T08:24:14","date_gmt":"2015-09-28T07:24:14","guid":{"rendered":"http:\/\/www.visit-ulcinj.com\/blog\/?p=92420"},"modified":"2015-09-29T18:07:51","modified_gmt":"2015-09-29T17:07:51","slug":"gjeka-apelon-mos-e-shnderroni-ulqinin-ne-kaos-ndaloni-uzurpimit-te-tokes-shteterore","status":"publish","type":"post","link":"https:\/\/www.visit-ulcinj.com\/blog\/2015\/09\/28\/gjeka-apelon-mos-e-shnderroni-ulqinin-ne-kaos-ndaloni-uzurpimit-te-tokes-shteterore\/","title":{"rendered":"Gjeka apelon: Mos e shnd\u00ebrroni Ulqinin n\u00eb kaos, ndaloni uzurpimit t\u00eb tok\u00ebs shtet\u00ebrore"},"content":{"rendered":"<p><a href=\"http:\/\/www.visit-ulcinj.com\/blog\/wp-content\/uploads\/2014\/02\/Fatmir-Gjeka-Ulqin.jpg\"><img loading=\"lazy\" class=\"alignleft wp-image-80131\" src=\"http:\/\/www.visit-ulcinj.com\/blog\/wp-content\/uploads\/2014\/02\/Fatmir-Gjeka-Ulqin.jpg\" alt=\"Fatmir-Gjeka-Ulqin\" width=\"508\" height=\"338\" srcset=\"https:\/\/www.visit-ulcinj.com\/blog\/wp-content\/uploads\/2014\/02\/Fatmir-Gjeka-Ulqin.jpg 900w, https:\/\/www.visit-ulcinj.com\/blog\/wp-content\/uploads\/2014\/02\/Fatmir-Gjeka-Ulqin-300x199.jpg 300w\" sizes=\"(max-width: 508px) 100vw, 508px\" \/><\/a>Komuna e Ulqinit \u00ebsht\u00eb e vendosur n\u00eb q\u00ebllimin q\u00eb t\u00eb ndaloj\u00eb uzurpimin e tok\u00ebs shtet\u00ebrore n\u00eb territor t\u00eb vet, deklaroi kryetari i komun\u00ebs Fatmir Gjeka, raporton portali Ul.info.<\/p>\n<p>Ai tha se administrata lokale\u00a0 ka nisur me masa konkrete n\u00eb k\u00ebt\u00eb drejtim.<\/p>\n<p>\u201cKy aksion shkon nga Krru\u00e7i, Krytha, Bratica, n\u00ebp\u00ebr Gjerana e Shtoj e deri n\u00eb Pinjesh dhe t\u00eb gjith\u00eb pjes\u00ebt tjera t\u00eb komun\u00ebs\u201d, tha Gjeka duke theksuar se shum\u00eb qytetar, por edhe persona jorezident, kan\u00eb uzurpuar tok\u00ebn shtet\u00ebrore.<\/p>\n<p>Sipas fjal\u00ebve t\u00eb tija, t\u00eb gjith\u00eb k\u00ebto rastet jan\u00eb proceduar tek organet kompetente.<\/p>\n<p>\u201cAskujt nuk do ti lejojm\u00eb q\u00eb t\u00eb uzurpoj\u00eb asnj\u00eb met\u00ebr katror pron\u00eb komunale\u201d, shtoi kryetari i Komun\u00ebs s\u00eb Ulqinit.<\/p>\n","protected":false},"excerpt":{"rendered":"<p>Komuna e Ulqinit \u00ebsht\u00eb e vendosur n\u00eb q\u00ebllimin q\u00eb t\u00eb ndaloj\u00eb uzurpimin e tok\u00ebs shtet\u00ebrore n\u00eb territor t\u00eb vet, deklaroi kryetari i komun\u00ebs Fatmir Gjeka, raporton portali Ul.info. Ai tha se administrata lokale\u00a0 ka nisur me masa konkrete n\u00eb k\u00ebt\u00eb drejtim. \u201cKy aksion shkon nga Krru\u00e7i, Krytha, Bratica, n\u00ebp\u00ebr Gjerana e Shtoj e deri n\u00eb [&hellip;]<\/p>\n","protected":false},"author":1,"featured_media":0,"comment_status":"closed","ping_status":"closed","sticky":false,"template":"","format":"standard","meta":{"spay_email":"","jetpack_publicize_message":"","jetpack_is_tweetstorm":false,"jetpack_publicize_feature_enabled":true},"categories":[1,11],"tags":[],"jetpack_publicize_connections":[],"yoast_head":"<!-- This site is optimized with the Yoast SEO plugin v19.1 - https:\/\/yoast.com\/wordpress\/plugins\/seo\/ -->\n<title>Gjeka apelon: Mos e shnd\u00ebrroni Ulqinin n\u00eb kaos, ndaloni uzurpimit t\u00eb tok\u00ebs shtet\u00ebrore - Lajme nga Ulqini<\/title>\n<meta name=\"description\" content=\"Komuna e Ulqinit \u00ebsht\u00eb e vendosur n\u00eb q\u00ebllimin q\u00eb t\u00eb ndaloj\u00eb uzurpimin e tok\u00ebs shtet\u00ebrore n\u00eb territor t\u00eb vet, deklaroi kryetari i komun\u00ebs Fatmir Gjeka,\" \/>\n<meta name=\"robots\" content=\"index, follow, max-snippet:-1, max-image-preview:large, max-video-preview:-1\" \/>\n<link rel=\"canonical\" href=\"https:\/\/www.visit-ulcinj.com\/blog\/2015\/09\/28\/gjeka-apelon-mos-e-shnderroni-ulqinin-ne-kaos-ndaloni-uzurpimit-te-tokes-shteterore\/\" \/>\n<meta property=\"og:locale\" content=\"en_US\" \/>\n<meta property=\"og:type\" content=\"article\" \/>\n<meta property=\"og:title\" content=\"Gjeka apelon: Mos e shnd\u00ebrroni Ulqinin n\u00eb kaos, ndaloni uzurpimit t\u00eb tok\u00ebs shtet\u00ebrore - Lajme nga Ulqini\" \/>\n<meta property=\"og:description\" content=\"Komuna e Ulqinit \u00ebsht\u00eb e vendosur n\u00eb q\u00ebllimin q\u00eb t\u00eb ndaloj\u00eb uzurpimin e tok\u00ebs shtet\u00ebrore n\u00eb territor t\u00eb vet, deklaroi kryetari i komun\u00ebs Fatmir Gjeka,\" \/>\n<meta property=\"og:url\" content=\"https:\/\/www.visit-ulcinj.com\/blog\/2015\/09\/28\/gjeka-apelon-mos-e-shnderroni-ulqinin-ne-kaos-ndaloni-uzurpimit-te-tokes-shteterore\/\" \/>\n<meta property=\"og:site_name\" content=\"Lajme nga Ulqini\" \/>\n<meta property=\"article:published_time\" content=\"2015-09-28T07:24:14+00:00\" \/>\n<meta property=\"article:modified_time\" content=\"2015-09-29T17:07:51+00:00\" \/>\n<meta property=\"og:image\" content=\"http:\/\/www.visit-ulcinj.com\/blog\/wp-content\/uploads\/2014\/02\/Fatmir-Gjeka-Ulqin.jpg\" \/>\n<meta name=\"twitter:label1\" content=\"Written by\" \/>\n\t<meta name=\"twitter:data1\" content=\"ulqini\" \/>\n\t<meta name=\"twitter:label2\" content=\"Est. reading time\" \/>\n\t<meta name=\"twitter:data2\" content=\"1 minute\" \/>\n<script type=\"application\/ld+json\" class=\"yoast-schema-graph\">{\"@context\":\"https:\/\/schema.org\",\"@graph\":[{\"@type\":\"WebSite\",\"@id\":\"https:\/\/www.visit-ulcinj.com\/blog\/#website\",\"url\":\"https:\/\/www.visit-ulcinj.com\/blog\/\",\"name\":\"Lajme nga Ulqini\",\"description\":\"Lajme,Vijesti,Ulqini,Ulqin,Crna Gora,Mali i Zi\",\"potentialAction\":[{\"@type\":\"SearchAction\",\"target\":{\"@type\":\"EntryPoint\",\"urlTemplate\":\"https:\/\/www.visit-ulcinj.com\/blog\/?s={search_term_string}\"},\"query-input\":\"required name=search_term_string\"}],\"inLanguage\":\"en-US\"},{\"@type\":\"ImageObject\",\"inLanguage\":\"en-US\",\"@id\":\"https:\/\/www.visit-ulcinj.com\/blog\/2015\/09\/28\/gjeka-apelon-mos-e-shnderroni-ulqinin-ne-kaos-ndaloni-uzurpimit-te-tokes-shteterore\/#primaryimage\",\"url\":\"https:\/\/www.visit-ulcinj.com\/blog\/wp-content\/uploads\/2014\/02\/Fatmir-Gjeka-Ulqin.jpg\",\"contentUrl\":\"https:\/\/www.visit-ulcinj.com\/blog\/wp-content\/uploads\/2014\/02\/Fatmir-Gjeka-Ulqin.jpg\",\"width\":900,\"height\":598},{\"@type\":\"WebPage\",\"@id\":\"https:\/\/www.visit-ulcinj.com\/blog\/2015\/09\/28\/gjeka-apelon-mos-e-shnderroni-ulqinin-ne-kaos-ndaloni-uzurpimit-te-tokes-shteterore\/#webpage\",\"url\":\"https:\/\/www.visit-ulcinj.com\/blog\/2015\/09\/28\/gjeka-apelon-mos-e-shnderroni-ulqinin-ne-kaos-ndaloni-uzurpimit-te-tokes-shteterore\/\",\"name\":\"Gjeka apelon: Mos e shnd\u00ebrroni Ulqinin n\u00eb kaos, ndaloni uzurpimit t\u00eb tok\u00ebs shtet\u00ebrore - Lajme nga Ulqini\",\"isPartOf\":{\"@id\":\"https:\/\/www.visit-ulcinj.com\/blog\/#website\"},\"primaryImageOfPage\":{\"@id\":\"https:\/\/www.visit-ulcinj.com\/blog\/2015\/09\/28\/gjeka-apelon-mos-e-shnderroni-ulqinin-ne-kaos-ndaloni-uzurpimit-te-tokes-shteterore\/#primaryimage\"},\"datePublished\":\"2015-09-28T07:24:14+00:00\",\"dateModified\":\"2015-09-29T17:07:51+00:00\",\"author\":{\"@id\":\"https:\/\/www.visit-ulcinj.com\/blog\/#\/schema\/person\/dcab619c614d3038751c63bc2aadc06d\"},\"description\":\"Komuna e Ulqinit \u00ebsht\u00eb e vendosur n\u00eb q\u00ebllimin q\u00eb t\u00eb ndaloj\u00eb uzurpimin e tok\u00ebs shtet\u00ebrore n\u00eb territor t\u00eb vet, deklaroi kryetari i komun\u00ebs Fatmir Gjeka,\",\"breadcrumb\":{\"@id\":\"https:\/\/www.visit-ulcinj.com\/blog\/2015\/09\/28\/gjeka-apelon-mos-e-shnderroni-ulqinin-ne-kaos-ndaloni-uzurpimit-te-tokes-shteterore\/#breadcrumb\"},\"inLanguage\":\"en-US\",\"potentialAction\":[{\"@type\":\"ReadAction\",\"target\":[\"https:\/\/www.visit-ulcinj.com\/blog\/2015\/09\/28\/gjeka-apelon-mos-e-shnderroni-ulqinin-ne-kaos-ndaloni-uzurpimit-te-tokes-shteterore\/\"]}]},{\"@type\":\"BreadcrumbList\",\"@id\":\"https:\/\/www.visit-ulcinj.com\/blog\/2015\/09\/28\/gjeka-apelon-mos-e-shnderroni-ulqinin-ne-kaos-ndaloni-uzurpimit-te-tokes-shteterore\/#breadcrumb\",\"itemListElement\":[{\"@type\":\"ListItem\",\"position\":1,\"name\":\"Gjeka apelon: Mos e shnd\u00ebrroni Ulqinin n\u00eb kaos, ndaloni uzurpimit t\u00eb tok\u00ebs shtet\u00ebrore\"}]},{\"@type\":\"Person\",\"@id\":\"https:\/\/www.visit-ulcinj.com\/blog\/#\/schema\/person\/dcab619c614d3038751c63bc2aadc06d\",\"name\":\"ulqini\",\"sameAs\":[\"http:\/\/www.visit-ulcinj.com\"],\"url\":\"https:\/\/www.visit-ulcinj.com\/blog\/author\/admin\/\"}]}<\/script>\n<!-- \/ Yoast SEO plugin. -->","yoast_head_json":{"title":"Gjeka apelon: Mos e shnd\u00ebrroni Ulqinin n\u00eb kaos, ndaloni uzurpimit t\u00eb tok\u00ebs shtet\u00ebrore - Lajme nga Ulqini","description":"Komuna e Ulqinit \u00ebsht\u00eb e vendosur n\u00eb q\u00ebllimin q\u00eb t\u00eb ndaloj\u00eb uzurpimin e tok\u00ebs shtet\u00ebrore n\u00eb territor t\u00eb vet, deklaroi kryetari i komun\u00ebs Fatmir Gjeka,","robots":{"index":"index","follow":"follow","max-snippet":"max-snippet:-1","max-image-preview":"max-image-preview:large","max-video-preview":"max-video-preview:-1"},"canonical":"https:\/\/www.visit-ulcinj.com\/blog\/2015\/09\/28\/gjeka-apelon-mos-e-shnderroni-ulqinin-ne-kaos-ndaloni-uzurpimit-te-tokes-shteterore\/","og_locale":"en_US","og_type":"article","og_title":"Gjeka apelon: Mos e shnd\u00ebrroni Ulqinin n\u00eb kaos, ndaloni uzurpimit t\u00eb tok\u00ebs shtet\u00ebrore - Lajme nga Ulqini","og_description":"Komuna e Ulqinit \u00ebsht\u00eb e vendosur n\u00eb q\u00ebllimin q\u00eb t\u00eb ndaloj\u00eb uzurpimin e tok\u00ebs shtet\u00ebrore n\u00eb territor t\u00eb vet, deklaroi kryetari i komun\u00ebs Fatmir Gjeka,","og_url":"https:\/\/www.visit-ulcinj.com\/blog\/2015\/09\/28\/gjeka-apelon-mos-e-shnderroni-ulqinin-ne-kaos-ndaloni-uzurpimit-te-tokes-shteterore\/","og_site_name":"Lajme nga Ulqini","article_published_time":"2015-09-28T07:24:14+00:00","article_modified_time":"2015-09-29T17:07:51+00:00","og_image":[{"url":"http:\/\/www.visit-ulcinj.com\/blog\/wp-content\/uploads\/2014\/02\/Fatmir-Gjeka-Ulqin.jpg"}],"twitter_misc":{"Written by":"ulqini","Est. reading time":"1 minute"},"schema":{"@context":"https:\/\/schema.org","@graph":[{"@type":"WebSite","@id":"https:\/\/www.visit-ulcinj.com\/blog\/#website","url":"https:\/\/www.visit-ulcinj.com\/blog\/","name":"Lajme nga Ulqini","description":"Lajme,Vijesti,Ulqini,Ulqin,Crna Gora,Mali i Zi","potentialAction":[{"@type":"SearchAction","target":{"@type":"EntryPoint","urlTemplate":"https:\/\/www.visit-ulcinj.com\/blog\/?s={search_term_string}"},"query-input":"required name=search_term_string"}],"inLanguage":"en-US"},{"@type":"ImageObject","inLanguage":"en-US","@id":"https:\/\/www.visit-ulcinj.com\/blog\/2015\/09\/28\/gjeka-apelon-mos-e-shnderroni-ulqinin-ne-kaos-ndaloni-uzurpimit-te-tokes-shteterore\/#primaryimage","url":"https:\/\/www.visit-ulcinj.com\/blog\/wp-content\/uploads\/2014\/02\/Fatmir-Gjeka-Ulqin.jpg","contentUrl":"https:\/\/www.visit-ulcinj.com\/blog\/wp-content\/uploads\/2014\/02\/Fatmir-Gjeka-Ulqin.jpg","width":900,"height":598},{"@type":"WebPage","@id":"https:\/\/www.visit-ulcinj.com\/blog\/2015\/09\/28\/gjeka-apelon-mos-e-shnderroni-ulqinin-ne-kaos-ndaloni-uzurpimit-te-tokes-shteterore\/#webpage","url":"https:\/\/www.visit-ulcinj.com\/blog\/2015\/09\/28\/gjeka-apelon-mos-e-shnderroni-ulqinin-ne-kaos-ndaloni-uzurpimit-te-tokes-shteterore\/","name":"Gjeka apelon: Mos e shnd\u00ebrroni Ulqinin n\u00eb kaos, ndaloni uzurpimit t\u00eb tok\u00ebs shtet\u00ebrore - Lajme nga Ulqini","isPartOf":{"@id":"https:\/\/www.visit-ulcinj.com\/blog\/#website"},"primaryImageOfPage":{"@id":"https:\/\/www.visit-ulcinj.com\/blog\/2015\/09\/28\/gjeka-apelon-mos-e-shnderroni-ulqinin-ne-kaos-ndaloni-uzurpimit-te-tokes-shteterore\/#primaryimage"},"datePublished":"2015-09-28T07:24:14+00:00","dateModified":"2015-09-29T17:07:51+00:00","author":{"@id":"https:\/\/www.visit-ulcinj.com\/blog\/#\/schema\/person\/dcab619c614d3038751c63bc2aadc06d"},"description":"Komuna e Ulqinit \u00ebsht\u00eb e vendosur n\u00eb q\u00ebllimin q\u00eb t\u00eb ndaloj\u00eb uzurpimin e tok\u00ebs shtet\u00ebrore n\u00eb territor t\u00eb vet, deklaroi kryetari i komun\u00ebs Fatmir Gjeka,","breadcrumb":{"@id":"https:\/\/www.visit-ulcinj.com\/blog\/2015\/09\/28\/gjeka-apelon-mos-e-shnderroni-ulqinin-ne-kaos-ndaloni-uzurpimit-te-tokes-shteterore\/#breadcrumb"},"inLanguage":"en-US","potentialAction":[{"@type":"ReadAction","target":["https:\/\/www.visit-ulcinj.com\/blog\/2015\/09\/28\/gjeka-apelon-mos-e-shnderroni-ulqinin-ne-kaos-ndaloni-uzurpimit-te-tokes-shteterore\/"]}]},{"@type":"BreadcrumbList","@id":"https:\/\/www.visit-ulcinj.com\/blog\/2015\/09\/28\/gjeka-apelon-mos-e-shnderroni-ulqinin-ne-kaos-ndaloni-uzurpimit-te-tokes-shteterore\/#breadcrumb","itemListElement":[{"@type":"ListItem","position":1,"name":"Gjeka apelon: Mos e shnd\u00ebrroni Ulqinin n\u00eb kaos, ndaloni uzurpimit t\u00eb tok\u00ebs shtet\u00ebrore"}]},{"@type":"Person","@id":"https:\/\/www.visit-ulcinj.com\/blog\/#\/schema\/person\/dcab619c614d3038751c63bc2aadc06d","name":"ulqini","sameAs":["http:\/\/www.visit-ulcinj.com"],"url":"https:\/\/www.visit-ulcinj.com\/blog\/author\/admin\/"}]}},"jetpack_featured_media_url":"","jetpack_sharing_enabled":true,"jetpack_shortlink":"https:\/\/wp.me\/pe6lTn-o2E","_links":{"self":[{"href":"https:\/\/www.visit-ulcinj.com\/blog\/wp-json\/wp\/v2\/posts\/92420"}],"collection":[{"href":"https:\/\/www.visit-ulcinj.com\/blog\/wp-json\/wp\/v2\/posts"}],"about":[{"href":"https:\/\/www.visit-ulcinj.com\/blog\/wp-json\/wp\/v2\/types\/post"}],"author":[{"embeddable":true,"href":"https:\/\/www.visit-ulcinj.com\/blog\/wp-json\/wp\/v2\/users\/1"}],"replies":[{"embeddable":true,"href":"https:\/\/www.visit-ulcinj.com\/blog\/wp-json\/wp\/v2\/comments?post=92420"}],"version-history":[{"count":1,"href":"https:\/\/www.visit-ulcinj.com\/blog\/wp-json\/wp\/v2\/posts\/92420\/revisions"}],"predecessor-version":[{"id":92421,"href":"https:\/\/www.visit-ulcinj.com\/blog\/wp-json\/wp\/v2\/posts\/92420\/revisions\/92421"}],"wp:attachment":[{"href":"https:\/\/www.visit-ulcinj.com\/blog\/wp-json\/wp\/v2\/media?parent=92420"}],"wp:term":[{"taxonomy":"category","embeddable":true,"href":"https:\/\/www.visit-ulcinj.com\/blog\/wp-json\/wp\/v2\/categories?post=92420"},{"taxonomy":"post_tag","embeddable":true,"href":"https:\/\/www.visit-ulcinj.com\/blog\/wp-json\/wp\/v2\/tags?post=92420"}],"curies":[{"name":"wp","href":"https:\/\/api.w.org\/{rel}","templated":true}]}}