{"id":92422,"date":"2015-09-28T08:38:36","date_gmt":"2015-09-28T07:38:36","guid":{"rendered":"http:\/\/www.visit-ulcinj.com\/blog\/?p=92422"},"modified":"2015-09-28T08:38:36","modified_gmt":"2015-09-28T07:38:36","slug":"kredit-od-20-miliona-zabrinuo-odbornike-ulcinj","status":"publish","type":"post","link":"https:\/\/www.visit-ulcinj.com\/blog\/2015\/09\/28\/kredit-od-20-miliona-zabrinuo-odbornike-ulcinj\/","title":{"rendered":"Kredit od 20 miliona zabrinuo odbornike SO Ulcinj"},"content":{"rendered":"<p><span class=\"tekstcijeli\"><span class=\"kapital\"><a href=\"http:\/\/www.visit-ulcinj.com\/blog\/wp-content\/uploads\/2014\/11\/Kuvendi-i-Ulqinit-Skupstina-Ulcinj.jpg\"><img loading=\"lazy\" class=\"alignleft wp-image-86259\" src=\"http:\/\/www.visit-ulcinj.com\/blog\/wp-content\/uploads\/2014\/11\/Kuvendi-i-Ulqinit-Skupstina-Ulcinj.jpg\" alt=\"Kuvendi i Ulqinit-Skupstina-Ulcinj\" width=\"508\" height=\"286\" srcset=\"https:\/\/www.visit-ulcinj.com\/blog\/wp-content\/uploads\/2014\/11\/Kuvendi-i-Ulqinit-Skupstina-Ulcinj.jpg 999w, https:\/\/www.visit-ulcinj.com\/blog\/wp-content\/uploads\/2014\/11\/Kuvendi-i-Ulqinit-Skupstina-Ulcinj-300x168.jpg 300w\" sizes=\"(max-width: 508px) 100vw, 508px\" \/><\/a>O<\/span>d\u00adlu\u00adka o o kre\u00addit\u00adnom za\u00addu\u00ad\u017ee\u00adnju Op\u00ad\u0161ti\u00adne Ul\u00adcinj kod nje\u00adma\u010d\u00adke KFV ban\u00adke za pro\u00adje\u00adkat vo\u00addo\u00adsnab\u00addje\u00adva\u00adnja i od\u00advo\u00ad\u0111e\u00adnja ot\u00adpad\u00adnih vo\u00adda, u iz\u00adno\u00adsu od 20 mi\u00adli\u00ado\u00adna eura, o ko\u00adjoj je lo\u00adkal\u00adni par\u00adla\u00adment po\u00ad\u010deo ra\u00adsra\u00advu u sri\u00adje\u00addu, pred\u00adsta\u00advlja ozbi\u00adljan iza\u00adzov ka\u00adko za vla\u00adda\u00adju\u00ad\u0107u ko\u00ada\u00adli\u00adci\u00adju ta\u00adko i za opo\u00adzi\u00adci\u00ado\u00adne par\u00adti\u00adje. Pri\u00adje sve\u00adga zbog sum\u00adnje da li \u0107e Op\u00ad\u0161ti\u00adna bi\u00adti u sta\u00adnju da do 2030. go\u00addi\u00adne vra\u00adti kre\u00addit pla\u00ad\u0107a\u00adju\u00ad\u0107i od 2021. go\u00addi\u00adne po\u00adlu\u00adgo\u00addi\u00ad\u0161nje ra\u00adte od po mi\u00adli\u00adon eura sa\u00admo na ime glav\u00adni\u00adce i ne ra\u00ad\u010du\u00adna\u00adju\u00ad\u0107i ka\u00adma\u00adtu od 1, 8 od\u00adsto kao i osta\u00adle tro\u00ad\u0161ko\u00adve kre\u00addi\u00adta.<br \/>\nPo\u00adtre\u00adba za in\u00adve\u00adsti\u00adci\u00adja\u00adma i kre\u00addit\u00adnom li\u00adni\u00adjom ko\u00adju Vla\u00adda pre\u00adko Mi\u00adni\u00adstar\u00adstva fi\u00adnan\u00adsi\u00adja obez\u00adbje\u00ad\u0111u\u00adje od nje\u00adma\u010d\u00adke ban\u00adke je ne\u00adspor\u00adna, i sa tom \u010di\u00adnje\u00adni\u00adcom sa\u00adgla\u00adsni su i u po\u00adzi\u00adci\u00adji i opo\u00adzi\u00adci\u00adji. Ono oko \u010de\u00adga se od\u00adbor\u00adni\u00adci dvo\u00adu\u00adme je ka\u00adko \u0107e Op\u00ad\u0161ti\u00adna, ko\u00adja je ve\u0107 go\u00addi\u00adna\u00adma u ozbilj\u00adnoj fi\u00adna\u00adnsij\u00adskoj kri\u00adzi, iza\u00ad\u0107i na kraj sa pla\u00ad\u0107a\u00adnjem oba\u00adve\u00adza ka\u00adko po osno\u00advu tog ta\u00adko i po osno\u00advu kre\u00addi\u00adta od pet mi\u00adli\u00ado\u00adna za ko\u00adji ve\u0107 do\u00adni\u00adje\u00adta od\u00adlu\u00adka u Skup\u00ad\u0161ti\u00adni. Za\u00adto je iz\u00adja\u00ad\u0161nja\u00adva\u00adnje o toj od\u00adlu\u00adci, na van\u00adred\u00adnoj sjed\u00adni\u00adci ko\u00adja je po\u00ad\u010de\u00adla u sri\u00adje\u00addu, i od\u00adlo\u00ad\u017ee\u00adno za na\u00adred\u00adnu ne\u00addje\u00adlju.<br \/>\nPod\u00adsje\u00adti\u00admo od\u00adbor\u00adni\u00adci Skup\u00ad\u0161ti\u00adne op\u00ad\u0161ti\u00adne Ul\u00adcinj usvo\u00adji\u00adli su ve\u0107 Od\u00adlu\u00adku o kre\u00addit\u00adnom za\u00addu\u00ad\u017ee\u00adnju Op\u00ad\u0161ti\u00adne kod Evrop\u00adske In\u00adve\u00adsti\u00adci\u00ado\u00adne Ban\u00adke za kre\u00addi\u00adti\u00adra\u00adnje (EIB) pro\u00adjek\u00adta iz\u00adgrad\u00adnje ka\u00adna\u00adli\u00adza\u00adci\u00ado\u00adne mre\u00ad\u017ee. Tom od\u00adlu\u00adkom, ko\u00adju je po\u00addr\u00ad\u017ea\u00adla ve\u00ad\u0107i\u00adna vla\u00adda\u00adju\u00ad\u0107e ko\u00adalicije i ve\u00ad\u0107i dio opo\u00adzi\u00adci\u00adje, pla\u00adni\u00adra\u00adno je da se Op\u00ad\u0161ti\u00adna za\u00addu\u00ad\u017ei pet mi\u00adli\u00ado\u00adna eura sa grejs pe\u00adri\u00ado\u00addom od \u010de\u00adti\u00adri go\u00addi\u00adne, na 42 ra\u00adte, a po ka\u00adma\u00adti ko\u00adja \u0107e za\u00advi\u00adsno od uslo\u00adva na dan pot\u00adpi\u00adsi\u00adva\u00adnja ugo\u00advo\u00adra sa EIB i iz\u00adno\u00adsi\u00adti od 0,7 do 3, 5 od\u00adsto. Ga\u00adrant vra\u00ad\u0107a\u00adnja kre\u00addi\u00adta da\u00adla je Vla\u00adda. Ta sred\u00adstva, ka\u00adko je re\u00ad\u010de\u00adno, bi\u00ad\u0107e utro\u00ad\u0161e\u00adna na iz\u00adgrad\u00adnju ka\u00adna\u00adli\u00adza\u00adci\u00ado\u00adne mre\u00ad\u017ee za na\u00adse\u00adlja Bra\u00adti\u00adca, To\u00adto\u00ad\u0161i, Bi\u00adje\u00adla Go\u00adra i Ko\u00addre, a po\u00ad\u010de\u00adtak ra\u00addo\u00adva o\u010de\u00adku\u00adje se usko\u00adro jer su sve ak\u00adtiv\u00adno\u00adsti, po\u00ad\u010dev od pro\u00adjekt\u00adne pa do ten\u00adder\u00adske do\u00adku\u00admen\u00adta\u00adci\u00adje za\u00advr\u00ad\u0161e\u00adne.<br \/>\nU DPS- u sma\u00adtra\u00adju da re\u00ada\u00adli\u00adza\u00adci\u00adju kre\u00addit\u00adnih za\u00addu\u00ad\u017ee\u00adnja u ci\u00adlju in\u00adve\u00adsti\u00adci\u00ado\u00adnih ak\u00adtiv\u00adno\u00adsti u iz\u00adgrad\u00adnju vo\u00addo\u00advod\u00adne i ka\u00adna\u00adli\u00adza\u00adci\u00ado\u00adne mre\u00ad\u017ee tre\u00adba po\u00addr\u00ad\u017ea\u00adti. Me\u00ad\u0111u\u00adtim, ono \u0161to tu par\u00adti\u00adju u kon\u00adkret\u00adnom slu\u00ad\u010da\u00adju za\u00adbri\u00adnja\u00adva je ne\u00addo\u00adsta\u00adtak stru\u010d\u00adne ana\u00adli\u00adze, pla\u00adno\u00adva i pro\u00adjek\u00adci\u00adja ka\u00adko vra\u00ad\u0107a\u00adti kre\u00addit i ko\u00adli\u00adki \u0107e bi\u00adti bu\u00add\u017eet\u00adski pri\u00adho\u00addi u na\u00adred\u00adnom pe\u00adri\u00ado\u00addu.<br \/>\n&#8211; Od to\u00adga ni\u00ad\u0161ta ne\u00adma\u00admo. Za\u00ad\u0161to jed\u00adne ta\u00adkve op\u00adse\u00ad\u017ene in\u00adfor\u00adma\u00adci\u00adje ne\u00adma, pa da se on\u00adda bez di\u00adle\u00adme iz\u00adja\u00adsni\u00admo. Ka\u00adda smo do\u00adbi\u00adli ma\u00adte\u00adri\u00adjal za sjed\u00adni\u00adcu mi poj\u00adma ni\u00adsmo ima\u00adli u ko\u00adjoj su fa\u00adzi ove ak\u00adtiv\u00adno\u00adsti. To do\u00advolj\u00adno go\u00advo\u00adri sa ka\u00adkvom ozbilj\u00adno\u00ad\u0161\u0107u vla\u00adda\u00adju\u00ad\u0107a ko\u00ada\u00adli\u00adci\u00adja pri\u00adla\u00adzi ovom pi\u00adta\u00adnju. Na\u00ad\u017ea\u00adlost, naj\u00adve\u00ad\u0107i pro\u00adblem i ri\u00adzik za re\u00ada\u00adli\u00adza\u00adci\u00adju pro\u00adje\u00adka\u00adta je ova iz\u00advr\u00ad\u0161na vlast. To je po\u00adka\u00adza\u00adla na\u00ad\u010di\u00adnom ka\u00adko se pre\u00adma ovo\u00adme od\u00adno\u00adsi i ka\u00adko je do sa\u00adda ra\u00addi\u00adla &#8211; ka\u00ad\u017ee od\u00adbor\u00adnik DPS- a Bo\u00adri\u00adsav Ba\u00ad\u0161o\u00advi\u0107.<br \/>\nZa od\u00adbor\u00adni\u00adka i li\u00adde\u00adra DUA Meh\u00adme\u00adta Zen\u00adke klju\u010d\u00adni pro\u00adblem je ne\u00adspo\u00adsob\u00adnost ak\u00adtu\u00adel\u00adne lo\u00adkal\u00adne vla\u00adsti da re\u00ada\u00adli\u00adzu\u00adje i mno\u00adgo ma\u00adnje pro\u00adjek\u00adte.<br \/>\n&#8211; Oni su na\u00advi\u00adkli da im\u00adpro\u00advi\u00adzu\u00adju i ra\u00adde \u0161ta ho\u00ad\u0107e i sa\u00adda tre\u00adba da im se po\u00advje\u00adre to\u00adli\u00adka sred\u00adstva ko\u00adja tre\u00adba da se vra\u00ad\u0107a\u00adju na\u00adred\u00adnih 15 go\u00addi\u00adna. Ni\u00adsu u sta\u00adnju da re\u00addov\u00adno po\u00addi\u00adje\u00adle pla\u00adte ve\u0107 uzi\u00adma\u00adju kre\u00addit. Ka\u00adko su se do sa\u00adda uzi\u00adma\u00adli kre\u00addi\u00adti \u010du\u00addi me da se ni\u00adsmo za\u00addu\u00ad\u017ei\u00adli jo\u0161 20 mi\u00adli\u00ado\u00adna. DUA \u017ee\u00adli do\u00adbro ovom gra\u00addu i gra\u00ad\u0111a\u00adni\u00adma i na\u00adma je va\u00ad\u017eno da se ako do\u00adne\u00adse\u00admo od\u00adlu\u00adku ta sred\u00adstva na\u00admjen\u00adski po\u00adtro\u00ad\u0161e ka\u00adko bi ima\u00adli po\u00adzi\u00adti\u00advan efe\u00adkat- ka\u00ad\u017ee Zen\u00adka.<br \/>\nOd\u00adbor\u00adnik SNP-a An\u00addri\u00adja \u0106et\u00adko\u00advi\u0107 sma\u00adtra da je Ul\u00adci\u00adnju neo\u00adp\u00adhod\u00adne in\u00adve\u00adsti\u00adci\u00adje u in\u00adfra\u00adstruk\u00adtu\u00adru ali da se ja\u00adsno mo\u00adra pre\u00adci\u00adzirati ka\u00adko \u0107e se ot\u00adpla\u00ad\u0107i\u00adva\u00adti oba\u00adve\u00adze po osno\u00advu kre\u00addit\u00adnih za\u00addu\u00ad\u017ee\u00adnja i iz ko\u00adjih iz\u00advo\u00adra.<br \/>\n&#8211; Pri\u00adpre\u00adme za ova\u00adko va\u00ad\u017enu od\u00adlu\u00adku mo\u00adra\u00adle su bi\u00adti znat\u00adno du\u00ad\u017ee i kva\u00adli\u00adte\u00adni\u00adje jer ima do\u00adsta ne\u00adja\u00adsno\u00ad\u0107a. Uko\u00adli\u00adko za ovo gla\u00adsa\u00admo kred\u00aditi\u00adno za\u00addu\u00ad\u017ee\u00adnje Op\u00ad\u0161ti\u00adne od 2021. bi\u00ad\u0107e ukup\u00adno oko 3, 5 mi\u00adli\u00ado\u00adna go\u00addi\u00ad\u0161nje. Ako zna\u00admo da je pro\u00adte\u00adklih go\u00addi\u00adna bu\u00add\u017eet bio na ni\u00advou ne\u00ad\u0161to pre\u00adko pet mi\u00adli\u00ado\u00adna a ni\u00adsmo uvje\u00adre\u00adni da \u0107e se po\u00adve\u00ad\u0107a\u00adti, on\u00adda je to od\u00adlu\u00adka ko\u00adju \u0107e\u00admo mo\u00adra\u00adti da do\u00adbro iz\u00admje\u00adri\u00admo pri\u00adje ne\u00adgo je usvo\u00adji\u00admo.Ve\u00adli\u00adka je od\u00adgo\u00advor\u00adnost po\u00adseb\u00adno na ovoj vla\u00adsti za ko\u00adju do\u00adbro zna\u00admo ka\u00adko ra\u00addi i ka\u00adko je do\u00adsad ra\u00addi\u00adla. To je zna\u00ad\u010daj\u00adno op\u00adte\u00adre\u00ad\u0107e\u00adnje za na\u00adred\u00adne ge\u00adne\u00adra\u00adci\u00adje bez nji\u00adho\u00adve kri\u00advi\u00adce. Sa ovo\u00adli\u00adko ma\u00adlo in\u00adfor\u00adma\u00adci\u00adja sva\u00adka\u00adko ne\u00ad\u0107e\u00admo \u017eu\u00adri\u00adti i sr\u00adlja\u00adti. Sa\u00ad\u010de\u00adka\u0107\u00admo da \u010du\u00adje\u00admo od\u00adgo\u00advo\u00adre na jo\u0161 ne\u00adka pi\u00adta\u00adnja i na osno\u00advu to\u00adga na\u00addam se iz\u00adja\u00adsni\u00adti &#8211; ka\u00ad\u017ee \u0106et\u00adko\u00advi\u0107.<br \/>\nOd\u00adbor\u00adnik SDP-a Sken\u00adder Ele\u00adza\u00adgi\u0107 sma\u00adtra da u po\u00adsled\u00adnjih 15 go\u00addi\u00adna ni\u00adje bi\u00adlo zna\u00ad\u010daj\u00adni\u00adih od\u00adlu\u00adka pred od\u00adbor\u00adni\u00adci\u00adma.<br \/>\n&#8211; Da je bi\u00adlo sre\u00ad\u0107e o ovo\u00adme smo tre\u00adba\u00adli ras\u00adpra\u00advlja\u00adti pri\u00adje de\u00adse\u00adtak go\u00addi\u00adna ka\u00adda je po\u00ad\u010deo pro\u00adje\u00adkat vo\u00addo\u00adsnad\u00adbi\u00adje\u00adva\u00adnja na cr\u00adno\u00adgor\u00adskom pri\u00admor\u00adju. Sre\u00ad\u0107an sam \u0161to \u010di\u00adni\u00admo pr\u00advi ko\u00adrak u rje\u00ad\u0161a\u00adva\u00adnju pro\u00adble\u00adma vo\u00addo\u00adsnad\u00adbi\u00adje\u00adva\u00adnja i od\u00advo\u00ad\u0111e\u00adnja ot\u00adpad\u00adnih vo\u00adda ali mo\u00adra\u00admo bi\u00adti mak\u00adsi\u00admal\u00adno opre\u00adzni ka\u00adko bi iz\u00adbje\u00adgli even\u00adtu\u00adal\u00adno ne\u00adga\u00adtiv\u00adne po\u00adsle\u00addi\u00adce po Op\u00ad\u0161ti\u00adnu. Od ban\u00adke je odo\u00adbre\u00adno oko po\u00adla mi\u00adli\u00ado\u00adna za na\u00adbav\u00adku vo\u00addo\u00admje\u00adra i ova vlast ve\u0107 dvi\u00adje go\u00addi\u00adne ni\u00adje u sta\u00adnju da to re\u00ada\u00adli\u00adzu\u00adje. Ko\u00adli\u00adko \u0107e tek tre\u00adba\u00adti da se do\u00ad\u0111e u fa\u00adzu ka\u00adda se mo\u00adgu po\u00advla\u00ad\u010di\u00adti sred\u00adstva ka\u00adda vi\u00addi\u00admo da je mo\u00adgu\u00ad\u0107e da se ona mo\u00adgu pre\u00adu\u00adsmje\u00adri\u00adti ako se ne is\u00adko\u00adri\u00adste. To je ono \u0161to za\u00adbri\u00adnja\u00adva &#8211; ka\u00ad\u017ee Ele\u00adza\u00adgi\u0107.<br \/>\nUko\u00adli\u00adko se od\u00adlu\u00ad\u010de za kre\u00addit KFV ban\u00adke oko po\u00adla mi\u00adli\u00ado\u00adna Op\u00ad\u0161ti\u00adna \u0107e do\u00adbi\u00adti oko po\u00adla mi\u00adli\u00ado\u00adna eura kao grant za na\u00adbav\u00adku opre\u00adme i re\u00adpro\u00adma\u00adte\u00adri\u00adja\u00adla, dok \u0107e oko mi\u00adli\u00adon ipo eura bi\u00adti po\u00adtro\u00ad\u0161e\u00adno za iz\u00adra\u00addu pro\u00adjekt\u00adne do\u00adku\u00adme\u00adta\u00adci\u00adje ko\u00adju \u0107e ra\u00addi\u00adti ino\u00adstra\u00adna kom\u00adpa\u00adni\u00adja. Op\u00ad\u0161ti\u00adna sva sred\u00adstva ne bi do\u00adbi\u00adla u cje\u00adli\u00adni ve\u0107 bi se no\u00advac upla\u00ad\u0107i\u00advao o osno\u00advu is\u00adpo\u00adta\u00advlje\u00adnog ra\u00ad\u010du\u00adna iza\u00adbra\u00adnog iz\u00advo\u00ad\u0111a\u00ad\u010da ra\u00addo\u00adva. Uko\u00adli\u00adko u na\u00adred\u00adnih pet go\u00addi\u00adna ne utro\u00ad\u0161i sred\u00adstva ima oba\u00adve\u00adzu da ih pre\u00adu\u00adsmje\u00adri na dru\u00adgu op\u00ad\u0161ti\u00adnu a pla\u00adti\u00ad\u0107e i pro\u00advi\u00adzi\u00adju jer ih ni\u00adje is\u00adko\u00adri\u00adsti\u00adla. Im\u00adple\u00adme\u00adta\u00adci\u00adja pro\u00adjek\u00adta po\u00advje\u00adri\u00ad\u0107e se Vo\u00adda\u00adko\u00admu ko\u00adji \u0107e even\u00adtu\u00adal\u00adno ko\u00ador\u00addi\u00adni\u00adra\u00adti pro\u00adjekt\u00adne ak\u00adtiv\u00adno\u00adsti.<br \/>\n<strong>M.K.<\/strong><\/p>\n<p><strong> Na\u00adkna\u00adda za ri\u00adzik 100.000 eura<\/strong><\/p>\n<p>Uko\u00adli\u00adko do\u00adne\u00adse od\u00adlu\u00adku o kre\u00addit\u00adnom za\u00addu\u00ad\u017ee\u00adnju Op\u00ad\u0161ti\u00adna \u0107e na ime sred\u00adsta\u00adva obez\u00adbje\u00ad\u0111e\u00adnja mo\u00adra\u00adti da pre\u00adda 20 pot\u00adpi\u00adsa\u00adnih i pe\u00ad\u010da\u00adti\u00adra\u00adnih mje\u00adni\u010d\u00adnih ovla\u00ad\u0161\u0107e\u00adnja i blan\u00adko mje\u00adni\u00adca. Uko\u00adli\u00adko Op\u00ad\u0161ti\u00adna ne bu\u00adde re\u00addov\u00adno iz\u00admi\u00adri\u00adva\u00adla oba\u00adve\u00adze po osno\u00advu kre\u00addi\u00adta, Mi\u00adni\u00adstar\u00adtvo \u0107e ak\u00adti\u00advi\u00adra\u00adti sred\u00adsta obez\u00adbje\u00ad\u0111e\u00adnja i pla\u00adti\u00ad\u0107e tro\u00ad\u0161ko\u00adve kr\u00ad\u0161e\u00adnja ugo\u00advo\u00adra i po\u00addu\u00adgo\u00advo\u00adra. Ta\u00adko\u00ad\u0111e u slu\u00ad\u010da\u00adju uzi\u00adma\u00adnja kre\u00addi\u00adta lo\u00adkalna upra\u00adva mo\u00adra\u00ad\u0107e da od\u00admah upla\u00adti na\u00adkna\u00addu za ri\u00adzik od 100.000 eura.<\/p>\n<p><strong>Naj\u00adpo\u00advolj\u00adni\u00adji kre\u00addit na tr\u00ad\u017ei\u00ad\u0161tu<\/strong><\/p>\n<p>Dr\u00ad\u017eav\u00adni se\u00adkre\u00adtar u Mi\u00adni\u00adstar\u00adstvu tu\u00adri\u00adzma i odr\u00ad\u017ei\u00advog raz\u00advo\u00adja Da\u00adli\u00adbor\u00adka Pe\u00adjo\u00advi\u0107 po\u00adru\u00ad\u010di\u00adla je od\u00adbor\u00adni\u00adci\u00adma lo\u00adkal\u00adnog par\u00adla\u00admen\u00adta, da je kre\u00addit\u00adni ugo\u00advor ko\u00adji Vla\u00adda ima sa KFV ban\u00adkom je\u00addan od na\u00adpovoljnijih na ko\u00adji se nu\u00addi na tr\u00ad\u017ei\u00ad\u0161tu sred\u00adsta\u00adva.<br \/>\n&#8211; Fik\u00adsna ka\u00adma\u00adta sto\u00adpa je 1, 8 od\u00adsto i ni\u00adje se mi\u00adje\u00adnja\u00adla bu\u00adkval\u00adno od da\u00adna ka\u00adda je aran\u00ad\u017eman po\u00ad\u010det i osta\u00adla je do sa\u00adda ne\u00adpro\u00admije\u00adnje\u00adna. U mi\u00adni\u00adstar\u00adstvi\u00adma, fi\u00adnan\u00adsi\u00adja odr\u00ad\u017ei\u00advog raz\u00advo\u00adja i tu\u00adri\u00adzma sa\u00adgla\u00adsni smo da ovaj spo\u00adra\u00adzum tre\u00adba po\u00addr\u00ad\u017ea\u00adti. Nje\u00adma\u010d\u00adka ban\u00adka in\u00adsi\u00adsti\u00adra na for\u00admal\u00adnim iz\u00adja\u00ad\u0161nje\u00adnji\u00adma i sa\u00adgla\u00adsno\u00adsti\u00adma lo\u00adkal\u00adnih skup\u00ad\u0161ti\u00adna, ka\u00adko bi sop\u00adstve\u00adnu vla\u00addu oba\u00advi\u00adje\u00adsti\u00adli o na\u00adpret\u00adku do\u00adsa\u00adda\u00ad\u0161njih aran\u00ad\u017ea\u00adma\u00adna i obez\u00adbi\u00adje\u00addi\u00adli do\u00addat\u00adnu po\u00addr\u00ad\u0161ku ko\u00adju je pre\u00admi\u00adjer do\u00adgo\u00advo\u00adrio sa naj\u00advi\u00ad\u0161im pred\u00adstav\u00adni\u00adci\u00adma nje\u00adma\u010d\u00adke vla\u00adde u Ber\u00adli\u00adnu &#8211; ka\u00adza\u00adla je Pe\u00adjo\u00advi\u00ad\u0107e\u00adva.<\/p>\n<p><strong>Cun\u00adgu: For\u00admi\u00adra\u00adti nad\u00adzor\u00adnu ko\u00admi\u00adsi\u00adju<\/strong><\/p>\n<p>Sum\u00adnju da \u0107e kre\u00addit bi\u00adti te\u00ad\u0161ko vra\u00ad\u0107a\u00adti iz\u00adra\u00adzio je i biv\u00ad\u0161i pred\u00adjed\u00adnik op\u00ad\u0161ti\u00adne i od\u00adbor\u00adnik \u010dla\u00adni\u00adce vla\u00adda\u00adju\u00ad\u0107e ko\u00ada\u00adli\u00adcie For\u00adce Na\u00adzif Cun\u00adgu. On sma\u00adtra da je to ve\u00adli\u00adki iza\u00adzov ali da se ozbilj\u00adnim ra\u00addom i za\u00adla\u00adga\u00adnjem sve mo\u00ad\u017ee za\u00advr\u00ad\u0161i\u00adti jer Ul\u00adcinj ima ve\u00adli\u00adki raz\u00advoj\u00adni po\u00adten\u00adci\u00adjal. Cun\u00adgu je pred\u00adlo\u00ad\u017eio da se u u ci\u00adlju kon\u00adtro\u00adle sred\u00adsta\u00adva for\u00admi\u00adra nad\u00adzor\u00adna ko\u00admi\u00adsi\u00adja na \u010di\u00adjem \u010de\u00adlu bi bio ne\u00adko iz opo\u00adzi\u00adci\u00adje.<br \/>\n&#8211; Da bi smo bi\u00adli si\u00adgur\u00adni to ne\u00adka bu\u00addu stru\u010d\u00adni ka\u00addro\u00advi. Ovu pr\u00adiliku ne smi\u00adje\u00admo is\u00adpu\u00adti\u00adti je su ovo isto\u00adrij\u00adske od\u00adlu\u00adke za ovu op\u00ad\u0161ti\u00adnu i ne\u00adma ve\u00ad\u0107ih in\u00adve\u00adsti\u00adci\u00adja. Ne\u00ad\u0107e u Ul\u00adcinj ni\u00adko da ulo\u00ad\u017ei ni je\u00addan euro, uko\u00adli\u00adko ne\u00adma vo\u00addo\u00advo\u00adda i ka\u00adna\u00adli\u00adza\u00adci\u00ado\u00adnog si\u00adste\u00adma &#8211; re\u00adkao je on.<br \/>\nCun\u00adgu je pod\u00adsje\u00adtio da je kom\u00adpa\u00adni\u00adja Da\u00adhlem ura\u00addi\u00adla stu\u00addi\u00adju iz\u00advo\u00addlji\u00advo\u00adsti za pro\u00adje\u00adkat kom\u00adplet\u00adne iz\u00adgrad\u00adnje i sa\u00adna\u00adci\u00adje vo\u00addo\u00advod\u00adnog i ka\u00adna\u00adli\u00adza\u00adci\u00ado\u00adnog si\u00adste\u00adma, za ko\u00adji je po\u00adtreb\u00adno oko 126 mi\u00adli\u00ado\u00adna eura.<br \/>\n&#8211; Ovo je pr\u00adva fa\u00adza pr\u00advog di\u00adje\u00adla od 40 mi\u00adli\u00ado\u00adna. Dru\u00adga sred\u00adstva mo\u00adra\u00admo obez\u00adbi\u00adje\u00addi\u00adti uz po\u00admo\u0107 dr\u00ad\u017ea\u00adve i kre\u00addit\u00adnih li\u00adni\u00adja Mi mo\u00adra\u00admo na\u00adsta\u00advi\u00adti sa do\u00adno\u00ad\u0161e\u00adnjem plan\u00adske do\u00adku\u00admen\u00adta\u00adci\u00adje , na\u00adpla\u00adte ko\u00admu\u00adna\u00adli\u00adja i na taj na\u00ad\u010din po\u00admo\u00ad\u0107i da se za\u00adtvo\u00adri ukup\u00adna kon\u00adstruk\u00adci\u00adja pro\u00adjek\u00adta . Bez to\u00adga nam ne\u00adma raz\u00advo\u00adja i na\u00adpret\u00adka &#8211; tvr\u00addi Cun\u00adgu.<\/span><\/p>\n<p><strong>Izvor: DAN<\/strong><\/p>\n","protected":false},"excerpt":{"rendered":"<p>Od\u00adlu\u00adka o o kre\u00addit\u00adnom za\u00addu\u00ad\u017ee\u00adnju Op\u00ad\u0161ti\u00adne Ul\u00adcinj kod nje\u00adma\u010d\u00adke KFV ban\u00adke za pro\u00adje\u00adkat vo\u00addo\u00adsnab\u00addje\u00adva\u00adnja i od\u00advo\u00ad\u0111e\u00adnja ot\u00adpad\u00adnih vo\u00adda, u iz\u00adno\u00adsu od 20 mi\u00adli\u00ado\u00adna eura, o ko\u00adjoj je lo\u00adkal\u00adni par\u00adla\u00adment po\u00ad\u010deo ra\u00adsra\u00advu u sri\u00adje\u00addu, pred\u00adsta\u00advlja ozbi\u00adljan iza\u00adzov ka\u00adko za vla\u00adda\u00adju\u00ad\u0107u ko\u00ada\u00adli\u00adci\u00adju ta\u00adko i za opo\u00adzi\u00adci\u00ado\u00adne par\u00adti\u00adje. Pri\u00adje sve\u00adga zbog sum\u00adnje da li \u0107e Op\u00ad\u0161ti\u00adna bi\u00adti u [&hellip;]<\/p>\n","protected":false},"author":1,"featured_media":0,"comment_status":"closed","ping_status":"closed","sticky":false,"template":"","format":"standard","meta":{"spay_email":"","jetpack_publicize_message":"","jetpack_is_tweetstorm":false,"jetpack_publicize_feature_enabled":true},"categories":[8337],"tags":[],"jetpack_publicize_connections":[],"yoast_head":"<!-- This site is optimized with the Yoast SEO plugin v19.1 - https:\/\/yoast.com\/wordpress\/plugins\/seo\/ -->\n<title>Kredit od 20 miliona zabrinuo odbornike SO Ulcinj - Lajme nga Ulqini<\/title>\n<meta name=\"description\" content=\"Od\u00adlu\u00adka o o kre\u00addit\u00adnom za\u00addu\u00ad\u017ee\u00adnju Op\u00ad\u0161ti\u00adne Ul\u00adcinj kod nje\u00adma\u010d\u00adke KFV ban\u00adke za pro\u00adje\u00adkat vo\u00addo\u00adsnab\u00addje\u00adva\u00adnja i od\u00advo\u00ad\u0111e\u00adnja ot\u00adpad\u00adnih vo\u00adda, u\" \/>\n<meta name=\"robots\" content=\"index, follow, max-snippet:-1, max-image-preview:large, max-video-preview:-1\" \/>\n<link rel=\"canonical\" href=\"https:\/\/www.visit-ulcinj.com\/blog\/2015\/09\/28\/kredit-od-20-miliona-zabrinuo-odbornike-ulcinj\/\" \/>\n<meta property=\"og:locale\" content=\"en_US\" \/>\n<meta property=\"og:type\" content=\"article\" \/>\n<meta property=\"og:title\" content=\"Kredit od 20 miliona zabrinuo odbornike SO Ulcinj - Lajme nga Ulqini\" \/>\n<meta property=\"og:description\" content=\"Od\u00adlu\u00adka o o kre\u00addit\u00adnom za\u00addu\u00ad\u017ee\u00adnju Op\u00ad\u0161ti\u00adne Ul\u00adcinj kod nje\u00adma\u010d\u00adke KFV ban\u00adke za pro\u00adje\u00adkat vo\u00addo\u00adsnab\u00addje\u00adva\u00adnja i od\u00advo\u00ad\u0111e\u00adnja ot\u00adpad\u00adnih vo\u00adda, u\" \/>\n<meta property=\"og:url\" content=\"https:\/\/www.visit-ulcinj.com\/blog\/2015\/09\/28\/kredit-od-20-miliona-zabrinuo-odbornike-ulcinj\/\" \/>\n<meta property=\"og:site_name\" content=\"Lajme nga Ulqini\" \/>\n<meta property=\"article:published_time\" content=\"2015-09-28T07:38:36+00:00\" \/>\n<meta property=\"og:image\" content=\"http:\/\/www.visit-ulcinj.com\/blog\/wp-content\/uploads\/2014\/11\/Kuvendi-i-Ulqinit-Skupstina-Ulcinj.jpg\" \/>\n<meta name=\"twitter:label1\" content=\"Written by\" \/>\n\t<meta name=\"twitter:data1\" content=\"ulqini\" \/>\n\t<meta name=\"twitter:label2\" content=\"Est. reading time\" \/>\n\t<meta name=\"twitter:data2\" content=\"14 minutes\" \/>\n<script type=\"application\/ld+json\" class=\"yoast-schema-graph\">{\"@context\":\"https:\/\/schema.org\",\"@graph\":[{\"@type\":\"WebSite\",\"@id\":\"https:\/\/www.visit-ulcinj.com\/blog\/#website\",\"url\":\"https:\/\/www.visit-ulcinj.com\/blog\/\",\"name\":\"Lajme nga Ulqini\",\"description\":\"Lajme,Vijesti,Ulqini,Ulqin,Crna Gora,Mali i Zi\",\"potentialAction\":[{\"@type\":\"SearchAction\",\"target\":{\"@type\":\"EntryPoint\",\"urlTemplate\":\"https:\/\/www.visit-ulcinj.com\/blog\/?s={search_term_string}\"},\"query-input\":\"required name=search_term_string\"}],\"inLanguage\":\"en-US\"},{\"@type\":\"ImageObject\",\"inLanguage\":\"en-US\",\"@id\":\"https:\/\/www.visit-ulcinj.com\/blog\/2015\/09\/28\/kredit-od-20-miliona-zabrinuo-odbornike-ulcinj\/#primaryimage\",\"url\":\"https:\/\/www.visit-ulcinj.com\/blog\/wp-content\/uploads\/2014\/11\/Kuvendi-i-Ulqinit-Skupstina-Ulcinj.jpg\",\"contentUrl\":\"https:\/\/www.visit-ulcinj.com\/blog\/wp-content\/uploads\/2014\/11\/Kuvendi-i-Ulqinit-Skupstina-Ulcinj.jpg\",\"width\":999,\"height\":562},{\"@type\":\"WebPage\",\"@id\":\"https:\/\/www.visit-ulcinj.com\/blog\/2015\/09\/28\/kredit-od-20-miliona-zabrinuo-odbornike-ulcinj\/#webpage\",\"url\":\"https:\/\/www.visit-ulcinj.com\/blog\/2015\/09\/28\/kredit-od-20-miliona-zabrinuo-odbornike-ulcinj\/\",\"name\":\"Kredit od 20 miliona zabrinuo odbornike SO Ulcinj - Lajme nga Ulqini\",\"isPartOf\":{\"@id\":\"https:\/\/www.visit-ulcinj.com\/blog\/#website\"},\"primaryImageOfPage\":{\"@id\":\"https:\/\/www.visit-ulcinj.com\/blog\/2015\/09\/28\/kredit-od-20-miliona-zabrinuo-odbornike-ulcinj\/#primaryimage\"},\"datePublished\":\"2015-09-28T07:38:36+00:00\",\"dateModified\":\"2015-09-28T07:38:36+00:00\",\"author\":{\"@id\":\"https:\/\/www.visit-ulcinj.com\/blog\/#\/schema\/person\/dcab619c614d3038751c63bc2aadc06d\"},\"description\":\"Od\u00adlu\u00adka o o kre\u00addit\u00adnom za\u00addu\u00ad\u017ee\u00adnju Op\u00ad\u0161ti\u00adne Ul\u00adcinj kod nje\u00adma\u010d\u00adke KFV ban\u00adke za pro\u00adje\u00adkat vo\u00addo\u00adsnab\u00addje\u00adva\u00adnja i od\u00advo\u00ad\u0111e\u00adnja ot\u00adpad\u00adnih vo\u00adda, u\",\"breadcrumb\":{\"@id\":\"https:\/\/www.visit-ulcinj.com\/blog\/2015\/09\/28\/kredit-od-20-miliona-zabrinuo-odbornike-ulcinj\/#breadcrumb\"},\"inLanguage\":\"en-US\",\"potentialAction\":[{\"@type\":\"ReadAction\",\"target\":[\"https:\/\/www.visit-ulcinj.com\/blog\/2015\/09\/28\/kredit-od-20-miliona-zabrinuo-odbornike-ulcinj\/\"]}]},{\"@type\":\"BreadcrumbList\",\"@id\":\"https:\/\/www.visit-ulcinj.com\/blog\/2015\/09\/28\/kredit-od-20-miliona-zabrinuo-odbornike-ulcinj\/#breadcrumb\",\"itemListElement\":[{\"@type\":\"ListItem\",\"position\":1,\"name\":\"Kredit od 20 miliona zabrinuo odbornike SO Ulcinj\"}]},{\"@type\":\"Person\",\"@id\":\"https:\/\/www.visit-ulcinj.com\/blog\/#\/schema\/person\/dcab619c614d3038751c63bc2aadc06d\",\"name\":\"ulqini\",\"sameAs\":[\"http:\/\/www.visit-ulcinj.com\"],\"url\":\"https:\/\/www.visit-ulcinj.com\/blog\/author\/admin\/\"}]}<\/script>\n<!-- \/ Yoast SEO plugin. -->","yoast_head_json":{"title":"Kredit od 20 miliona zabrinuo odbornike SO Ulcinj - Lajme nga Ulqini","description":"Od\u00adlu\u00adka o o kre\u00addit\u00adnom za\u00addu\u00ad\u017ee\u00adnju Op\u00ad\u0161ti\u00adne Ul\u00adcinj kod nje\u00adma\u010d\u00adke KFV ban\u00adke za pro\u00adje\u00adkat vo\u00addo\u00adsnab\u00addje\u00adva\u00adnja i od\u00advo\u00ad\u0111e\u00adnja ot\u00adpad\u00adnih vo\u00adda, u","robots":{"index":"index","follow":"follow","max-snippet":"max-snippet:-1","max-image-preview":"max-image-preview:large","max-video-preview":"max-video-preview:-1"},"canonical":"https:\/\/www.visit-ulcinj.com\/blog\/2015\/09\/28\/kredit-od-20-miliona-zabrinuo-odbornike-ulcinj\/","og_locale":"en_US","og_type":"article","og_title":"Kredit od 20 miliona zabrinuo odbornike SO Ulcinj - Lajme nga Ulqini","og_description":"Od\u00adlu\u00adka o o kre\u00addit\u00adnom za\u00addu\u00ad\u017ee\u00adnju Op\u00ad\u0161ti\u00adne Ul\u00adcinj kod nje\u00adma\u010d\u00adke KFV ban\u00adke za pro\u00adje\u00adkat vo\u00addo\u00adsnab\u00addje\u00adva\u00adnja i od\u00advo\u00ad\u0111e\u00adnja ot\u00adpad\u00adnih vo\u00adda, u","og_url":"https:\/\/www.visit-ulcinj.com\/blog\/2015\/09\/28\/kredit-od-20-miliona-zabrinuo-odbornike-ulcinj\/","og_site_name":"Lajme nga Ulqini","article_published_time":"2015-09-28T07:38:36+00:00","og_image":[{"url":"http:\/\/www.visit-ulcinj.com\/blog\/wp-content\/uploads\/2014\/11\/Kuvendi-i-Ulqinit-Skupstina-Ulcinj.jpg"}],"twitter_misc":{"Written by":"ulqini","Est. reading time":"14 minutes"},"schema":{"@context":"https:\/\/schema.org","@graph":[{"@type":"WebSite","@id":"https:\/\/www.visit-ulcinj.com\/blog\/#website","url":"https:\/\/www.visit-ulcinj.com\/blog\/","name":"Lajme nga Ulqini","description":"Lajme,Vijesti,Ulqini,Ulqin,Crna Gora,Mali i Zi","potentialAction":[{"@type":"SearchAction","target":{"@type":"EntryPoint","urlTemplate":"https:\/\/www.visit-ulcinj.com\/blog\/?s={search_term_string}"},"query-input":"required name=search_term_string"}],"inLanguage":"en-US"},{"@type":"ImageObject","inLanguage":"en-US","@id":"https:\/\/www.visit-ulcinj.com\/blog\/2015\/09\/28\/kredit-od-20-miliona-zabrinuo-odbornike-ulcinj\/#primaryimage","url":"https:\/\/www.visit-ulcinj.com\/blog\/wp-content\/uploads\/2014\/11\/Kuvendi-i-Ulqinit-Skupstina-Ulcinj.jpg","contentUrl":"https:\/\/www.visit-ulcinj.com\/blog\/wp-content\/uploads\/2014\/11\/Kuvendi-i-Ulqinit-Skupstina-Ulcinj.jpg","width":999,"height":562},{"@type":"WebPage","@id":"https:\/\/www.visit-ulcinj.com\/blog\/2015\/09\/28\/kredit-od-20-miliona-zabrinuo-odbornike-ulcinj\/#webpage","url":"https:\/\/www.visit-ulcinj.com\/blog\/2015\/09\/28\/kredit-od-20-miliona-zabrinuo-odbornike-ulcinj\/","name":"Kredit od 20 miliona zabrinuo odbornike SO Ulcinj - Lajme nga Ulqini","isPartOf":{"@id":"https:\/\/www.visit-ulcinj.com\/blog\/#website"},"primaryImageOfPage":{"@id":"https:\/\/www.visit-ulcinj.com\/blog\/2015\/09\/28\/kredit-od-20-miliona-zabrinuo-odbornike-ulcinj\/#primaryimage"},"datePublished":"2015-09-28T07:38:36+00:00","dateModified":"2015-09-28T07:38:36+00:00","author":{"@id":"https:\/\/www.visit-ulcinj.com\/blog\/#\/schema\/person\/dcab619c614d3038751c63bc2aadc06d"},"description":"Od\u00adlu\u00adka o o kre\u00addit\u00adnom za\u00addu\u00ad\u017ee\u00adnju Op\u00ad\u0161ti\u00adne Ul\u00adcinj kod nje\u00adma\u010d\u00adke KFV ban\u00adke za pro\u00adje\u00adkat vo\u00addo\u00adsnab\u00addje\u00adva\u00adnja i od\u00advo\u00ad\u0111e\u00adnja ot\u00adpad\u00adnih vo\u00adda, u","breadcrumb":{"@id":"https:\/\/www.visit-ulcinj.com\/blog\/2015\/09\/28\/kredit-od-20-miliona-zabrinuo-odbornike-ulcinj\/#breadcrumb"},"inLanguage":"en-US","potentialAction":[{"@type":"ReadAction","target":["https:\/\/www.visit-ulcinj.com\/blog\/2015\/09\/28\/kredit-od-20-miliona-zabrinuo-odbornike-ulcinj\/"]}]},{"@type":"BreadcrumbList","@id":"https:\/\/www.visit-ulcinj.com\/blog\/2015\/09\/28\/kredit-od-20-miliona-zabrinuo-odbornike-ulcinj\/#breadcrumb","itemListElement":[{"@type":"ListItem","position":1,"name":"Kredit od 20 miliona zabrinuo odbornike SO Ulcinj"}]},{"@type":"Person","@id":"https:\/\/www.visit-ulcinj.com\/blog\/#\/schema\/person\/dcab619c614d3038751c63bc2aadc06d","name":"ulqini","sameAs":["http:\/\/www.visit-ulcinj.com"],"url":"https:\/\/www.visit-ulcinj.com\/blog\/author\/admin\/"}]}},"jetpack_featured_media_url":"","jetpack_sharing_enabled":true,"jetpack_shortlink":"https:\/\/wp.me\/pe6lTn-o2G","_links":{"self":[{"href":"https:\/\/www.visit-ulcinj.com\/blog\/wp-json\/wp\/v2\/posts\/92422"}],"collection":[{"href":"https:\/\/www.visit-ulcinj.com\/blog\/wp-json\/wp\/v2\/posts"}],"about":[{"href":"https:\/\/www.visit-ulcinj.com\/blog\/wp-json\/wp\/v2\/types\/post"}],"author":[{"embeddable":true,"href":"https:\/\/www.visit-ulcinj.com\/blog\/wp-json\/wp\/v2\/users\/1"}],"replies":[{"embeddable":true,"href":"https:\/\/www.visit-ulcinj.com\/blog\/wp-json\/wp\/v2\/comments?post=92422"}],"version-history":[{"count":1,"href":"https:\/\/www.visit-ulcinj.com\/blog\/wp-json\/wp\/v2\/posts\/92422\/revisions"}],"predecessor-version":[{"id":92423,"href":"https:\/\/www.visit-ulcinj.com\/blog\/wp-json\/wp\/v2\/posts\/92422\/revisions\/92423"}],"wp:attachment":[{"href":"https:\/\/www.visit-ulcinj.com\/blog\/wp-json\/wp\/v2\/media?parent=92422"}],"wp:term":[{"taxonomy":"category","embeddable":true,"href":"https:\/\/www.visit-ulcinj.com\/blog\/wp-json\/wp\/v2\/categories?post=92422"},{"taxonomy":"post_tag","embeddable":true,"href":"https:\/\/www.visit-ulcinj.com\/blog\/wp-json\/wp\/v2\/tags?post=92422"}],"curies":[{"name":"wp","href":"https:\/\/api.w.org\/{rel}","templated":true}]}}