{"id":9243,"date":"2009-01-17T10:15:10","date_gmt":"2009-01-17T09:15:10","guid":{"rendered":"http:\/\/www.visit-ulcinj.com\/blog\/?p=9243"},"modified":"2009-01-17T11:05:58","modified_gmt":"2009-01-17T10:05:58","slug":"kkulqini-klubi-me-i-mire-i-turneut-te-2008","status":"publish","type":"post","link":"https:\/\/www.visit-ulcinj.com\/blog\/2009\/01\/17\/kkulqini-klubi-me-i-mire-i-turneut-te-2008\/","title":{"rendered":"KK&#8221;Ulqini&#8221;, klubi m\u00eb i mir\u00eb i Turneut t\u00eb 2008"},"content":{"rendered":"<p><strong><a rel=\"attachment wp-att-9255\" href=\"http:\/\/www.visit-ulcinj.com\/blog\/2009\/01\/17\/kkulqini-klubi-me-i-mire-i-turneut-te-2008\/kklub-ulqini\/\"><img loading=\"lazy\" class=\"alignleft size-full wp-image-9255\" title=\"kklub-ulqini\" src=\"http:\/\/www.visit-ulcinj.com\/blog\/wp-content\/uploads\/2009\/01\/kklub-ulqini.jpg\" alt=\"kklub-ulqini\" width=\"570\" height=\"398\" \/><\/a>Klubi i karates\u00eb &#8220;ulqini&#8221; e mbylli me sukses sezonin e dyt\u00eb t\u00eb garave p\u00ebr k\u00ebt\u00eb vit<\/strong><\/p>\n<p>&#8220;Viti 2008 \u00ebsht\u00eb viti m\u00eb i suksessh\u00ebm i klubit ton\u00eb deri tash, sepse n\u00eb k\u00ebt\u00eb vit garuesit tan\u00eb fituan gjithsej 71 kupa dhe 820 medalje: 244 t\u00eb arta, 275 t\u00eb argjendta dhe 301 t\u00eb bronzta n\u00eb garat shtet\u00ebrore dhe nd\u00ebrkomb\u00ebtare, n\u00eb disiplinat ekipore dhe individuale&#8221;, thon\u00eb trajner\u00ebt e KK &#8220;Ulqini&#8221;.<\/p>\n<p>Podgoric\u00eb &#8211; T\u00eb diel\u00ebn n\u00eb Podgoric\u00eb u mbajt Turneu i 29-t\u00eb i Karates\u00eb &#8220;Kupa e \u00c7lirimit t\u00eb Podgoric\u00ebs 2008&#8221;, n\u00eb t\u00eb cilin klubi i karates\u00eb &#8220;Ulqini&#8221; u shpall klubi m\u00eb i mir\u00eb i turneut. N\u00eb k\u00ebt\u00eb gar\u00eb mor\u00ebn pjes\u00eb 28 klube me mbi 600 garues.<\/p>\n<p>Garuesit e KK &#8220;Ulqini&#8221; arrit\u00ebn t\u00eb fitojn\u00eb plot 98 medalje: 27 medalje t\u00eb arta, 33 t\u00eb argjendta, 38 t\u00eb bronzta dhe 1 kup\u00eb p\u00ebr vendin e par\u00eb n\u00eb renditjen e p\u00ebrgjithshme.<\/p>\n<p>Sipas drejtuesve t\u00eb KK &#8220;Ulqini&#8221;, ky rezultat ishte i pritur dhe me k\u00ebt\u00eb gar\u00eb ai e mbylli me sukses t\u00eb shk\u00eblqyesh\u00ebm sezonin e dyt\u00eb t\u00eb garave p\u00ebr k\u00ebt\u00eb vit.<\/p>\n<p>&#8220;Klubi yn\u00eb n\u00eb k\u00ebt\u00eb gar\u00eb mori pjes\u00eb me 73 garues dhe p\u00ebrs\u00ebri v\u00ebrtetuam q\u00eb me merit\u00eb renditemi krah p\u00ebr krah me m\u00eb t\u00eb mir\u00ebt. Kjo ishte gara jon\u00eb e 24-t p\u00ebr k\u00ebt\u00eb vit dhe me k\u00ebt\u00eb e p\u00ebrfundojm\u00eb sezonin e garave p\u00ebr vitin 2008. Viti 2008 \u00ebsht\u00eb viti m\u00eb i suksessh\u00ebm i klubit ton\u00eb deri tash, sepse n\u00eb k\u00ebt\u00eb vit garuesit tan\u00eb fituan gjithsej 71 kupa dhe 820 medalje: 244 t\u00eb arta, 275 t\u00eb argjendta dhe 301 t\u00eb bronzta n\u00eb garat shtet\u00ebrore dhe nd\u00ebrkomb\u00ebtare, n\u00eb disiplinat ekipore dhe individuale&#8221;, shprehen nj\u00ebz\u00ebri kryetrajneri Ruzhdi Rama dhe trajner\u00ebt profesionist\u00eb t\u00eb klubit Naim Duraku, Kujtim Sukaliqi dhe Mirsad Nasradini.<\/p>\n<p>Nga KK &#8220;Ulqini&#8221; n\u00eb k\u00ebt\u00eb turne me medalje t\u00eb arta u shp\u00ebrblyen shum\u00eb garues. Blerta Tahiri u kuror\u00ebzua me tri medalje t\u00eb arta, me nga dy medalje t\u00eb arta u kuror\u00ebzuan Rexhep Shaba, Dardan Ceka, Seida Suma dhe Petar Barlloviq, nd\u00ebrsa nga nj\u00eb medalje t\u00eb art\u00eb fituan Edisa Shaba, Ronald Jacoviq, Gabriel Byty\u00e7i, Nermin Sumoviq, Edon Ceka, Edita Kova\u00e7i, Xhemale Elezi, Jehona Musliq, Antigona Rama, Xhenis Rexhepi, Diamant Rexha, Viktor Curoviq, Albion Duraku, Petar Maroviq, Ilir Muja dhe Enis Shaba.<\/p>\n<p>P\u00ebrve\u00e7 k\u00ebtyre medaljeve k\u00ebta garues u kuror\u00ebzuan edhe me medalje t\u00eb tjera.<\/p>\n<p>Me nga disa medalje t\u00eb tjera u shp\u00ebrblyen: Gentiana Kuqi, Angjella Marnikoviq, Lumdita Paleviq, Diell\u00ebza Rama, Aleksandar Jevriq, Ardian Zagoviq, Ensar Marshiq, Adnan Kuqi, David Simoni, Bledar Seferi, Mirhad Popoviq, Enis Rexha, Bledar Kabashi, Ardit Boleviq, Mark Daboviq, Ibrahim Zogaj, Shp\u00ebtim Gjeka, Katarina Marnikoviq, Xheneta Gjekoviq, Izabela Ivanoviq, Andrea Llukiq, Jeton Luka, Nderim Cuca, Tufik Shurdha, Admir Luka, Ilirjana Paleviq, Edin Kraja, Lulzim Sumoviq, Arlind Nika, Ramazan Gjekoviq, Edmond Aliq, Kristian Luliq, Shaban Seferi, Granit Rexha, Fatlum \u00c7apriq, Fatmir Kurmemi, Allmir Hajdari dhe Ermal Musliq.<\/p>\n<p><strong>Kohapress<\/strong><\/p>\n<p><strong>\n\t\t<style type=\"text\/css\">\n\t\t\t#gallery-1 {\n\t\t\t\tmargin: auto;\n\t\t\t}\n\t\t\t#gallery-1 .gallery-item {\n\t\t\t\tfloat: left;\n\t\t\t\tmargin-top: 10px;\n\t\t\t\ttext-align: center;\n\t\t\t\twidth: 33%;\n\t\t\t}\n\t\t\t#gallery-1 img {\n\t\t\t\tborder: 2px solid #cfcfcf;\n\t\t\t}\n\t\t\t#gallery-1 .gallery-caption {\n\t\t\t\tmargin-left: 0;\n\t\t\t}\n\t\t\t\/* see gallery_shortcode() in wp-includes\/media.php *\/\n\t\t<\/style>\n\t\t<div id='gallery-1' class='gallery galleryid-9243 gallery-columns-3 gallery-size-thumbnail'><dl class='gallery-item'>\n\t\t\t<dt class='gallery-icon landscape'>\n\t\t\t\t<a href='https:\/\/www.visit-ulcinj.com\/blog\/wp-content\/uploads\/2009\/01\/kklub-ulqini.jpg'><img width=\"150\" height=\"150\" src=\"https:\/\/www.visit-ulcinj.com\/blog\/wp-content\/uploads\/2009\/01\/kklub-ulqini-150x150.jpg\" class=\"attachment-thumbnail size-thumbnail\" alt=\"\" loading=\"lazy\" \/><\/a>\n\t\t\t<\/dt><\/dl><dl class='gallery-item'>\n\t\t\t<dt class='gallery-icon landscape'>\n\t\t\t\t<a href='https:\/\/www.visit-ulcinj.com\/blog\/wp-content\/uploads\/2009\/01\/kklub-ulqini1.jpg'><img width=\"150\" height=\"150\" src=\"https:\/\/www.visit-ulcinj.com\/blog\/wp-content\/uploads\/2009\/01\/kklub-ulqini1-150x150.jpg\" class=\"attachment-thumbnail size-thumbnail\" alt=\"\" loading=\"lazy\" \/><\/a>\n\t\t\t<\/dt><\/dl><dl class='gallery-item'>\n\t\t\t<dt class='gallery-icon landscape'>\n\t\t\t\t<a href='https:\/\/www.visit-ulcinj.com\/blog\/wp-content\/uploads\/2009\/01\/kklub-ulqini2.jpg'><img width=\"150\" height=\"150\" src=\"https:\/\/www.visit-ulcinj.com\/blog\/wp-content\/uploads\/2009\/01\/kklub-ulqini2-150x150.jpg\" class=\"attachment-thumbnail size-thumbnail\" alt=\"\" loading=\"lazy\" \/><\/a>\n\t\t\t<\/dt><\/dl><br style=\"clear: both\" \/>\n\t\t<\/div>\n<\/p>\n<p><\/strong><\/p>\n<!--YouTube Error: bad URL entered-->\n","protected":false},"excerpt":{"rendered":"<p>Klubi i karates\u00eb &#8220;ulqini&#8221; e mbylli me sukses sezonin e dyt\u00eb t\u00eb garave p\u00ebr k\u00ebt\u00eb vit &#8220;Viti 2008 \u00ebsht\u00eb viti m\u00eb i suksessh\u00ebm i klubit ton\u00eb deri tash, sepse n\u00eb k\u00ebt\u00eb vit garuesit tan\u00eb fituan gjithsej 71 kupa dhe 820 medalje: 244 t\u00eb arta, 275 t\u00eb argjendta dhe 301 t\u00eb bronzta n\u00eb garat shtet\u00ebrore dhe [&hellip;]<\/p>\n","protected":false},"author":1,"featured_media":0,"comment_status":"open","ping_status":"closed","sticky":false,"template":"","format":"standard","meta":{"spay_email":"","jetpack_publicize_message":"","jetpack_is_tweetstorm":false,"jetpack_publicize_feature_enabled":true},"categories":[3],"tags":[5848,5834,2906,5832,5857,5844,5829,2065,5833,5839,5851,2925,5836,5821,5835,2074,5831,2920,2931,2064,5853,2927,5838,5827,2917,2924,2071,5856,5823,5828,2063,5840,2921,5849,5843,2067,5845,5841,5820,5854,5850,5830,2929,5837,5846,5824,2073,5826,5852,2933,5822,2932,5855,2928,5847,2621,2066,5842,5825],"jetpack_publicize_connections":[],"yoast_head":"<!-- This site is optimized with the Yoast SEO plugin v19.1 - https:\/\/yoast.com\/wordpress\/plugins\/seo\/ -->\n<title>KK&quot;Ulqini&quot;, klubi m\u00eb i mir\u00eb i Turneut t\u00eb 2008 - Lajme nga Ulqini<\/title>\n<meta name=\"description\" content=\"Klubi i karates\u00eb &quot;ulqini&quot; e mbylli me sukses sezonin e dyt\u00eb t\u00eb garave p\u00ebr k\u00ebt\u00eb vit &quot;Viti 2008 \u00ebsht\u00eb viti m\u00eb i suksessh\u00ebm i klubit ton\u00eb deri tash, sepse n\u00eb\" \/>\n<meta name=\"robots\" content=\"index, follow, max-snippet:-1, max-image-preview:large, max-video-preview:-1\" \/>\n<link rel=\"canonical\" href=\"https:\/\/www.visit-ulcinj.com\/blog\/2009\/01\/17\/kkulqini-klubi-me-i-mire-i-turneut-te-2008\/\" \/>\n<meta property=\"og:locale\" content=\"en_US\" \/>\n<meta property=\"og:type\" content=\"article\" \/>\n<meta property=\"og:title\" content=\"KK&quot;Ulqini&quot;, klubi m\u00eb i mir\u00eb i Turneut t\u00eb 2008 - Lajme nga Ulqini\" \/>\n<meta property=\"og:description\" content=\"Klubi i karates\u00eb &quot;ulqini&quot; e mbylli me sukses sezonin e dyt\u00eb t\u00eb garave p\u00ebr k\u00ebt\u00eb vit &quot;Viti 2008 \u00ebsht\u00eb viti m\u00eb i suksessh\u00ebm i klubit ton\u00eb deri tash, sepse n\u00eb\" \/>\n<meta property=\"og:url\" content=\"https:\/\/www.visit-ulcinj.com\/blog\/2009\/01\/17\/kkulqini-klubi-me-i-mire-i-turneut-te-2008\/\" \/>\n<meta property=\"og:site_name\" content=\"Lajme nga Ulqini\" \/>\n<meta property=\"article:published_time\" content=\"2009-01-17T09:15:10+00:00\" \/>\n<meta property=\"article:modified_time\" content=\"2009-01-17T10:05:58+00:00\" \/>\n<meta property=\"og:image\" content=\"https:\/\/www.visit-ulcinj.com\/blog\/wp-content\/uploads\/2009\/01\/kklub-ulqini-150x150.jpg\" \/>\n<meta name=\"twitter:label1\" content=\"Written by\" \/>\n\t<meta name=\"twitter:data1\" content=\"ulqini\" \/>\n\t<meta name=\"twitter:label2\" content=\"Est. reading time\" \/>\n\t<meta name=\"twitter:data2\" content=\"2 minutes\" \/>\n<script type=\"application\/ld+json\" class=\"yoast-schema-graph\">{\"@context\":\"https:\/\/schema.org\",\"@graph\":[{\"@type\":\"WebSite\",\"@id\":\"https:\/\/www.visit-ulcinj.com\/blog\/#website\",\"url\":\"https:\/\/www.visit-ulcinj.com\/blog\/\",\"name\":\"Lajme nga Ulqini\",\"description\":\"Lajme,Vijesti,Ulqini,Ulqin,Crna Gora,Mali i Zi\",\"potentialAction\":[{\"@type\":\"SearchAction\",\"target\":{\"@type\":\"EntryPoint\",\"urlTemplate\":\"https:\/\/www.visit-ulcinj.com\/blog\/?s={search_term_string}\"},\"query-input\":\"required name=search_term_string\"}],\"inLanguage\":\"en-US\"},{\"@type\":\"ImageObject\",\"inLanguage\":\"en-US\",\"@id\":\"https:\/\/www.visit-ulcinj.com\/blog\/2009\/01\/17\/kkulqini-klubi-me-i-mire-i-turneut-te-2008\/#primaryimage\",\"url\":\"https:\/\/www.visit-ulcinj.com\/blog\/wp-content\/uploads\/2009\/01\/kklub-ulqini.jpg\",\"contentUrl\":\"https:\/\/www.visit-ulcinj.com\/blog\/wp-content\/uploads\/2009\/01\/kklub-ulqini.jpg\",\"width\":\"791\",\"height\":\"498\"},{\"@type\":\"WebPage\",\"@id\":\"https:\/\/www.visit-ulcinj.com\/blog\/2009\/01\/17\/kkulqini-klubi-me-i-mire-i-turneut-te-2008\/#webpage\",\"url\":\"https:\/\/www.visit-ulcinj.com\/blog\/2009\/01\/17\/kkulqini-klubi-me-i-mire-i-turneut-te-2008\/\",\"name\":\"KK\\\"Ulqini\\\", klubi m\u00eb i mir\u00eb i Turneut t\u00eb 2008 - Lajme nga Ulqini\",\"isPartOf\":{\"@id\":\"https:\/\/www.visit-ulcinj.com\/blog\/#website\"},\"primaryImageOfPage\":{\"@id\":\"https:\/\/www.visit-ulcinj.com\/blog\/2009\/01\/17\/kkulqini-klubi-me-i-mire-i-turneut-te-2008\/#primaryimage\"},\"datePublished\":\"2009-01-17T09:15:10+00:00\",\"dateModified\":\"2009-01-17T10:05:58+00:00\",\"author\":{\"@id\":\"https:\/\/www.visit-ulcinj.com\/blog\/#\/schema\/person\/dcab619c614d3038751c63bc2aadc06d\"},\"description\":\"Klubi i karates\u00eb \\\"ulqini\\\" e mbylli me sukses sezonin e dyt\u00eb t\u00eb garave p\u00ebr k\u00ebt\u00eb vit \\\"Viti 2008 \u00ebsht\u00eb viti m\u00eb i suksessh\u00ebm i klubit ton\u00eb deri tash, sepse n\u00eb\",\"breadcrumb\":{\"@id\":\"https:\/\/www.visit-ulcinj.com\/blog\/2009\/01\/17\/kkulqini-klubi-me-i-mire-i-turneut-te-2008\/#breadcrumb\"},\"inLanguage\":\"en-US\",\"potentialAction\":[{\"@type\":\"ReadAction\",\"target\":[\"https:\/\/www.visit-ulcinj.com\/blog\/2009\/01\/17\/kkulqini-klubi-me-i-mire-i-turneut-te-2008\/\"]}]},{\"@type\":\"BreadcrumbList\",\"@id\":\"https:\/\/www.visit-ulcinj.com\/blog\/2009\/01\/17\/kkulqini-klubi-me-i-mire-i-turneut-te-2008\/#breadcrumb\",\"itemListElement\":[{\"@type\":\"ListItem\",\"position\":1,\"name\":\"KK&#8221;Ulqini&#8221;, klubi m\u00eb i mir\u00eb i Turneut t\u00eb 2008\"}]},{\"@type\":\"Person\",\"@id\":\"https:\/\/www.visit-ulcinj.com\/blog\/#\/schema\/person\/dcab619c614d3038751c63bc2aadc06d\",\"name\":\"ulqini\",\"sameAs\":[\"http:\/\/www.visit-ulcinj.com\"],\"url\":\"https:\/\/www.visit-ulcinj.com\/blog\/author\/admin\/\"}]}<\/script>\n<!-- \/ Yoast SEO plugin. -->","yoast_head_json":{"title":"KK\"Ulqini\", klubi m\u00eb i mir\u00eb i Turneut t\u00eb 2008 - Lajme nga Ulqini","description":"Klubi i karates\u00eb \"ulqini\" e mbylli me sukses sezonin e dyt\u00eb t\u00eb garave p\u00ebr k\u00ebt\u00eb vit \"Viti 2008 \u00ebsht\u00eb viti m\u00eb i suksessh\u00ebm i klubit ton\u00eb deri tash, sepse n\u00eb","robots":{"index":"index","follow":"follow","max-snippet":"max-snippet:-1","max-image-preview":"max-image-preview:large","max-video-preview":"max-video-preview:-1"},"canonical":"https:\/\/www.visit-ulcinj.com\/blog\/2009\/01\/17\/kkulqini-klubi-me-i-mire-i-turneut-te-2008\/","og_locale":"en_US","og_type":"article","og_title":"KK\"Ulqini\", klubi m\u00eb i mir\u00eb i Turneut t\u00eb 2008 - Lajme nga Ulqini","og_description":"Klubi i karates\u00eb \"ulqini\" e mbylli me sukses sezonin e dyt\u00eb t\u00eb garave p\u00ebr k\u00ebt\u00eb vit \"Viti 2008 \u00ebsht\u00eb viti m\u00eb i suksessh\u00ebm i klubit ton\u00eb deri tash, sepse n\u00eb","og_url":"https:\/\/www.visit-ulcinj.com\/blog\/2009\/01\/17\/kkulqini-klubi-me-i-mire-i-turneut-te-2008\/","og_site_name":"Lajme nga Ulqini","article_published_time":"2009-01-17T09:15:10+00:00","article_modified_time":"2009-01-17T10:05:58+00:00","og_image":[{"url":"https:\/\/www.visit-ulcinj.com\/blog\/wp-content\/uploads\/2009\/01\/kklub-ulqini-150x150.jpg"}],"twitter_misc":{"Written by":"ulqini","Est. reading time":"2 minutes"},"schema":{"@context":"https:\/\/schema.org","@graph":[{"@type":"WebSite","@id":"https:\/\/www.visit-ulcinj.com\/blog\/#website","url":"https:\/\/www.visit-ulcinj.com\/blog\/","name":"Lajme nga Ulqini","description":"Lajme,Vijesti,Ulqini,Ulqin,Crna Gora,Mali i Zi","potentialAction":[{"@type":"SearchAction","target":{"@type":"EntryPoint","urlTemplate":"https:\/\/www.visit-ulcinj.com\/blog\/?s={search_term_string}"},"query-input":"required name=search_term_string"}],"inLanguage":"en-US"},{"@type":"ImageObject","inLanguage":"en-US","@id":"https:\/\/www.visit-ulcinj.com\/blog\/2009\/01\/17\/kkulqini-klubi-me-i-mire-i-turneut-te-2008\/#primaryimage","url":"https:\/\/www.visit-ulcinj.com\/blog\/wp-content\/uploads\/2009\/01\/kklub-ulqini.jpg","contentUrl":"https:\/\/www.visit-ulcinj.com\/blog\/wp-content\/uploads\/2009\/01\/kklub-ulqini.jpg","width":"791","height":"498"},{"@type":"WebPage","@id":"https:\/\/www.visit-ulcinj.com\/blog\/2009\/01\/17\/kkulqini-klubi-me-i-mire-i-turneut-te-2008\/#webpage","url":"https:\/\/www.visit-ulcinj.com\/blog\/2009\/01\/17\/kkulqini-klubi-me-i-mire-i-turneut-te-2008\/","name":"KK\"Ulqini\", klubi m\u00eb i mir\u00eb i Turneut t\u00eb 2008 - Lajme nga Ulqini","isPartOf":{"@id":"https:\/\/www.visit-ulcinj.com\/blog\/#website"},"primaryImageOfPage":{"@id":"https:\/\/www.visit-ulcinj.com\/blog\/2009\/01\/17\/kkulqini-klubi-me-i-mire-i-turneut-te-2008\/#primaryimage"},"datePublished":"2009-01-17T09:15:10+00:00","dateModified":"2009-01-17T10:05:58+00:00","author":{"@id":"https:\/\/www.visit-ulcinj.com\/blog\/#\/schema\/person\/dcab619c614d3038751c63bc2aadc06d"},"description":"Klubi i karates\u00eb \"ulqini\" e mbylli me sukses sezonin e dyt\u00eb t\u00eb garave p\u00ebr k\u00ebt\u00eb vit \"Viti 2008 \u00ebsht\u00eb viti m\u00eb i suksessh\u00ebm i klubit ton\u00eb deri tash, sepse n\u00eb","breadcrumb":{"@id":"https:\/\/www.visit-ulcinj.com\/blog\/2009\/01\/17\/kkulqini-klubi-me-i-mire-i-turneut-te-2008\/#breadcrumb"},"inLanguage":"en-US","potentialAction":[{"@type":"ReadAction","target":["https:\/\/www.visit-ulcinj.com\/blog\/2009\/01\/17\/kkulqini-klubi-me-i-mire-i-turneut-te-2008\/"]}]},{"@type":"BreadcrumbList","@id":"https:\/\/www.visit-ulcinj.com\/blog\/2009\/01\/17\/kkulqini-klubi-me-i-mire-i-turneut-te-2008\/#breadcrumb","itemListElement":[{"@type":"ListItem","position":1,"name":"KK&#8221;Ulqini&#8221;, klubi m\u00eb i mir\u00eb i Turneut t\u00eb 2008"}]},{"@type":"Person","@id":"https:\/\/www.visit-ulcinj.com\/blog\/#\/schema\/person\/dcab619c614d3038751c63bc2aadc06d","name":"ulqini","sameAs":["http:\/\/www.visit-ulcinj.com"],"url":"https:\/\/www.visit-ulcinj.com\/blog\/author\/admin\/"}]}},"jetpack_featured_media_url":"","jetpack_sharing_enabled":true,"jetpack_shortlink":"https:\/\/wp.me\/pe6lTn-2p5","_links":{"self":[{"href":"https:\/\/www.visit-ulcinj.com\/blog\/wp-json\/wp\/v2\/posts\/9243"}],"collection":[{"href":"https:\/\/www.visit-ulcinj.com\/blog\/wp-json\/wp\/v2\/posts"}],"about":[{"href":"https:\/\/www.visit-ulcinj.com\/blog\/wp-json\/wp\/v2\/types\/post"}],"author":[{"embeddable":true,"href":"https:\/\/www.visit-ulcinj.com\/blog\/wp-json\/wp\/v2\/users\/1"}],"replies":[{"embeddable":true,"href":"https:\/\/www.visit-ulcinj.com\/blog\/wp-json\/wp\/v2\/comments?post=9243"}],"version-history":[{"count":0,"href":"https:\/\/www.visit-ulcinj.com\/blog\/wp-json\/wp\/v2\/posts\/9243\/revisions"}],"wp:attachment":[{"href":"https:\/\/www.visit-ulcinj.com\/blog\/wp-json\/wp\/v2\/media?parent=9243"}],"wp:term":[{"taxonomy":"category","embeddable":true,"href":"https:\/\/www.visit-ulcinj.com\/blog\/wp-json\/wp\/v2\/categories?post=9243"},{"taxonomy":"post_tag","embeddable":true,"href":"https:\/\/www.visit-ulcinj.com\/blog\/wp-json\/wp\/v2\/tags?post=9243"}],"curies":[{"name":"wp","href":"https:\/\/api.w.org\/{rel}","templated":true}]}}