{"id":92438,"date":"2015-09-28T15:45:17","date_gmt":"2015-09-28T14:45:17","guid":{"rendered":"http:\/\/www.visit-ulcinj.com\/blog\/?p=92438"},"modified":"2015-10-01T15:17:04","modified_gmt":"2015-10-01T14:17:04","slug":"rajmonda-cukaj-ne-miss-globe-voto","status":"publish","type":"post","link":"https:\/\/www.visit-ulcinj.com\/blog\/2015\/09\/28\/rajmonda-cukaj-ne-miss-globe-voto\/","title":{"rendered":"Rajmonda Cukaj n\u00eb \u201cMiss Globe\u201d &#8211; Voto"},"content":{"rendered":"<p><a class=\"http:\/\/www.missglobevoting.com\/index.php\" title=\"Miss Globe-Canada\" href=\"http:\/\/www.missglobevoting.com\/index.php\" target=\"_blank\" rel=\"http:\/\/www.missglobevoting.com\/index.php\"><img loading=\"lazy\" class=\"alignleft wp-image-92439\" src=\"http:\/\/www.visit-ulcinj.com\/blog\/wp-content\/uploads\/2015\/09\/Miss-Globe-Kanada-Rajmonda-Cukaj-Montenegro.jpg\" alt=\"Miss-Globe-Kanada-Rajmonda Cukaj-Montenegro\" width=\"508\" height=\"255\" \/><\/a><strong>KLIKO N\u00cb FOTO DHE VOTO<\/strong><\/p>\n<p>Edhe pse duhen edhe disa jav\u00eb deri n\u00eb finalen e madhe t\u00eb Miss Gobe 2015, producenti Petri Bozo prej dit\u00ebsh ndodhet n\u00eb Toronto, Kanada. Ky edicion do t\u00eb sh\u00ebnoj\u00eb nj\u00eb risi sa i takon spektakleve shqiptare: p\u00ebr her\u00eb t\u00eb par\u00eb nj\u00eb producent shqiptar organizon nj\u00eb gar\u00eb bukurie t\u00eb niveleve t\u00eb tilla, jasht\u00eb kufijve shqiptar\u00eb. M\u00eb sakt\u00eb, shum\u00eb larg tyre, n\u00eb Kanada. Nd\u00ebrkaq p\u00ebrgjat\u00eb k\u00ebtyre dit\u00ebve, Bozo po mbikqyr pun\u00ebn p\u00ebr organizimin e eventit t\u00eb k\u00ebtij viti. Jav\u00ebn e shkuar ai u zgjodh president i juris\u00eb n\u00eb \u201cMiss Canada\u201d, ku bashk\u00eb me an\u00ebtar\u00ebt e tjer\u00eb p\u00ebrzgjodh\u00ebn m\u00eb t\u00eb bukur\u00ebn kanadeze p\u00ebr vitin 2015.<\/p>\n<p><a href=\"http:\/\/www.visit-ulcinj.com\/blog\/wp-content\/uploads\/2015\/09\/Rajmonda-Cukaj-Montenegro-Ulcinj.jpg\"><img loading=\"lazy\" class=\"alignleft wp-image-92447\" src=\"http:\/\/www.visit-ulcinj.com\/blog\/wp-content\/uploads\/2015\/09\/Rajmonda-Cukaj-Montenegro-Ulcinj.jpg\" alt=\"Rajmonda Cukaj-Montenegro-Ulcinj\" width=\"508\" height=\"762\" \/><\/a><\/p>\n<p>Bozo, si president i \u201cDeliart Association\u201d dhe mbajt\u00ebs i patent\u00ebs s\u00eb \u201cMiss Globe\u201d, bashk\u00eb me partnerin e k\u00ebtij edicioni t\u00eb 42-t\u00eb, \u201cMiss Canada Globe Productions\u201d aktualisht kan\u00eb pritur konfirmimet e shteteve pjes\u00ebmarr\u00ebse n\u00eb gar\u00ebn e k\u00ebtij viti. Po diskutohen detajet e spektaklit, t\u00eb ftuarit e nderit, sfilatat e vajzave dhe gjith\u00e7ka tjet\u00ebr q\u00eb do t\u00eb shfaqet n\u00eb sken\u00ebn gjigante t\u00eb Bramton Rose Theatre, mbr\u00ebmjen e 8 tetorit, n\u00eb Toronto. Ajo \u00e7ka ia shton akoma m\u00eb shum\u00eb ve\u00e7antin\u00eb edicionit t\u00eb k\u00ebtij viti \u00ebsht\u00eb fakti se p\u00ebr her\u00eb t\u00eb par\u00eb n\u00eb nj\u00eb event bot\u00ebror bukurie marrin pjes\u00eb tre vajza me komb\u00ebsi shqiptare, ajo nga Shqip\u00ebria, Sara Karaj e shpallur Miss Shqip\u00ebria 2015 n\u00eb Voskopoj\u00eb, Miss Mali i Zi Rajmonda Cukaj dhe Miss Kosova Emnolina Begaj.<\/p>\n<p><a class=\"http:\/\/www.missglobevoting.com\/participants\/montenegro-rajmonda-cukaj\" title=\"Rajmonda Cukaj - Montenegro - Ulcinj\" href=\"http:\/\/www.missglobevoting.com\/participants\/montenegro-rajmonda-cukaj\" target=\"_blank\" rel=\"http:\/\/www.missglobevoting.com\/participants\/montenegro-rajmonda-cukaj\"><img loading=\"lazy\" class=\"alignleft wp-image-92440\" src=\"http:\/\/www.visit-ulcinj.com\/blog\/wp-content\/uploads\/2015\/09\/Rajmonda-Cukaj-Montenegro.jpg\" alt=\"Rajmonda Cukaj-Montenegro\" width=\"508\" height=\"739\" \/><\/a><\/p>\n<p><strong>KLIKO N\u00cb FOTO DHE VOTO<\/strong><\/p>\n<p>\u201cShqiptar\u00ebt q\u00eb jetojn\u00eb n\u00eb k\u00ebto treva n\u00eb Kanada jan\u00eb shum\u00eb t\u00eb emocionuar dhe t\u00eb lumtur q\u00eb do t\u00eb ken\u00eb mund\u00ebsin\u00eb t\u00eb presin dhe duartrokasin vajzat shqiptare\u201d, ka th\u00ebn\u00eb Bozo. \u201cJam n\u00eb kontakt t\u00eb vazhduesh\u00ebm me komunitetin shqiptar k\u00ebtu, jemi takuar dhe jam i k\u00ebnaqur nga mikpritja. Ata presin dit\u00ebn q\u00eb do t\u00eb mb\u00ebshtesin k\u00ebto vajza n\u00eb k\u00ebt\u00eb gar\u00eb t\u00eb madhe bukurie q\u00eb zhvillohet p\u00ebr her\u00eb t\u00eb par\u00eb n\u00eb Kanada\u201d.<\/p>\n<p>T\u00eb nj\u00ebjtin interes duket se kan\u00eb treguar edhe mediat vendase p\u00ebr eventin e madh q\u00eb do t\u00eb mbahet n\u00eb Toronto. Producenti shqiptar ka qen\u00eb n\u00eb qend\u00ebr t\u00eb v\u00ebmendjes, i ftuar n\u00eb studio dhe edicione informative, p\u00ebr t\u00eb dh\u00ebn\u00eb detaje rreth eventit. Nd\u00ebrkaq t\u00eb gjith\u00eb kan\u00eb mund\u00ebsin\u00eb t\u00eb votojn\u00eb t\u00eb preferuar\u00ebn e tyre n\u00eb: <strong><a href=\"http:\/\/www.missglobevoting.com\" target=\"_blank\">http:\/\/www.missglobevoting.com<\/a><\/strong><\/p>\n<p><strong>Burimi:<\/strong> <a href=\"http:\/\/www.newsbomb.al\/\" target=\"_blank\"><strong>http:\/\/www.newsbomb.al\/<\/strong><\/a><\/p>\n<p>&nbsp;<\/p>\n<p><a href=\"http:\/\/www.visit-ulcinj.com\/blog\/wp-content\/uploads\/2015\/09\/REJMONDA-CUKA-KANADA-MISS-GLOBE.jpg\"><img loading=\"lazy\" class=\"alignleft wp-image-92509\" src=\"http:\/\/www.visit-ulcinj.com\/blog\/wp-content\/uploads\/2015\/09\/REJMONDA-CUKA-KANADA-MISS-GLOBE.jpg\" alt=\"REJMONDA-CUKA-KANADA-MISS-GLOBE\" width=\"508\" height=\"333\" \/><\/a><\/p>\n","protected":false},"excerpt":{"rendered":"<p>KLIKO N\u00cb FOTO DHE VOTO Edhe pse duhen edhe disa jav\u00eb deri n\u00eb finalen e madhe t\u00eb Miss Gobe 2015, producenti Petri Bozo prej dit\u00ebsh ndodhet n\u00eb Toronto, Kanada. Ky edicion do t\u00eb sh\u00ebnoj\u00eb nj\u00eb risi sa i takon spektakleve shqiptare: p\u00ebr her\u00eb t\u00eb par\u00eb nj\u00eb producent shqiptar organizon nj\u00eb gar\u00eb bukurie t\u00eb niveleve t\u00eb [&hellip;]<\/p>\n","protected":false},"author":1,"featured_media":0,"comment_status":"closed","ping_status":"closed","sticky":false,"template":"","format":"standard","meta":{"spay_email":"","jetpack_publicize_message":"","jetpack_is_tweetstorm":false,"jetpack_publicize_feature_enabled":true},"categories":[1],"tags":[],"jetpack_publicize_connections":[],"yoast_head":"<!-- This site is optimized with the Yoast SEO plugin v19.1 - https:\/\/yoast.com\/wordpress\/plugins\/seo\/ -->\n<title>Rajmonda Cukaj n\u00eb \u201cMiss Globe\u201d - Voto - Lajme nga Ulqini<\/title>\n<meta name=\"description\" content=\"KLIKO N\u00cb FOTO DHE VOTO Edhe pse duhen edhe disa jav\u00eb deri n\u00eb finalen e madhe t\u00eb Miss Gobe 2015, producenti Petri Bozo prej dit\u00ebsh ndodhet n\u00eb Toronto,\" \/>\n<meta name=\"robots\" content=\"index, follow, max-snippet:-1, max-image-preview:large, max-video-preview:-1\" \/>\n<link rel=\"canonical\" href=\"https:\/\/www.visit-ulcinj.com\/blog\/2015\/09\/28\/rajmonda-cukaj-ne-miss-globe-voto\/\" \/>\n<meta property=\"og:locale\" content=\"en_US\" \/>\n<meta property=\"og:type\" content=\"article\" \/>\n<meta property=\"og:title\" content=\"Rajmonda Cukaj n\u00eb \u201cMiss Globe\u201d - Voto - Lajme nga Ulqini\" \/>\n<meta property=\"og:description\" content=\"KLIKO N\u00cb FOTO DHE VOTO Edhe pse duhen edhe disa jav\u00eb deri n\u00eb finalen e madhe t\u00eb Miss Gobe 2015, producenti Petri Bozo prej dit\u00ebsh ndodhet n\u00eb Toronto,\" \/>\n<meta property=\"og:url\" content=\"https:\/\/www.visit-ulcinj.com\/blog\/2015\/09\/28\/rajmonda-cukaj-ne-miss-globe-voto\/\" \/>\n<meta property=\"og:site_name\" content=\"Lajme nga Ulqini\" \/>\n<meta property=\"article:published_time\" content=\"2015-09-28T14:45:17+00:00\" \/>\n<meta property=\"article:modified_time\" content=\"2015-10-01T14:17:04+00:00\" \/>\n<meta property=\"og:image\" content=\"http:\/\/www.visit-ulcinj.com\/blog\/wp-content\/uploads\/2015\/09\/Miss-Globe-Kanada-Rajmonda-Cukaj-Montenegro.jpg\" \/>\n<meta name=\"twitter:label1\" content=\"Written by\" \/>\n\t<meta name=\"twitter:data1\" content=\"ulqini\" \/>\n\t<meta name=\"twitter:label2\" content=\"Est. reading time\" \/>\n\t<meta name=\"twitter:data2\" content=\"2 minutes\" \/>\n<script type=\"application\/ld+json\" class=\"yoast-schema-graph\">{\"@context\":\"https:\/\/schema.org\",\"@graph\":[{\"@type\":\"WebSite\",\"@id\":\"https:\/\/www.visit-ulcinj.com\/blog\/#website\",\"url\":\"https:\/\/www.visit-ulcinj.com\/blog\/\",\"name\":\"Lajme nga Ulqini\",\"description\":\"Lajme,Vijesti,Ulqini,Ulqin,Crna Gora,Mali i Zi\",\"potentialAction\":[{\"@type\":\"SearchAction\",\"target\":{\"@type\":\"EntryPoint\",\"urlTemplate\":\"https:\/\/www.visit-ulcinj.com\/blog\/?s={search_term_string}\"},\"query-input\":\"required name=search_term_string\"}],\"inLanguage\":\"en-US\"},{\"@type\":\"ImageObject\",\"inLanguage\":\"en-US\",\"@id\":\"https:\/\/www.visit-ulcinj.com\/blog\/2015\/09\/28\/rajmonda-cukaj-ne-miss-globe-voto\/#primaryimage\",\"url\":\"http:\/\/www.visit-ulcinj.com\/blog\/wp-content\/uploads\/2015\/09\/Miss-Globe-Kanada-Rajmonda-Cukaj-Montenegro.jpg\",\"contentUrl\":\"http:\/\/www.visit-ulcinj.com\/blog\/wp-content\/uploads\/2015\/09\/Miss-Globe-Kanada-Rajmonda-Cukaj-Montenegro.jpg\"},{\"@type\":\"WebPage\",\"@id\":\"https:\/\/www.visit-ulcinj.com\/blog\/2015\/09\/28\/rajmonda-cukaj-ne-miss-globe-voto\/#webpage\",\"url\":\"https:\/\/www.visit-ulcinj.com\/blog\/2015\/09\/28\/rajmonda-cukaj-ne-miss-globe-voto\/\",\"name\":\"Rajmonda Cukaj n\u00eb \u201cMiss Globe\u201d - Voto - Lajme nga Ulqini\",\"isPartOf\":{\"@id\":\"https:\/\/www.visit-ulcinj.com\/blog\/#website\"},\"primaryImageOfPage\":{\"@id\":\"https:\/\/www.visit-ulcinj.com\/blog\/2015\/09\/28\/rajmonda-cukaj-ne-miss-globe-voto\/#primaryimage\"},\"datePublished\":\"2015-09-28T14:45:17+00:00\",\"dateModified\":\"2015-10-01T14:17:04+00:00\",\"author\":{\"@id\":\"https:\/\/www.visit-ulcinj.com\/blog\/#\/schema\/person\/dcab619c614d3038751c63bc2aadc06d\"},\"description\":\"KLIKO N\u00cb FOTO DHE VOTO Edhe pse duhen edhe disa jav\u00eb deri n\u00eb finalen e madhe t\u00eb Miss Gobe 2015, producenti Petri Bozo prej dit\u00ebsh ndodhet n\u00eb Toronto,\",\"breadcrumb\":{\"@id\":\"https:\/\/www.visit-ulcinj.com\/blog\/2015\/09\/28\/rajmonda-cukaj-ne-miss-globe-voto\/#breadcrumb\"},\"inLanguage\":\"en-US\",\"potentialAction\":[{\"@type\":\"ReadAction\",\"target\":[\"https:\/\/www.visit-ulcinj.com\/blog\/2015\/09\/28\/rajmonda-cukaj-ne-miss-globe-voto\/\"]}]},{\"@type\":\"BreadcrumbList\",\"@id\":\"https:\/\/www.visit-ulcinj.com\/blog\/2015\/09\/28\/rajmonda-cukaj-ne-miss-globe-voto\/#breadcrumb\",\"itemListElement\":[{\"@type\":\"ListItem\",\"position\":1,\"name\":\"Rajmonda Cukaj n\u00eb \u201cMiss Globe\u201d &#8211; Voto\"}]},{\"@type\":\"Person\",\"@id\":\"https:\/\/www.visit-ulcinj.com\/blog\/#\/schema\/person\/dcab619c614d3038751c63bc2aadc06d\",\"name\":\"ulqini\",\"sameAs\":[\"http:\/\/www.visit-ulcinj.com\"],\"url\":\"https:\/\/www.visit-ulcinj.com\/blog\/author\/admin\/\"}]}<\/script>\n<!-- \/ Yoast SEO plugin. -->","yoast_head_json":{"title":"Rajmonda Cukaj n\u00eb \u201cMiss Globe\u201d - Voto - Lajme nga Ulqini","description":"KLIKO N\u00cb FOTO DHE VOTO Edhe pse duhen edhe disa jav\u00eb deri n\u00eb finalen e madhe t\u00eb Miss Gobe 2015, producenti Petri Bozo prej dit\u00ebsh ndodhet n\u00eb Toronto,","robots":{"index":"index","follow":"follow","max-snippet":"max-snippet:-1","max-image-preview":"max-image-preview:large","max-video-preview":"max-video-preview:-1"},"canonical":"https:\/\/www.visit-ulcinj.com\/blog\/2015\/09\/28\/rajmonda-cukaj-ne-miss-globe-voto\/","og_locale":"en_US","og_type":"article","og_title":"Rajmonda Cukaj n\u00eb \u201cMiss Globe\u201d - Voto - Lajme nga Ulqini","og_description":"KLIKO N\u00cb FOTO DHE VOTO Edhe pse duhen edhe disa jav\u00eb deri n\u00eb finalen e madhe t\u00eb Miss Gobe 2015, producenti Petri Bozo prej dit\u00ebsh ndodhet n\u00eb Toronto,","og_url":"https:\/\/www.visit-ulcinj.com\/blog\/2015\/09\/28\/rajmonda-cukaj-ne-miss-globe-voto\/","og_site_name":"Lajme nga Ulqini","article_published_time":"2015-09-28T14:45:17+00:00","article_modified_time":"2015-10-01T14:17:04+00:00","og_image":[{"url":"http:\/\/www.visit-ulcinj.com\/blog\/wp-content\/uploads\/2015\/09\/Miss-Globe-Kanada-Rajmonda-Cukaj-Montenegro.jpg"}],"twitter_misc":{"Written by":"ulqini","Est. reading time":"2 minutes"},"schema":{"@context":"https:\/\/schema.org","@graph":[{"@type":"WebSite","@id":"https:\/\/www.visit-ulcinj.com\/blog\/#website","url":"https:\/\/www.visit-ulcinj.com\/blog\/","name":"Lajme nga Ulqini","description":"Lajme,Vijesti,Ulqini,Ulqin,Crna Gora,Mali i Zi","potentialAction":[{"@type":"SearchAction","target":{"@type":"EntryPoint","urlTemplate":"https:\/\/www.visit-ulcinj.com\/blog\/?s={search_term_string}"},"query-input":"required name=search_term_string"}],"inLanguage":"en-US"},{"@type":"ImageObject","inLanguage":"en-US","@id":"https:\/\/www.visit-ulcinj.com\/blog\/2015\/09\/28\/rajmonda-cukaj-ne-miss-globe-voto\/#primaryimage","url":"http:\/\/www.visit-ulcinj.com\/blog\/wp-content\/uploads\/2015\/09\/Miss-Globe-Kanada-Rajmonda-Cukaj-Montenegro.jpg","contentUrl":"http:\/\/www.visit-ulcinj.com\/blog\/wp-content\/uploads\/2015\/09\/Miss-Globe-Kanada-Rajmonda-Cukaj-Montenegro.jpg"},{"@type":"WebPage","@id":"https:\/\/www.visit-ulcinj.com\/blog\/2015\/09\/28\/rajmonda-cukaj-ne-miss-globe-voto\/#webpage","url":"https:\/\/www.visit-ulcinj.com\/blog\/2015\/09\/28\/rajmonda-cukaj-ne-miss-globe-voto\/","name":"Rajmonda Cukaj n\u00eb \u201cMiss Globe\u201d - Voto - Lajme nga Ulqini","isPartOf":{"@id":"https:\/\/www.visit-ulcinj.com\/blog\/#website"},"primaryImageOfPage":{"@id":"https:\/\/www.visit-ulcinj.com\/blog\/2015\/09\/28\/rajmonda-cukaj-ne-miss-globe-voto\/#primaryimage"},"datePublished":"2015-09-28T14:45:17+00:00","dateModified":"2015-10-01T14:17:04+00:00","author":{"@id":"https:\/\/www.visit-ulcinj.com\/blog\/#\/schema\/person\/dcab619c614d3038751c63bc2aadc06d"},"description":"KLIKO N\u00cb FOTO DHE VOTO Edhe pse duhen edhe disa jav\u00eb deri n\u00eb finalen e madhe t\u00eb Miss Gobe 2015, producenti Petri Bozo prej dit\u00ebsh ndodhet n\u00eb Toronto,","breadcrumb":{"@id":"https:\/\/www.visit-ulcinj.com\/blog\/2015\/09\/28\/rajmonda-cukaj-ne-miss-globe-voto\/#breadcrumb"},"inLanguage":"en-US","potentialAction":[{"@type":"ReadAction","target":["https:\/\/www.visit-ulcinj.com\/blog\/2015\/09\/28\/rajmonda-cukaj-ne-miss-globe-voto\/"]}]},{"@type":"BreadcrumbList","@id":"https:\/\/www.visit-ulcinj.com\/blog\/2015\/09\/28\/rajmonda-cukaj-ne-miss-globe-voto\/#breadcrumb","itemListElement":[{"@type":"ListItem","position":1,"name":"Rajmonda Cukaj n\u00eb \u201cMiss Globe\u201d &#8211; Voto"}]},{"@type":"Person","@id":"https:\/\/www.visit-ulcinj.com\/blog\/#\/schema\/person\/dcab619c614d3038751c63bc2aadc06d","name":"ulqini","sameAs":["http:\/\/www.visit-ulcinj.com"],"url":"https:\/\/www.visit-ulcinj.com\/blog\/author\/admin\/"}]}},"jetpack_featured_media_url":"","jetpack_sharing_enabled":true,"jetpack_shortlink":"https:\/\/wp.me\/pe6lTn-o2W","_links":{"self":[{"href":"https:\/\/www.visit-ulcinj.com\/blog\/wp-json\/wp\/v2\/posts\/92438"}],"collection":[{"href":"https:\/\/www.visit-ulcinj.com\/blog\/wp-json\/wp\/v2\/posts"}],"about":[{"href":"https:\/\/www.visit-ulcinj.com\/blog\/wp-json\/wp\/v2\/types\/post"}],"author":[{"embeddable":true,"href":"https:\/\/www.visit-ulcinj.com\/blog\/wp-json\/wp\/v2\/users\/1"}],"replies":[{"embeddable":true,"href":"https:\/\/www.visit-ulcinj.com\/blog\/wp-json\/wp\/v2\/comments?post=92438"}],"version-history":[{"count":8,"href":"https:\/\/www.visit-ulcinj.com\/blog\/wp-json\/wp\/v2\/posts\/92438\/revisions"}],"predecessor-version":[{"id":92510,"href":"https:\/\/www.visit-ulcinj.com\/blog\/wp-json\/wp\/v2\/posts\/92438\/revisions\/92510"}],"wp:attachment":[{"href":"https:\/\/www.visit-ulcinj.com\/blog\/wp-json\/wp\/v2\/media?parent=92438"}],"wp:term":[{"taxonomy":"category","embeddable":true,"href":"https:\/\/www.visit-ulcinj.com\/blog\/wp-json\/wp\/v2\/categories?post=92438"},{"taxonomy":"post_tag","embeddable":true,"href":"https:\/\/www.visit-ulcinj.com\/blog\/wp-json\/wp\/v2\/tags?post=92438"}],"curies":[{"name":"wp","href":"https:\/\/api.w.org\/{rel}","templated":true}]}}