{"id":9248,"date":"2009-01-17T10:47:38","date_gmt":"2009-01-17T09:47:38","guid":{"rendered":"http:\/\/www.visit-ulcinj.com\/blog\/?p=9248"},"modified":"2009-01-17T10:47:42","modified_gmt":"2009-01-17T09:47:42","slug":"kkchampion-fitoi-39-medalje","status":"publish","type":"post","link":"https:\/\/www.visit-ulcinj.com\/blog\/2009\/01\/17\/kkchampion-fitoi-39-medalje\/","title":{"rendered":"KK&#8221;Champion&#8221; fitoi 39 medalje"},"content":{"rendered":"<p><a rel=\"attachment wp-att-9252\" href=\"http:\/\/www.visit-ulcinj.com\/blog\/2009\/01\/17\/kkchampion-fitoi-39-medalje\/kk_champion\/\"><img loading=\"lazy\" class=\"alignleft size-full wp-image-9252\" title=\"kk_champion\" src=\"http:\/\/www.visit-ulcinj.com\/blog\/wp-content\/uploads\/2009\/01\/kk_champion.jpg\" alt=\"kk_champion\" width=\"334\" height=\"250\" srcset=\"https:\/\/www.visit-ulcinj.com\/blog\/wp-content\/uploads\/2009\/01\/kk_champion.jpg 391w, https:\/\/www.visit-ulcinj.com\/blog\/wp-content\/uploads\/2009\/01\/kk_champion-300x224.jpg 300w\" sizes=\"(max-width: 334px) 100vw, 334px\" \/><\/a>Klubi i karates\u00eb &#8220;Champion&#8221; p\u00ebrfundoi sezonin e garave p\u00ebr vitin 2008<br \/>\nMe p\u00ebrfundimin e k\u00ebtyre garave, Klubi i Karates\u00eb &#8220;Champion&#8221; e p\u00ebrfundoi sezonin e garave p\u00ebr k\u00ebt\u00eb vit me mjaft sukses, si\u00e7 ishin ato n\u00eb Hungari, Kroaci, Serbi, Bosnje dhe Hercegovin\u00eb, Maqedoni, Kosov\u00eb, Shqip\u00ebri si dhe t\u00eb gjitha garat e tjera shtet\u00ebrore. &#8220;Champion&#8221; edhe si klub, por edhe si p\u00ebrfaq\u00ebsues i qytetit t\u00eb Ulqinit me dinjitet vazhdon ta mbajn\u00eb emrin e vet. Trajner\u00ebt e k\u00ebtij klubi, Lek\u00eb Markiqi, Nail Kurtoviqi dhe Gent Salaj jan\u00eb m\u00eb se t\u00eb k\u00ebnaqur me arritjet e treguara t\u00eb garuesve, duke marr\u00eb parasysh se klubi \u00ebsht\u00eb themeluar para nj\u00eb kohe t\u00eb shkurt\u00ebr.<br \/>\nMe rastin e \u00e7lirimit t\u00eb Kryeqytetit, n\u00eb organizimin e Klubit t\u00eb Karates\u00eb &#8220;Buduqnost&#8221;nga Podgorica n\u00eb Qendr\u00ebn Sportive &#8220;Mora\u00e7a&#8221; u organizuan garat e 29-ta tradicionale n\u00eb t\u00eb gjitha kategorit\u00eb, ku mor\u00ebn pjes\u00eb 28 klube me mbi 500 garues nga Mali i Zi. N\u00eb mesin e konkurrent\u00ebve ishte edhe Klubi i Karates\u00eb &#8220;Champion&#8221; nga Ulqini, i cili mori pjes\u00eb me 29 garues dhe fitoi gjithsejt 39 medalje. K\u00ebshtu ai mori 5 medalje t\u00eb arta, 14 t\u00eb argjendta dhe 20 t\u00eb bronzta, si dhe Kup\u00ebn p\u00ebr vendin e tret\u00eb. Ekipi &#8220;Champion&#8221; renditet nd\u00ebr klubet m\u00eb t\u00eb mira n\u00eb Mal t\u00eb Zi.<br \/>\nN\u00eb konkurrenc\u00ebn e katave individuale, me medalje t\u00eb arta u kuror\u00ebzuan Admir Sela, Eliza Markiqi dhe Nexhad \u00c7obiq, me ato t\u00eb argjendta Elvir Delanin, Elvir Lika,Genc Murati, Shaban Murati, Ena Kova\u00e7eviq dhe Milica Popoviq, kurse n\u00eb t\u00eb nj\u00ebjt\u00ebn konkurrenc\u00eb, medalje t\u00eb bronzta iu ndan\u00eb Ermir Kurtoviq, Nikolla Junkoviq, Vasilije Brajeviq, Goran Kilibarda, Elvis Delanin, Edina \u00c7aushi, Ardian Dasharami, Eldin Murati dhe Gent Jakupi. N\u00eb kata ekipore t\u00eb grupmosh\u00ebs `98\/97 me medalje t\u00eb bronzt\u00eb u kuror\u00ebzua ekipi i p\u00ebrb\u00ebr\u00eb nga: Genc Murati, Adonis Markashi dhe Ardian Dasharami.<br \/>\nN\u00eb kata ekipore t\u00eb grupmosh\u00ebs `98\/97 me medalje t\u00eb bronzt\u00eb u kuror\u00ebzua ekipi i p\u00ebrb\u00ebr\u00eb nga: Genc Murati, Adonis Markashi dhe Ardian Dasharami. N\u00eb kata ekipore t\u00eb grupmosh\u00ebs `94\/93 me medalje t\u00eb argjendt\u00eb u kuror\u00ebzua ekipi i p\u00ebrb\u00ebr\u00eb nga Sllobodan Batriqeviq, Denis Idrizoviq dhe Zemrudin Murati.Kurse n\u00eb kata ekipore t\u00eb grupmosh\u00ebs `92\/91\/90 gjithashtu me medalje t\u00eb argjendt\u00eb u kuror\u00ebzua ekipi i p\u00ebrb\u00ebr\u00eb nga: Gjovan Shkrela, Nexhad \u00c7obiq dhe Rizo Resyloviq.<br \/>\nN\u00eb luft\u00ebra individuale, medalje t\u00eb arta iu ndan\u00eb garuesve Adonis Markashi dhe Gjovan Shkreli, i cili n\u00eb konkurrenc\u00ebn e junior\u00ebve d\u00ebshmoi se zgjedhja e tij p\u00ebr p\u00ebrgatitjet n\u00eb p\u00ebrfaq\u00ebsuesen e Malit t\u00eb Zi nuk \u00ebsht\u00eb e kot\u00eb. Gjithashtu n\u00eb luftra individuale me medalje t\u00eb argjendta u kuror\u00ebzuan: Ivana Rangjelloviq, Sllobodan Batriqeviq dhe Nexhad \u00c7obiq. Nd\u00ebrsa me medalje t\u00eb bronzta po n\u00eb k\u00ebt\u00eb konkurrenc\u00eb u kuror\u00ebzuan: Genc Murati, Ardian Dasharami, Ermin \u00c7oroviq, Ena Kova\u00e7eviq, Gent Jakupi, Edin Vejsilloviq, Zemrudin Murati dhe Denis Idrizoviq.<br \/>\nMe k\u00ebt\u00eb turne, Klubi i Karates\u00eb &#8220;Champion&#8221; e p\u00ebrfundoi sezonin e garave p\u00ebr k\u00ebt\u00eb vit me mjaft sukses, si\u00e7 ishin ato n\u00eb Hungari, Kroaci, Serbi, Bosnje dhe Hercegovin\u00eb, Maqedoni, Kosov\u00eb, Shqip\u00ebri si dhe t\u00eb gjitha garat e tjera shtet\u00ebrore. &#8220;Champion&#8221; edhe si klub, por edhe si p\u00ebrfaq\u00ebsues i qytetit t\u00eb Ulqinit me dinjitet vazhdon ta mbajn\u00eb emrin e vet. Trajner\u00ebt e k\u00ebtij klubi, Lek\u00eb Markiqi, Nail Kurtoviqi dhe Gent Salaj jan\u00eb m\u00eb se t\u00eb k\u00ebnaqur me arritjet e treguara t\u00eb garuesve, duke marr\u00eb parasysh se klubi \u00ebsht\u00eb themeluar para nj\u00eb kohe t\u00eb shkurt\u00ebr. Merit\u00eb p\u00ebr k\u00ebt\u00eb \u00ebsht\u00eb jo vet\u00ebm puna e palodhshme e trajner\u00ebve, por edhe d\u00ebshira e f\u00ebmij\u00ebve p\u00ebr t`u renditur nd\u00ebr m\u00eb t\u00eb mir\u00ebt, por edhe p\u00ebrkrahja e prind\u00ebrve t\u00eb tyre na ka dh\u00ebn\u00eb vullnet q\u00eb t`i p\u00ebrvishemi edhe m\u00eb fort\u00eb k\u00ebsaj pune. Pjes\u00ebmarrja n\u00eb k\u00ebto gara do t\u00eb ishte e pamundur pa mb\u00ebshtetjen e sponzorit t\u00eb p\u00ebrgjithsh\u00ebm, &#8220;Prva Banka CG&#8221;, Komuna e Ulqinit si dhe t\u00eb gjith\u00eb sponzor\u00ebt e tjer\u00eb q\u00eb vazhdimisht na p\u00ebrkrah\u00ebn. Ky klub me afro 100 nx\u00ebn\u00ebs t\u00eb an\u00ebtar\u00ebsuar edhe p\u00ebr vitin e ardhsh\u00ebm premton rezultate t\u00eb mira.<br \/>\n<strong>Kohapress<\/strong><\/p>\n","protected":false},"excerpt":{"rendered":"<p>Klubi i karates\u00eb &#8220;Champion&#8221; p\u00ebrfundoi sezonin e garave p\u00ebr vitin 2008 Me p\u00ebrfundimin e k\u00ebtyre garave, Klubi i Karates\u00eb &#8220;Champion&#8221; e p\u00ebrfundoi sezonin e garave p\u00ebr k\u00ebt\u00eb vit me mjaft sukses, si\u00e7 ishin ato n\u00eb Hungari, Kroaci, Serbi, Bosnje dhe Hercegovin\u00eb, Maqedoni, Kosov\u00eb, Shqip\u00ebri si dhe t\u00eb gjitha garat e tjera shtet\u00ebrore. &#8220;Champion&#8221; edhe si [&hellip;]<\/p>\n","protected":false},"author":1,"featured_media":0,"comment_status":"open","ping_status":"closed","sticky":false,"template":"","format":"standard","meta":{"spay_email":"","jetpack_publicize_message":"","jetpack_is_tweetstorm":false,"jetpack_publicize_feature_enabled":true},"categories":[3],"tags":[5859,5872,5876,5871,5873,5860,5862,5870,5864,5866,779,5874,5878,5869,5858,5861,5865,5879,5867,5880,5863,5875,5868,5877],"jetpack_publicize_connections":[],"yoast_head":"<!-- This site is optimized with the Yoast SEO plugin v19.1 - https:\/\/yoast.com\/wordpress\/plugins\/seo\/ -->\n<title>KK&quot;Champion&quot; fitoi 39 medalje - Lajme nga Ulqini<\/title>\n<meta name=\"description\" content=\"Klubi i karates\u00eb &quot;Champion&quot; p\u00ebrfundoi sezonin e garave p\u00ebr vitin 2008 Me p\u00ebrfundimin e k\u00ebtyre garave, Klubi i Karates\u00eb &quot;Champion&quot; e p\u00ebrfundoi sezonin e\" \/>\n<meta name=\"robots\" content=\"index, follow, max-snippet:-1, max-image-preview:large, max-video-preview:-1\" \/>\n<link rel=\"canonical\" href=\"https:\/\/www.visit-ulcinj.com\/blog\/2009\/01\/17\/kkchampion-fitoi-39-medalje\/\" \/>\n<meta property=\"og:locale\" content=\"en_US\" \/>\n<meta property=\"og:type\" content=\"article\" \/>\n<meta property=\"og:title\" content=\"KK&quot;Champion&quot; fitoi 39 medalje - Lajme nga Ulqini\" \/>\n<meta property=\"og:description\" content=\"Klubi i karates\u00eb &quot;Champion&quot; p\u00ebrfundoi sezonin e garave p\u00ebr vitin 2008 Me p\u00ebrfundimin e k\u00ebtyre garave, Klubi i Karates\u00eb &quot;Champion&quot; e p\u00ebrfundoi sezonin e\" \/>\n<meta property=\"og:url\" content=\"https:\/\/www.visit-ulcinj.com\/blog\/2009\/01\/17\/kkchampion-fitoi-39-medalje\/\" \/>\n<meta property=\"og:site_name\" content=\"Lajme nga Ulqini\" \/>\n<meta property=\"article:published_time\" content=\"2009-01-17T09:47:38+00:00\" \/>\n<meta property=\"article:modified_time\" content=\"2009-01-17T09:47:42+00:00\" \/>\n<meta property=\"og:image\" content=\"http:\/\/www.visit-ulcinj.com\/blog\/wp-content\/uploads\/2009\/01\/kk_champion.jpg\" \/>\n<meta name=\"twitter:label1\" content=\"Written by\" \/>\n\t<meta name=\"twitter:data1\" content=\"ulqini\" \/>\n\t<meta name=\"twitter:label2\" content=\"Est. reading time\" \/>\n\t<meta name=\"twitter:data2\" content=\"4 minutes\" \/>\n<script type=\"application\/ld+json\" class=\"yoast-schema-graph\">{\"@context\":\"https:\/\/schema.org\",\"@graph\":[{\"@type\":\"WebSite\",\"@id\":\"https:\/\/www.visit-ulcinj.com\/blog\/#website\",\"url\":\"https:\/\/www.visit-ulcinj.com\/blog\/\",\"name\":\"Lajme nga Ulqini\",\"description\":\"Lajme,Vijesti,Ulqini,Ulqin,Crna Gora,Mali i Zi\",\"potentialAction\":[{\"@type\":\"SearchAction\",\"target\":{\"@type\":\"EntryPoint\",\"urlTemplate\":\"https:\/\/www.visit-ulcinj.com\/blog\/?s={search_term_string}\"},\"query-input\":\"required name=search_term_string\"}],\"inLanguage\":\"en-US\"},{\"@type\":\"ImageObject\",\"inLanguage\":\"en-US\",\"@id\":\"https:\/\/www.visit-ulcinj.com\/blog\/2009\/01\/17\/kkchampion-fitoi-39-medalje\/#primaryimage\",\"url\":\"https:\/\/www.visit-ulcinj.com\/blog\/wp-content\/uploads\/2009\/01\/kk_champion.jpg\",\"contentUrl\":\"https:\/\/www.visit-ulcinj.com\/blog\/wp-content\/uploads\/2009\/01\/kk_champion.jpg\",\"width\":\"391\",\"height\":\"293\"},{\"@type\":\"WebPage\",\"@id\":\"https:\/\/www.visit-ulcinj.com\/blog\/2009\/01\/17\/kkchampion-fitoi-39-medalje\/#webpage\",\"url\":\"https:\/\/www.visit-ulcinj.com\/blog\/2009\/01\/17\/kkchampion-fitoi-39-medalje\/\",\"name\":\"KK\\\"Champion\\\" fitoi 39 medalje - Lajme nga Ulqini\",\"isPartOf\":{\"@id\":\"https:\/\/www.visit-ulcinj.com\/blog\/#website\"},\"primaryImageOfPage\":{\"@id\":\"https:\/\/www.visit-ulcinj.com\/blog\/2009\/01\/17\/kkchampion-fitoi-39-medalje\/#primaryimage\"},\"datePublished\":\"2009-01-17T09:47:38+00:00\",\"dateModified\":\"2009-01-17T09:47:42+00:00\",\"author\":{\"@id\":\"https:\/\/www.visit-ulcinj.com\/blog\/#\/schema\/person\/dcab619c614d3038751c63bc2aadc06d\"},\"description\":\"Klubi i karates\u00eb \\\"Champion\\\" p\u00ebrfundoi sezonin e garave p\u00ebr vitin 2008 Me p\u00ebrfundimin e k\u00ebtyre garave, Klubi i Karates\u00eb \\\"Champion\\\" e p\u00ebrfundoi sezonin e\",\"breadcrumb\":{\"@id\":\"https:\/\/www.visit-ulcinj.com\/blog\/2009\/01\/17\/kkchampion-fitoi-39-medalje\/#breadcrumb\"},\"inLanguage\":\"en-US\",\"potentialAction\":[{\"@type\":\"ReadAction\",\"target\":[\"https:\/\/www.visit-ulcinj.com\/blog\/2009\/01\/17\/kkchampion-fitoi-39-medalje\/\"]}]},{\"@type\":\"BreadcrumbList\",\"@id\":\"https:\/\/www.visit-ulcinj.com\/blog\/2009\/01\/17\/kkchampion-fitoi-39-medalje\/#breadcrumb\",\"itemListElement\":[{\"@type\":\"ListItem\",\"position\":1,\"name\":\"KK&#8221;Champion&#8221; fitoi 39 medalje\"}]},{\"@type\":\"Person\",\"@id\":\"https:\/\/www.visit-ulcinj.com\/blog\/#\/schema\/person\/dcab619c614d3038751c63bc2aadc06d\",\"name\":\"ulqini\",\"sameAs\":[\"http:\/\/www.visit-ulcinj.com\"],\"url\":\"https:\/\/www.visit-ulcinj.com\/blog\/author\/admin\/\"}]}<\/script>\n<!-- \/ Yoast SEO plugin. -->","yoast_head_json":{"title":"KK\"Champion\" fitoi 39 medalje - Lajme nga Ulqini","description":"Klubi i karates\u00eb \"Champion\" p\u00ebrfundoi sezonin e garave p\u00ebr vitin 2008 Me p\u00ebrfundimin e k\u00ebtyre garave, Klubi i Karates\u00eb \"Champion\" e p\u00ebrfundoi sezonin e","robots":{"index":"index","follow":"follow","max-snippet":"max-snippet:-1","max-image-preview":"max-image-preview:large","max-video-preview":"max-video-preview:-1"},"canonical":"https:\/\/www.visit-ulcinj.com\/blog\/2009\/01\/17\/kkchampion-fitoi-39-medalje\/","og_locale":"en_US","og_type":"article","og_title":"KK\"Champion\" fitoi 39 medalje - Lajme nga Ulqini","og_description":"Klubi i karates\u00eb \"Champion\" p\u00ebrfundoi sezonin e garave p\u00ebr vitin 2008 Me p\u00ebrfundimin e k\u00ebtyre garave, Klubi i Karates\u00eb \"Champion\" e p\u00ebrfundoi sezonin e","og_url":"https:\/\/www.visit-ulcinj.com\/blog\/2009\/01\/17\/kkchampion-fitoi-39-medalje\/","og_site_name":"Lajme nga Ulqini","article_published_time":"2009-01-17T09:47:38+00:00","article_modified_time":"2009-01-17T09:47:42+00:00","og_image":[{"url":"http:\/\/www.visit-ulcinj.com\/blog\/wp-content\/uploads\/2009\/01\/kk_champion.jpg"}],"twitter_misc":{"Written by":"ulqini","Est. reading time":"4 minutes"},"schema":{"@context":"https:\/\/schema.org","@graph":[{"@type":"WebSite","@id":"https:\/\/www.visit-ulcinj.com\/blog\/#website","url":"https:\/\/www.visit-ulcinj.com\/blog\/","name":"Lajme nga Ulqini","description":"Lajme,Vijesti,Ulqini,Ulqin,Crna Gora,Mali i Zi","potentialAction":[{"@type":"SearchAction","target":{"@type":"EntryPoint","urlTemplate":"https:\/\/www.visit-ulcinj.com\/blog\/?s={search_term_string}"},"query-input":"required name=search_term_string"}],"inLanguage":"en-US"},{"@type":"ImageObject","inLanguage":"en-US","@id":"https:\/\/www.visit-ulcinj.com\/blog\/2009\/01\/17\/kkchampion-fitoi-39-medalje\/#primaryimage","url":"https:\/\/www.visit-ulcinj.com\/blog\/wp-content\/uploads\/2009\/01\/kk_champion.jpg","contentUrl":"https:\/\/www.visit-ulcinj.com\/blog\/wp-content\/uploads\/2009\/01\/kk_champion.jpg","width":"391","height":"293"},{"@type":"WebPage","@id":"https:\/\/www.visit-ulcinj.com\/blog\/2009\/01\/17\/kkchampion-fitoi-39-medalje\/#webpage","url":"https:\/\/www.visit-ulcinj.com\/blog\/2009\/01\/17\/kkchampion-fitoi-39-medalje\/","name":"KK\"Champion\" fitoi 39 medalje - Lajme nga Ulqini","isPartOf":{"@id":"https:\/\/www.visit-ulcinj.com\/blog\/#website"},"primaryImageOfPage":{"@id":"https:\/\/www.visit-ulcinj.com\/blog\/2009\/01\/17\/kkchampion-fitoi-39-medalje\/#primaryimage"},"datePublished":"2009-01-17T09:47:38+00:00","dateModified":"2009-01-17T09:47:42+00:00","author":{"@id":"https:\/\/www.visit-ulcinj.com\/blog\/#\/schema\/person\/dcab619c614d3038751c63bc2aadc06d"},"description":"Klubi i karates\u00eb \"Champion\" p\u00ebrfundoi sezonin e garave p\u00ebr vitin 2008 Me p\u00ebrfundimin e k\u00ebtyre garave, Klubi i Karates\u00eb \"Champion\" e p\u00ebrfundoi sezonin e","breadcrumb":{"@id":"https:\/\/www.visit-ulcinj.com\/blog\/2009\/01\/17\/kkchampion-fitoi-39-medalje\/#breadcrumb"},"inLanguage":"en-US","potentialAction":[{"@type":"ReadAction","target":["https:\/\/www.visit-ulcinj.com\/blog\/2009\/01\/17\/kkchampion-fitoi-39-medalje\/"]}]},{"@type":"BreadcrumbList","@id":"https:\/\/www.visit-ulcinj.com\/blog\/2009\/01\/17\/kkchampion-fitoi-39-medalje\/#breadcrumb","itemListElement":[{"@type":"ListItem","position":1,"name":"KK&#8221;Champion&#8221; fitoi 39 medalje"}]},{"@type":"Person","@id":"https:\/\/www.visit-ulcinj.com\/blog\/#\/schema\/person\/dcab619c614d3038751c63bc2aadc06d","name":"ulqini","sameAs":["http:\/\/www.visit-ulcinj.com"],"url":"https:\/\/www.visit-ulcinj.com\/blog\/author\/admin\/"}]}},"jetpack_featured_media_url":"","jetpack_sharing_enabled":true,"jetpack_shortlink":"https:\/\/wp.me\/pe6lTn-2pa","_links":{"self":[{"href":"https:\/\/www.visit-ulcinj.com\/blog\/wp-json\/wp\/v2\/posts\/9248"}],"collection":[{"href":"https:\/\/www.visit-ulcinj.com\/blog\/wp-json\/wp\/v2\/posts"}],"about":[{"href":"https:\/\/www.visit-ulcinj.com\/blog\/wp-json\/wp\/v2\/types\/post"}],"author":[{"embeddable":true,"href":"https:\/\/www.visit-ulcinj.com\/blog\/wp-json\/wp\/v2\/users\/1"}],"replies":[{"embeddable":true,"href":"https:\/\/www.visit-ulcinj.com\/blog\/wp-json\/wp\/v2\/comments?post=9248"}],"version-history":[{"count":0,"href":"https:\/\/www.visit-ulcinj.com\/blog\/wp-json\/wp\/v2\/posts\/9248\/revisions"}],"wp:attachment":[{"href":"https:\/\/www.visit-ulcinj.com\/blog\/wp-json\/wp\/v2\/media?parent=9248"}],"wp:term":[{"taxonomy":"category","embeddable":true,"href":"https:\/\/www.visit-ulcinj.com\/blog\/wp-json\/wp\/v2\/categories?post=9248"},{"taxonomy":"post_tag","embeddable":true,"href":"https:\/\/www.visit-ulcinj.com\/blog\/wp-json\/wp\/v2\/tags?post=9248"}],"curies":[{"name":"wp","href":"https:\/\/api.w.org\/{rel}","templated":true}]}}