{"id":92514,"date":"2015-10-02T12:46:21","date_gmt":"2015-10-02T11:46:21","guid":{"rendered":"http:\/\/www.visit-ulcinj.com\/blog\/?p=92514"},"modified":"2015-10-02T12:46:21","modified_gmt":"2015-10-02T11:46:21","slug":"tryeza-e-rrumbullaket-shqiptaret-dhe-pluralizmi-ne-mal-te-zi-1990-2015","status":"publish","type":"post","link":"https:\/\/www.visit-ulcinj.com\/blog\/2015\/10\/02\/tryeza-e-rrumbullaket-shqiptaret-dhe-pluralizmi-ne-mal-te-zi-1990-2015\/","title":{"rendered":"Tryeza e rrumbullak\u00ebt Shqiptar\u00ebt dhe pluralizmi n\u00eb Mal t\u00eb Zi 1990-2015"},"content":{"rendered":"<p style=\"text-align: center;\"><strong><a href=\"http:\/\/www.visit-ulcinj.com\/blog\/wp-content\/uploads\/2013\/06\/NAIL-DRAGA-ULQIN.jpg\"><img loading=\"lazy\" class=\"alignleft wp-image-72099\" src=\"http:\/\/www.visit-ulcinj.com\/blog\/wp-content\/uploads\/2013\/06\/NAIL-DRAGA-ULQIN.jpg\" alt=\"NAIL-DRAGA-ULQIN\" width=\"508\" height=\"373\" srcset=\"https:\/\/www.visit-ulcinj.com\/blog\/wp-content\/uploads\/2013\/06\/NAIL-DRAGA-ULQIN.jpg 540w, https:\/\/www.visit-ulcinj.com\/blog\/wp-content\/uploads\/2013\/06\/NAIL-DRAGA-ULQIN-300x220.jpg 300w\" sizes=\"(max-width: 508px) 100vw, 508px\" \/><\/a>NJOFTIM<\/strong><\/p>\n<p><strong>NP QENDRA KULTURORE <\/strong><\/p>\n<p><strong>Ulqin\u00a0\u00a0\u00a0\u00a0\u00a0\u00a0\u00a0\u00a0\u00a0\u00a0\u00a0\u00a0\u00a0\u00a0\u00a0\u00a0\u00a0\u00a0\u00a0\u00a0\u00a0\u00a0\u00a0\u00a0 <\/strong><\/p>\n<p>N\u00eb bashk\u00ebpunim me <strong>OJQ\u201dART CLUB\u201d Ulqin<\/strong><\/p>\n<p style=\"text-align: center;\"><strong><em>M\u00eb rastin e 25 vjetorit t\u00eb zgjedhjeve t\u00eb para pluraliste n\u00eb Mal t\u00eb Zi<\/em><\/strong><\/p>\n<p><strong>organizojn\u00eb<\/strong><\/p>\n<p><strong>Tryez\u00ebn e rrumbullak\u00ebt <\/strong><\/p>\n<p><em>me tem\u00eb<\/em><\/p>\n<p><strong>\u201cShqiptar\u00ebt dhe pluralizmi n\u00eb Mal t\u00eb Zi 1990-2015\u201d<\/strong><\/p>\n<p>Ulqin, hoteli \u201cMediteran\u201d, 09.12.2015, ora 11:00-14:00<\/p>\n<p>(Do t\u00eb marrin pjes\u00eb p\u00ebrfaq\u00ebsues t\u00eb subjekteve politike t\u00eb shqiptar\u00ebve n\u00eb Mal t\u00eb Zi,, KKSH, intelektual, analist\u00eb, mediat, shoq\u00ebria civile dhe nga diaspora)<\/p>\n<p><strong>\u00a0<\/strong><\/p>\n<p><strong>\u00a0<\/strong><\/p>\n<p><strong>K\u00ebshilli organizativ<\/strong><\/p>\n<p><strong>Kryetari<\/strong><\/p>\n<p><strong>Dr.Nail Draga<\/strong><\/p>\n","protected":false},"excerpt":{"rendered":"<p>NJOFTIM NP QENDRA KULTURORE Ulqin\u00a0\u00a0\u00a0\u00a0\u00a0\u00a0\u00a0\u00a0\u00a0\u00a0\u00a0\u00a0\u00a0\u00a0\u00a0\u00a0\u00a0\u00a0\u00a0\u00a0\u00a0\u00a0\u00a0\u00a0 N\u00eb bashk\u00ebpunim me OJQ\u201dART CLUB\u201d Ulqin M\u00eb rastin e 25 vjetorit t\u00eb zgjedhjeve t\u00eb para pluraliste n\u00eb Mal t\u00eb Zi organizojn\u00eb Tryez\u00ebn e rrumbullak\u00ebt me tem\u00eb \u201cShqiptar\u00ebt dhe pluralizmi n\u00eb Mal t\u00eb Zi 1990-2015\u201d Ulqin, hoteli \u201cMediteran\u201d, 09.12.2015, ora 11:00-14:00 (Do t\u00eb marrin pjes\u00eb p\u00ebrfaq\u00ebsues t\u00eb subjekteve politike t\u00eb shqiptar\u00ebve [&hellip;]<\/p>\n","protected":false},"author":1,"featured_media":0,"comment_status":"closed","ping_status":"closed","sticky":false,"template":"","format":"standard","meta":{"spay_email":"","jetpack_publicize_message":"","jetpack_is_tweetstorm":false,"jetpack_publicize_feature_enabled":true},"categories":[6950],"tags":[],"jetpack_publicize_connections":[],"yoast_head":"<!-- This site is optimized with the Yoast SEO plugin v19.1 - https:\/\/yoast.com\/wordpress\/plugins\/seo\/ -->\n<title>Tryeza e rrumbullak\u00ebt Shqiptar\u00ebt dhe pluralizmi n\u00eb Mal t\u00eb Zi 1990-2015 - Lajme nga Ulqini<\/title>\n<meta name=\"description\" content=\"NJOFTIM NP QENDRA KULTURORE Ulqin\u00a0\u00a0\u00a0\u00a0\u00a0\u00a0\u00a0\u00a0\u00a0\u00a0\u00a0\u00a0\u00a0\u00a0\u00a0\u00a0\u00a0\u00a0\u00a0\u00a0\u00a0\u00a0\u00a0\u00a0 N\u00eb bashk\u00ebpunim me OJQ\u201dART CLUB\u201d Ulqin M\u00eb rastin e 25 vjetorit t\u00eb zgjedhjeve t\u00eb para pluraliste\" \/>\n<meta name=\"robots\" content=\"index, follow, max-snippet:-1, max-image-preview:large, max-video-preview:-1\" \/>\n<link rel=\"canonical\" href=\"https:\/\/www.visit-ulcinj.com\/blog\/2015\/10\/02\/tryeza-e-rrumbullaket-shqiptaret-dhe-pluralizmi-ne-mal-te-zi-1990-2015\/\" \/>\n<meta property=\"og:locale\" content=\"en_US\" \/>\n<meta property=\"og:type\" content=\"article\" \/>\n<meta property=\"og:title\" content=\"Tryeza e rrumbullak\u00ebt Shqiptar\u00ebt dhe pluralizmi n\u00eb Mal t\u00eb Zi 1990-2015 - Lajme nga Ulqini\" \/>\n<meta property=\"og:description\" content=\"NJOFTIM NP QENDRA KULTURORE Ulqin\u00a0\u00a0\u00a0\u00a0\u00a0\u00a0\u00a0\u00a0\u00a0\u00a0\u00a0\u00a0\u00a0\u00a0\u00a0\u00a0\u00a0\u00a0\u00a0\u00a0\u00a0\u00a0\u00a0\u00a0 N\u00eb bashk\u00ebpunim me OJQ\u201dART CLUB\u201d Ulqin M\u00eb rastin e 25 vjetorit t\u00eb zgjedhjeve t\u00eb para pluraliste\" \/>\n<meta property=\"og:url\" content=\"https:\/\/www.visit-ulcinj.com\/blog\/2015\/10\/02\/tryeza-e-rrumbullaket-shqiptaret-dhe-pluralizmi-ne-mal-te-zi-1990-2015\/\" \/>\n<meta property=\"og:site_name\" content=\"Lajme nga Ulqini\" \/>\n<meta property=\"article:published_time\" content=\"2015-10-02T11:46:21+00:00\" \/>\n<meta property=\"og:image\" content=\"http:\/\/www.visit-ulcinj.com\/blog\/wp-content\/uploads\/2013\/06\/NAIL-DRAGA-ULQIN.jpg\" \/>\n<meta name=\"twitter:label1\" content=\"Written by\" \/>\n\t<meta name=\"twitter:data1\" content=\"ulqini\" \/>\n<script type=\"application\/ld+json\" class=\"yoast-schema-graph\">{\"@context\":\"https:\/\/schema.org\",\"@graph\":[{\"@type\":\"WebSite\",\"@id\":\"https:\/\/www.visit-ulcinj.com\/blog\/#website\",\"url\":\"https:\/\/www.visit-ulcinj.com\/blog\/\",\"name\":\"Lajme nga Ulqini\",\"description\":\"Lajme,Vijesti,Ulqini,Ulqin,Crna Gora,Mali i Zi\",\"potentialAction\":[{\"@type\":\"SearchAction\",\"target\":{\"@type\":\"EntryPoint\",\"urlTemplate\":\"https:\/\/www.visit-ulcinj.com\/blog\/?s={search_term_string}\"},\"query-input\":\"required name=search_term_string\"}],\"inLanguage\":\"en-US\"},{\"@type\":\"ImageObject\",\"inLanguage\":\"en-US\",\"@id\":\"https:\/\/www.visit-ulcinj.com\/blog\/2015\/10\/02\/tryeza-e-rrumbullaket-shqiptaret-dhe-pluralizmi-ne-mal-te-zi-1990-2015\/#primaryimage\",\"url\":\"https:\/\/www.visit-ulcinj.com\/blog\/wp-content\/uploads\/2013\/06\/NAIL-DRAGA-ULQIN.jpg\",\"contentUrl\":\"https:\/\/www.visit-ulcinj.com\/blog\/wp-content\/uploads\/2013\/06\/NAIL-DRAGA-ULQIN.jpg\",\"width\":540,\"height\":396},{\"@type\":\"WebPage\",\"@id\":\"https:\/\/www.visit-ulcinj.com\/blog\/2015\/10\/02\/tryeza-e-rrumbullaket-shqiptaret-dhe-pluralizmi-ne-mal-te-zi-1990-2015\/#webpage\",\"url\":\"https:\/\/www.visit-ulcinj.com\/blog\/2015\/10\/02\/tryeza-e-rrumbullaket-shqiptaret-dhe-pluralizmi-ne-mal-te-zi-1990-2015\/\",\"name\":\"Tryeza e rrumbullak\u00ebt Shqiptar\u00ebt dhe pluralizmi n\u00eb Mal t\u00eb Zi 1990-2015 - Lajme nga Ulqini\",\"isPartOf\":{\"@id\":\"https:\/\/www.visit-ulcinj.com\/blog\/#website\"},\"primaryImageOfPage\":{\"@id\":\"https:\/\/www.visit-ulcinj.com\/blog\/2015\/10\/02\/tryeza-e-rrumbullaket-shqiptaret-dhe-pluralizmi-ne-mal-te-zi-1990-2015\/#primaryimage\"},\"datePublished\":\"2015-10-02T11:46:21+00:00\",\"dateModified\":\"2015-10-02T11:46:21+00:00\",\"author\":{\"@id\":\"https:\/\/www.visit-ulcinj.com\/blog\/#\/schema\/person\/dcab619c614d3038751c63bc2aadc06d\"},\"description\":\"NJOFTIM NP QENDRA KULTURORE Ulqin\u00a0\u00a0\u00a0\u00a0\u00a0\u00a0\u00a0\u00a0\u00a0\u00a0\u00a0\u00a0\u00a0\u00a0\u00a0\u00a0\u00a0\u00a0\u00a0\u00a0\u00a0\u00a0\u00a0\u00a0 N\u00eb bashk\u00ebpunim me OJQ\u201dART CLUB\u201d Ulqin M\u00eb rastin e 25 vjetorit t\u00eb zgjedhjeve t\u00eb para pluraliste\",\"breadcrumb\":{\"@id\":\"https:\/\/www.visit-ulcinj.com\/blog\/2015\/10\/02\/tryeza-e-rrumbullaket-shqiptaret-dhe-pluralizmi-ne-mal-te-zi-1990-2015\/#breadcrumb\"},\"inLanguage\":\"en-US\",\"potentialAction\":[{\"@type\":\"ReadAction\",\"target\":[\"https:\/\/www.visit-ulcinj.com\/blog\/2015\/10\/02\/tryeza-e-rrumbullaket-shqiptaret-dhe-pluralizmi-ne-mal-te-zi-1990-2015\/\"]}]},{\"@type\":\"BreadcrumbList\",\"@id\":\"https:\/\/www.visit-ulcinj.com\/blog\/2015\/10\/02\/tryeza-e-rrumbullaket-shqiptaret-dhe-pluralizmi-ne-mal-te-zi-1990-2015\/#breadcrumb\",\"itemListElement\":[{\"@type\":\"ListItem\",\"position\":1,\"name\":\"Tryeza e rrumbullak\u00ebt Shqiptar\u00ebt dhe pluralizmi n\u00eb Mal t\u00eb Zi 1990-2015\"}]},{\"@type\":\"Person\",\"@id\":\"https:\/\/www.visit-ulcinj.com\/blog\/#\/schema\/person\/dcab619c614d3038751c63bc2aadc06d\",\"name\":\"ulqini\",\"sameAs\":[\"http:\/\/www.visit-ulcinj.com\"],\"url\":\"https:\/\/www.visit-ulcinj.com\/blog\/author\/admin\/\"}]}<\/script>\n<!-- \/ Yoast SEO plugin. -->","yoast_head_json":{"title":"Tryeza e rrumbullak\u00ebt Shqiptar\u00ebt dhe pluralizmi n\u00eb Mal t\u00eb Zi 1990-2015 - Lajme nga Ulqini","description":"NJOFTIM NP QENDRA KULTURORE Ulqin\u00a0\u00a0\u00a0\u00a0\u00a0\u00a0\u00a0\u00a0\u00a0\u00a0\u00a0\u00a0\u00a0\u00a0\u00a0\u00a0\u00a0\u00a0\u00a0\u00a0\u00a0\u00a0\u00a0\u00a0 N\u00eb bashk\u00ebpunim me OJQ\u201dART CLUB\u201d Ulqin M\u00eb rastin e 25 vjetorit t\u00eb zgjedhjeve t\u00eb para pluraliste","robots":{"index":"index","follow":"follow","max-snippet":"max-snippet:-1","max-image-preview":"max-image-preview:large","max-video-preview":"max-video-preview:-1"},"canonical":"https:\/\/www.visit-ulcinj.com\/blog\/2015\/10\/02\/tryeza-e-rrumbullaket-shqiptaret-dhe-pluralizmi-ne-mal-te-zi-1990-2015\/","og_locale":"en_US","og_type":"article","og_title":"Tryeza e rrumbullak\u00ebt Shqiptar\u00ebt dhe pluralizmi n\u00eb Mal t\u00eb Zi 1990-2015 - Lajme nga Ulqini","og_description":"NJOFTIM NP QENDRA KULTURORE Ulqin\u00a0\u00a0\u00a0\u00a0\u00a0\u00a0\u00a0\u00a0\u00a0\u00a0\u00a0\u00a0\u00a0\u00a0\u00a0\u00a0\u00a0\u00a0\u00a0\u00a0\u00a0\u00a0\u00a0\u00a0 N\u00eb bashk\u00ebpunim me OJQ\u201dART CLUB\u201d Ulqin M\u00eb rastin e 25 vjetorit t\u00eb zgjedhjeve t\u00eb para pluraliste","og_url":"https:\/\/www.visit-ulcinj.com\/blog\/2015\/10\/02\/tryeza-e-rrumbullaket-shqiptaret-dhe-pluralizmi-ne-mal-te-zi-1990-2015\/","og_site_name":"Lajme nga Ulqini","article_published_time":"2015-10-02T11:46:21+00:00","og_image":[{"url":"http:\/\/www.visit-ulcinj.com\/blog\/wp-content\/uploads\/2013\/06\/NAIL-DRAGA-ULQIN.jpg"}],"twitter_misc":{"Written by":"ulqini"},"schema":{"@context":"https:\/\/schema.org","@graph":[{"@type":"WebSite","@id":"https:\/\/www.visit-ulcinj.com\/blog\/#website","url":"https:\/\/www.visit-ulcinj.com\/blog\/","name":"Lajme nga Ulqini","description":"Lajme,Vijesti,Ulqini,Ulqin,Crna Gora,Mali i Zi","potentialAction":[{"@type":"SearchAction","target":{"@type":"EntryPoint","urlTemplate":"https:\/\/www.visit-ulcinj.com\/blog\/?s={search_term_string}"},"query-input":"required name=search_term_string"}],"inLanguage":"en-US"},{"@type":"ImageObject","inLanguage":"en-US","@id":"https:\/\/www.visit-ulcinj.com\/blog\/2015\/10\/02\/tryeza-e-rrumbullaket-shqiptaret-dhe-pluralizmi-ne-mal-te-zi-1990-2015\/#primaryimage","url":"https:\/\/www.visit-ulcinj.com\/blog\/wp-content\/uploads\/2013\/06\/NAIL-DRAGA-ULQIN.jpg","contentUrl":"https:\/\/www.visit-ulcinj.com\/blog\/wp-content\/uploads\/2013\/06\/NAIL-DRAGA-ULQIN.jpg","width":540,"height":396},{"@type":"WebPage","@id":"https:\/\/www.visit-ulcinj.com\/blog\/2015\/10\/02\/tryeza-e-rrumbullaket-shqiptaret-dhe-pluralizmi-ne-mal-te-zi-1990-2015\/#webpage","url":"https:\/\/www.visit-ulcinj.com\/blog\/2015\/10\/02\/tryeza-e-rrumbullaket-shqiptaret-dhe-pluralizmi-ne-mal-te-zi-1990-2015\/","name":"Tryeza e rrumbullak\u00ebt Shqiptar\u00ebt dhe pluralizmi n\u00eb Mal t\u00eb Zi 1990-2015 - Lajme nga Ulqini","isPartOf":{"@id":"https:\/\/www.visit-ulcinj.com\/blog\/#website"},"primaryImageOfPage":{"@id":"https:\/\/www.visit-ulcinj.com\/blog\/2015\/10\/02\/tryeza-e-rrumbullaket-shqiptaret-dhe-pluralizmi-ne-mal-te-zi-1990-2015\/#primaryimage"},"datePublished":"2015-10-02T11:46:21+00:00","dateModified":"2015-10-02T11:46:21+00:00","author":{"@id":"https:\/\/www.visit-ulcinj.com\/blog\/#\/schema\/person\/dcab619c614d3038751c63bc2aadc06d"},"description":"NJOFTIM NP QENDRA KULTURORE Ulqin\u00a0\u00a0\u00a0\u00a0\u00a0\u00a0\u00a0\u00a0\u00a0\u00a0\u00a0\u00a0\u00a0\u00a0\u00a0\u00a0\u00a0\u00a0\u00a0\u00a0\u00a0\u00a0\u00a0\u00a0 N\u00eb bashk\u00ebpunim me OJQ\u201dART CLUB\u201d Ulqin M\u00eb rastin e 25 vjetorit t\u00eb zgjedhjeve t\u00eb para pluraliste","breadcrumb":{"@id":"https:\/\/www.visit-ulcinj.com\/blog\/2015\/10\/02\/tryeza-e-rrumbullaket-shqiptaret-dhe-pluralizmi-ne-mal-te-zi-1990-2015\/#breadcrumb"},"inLanguage":"en-US","potentialAction":[{"@type":"ReadAction","target":["https:\/\/www.visit-ulcinj.com\/blog\/2015\/10\/02\/tryeza-e-rrumbullaket-shqiptaret-dhe-pluralizmi-ne-mal-te-zi-1990-2015\/"]}]},{"@type":"BreadcrumbList","@id":"https:\/\/www.visit-ulcinj.com\/blog\/2015\/10\/02\/tryeza-e-rrumbullaket-shqiptaret-dhe-pluralizmi-ne-mal-te-zi-1990-2015\/#breadcrumb","itemListElement":[{"@type":"ListItem","position":1,"name":"Tryeza e rrumbullak\u00ebt Shqiptar\u00ebt dhe pluralizmi n\u00eb Mal t\u00eb Zi 1990-2015"}]},{"@type":"Person","@id":"https:\/\/www.visit-ulcinj.com\/blog\/#\/schema\/person\/dcab619c614d3038751c63bc2aadc06d","name":"ulqini","sameAs":["http:\/\/www.visit-ulcinj.com"],"url":"https:\/\/www.visit-ulcinj.com\/blog\/author\/admin\/"}]}},"jetpack_featured_media_url":"","jetpack_sharing_enabled":true,"jetpack_shortlink":"https:\/\/wp.me\/pe6lTn-o4a","_links":{"self":[{"href":"https:\/\/www.visit-ulcinj.com\/blog\/wp-json\/wp\/v2\/posts\/92514"}],"collection":[{"href":"https:\/\/www.visit-ulcinj.com\/blog\/wp-json\/wp\/v2\/posts"}],"about":[{"href":"https:\/\/www.visit-ulcinj.com\/blog\/wp-json\/wp\/v2\/types\/post"}],"author":[{"embeddable":true,"href":"https:\/\/www.visit-ulcinj.com\/blog\/wp-json\/wp\/v2\/users\/1"}],"replies":[{"embeddable":true,"href":"https:\/\/www.visit-ulcinj.com\/blog\/wp-json\/wp\/v2\/comments?post=92514"}],"version-history":[{"count":1,"href":"https:\/\/www.visit-ulcinj.com\/blog\/wp-json\/wp\/v2\/posts\/92514\/revisions"}],"predecessor-version":[{"id":92515,"href":"https:\/\/www.visit-ulcinj.com\/blog\/wp-json\/wp\/v2\/posts\/92514\/revisions\/92515"}],"wp:attachment":[{"href":"https:\/\/www.visit-ulcinj.com\/blog\/wp-json\/wp\/v2\/media?parent=92514"}],"wp:term":[{"taxonomy":"category","embeddable":true,"href":"https:\/\/www.visit-ulcinj.com\/blog\/wp-json\/wp\/v2\/categories?post=92514"},{"taxonomy":"post_tag","embeddable":true,"href":"https:\/\/www.visit-ulcinj.com\/blog\/wp-json\/wp\/v2\/tags?post=92514"}],"curies":[{"name":"wp","href":"https:\/\/api.w.org\/{rel}","templated":true}]}}