{"id":92538,"date":"2015-10-03T10:30:14","date_gmt":"2015-10-03T09:30:14","guid":{"rendered":"http:\/\/www.visit-ulcinj.com\/blog\/?p=92538"},"modified":"2015-10-05T17:45:03","modified_gmt":"2015-10-05T16:45:03","slug":"promovohet-romani-edita-nimanbegut-shtigjet-e-fatit","status":"publish","type":"post","link":"https:\/\/www.visit-ulcinj.com\/blog\/2015\/10\/03\/promovohet-romani-edita-nimanbegut-shtigjet-e-fatit\/","title":{"rendered":"Promovohet romani i Edita Nimanbegut \u201c Shtigjet e fatit\u201d &#8211; Video"},"content":{"rendered":"<p><a href=\"http:\/\/www.visit-ulcinj.com\/blog\/wp-content\/uploads\/2015\/10\/Edita-Nimanbegu.Shtigjet-e-Fatit.jpg\"><img loading=\"lazy\" class=\"alignleft wp-image-92539\" src=\"http:\/\/www.visit-ulcinj.com\/blog\/wp-content\/uploads\/2015\/10\/Edita-Nimanbegu.Shtigjet-e-Fatit.jpg\" alt=\"Edita Nimanbegu.Shtigjet-e-Fatit\" width=\"508\" height=\"243\" srcset=\"https:\/\/www.visit-ulcinj.com\/blog\/wp-content\/uploads\/2015\/10\/Edita-Nimanbegu.Shtigjet-e-Fatit.jpg 702w, https:\/\/www.visit-ulcinj.com\/blog\/wp-content\/uploads\/2015\/10\/Edita-Nimanbegu.Shtigjet-e-Fatit-300x144.jpg 300w\" sizes=\"(max-width: 508px) 100vw, 508px\" \/><\/a>\u00cbsht\u00eb promovuar t\u00eb shtun\u00ebn n\u00eb mbr\u00ebmje n\u00eb Galerin\u00eb e Arteve n\u00eb Sht\u00ebpin\u00eb e Kultur\u00ebs n\u00eb Ulqin romani \u201cShtigjet e fatit\u201d t\u00eb autores ulqinake Edita Nimanbegu. \u00cbsht\u00eb ky romani i par\u00eb i zonj\u00ebs Nimanbegu por edhe romani i par\u00eb i botuar nga femra shqiptare n\u00eb Mal te Zi, raporton portali TV Teuta.<\/p>\n<p><a href=\"http:\/\/www.visit-ulcinj.com\/blog\/wp-content\/uploads\/2015\/10\/Edita-Nimanbegut-Shtigjet-e-fatit.jpg\"><img loading=\"lazy\" class=\"alignleft wp-image-92540\" src=\"http:\/\/www.visit-ulcinj.com\/blog\/wp-content\/uploads\/2015\/10\/Edita-Nimanbegut-Shtigjet-e-fatit.jpg\" alt=\"Edita Nimanbegut -Shtigjet e fatit\" width=\"508\" height=\"745\" srcset=\"https:\/\/www.visit-ulcinj.com\/blog\/wp-content\/uploads\/2015\/10\/Edita-Nimanbegut-Shtigjet-e-fatit.jpg 425w, https:\/\/www.visit-ulcinj.com\/blog\/wp-content\/uploads\/2015\/10\/Edita-Nimanbegut-Shtigjet-e-fatit-205x300.jpg 205w\" sizes=\"(max-width: 508px) 100vw, 508px\" \/><\/a><\/p>\n<p>P\u00ebr vlerat e romanit dhe biografin e autor\u00ebs fol\u00ebn Gazmend \u00c7itaku,Valbona Hoxha dhe Liridona Sinishtaj .<br \/>\nT\u00eb nj\u00ebjt\u00ebn koh\u00eb, n\u00eb t\u00eb nj\u00ebjtin ambient \u00ebsht\u00eb hapur edhe ekspozita personale e fotografive t\u00eb zonj\u00ebs n\u00eb fjal\u00eb.<br \/>\n\u201cJam e lumtur q\u00eb m\u00eb \u00ebsht\u00eb realizuar nj\u00eb \u00ebnd\u00ebrr e imja e kahmotshme,shpresoj q\u00eb nuk do t\u00eb jet\u00eb romani im i vetem,do t\u00eb p\u00ebrpiqem q\u00eb t\u00eb vazhdoj me botime t\u00eb romaneve tjer\u00eb\u201du shpreh autorja e romanit ,Edita Nimanbegu.<br \/>\nBotimi i librit u mund\u00ebsua nga Fondi p\u00ebr Mbrojtjen dhe realizimin e t\u00eb Drejtave t\u00eb Pakicave n\u00eb Mal t\u00eb Zi, t\u00eb cil\u00ebt edhe ishin prezent n\u00eb k\u00ebt\u00eb eveniment ,nd\u00ebrkaq u realizua nga Qendra p\u00ebr Kultur\u00eb dhe libraria \u201cArti\u201d. Romani ka fituar nje jehone pozitive, dhe kete e deshmon prezenca e shumte e njerezve te cilet e mbushen Galerine e arteve. Por Edita fitoi edhe nje video urim interesant nga Ambasadorja Margaret Ann Uyehara dhe zavendes ambasadori amerikan ne Mal te Zi B.Bix Aliu, te cilet e pergezuan per botimin e librit.<\/p>\n<!--YouTube Error: bad URL entered-->\n","protected":false},"excerpt":{"rendered":"<p>\u00cbsht\u00eb promovuar t\u00eb shtun\u00ebn n\u00eb mbr\u00ebmje n\u00eb Galerin\u00eb e Arteve n\u00eb Sht\u00ebpin\u00eb e Kultur\u00ebs n\u00eb Ulqin romani \u201cShtigjet e fatit\u201d t\u00eb autores ulqinake Edita Nimanbegu. \u00cbsht\u00eb ky romani i par\u00eb i zonj\u00ebs Nimanbegu por edhe romani i par\u00eb i botuar nga femra shqiptare n\u00eb Mal te Zi, raporton portali TV Teuta. P\u00ebr vlerat e romanit [&hellip;]<\/p>\n","protected":false},"author":1,"featured_media":0,"comment_status":"closed","ping_status":"closed","sticky":false,"template":"","format":"standard","meta":{"spay_email":"","jetpack_publicize_message":"","jetpack_is_tweetstorm":false,"jetpack_publicize_feature_enabled":true},"categories":[4],"tags":[],"jetpack_publicize_connections":[],"yoast_head":"<!-- This site is optimized with the Yoast SEO plugin v19.1 - https:\/\/yoast.com\/wordpress\/plugins\/seo\/ -->\n<title>Promovohet romani i Edita Nimanbegut \u201c Shtigjet e fatit\u201d - Video - Lajme nga Ulqini<\/title>\n<meta name=\"description\" content=\"\u00cbsht\u00eb promovuar t\u00eb shtun\u00ebn n\u00eb mbr\u00ebmje n\u00eb Galerin\u00eb e Arteve n\u00eb Sht\u00ebpin\u00eb e Kultur\u00ebs n\u00eb Ulqin romani \u201cShtigjet e fatit\u201d t\u00eb autores ulqinake Edita Nimanbegu.\" \/>\n<meta name=\"robots\" content=\"index, follow, max-snippet:-1, max-image-preview:large, max-video-preview:-1\" \/>\n<link rel=\"canonical\" href=\"https:\/\/www.visit-ulcinj.com\/blog\/2015\/10\/03\/promovohet-romani-edita-nimanbegut-shtigjet-e-fatit\/\" \/>\n<meta property=\"og:locale\" content=\"en_US\" \/>\n<meta property=\"og:type\" content=\"article\" \/>\n<meta property=\"og:title\" content=\"Promovohet romani i Edita Nimanbegut \u201c Shtigjet e fatit\u201d - Video - Lajme nga Ulqini\" \/>\n<meta property=\"og:description\" content=\"\u00cbsht\u00eb promovuar t\u00eb shtun\u00ebn n\u00eb mbr\u00ebmje n\u00eb Galerin\u00eb e Arteve n\u00eb Sht\u00ebpin\u00eb e Kultur\u00ebs n\u00eb Ulqin romani \u201cShtigjet e fatit\u201d t\u00eb autores ulqinake Edita Nimanbegu.\" \/>\n<meta property=\"og:url\" content=\"https:\/\/www.visit-ulcinj.com\/blog\/2015\/10\/03\/promovohet-romani-edita-nimanbegut-shtigjet-e-fatit\/\" \/>\n<meta property=\"og:site_name\" content=\"Lajme nga Ulqini\" \/>\n<meta property=\"article:published_time\" content=\"2015-10-03T09:30:14+00:00\" \/>\n<meta property=\"article:modified_time\" content=\"2015-10-05T16:45:03+00:00\" \/>\n<meta property=\"og:image\" content=\"http:\/\/www.visit-ulcinj.com\/blog\/wp-content\/uploads\/2015\/10\/Edita-Nimanbegu.Shtigjet-e-Fatit.jpg\" \/>\n<meta name=\"twitter:label1\" content=\"Written by\" \/>\n\t<meta name=\"twitter:data1\" content=\"ulqini\" \/>\n\t<meta name=\"twitter:label2\" content=\"Est. reading time\" \/>\n\t<meta name=\"twitter:data2\" content=\"1 minute\" \/>\n<script type=\"application\/ld+json\" class=\"yoast-schema-graph\">{\"@context\":\"https:\/\/schema.org\",\"@graph\":[{\"@type\":\"WebSite\",\"@id\":\"https:\/\/www.visit-ulcinj.com\/blog\/#website\",\"url\":\"https:\/\/www.visit-ulcinj.com\/blog\/\",\"name\":\"Lajme nga Ulqini\",\"description\":\"Lajme,Vijesti,Ulqini,Ulqin,Crna Gora,Mali i Zi\",\"potentialAction\":[{\"@type\":\"SearchAction\",\"target\":{\"@type\":\"EntryPoint\",\"urlTemplate\":\"https:\/\/www.visit-ulcinj.com\/blog\/?s={search_term_string}\"},\"query-input\":\"required name=search_term_string\"}],\"inLanguage\":\"en-US\"},{\"@type\":\"ImageObject\",\"inLanguage\":\"en-US\",\"@id\":\"https:\/\/www.visit-ulcinj.com\/blog\/2015\/10\/03\/promovohet-romani-edita-nimanbegut-shtigjet-e-fatit\/#primaryimage\",\"url\":\"https:\/\/www.visit-ulcinj.com\/blog\/wp-content\/uploads\/2015\/10\/Edita-Nimanbegu.Shtigjet-e-Fatit.jpg\",\"contentUrl\":\"https:\/\/www.visit-ulcinj.com\/blog\/wp-content\/uploads\/2015\/10\/Edita-Nimanbegu.Shtigjet-e-Fatit.jpg\",\"width\":702,\"height\":336},{\"@type\":\"WebPage\",\"@id\":\"https:\/\/www.visit-ulcinj.com\/blog\/2015\/10\/03\/promovohet-romani-edita-nimanbegut-shtigjet-e-fatit\/#webpage\",\"url\":\"https:\/\/www.visit-ulcinj.com\/blog\/2015\/10\/03\/promovohet-romani-edita-nimanbegut-shtigjet-e-fatit\/\",\"name\":\"Promovohet romani i Edita Nimanbegut \u201c Shtigjet e fatit\u201d - Video - Lajme nga Ulqini\",\"isPartOf\":{\"@id\":\"https:\/\/www.visit-ulcinj.com\/blog\/#website\"},\"primaryImageOfPage\":{\"@id\":\"https:\/\/www.visit-ulcinj.com\/blog\/2015\/10\/03\/promovohet-romani-edita-nimanbegut-shtigjet-e-fatit\/#primaryimage\"},\"datePublished\":\"2015-10-03T09:30:14+00:00\",\"dateModified\":\"2015-10-05T16:45:03+00:00\",\"author\":{\"@id\":\"https:\/\/www.visit-ulcinj.com\/blog\/#\/schema\/person\/dcab619c614d3038751c63bc2aadc06d\"},\"description\":\"\u00cbsht\u00eb promovuar t\u00eb shtun\u00ebn n\u00eb mbr\u00ebmje n\u00eb Galerin\u00eb e Arteve n\u00eb Sht\u00ebpin\u00eb e Kultur\u00ebs n\u00eb Ulqin romani \u201cShtigjet e fatit\u201d t\u00eb autores ulqinake Edita Nimanbegu.\",\"breadcrumb\":{\"@id\":\"https:\/\/www.visit-ulcinj.com\/blog\/2015\/10\/03\/promovohet-romani-edita-nimanbegut-shtigjet-e-fatit\/#breadcrumb\"},\"inLanguage\":\"en-US\",\"potentialAction\":[{\"@type\":\"ReadAction\",\"target\":[\"https:\/\/www.visit-ulcinj.com\/blog\/2015\/10\/03\/promovohet-romani-edita-nimanbegut-shtigjet-e-fatit\/\"]}]},{\"@type\":\"BreadcrumbList\",\"@id\":\"https:\/\/www.visit-ulcinj.com\/blog\/2015\/10\/03\/promovohet-romani-edita-nimanbegut-shtigjet-e-fatit\/#breadcrumb\",\"itemListElement\":[{\"@type\":\"ListItem\",\"position\":1,\"name\":\"Promovohet romani i Edita Nimanbegut \u201c Shtigjet e fatit\u201d &#8211; Video\"}]},{\"@type\":\"Person\",\"@id\":\"https:\/\/www.visit-ulcinj.com\/blog\/#\/schema\/person\/dcab619c614d3038751c63bc2aadc06d\",\"name\":\"ulqini\",\"sameAs\":[\"http:\/\/www.visit-ulcinj.com\"],\"url\":\"https:\/\/www.visit-ulcinj.com\/blog\/author\/admin\/\"}]}<\/script>\n<!-- \/ Yoast SEO plugin. -->","yoast_head_json":{"title":"Promovohet romani i Edita Nimanbegut \u201c Shtigjet e fatit\u201d - Video - Lajme nga Ulqini","description":"\u00cbsht\u00eb promovuar t\u00eb shtun\u00ebn n\u00eb mbr\u00ebmje n\u00eb Galerin\u00eb e Arteve n\u00eb Sht\u00ebpin\u00eb e Kultur\u00ebs n\u00eb Ulqin romani \u201cShtigjet e fatit\u201d t\u00eb autores ulqinake Edita Nimanbegu.","robots":{"index":"index","follow":"follow","max-snippet":"max-snippet:-1","max-image-preview":"max-image-preview:large","max-video-preview":"max-video-preview:-1"},"canonical":"https:\/\/www.visit-ulcinj.com\/blog\/2015\/10\/03\/promovohet-romani-edita-nimanbegut-shtigjet-e-fatit\/","og_locale":"en_US","og_type":"article","og_title":"Promovohet romani i Edita Nimanbegut \u201c Shtigjet e fatit\u201d - Video - Lajme nga Ulqini","og_description":"\u00cbsht\u00eb promovuar t\u00eb shtun\u00ebn n\u00eb mbr\u00ebmje n\u00eb Galerin\u00eb e Arteve n\u00eb Sht\u00ebpin\u00eb e Kultur\u00ebs n\u00eb Ulqin romani \u201cShtigjet e fatit\u201d t\u00eb autores ulqinake Edita Nimanbegu.","og_url":"https:\/\/www.visit-ulcinj.com\/blog\/2015\/10\/03\/promovohet-romani-edita-nimanbegut-shtigjet-e-fatit\/","og_site_name":"Lajme nga Ulqini","article_published_time":"2015-10-03T09:30:14+00:00","article_modified_time":"2015-10-05T16:45:03+00:00","og_image":[{"url":"http:\/\/www.visit-ulcinj.com\/blog\/wp-content\/uploads\/2015\/10\/Edita-Nimanbegu.Shtigjet-e-Fatit.jpg"}],"twitter_misc":{"Written by":"ulqini","Est. reading time":"1 minute"},"schema":{"@context":"https:\/\/schema.org","@graph":[{"@type":"WebSite","@id":"https:\/\/www.visit-ulcinj.com\/blog\/#website","url":"https:\/\/www.visit-ulcinj.com\/blog\/","name":"Lajme nga Ulqini","description":"Lajme,Vijesti,Ulqini,Ulqin,Crna Gora,Mali i Zi","potentialAction":[{"@type":"SearchAction","target":{"@type":"EntryPoint","urlTemplate":"https:\/\/www.visit-ulcinj.com\/blog\/?s={search_term_string}"},"query-input":"required name=search_term_string"}],"inLanguage":"en-US"},{"@type":"ImageObject","inLanguage":"en-US","@id":"https:\/\/www.visit-ulcinj.com\/blog\/2015\/10\/03\/promovohet-romani-edita-nimanbegut-shtigjet-e-fatit\/#primaryimage","url":"https:\/\/www.visit-ulcinj.com\/blog\/wp-content\/uploads\/2015\/10\/Edita-Nimanbegu.Shtigjet-e-Fatit.jpg","contentUrl":"https:\/\/www.visit-ulcinj.com\/blog\/wp-content\/uploads\/2015\/10\/Edita-Nimanbegu.Shtigjet-e-Fatit.jpg","width":702,"height":336},{"@type":"WebPage","@id":"https:\/\/www.visit-ulcinj.com\/blog\/2015\/10\/03\/promovohet-romani-edita-nimanbegut-shtigjet-e-fatit\/#webpage","url":"https:\/\/www.visit-ulcinj.com\/blog\/2015\/10\/03\/promovohet-romani-edita-nimanbegut-shtigjet-e-fatit\/","name":"Promovohet romani i Edita Nimanbegut \u201c Shtigjet e fatit\u201d - Video - Lajme nga Ulqini","isPartOf":{"@id":"https:\/\/www.visit-ulcinj.com\/blog\/#website"},"primaryImageOfPage":{"@id":"https:\/\/www.visit-ulcinj.com\/blog\/2015\/10\/03\/promovohet-romani-edita-nimanbegut-shtigjet-e-fatit\/#primaryimage"},"datePublished":"2015-10-03T09:30:14+00:00","dateModified":"2015-10-05T16:45:03+00:00","author":{"@id":"https:\/\/www.visit-ulcinj.com\/blog\/#\/schema\/person\/dcab619c614d3038751c63bc2aadc06d"},"description":"\u00cbsht\u00eb promovuar t\u00eb shtun\u00ebn n\u00eb mbr\u00ebmje n\u00eb Galerin\u00eb e Arteve n\u00eb Sht\u00ebpin\u00eb e Kultur\u00ebs n\u00eb Ulqin romani \u201cShtigjet e fatit\u201d t\u00eb autores ulqinake Edita Nimanbegu.","breadcrumb":{"@id":"https:\/\/www.visit-ulcinj.com\/blog\/2015\/10\/03\/promovohet-romani-edita-nimanbegut-shtigjet-e-fatit\/#breadcrumb"},"inLanguage":"en-US","potentialAction":[{"@type":"ReadAction","target":["https:\/\/www.visit-ulcinj.com\/blog\/2015\/10\/03\/promovohet-romani-edita-nimanbegut-shtigjet-e-fatit\/"]}]},{"@type":"BreadcrumbList","@id":"https:\/\/www.visit-ulcinj.com\/blog\/2015\/10\/03\/promovohet-romani-edita-nimanbegut-shtigjet-e-fatit\/#breadcrumb","itemListElement":[{"@type":"ListItem","position":1,"name":"Promovohet romani i Edita Nimanbegut \u201c Shtigjet e fatit\u201d &#8211; Video"}]},{"@type":"Person","@id":"https:\/\/www.visit-ulcinj.com\/blog\/#\/schema\/person\/dcab619c614d3038751c63bc2aadc06d","name":"ulqini","sameAs":["http:\/\/www.visit-ulcinj.com"],"url":"https:\/\/www.visit-ulcinj.com\/blog\/author\/admin\/"}]}},"jetpack_featured_media_url":"","jetpack_sharing_enabled":true,"jetpack_shortlink":"https:\/\/wp.me\/pe6lTn-o4y","_links":{"self":[{"href":"https:\/\/www.visit-ulcinj.com\/blog\/wp-json\/wp\/v2\/posts\/92538"}],"collection":[{"href":"https:\/\/www.visit-ulcinj.com\/blog\/wp-json\/wp\/v2\/posts"}],"about":[{"href":"https:\/\/www.visit-ulcinj.com\/blog\/wp-json\/wp\/v2\/types\/post"}],"author":[{"embeddable":true,"href":"https:\/\/www.visit-ulcinj.com\/blog\/wp-json\/wp\/v2\/users\/1"}],"replies":[{"embeddable":true,"href":"https:\/\/www.visit-ulcinj.com\/blog\/wp-json\/wp\/v2\/comments?post=92538"}],"version-history":[{"count":2,"href":"https:\/\/www.visit-ulcinj.com\/blog\/wp-json\/wp\/v2\/posts\/92538\/revisions"}],"predecessor-version":[{"id":92565,"href":"https:\/\/www.visit-ulcinj.com\/blog\/wp-json\/wp\/v2\/posts\/92538\/revisions\/92565"}],"wp:attachment":[{"href":"https:\/\/www.visit-ulcinj.com\/blog\/wp-json\/wp\/v2\/media?parent=92538"}],"wp:term":[{"taxonomy":"category","embeddable":true,"href":"https:\/\/www.visit-ulcinj.com\/blog\/wp-json\/wp\/v2\/categories?post=92538"},{"taxonomy":"post_tag","embeddable":true,"href":"https:\/\/www.visit-ulcinj.com\/blog\/wp-json\/wp\/v2\/tags?post=92538"}],"curies":[{"name":"wp","href":"https:\/\/api.w.org\/{rel}","templated":true}]}}