{"id":92542,"date":"2015-10-03T20:17:46","date_gmt":"2015-10-03T19:17:46","guid":{"rendered":"http:\/\/www.visit-ulcinj.com\/blog\/?p=92542"},"modified":"2015-10-03T20:17:46","modified_gmt":"2015-10-03T19:17:46","slug":"ulcinjska-solana-na-prodaju-za-149-miliona","status":"publish","type":"post","link":"https:\/\/www.visit-ulcinj.com\/blog\/2015\/10\/03\/ulcinjska-solana-na-prodaju-za-149-miliona\/","title":{"rendered":"Ulcinjska Solana na prodaju za 149 miliona"},"content":{"rendered":"<p><strong><a href=\"http:\/\/www.visit-ulcinj.com\/blog\/wp-content\/uploads\/2014\/01\/Solana-Ulcinj.jpg\"><img loading=\"lazy\" class=\"alignleft wp-image-78521\" src=\"http:\/\/www.visit-ulcinj.com\/blog\/wp-content\/uploads\/2014\/01\/Solana-Ulcinj.jpg\" alt=\"Solana Ulcinj\" width=\"508\" height=\"338\" srcset=\"https:\/\/www.visit-ulcinj.com\/blog\/wp-content\/uploads\/2014\/01\/Solana-Ulcinj.jpg 720w, https:\/\/www.visit-ulcinj.com\/blog\/wp-content\/uploads\/2014\/01\/Solana-Ulcinj-300x199.jpg 300w\" sizes=\"(max-width: 508px) 100vw, 508px\" \/><\/a>Ste\u010dajna uprava Solane &#8220;Bajo Sekuli\u0107&#8221; objavila je danas novi tender za prodaju cjelokupne imovine preduze\u0107a po po\u010detnoj cijeni od 149 miliona eura.<\/strong><\/p>\n<p>Na prodaju je nepokretna i pokretna imovina koju \u010dine zemlji\u0161te, poslovne zgrade, elektroenergetski i objekti za vodu i gasovod, kanali, sve locirano u Op\u0161tini Ulcinj na povr\u0161ini od oko 14,5 miliona kvadrata, kao i tehnolo\u0161ka i kancelarijska oprema, gra\u0111evinska mehanizacija i transportna sredstva.<\/p>\n<p>Javna prodaja cjelokupne imovine ste\u010dajnog du\u017enika, bi\u0107e odr\u017eana prikupljanjem pisanih ponuda koje se mogu dostavljati najkasnije do 26. oktobra do 11 sati u pisarnicu Privrednog suda u Podgorici, kada \u0107e biti javno otvorene.<\/p>\n<p>Ste\u010dajni upravnik \u0107e nakon toga, u roku do 15 dana donijeti odluku o najboljem ponu\u0111a\u010du i proglasiti ga kupcem. Izabrani kupac u narednih 60 dana mora sa ste\u010dajnim upravnikom zaklju\u010diti ugovor o kupoprodaji, a nakon toga, za 30 dana du\u017ean je da uplati kupoprodajnu cijenu, umanjenu za iznos depozita.<\/p>\n<p>Pravo da u\u010destvuju na javnom nadmetanju imaju sve kompanije i gra\u0111ani iz zemlje i inostranstva koji uplate depozit za u\u010de\u0161\u0107e od jedan odsto po\u010detne cijene ili prilo\u017ee garanciju poslovne banke na nazna\u010denu vrijednost, neopozivu i naplativu na prvi poziv.<\/p>\n<p>Dokaz o uplati depozita ili bankarska garancija se mora staviti na uvid prije po\u010detka otvaranja koverata sa ponudama. Bankarska garancija \u0107e se prihvatiti tek nakon utvr\u0111ivanja njene validnosti.<\/p>\n<p>U oglasu je navedeno da je predmet prodaje cjelokupna imovina du\u017enika i ne\u0107e se smatrati valjanom ponuda koja se odnosi samo na kupovinu pojedinih dijelova imovine.<\/p>\n<p>Imovina se prodaje u vi\u0111enom stanju, pravnom i fakti\u010dkom, bez prava na bilo kakvu reklamaciju.<\/p>\n<p>Ponuda u\u010desnika javnog nadmetanja mora da sadr\u017ei najmanje po\u010detnu cijenu.<\/p>\n<p>Imovina \u0107e se prodati onom ponu\u0111a\u010du koji ponudi najve\u0107u kupoprodajnu cijenu, kao i ako na javnom nadmetanju bude u\u010destvovao barem jedan ponu\u0111a\u010d koji zadovolji tenderske uslove.<\/p>\n<p>Upla\u0107eni depozit \u0107e se vratiti ostalim ponu\u0111a\u010dima, a depozit izabranog ponu\u0111a\u010da se zadr\u017eava i ura\u010dunava u kupoprodajnu cijenu. Ukoliko kupac ne zaklju\u010di ugovor u propisanom roku, gubi pravo na povra\u0107aj depozita.<\/p>\n<p>Ste\u010dajni upravnik mo\u017ee prekinuti postupak prodaje, u svakoj fazi postupka, bez ikakvih posljedica ili obaveza prema bilo kom od u\u010desnika u postupku.<\/p>\n<p>Zainteresovani mogu razgledati imovinu uz prethodni dogovor sa ste\u010dajnim upravnikom.<\/p>\n<p>U kompaniju je 2005. godine uveden programirani ste\u010daj zbog duga od 13 hiljada eura, a \u0161est godina kasnije i klasi\u010dni, koji je rezultirao otpu\u0161tanjem svih radnika.<\/p>\n<p>Krajem maja propala je i 12. licitacija za prodaju cjelokupne imovine Solane po cijeni od 169 miliona eura, jer nije bilo zainteresovanih kupaca.<\/p>\n<p>Javno preduze\u0107e Nacionalni parkovi Crne Gore preuzelo je po\u010detkom septembra u jednogodi\u0161nji zakup imovinu Solane &#8220;Bajo Sekuli\u0107&#8221;.<\/p>\n<p>U cilju za\u0161tite biodiverziteta, Nacionalni parkovi \u0107e preduzimati potrebne mjere i radnje kako bi se odr\u017eao i unaprijedio uspostavljeni ekosistem u zakupljenom podru\u010dju.<\/p>\n<p><strong>Izvor: RTCG<\/strong><\/p>\n","protected":false},"excerpt":{"rendered":"<p>Ste\u010dajna uprava Solane &#8220;Bajo Sekuli\u0107&#8221; objavila je danas novi tender za prodaju cjelokupne imovine preduze\u0107a po po\u010detnoj cijeni od 149 miliona eura. Na prodaju je nepokretna i pokretna imovina koju \u010dine zemlji\u0161te, poslovne zgrade, elektroenergetski i objekti za vodu i gasovod, kanali, sve locirano u Op\u0161tini Ulcinj na povr\u0161ini od oko 14,5 miliona kvadrata, kao [&hellip;]<\/p>\n","protected":false},"author":1,"featured_media":0,"comment_status":"closed","ping_status":"closed","sticky":false,"template":"","format":"standard","meta":{"spay_email":"","jetpack_publicize_message":"","jetpack_is_tweetstorm":false,"jetpack_publicize_feature_enabled":true},"categories":[8337],"tags":[],"jetpack_publicize_connections":[],"yoast_head":"<!-- This site is optimized with the Yoast SEO plugin v19.1 - https:\/\/yoast.com\/wordpress\/plugins\/seo\/ -->\n<title>Ulcinjska Solana na prodaju za 149 miliona - Lajme nga Ulqini<\/title>\n<meta name=\"description\" content=\"Ste\u010dajna uprava Solane &quot;Bajo Sekuli\u0107&quot; objavila je danas novi tender za prodaju cjelokupne imovine preduze\u0107a po po\u010detnoj cijeni od 149 miliona eura. Na\" \/>\n<meta name=\"robots\" content=\"index, follow, max-snippet:-1, max-image-preview:large, max-video-preview:-1\" \/>\n<link rel=\"canonical\" href=\"https:\/\/www.visit-ulcinj.com\/blog\/2015\/10\/03\/ulcinjska-solana-na-prodaju-za-149-miliona\/\" \/>\n<meta property=\"og:locale\" content=\"en_US\" \/>\n<meta property=\"og:type\" content=\"article\" \/>\n<meta property=\"og:title\" content=\"Ulcinjska Solana na prodaju za 149 miliona - Lajme nga Ulqini\" \/>\n<meta property=\"og:description\" content=\"Ste\u010dajna uprava Solane &quot;Bajo Sekuli\u0107&quot; objavila je danas novi tender za prodaju cjelokupne imovine preduze\u0107a po po\u010detnoj cijeni od 149 miliona eura. Na\" \/>\n<meta property=\"og:url\" content=\"https:\/\/www.visit-ulcinj.com\/blog\/2015\/10\/03\/ulcinjska-solana-na-prodaju-za-149-miliona\/\" \/>\n<meta property=\"og:site_name\" content=\"Lajme nga Ulqini\" \/>\n<meta property=\"article:published_time\" content=\"2015-10-03T19:17:46+00:00\" \/>\n<meta property=\"og:image\" content=\"http:\/\/www.visit-ulcinj.com\/blog\/wp-content\/uploads\/2014\/01\/Solana-Ulcinj.jpg\" \/>\n<meta name=\"twitter:label1\" content=\"Written by\" \/>\n\t<meta name=\"twitter:data1\" content=\"ulqini\" \/>\n\t<meta name=\"twitter:label2\" content=\"Est. reading time\" \/>\n\t<meta name=\"twitter:data2\" content=\"2 minutes\" \/>\n<script type=\"application\/ld+json\" class=\"yoast-schema-graph\">{\"@context\":\"https:\/\/schema.org\",\"@graph\":[{\"@type\":\"WebSite\",\"@id\":\"https:\/\/www.visit-ulcinj.com\/blog\/#website\",\"url\":\"https:\/\/www.visit-ulcinj.com\/blog\/\",\"name\":\"Lajme nga Ulqini\",\"description\":\"Lajme,Vijesti,Ulqini,Ulqin,Crna Gora,Mali i Zi\",\"potentialAction\":[{\"@type\":\"SearchAction\",\"target\":{\"@type\":\"EntryPoint\",\"urlTemplate\":\"https:\/\/www.visit-ulcinj.com\/blog\/?s={search_term_string}\"},\"query-input\":\"required name=search_term_string\"}],\"inLanguage\":\"en-US\"},{\"@type\":\"ImageObject\",\"inLanguage\":\"en-US\",\"@id\":\"https:\/\/www.visit-ulcinj.com\/blog\/2015\/10\/03\/ulcinjska-solana-na-prodaju-za-149-miliona\/#primaryimage\",\"url\":\"https:\/\/www.visit-ulcinj.com\/blog\/wp-content\/uploads\/2014\/01\/Solana-Ulcinj.jpg\",\"contentUrl\":\"https:\/\/www.visit-ulcinj.com\/blog\/wp-content\/uploads\/2014\/01\/Solana-Ulcinj.jpg\",\"width\":720,\"height\":479},{\"@type\":\"WebPage\",\"@id\":\"https:\/\/www.visit-ulcinj.com\/blog\/2015\/10\/03\/ulcinjska-solana-na-prodaju-za-149-miliona\/#webpage\",\"url\":\"https:\/\/www.visit-ulcinj.com\/blog\/2015\/10\/03\/ulcinjska-solana-na-prodaju-za-149-miliona\/\",\"name\":\"Ulcinjska Solana na prodaju za 149 miliona - Lajme nga Ulqini\",\"isPartOf\":{\"@id\":\"https:\/\/www.visit-ulcinj.com\/blog\/#website\"},\"primaryImageOfPage\":{\"@id\":\"https:\/\/www.visit-ulcinj.com\/blog\/2015\/10\/03\/ulcinjska-solana-na-prodaju-za-149-miliona\/#primaryimage\"},\"datePublished\":\"2015-10-03T19:17:46+00:00\",\"dateModified\":\"2015-10-03T19:17:46+00:00\",\"author\":{\"@id\":\"https:\/\/www.visit-ulcinj.com\/blog\/#\/schema\/person\/dcab619c614d3038751c63bc2aadc06d\"},\"description\":\"Ste\u010dajna uprava Solane \\\"Bajo Sekuli\u0107\\\" objavila je danas novi tender za prodaju cjelokupne imovine preduze\u0107a po po\u010detnoj cijeni od 149 miliona eura. Na\",\"breadcrumb\":{\"@id\":\"https:\/\/www.visit-ulcinj.com\/blog\/2015\/10\/03\/ulcinjska-solana-na-prodaju-za-149-miliona\/#breadcrumb\"},\"inLanguage\":\"en-US\",\"potentialAction\":[{\"@type\":\"ReadAction\",\"target\":[\"https:\/\/www.visit-ulcinj.com\/blog\/2015\/10\/03\/ulcinjska-solana-na-prodaju-za-149-miliona\/\"]}]},{\"@type\":\"BreadcrumbList\",\"@id\":\"https:\/\/www.visit-ulcinj.com\/blog\/2015\/10\/03\/ulcinjska-solana-na-prodaju-za-149-miliona\/#breadcrumb\",\"itemListElement\":[{\"@type\":\"ListItem\",\"position\":1,\"name\":\"Ulcinjska Solana na prodaju za 149 miliona\"}]},{\"@type\":\"Person\",\"@id\":\"https:\/\/www.visit-ulcinj.com\/blog\/#\/schema\/person\/dcab619c614d3038751c63bc2aadc06d\",\"name\":\"ulqini\",\"sameAs\":[\"http:\/\/www.visit-ulcinj.com\"],\"url\":\"https:\/\/www.visit-ulcinj.com\/blog\/author\/admin\/\"}]}<\/script>\n<!-- \/ Yoast SEO plugin. -->","yoast_head_json":{"title":"Ulcinjska Solana na prodaju za 149 miliona - Lajme nga Ulqini","description":"Ste\u010dajna uprava Solane \"Bajo Sekuli\u0107\" objavila je danas novi tender za prodaju cjelokupne imovine preduze\u0107a po po\u010detnoj cijeni od 149 miliona eura. Na","robots":{"index":"index","follow":"follow","max-snippet":"max-snippet:-1","max-image-preview":"max-image-preview:large","max-video-preview":"max-video-preview:-1"},"canonical":"https:\/\/www.visit-ulcinj.com\/blog\/2015\/10\/03\/ulcinjska-solana-na-prodaju-za-149-miliona\/","og_locale":"en_US","og_type":"article","og_title":"Ulcinjska Solana na prodaju za 149 miliona - Lajme nga Ulqini","og_description":"Ste\u010dajna uprava Solane \"Bajo Sekuli\u0107\" objavila je danas novi tender za prodaju cjelokupne imovine preduze\u0107a po po\u010detnoj cijeni od 149 miliona eura. Na","og_url":"https:\/\/www.visit-ulcinj.com\/blog\/2015\/10\/03\/ulcinjska-solana-na-prodaju-za-149-miliona\/","og_site_name":"Lajme nga Ulqini","article_published_time":"2015-10-03T19:17:46+00:00","og_image":[{"url":"http:\/\/www.visit-ulcinj.com\/blog\/wp-content\/uploads\/2014\/01\/Solana-Ulcinj.jpg"}],"twitter_misc":{"Written by":"ulqini","Est. reading time":"2 minutes"},"schema":{"@context":"https:\/\/schema.org","@graph":[{"@type":"WebSite","@id":"https:\/\/www.visit-ulcinj.com\/blog\/#website","url":"https:\/\/www.visit-ulcinj.com\/blog\/","name":"Lajme nga Ulqini","description":"Lajme,Vijesti,Ulqini,Ulqin,Crna Gora,Mali i Zi","potentialAction":[{"@type":"SearchAction","target":{"@type":"EntryPoint","urlTemplate":"https:\/\/www.visit-ulcinj.com\/blog\/?s={search_term_string}"},"query-input":"required name=search_term_string"}],"inLanguage":"en-US"},{"@type":"ImageObject","inLanguage":"en-US","@id":"https:\/\/www.visit-ulcinj.com\/blog\/2015\/10\/03\/ulcinjska-solana-na-prodaju-za-149-miliona\/#primaryimage","url":"https:\/\/www.visit-ulcinj.com\/blog\/wp-content\/uploads\/2014\/01\/Solana-Ulcinj.jpg","contentUrl":"https:\/\/www.visit-ulcinj.com\/blog\/wp-content\/uploads\/2014\/01\/Solana-Ulcinj.jpg","width":720,"height":479},{"@type":"WebPage","@id":"https:\/\/www.visit-ulcinj.com\/blog\/2015\/10\/03\/ulcinjska-solana-na-prodaju-za-149-miliona\/#webpage","url":"https:\/\/www.visit-ulcinj.com\/blog\/2015\/10\/03\/ulcinjska-solana-na-prodaju-za-149-miliona\/","name":"Ulcinjska Solana na prodaju za 149 miliona - Lajme nga Ulqini","isPartOf":{"@id":"https:\/\/www.visit-ulcinj.com\/blog\/#website"},"primaryImageOfPage":{"@id":"https:\/\/www.visit-ulcinj.com\/blog\/2015\/10\/03\/ulcinjska-solana-na-prodaju-za-149-miliona\/#primaryimage"},"datePublished":"2015-10-03T19:17:46+00:00","dateModified":"2015-10-03T19:17:46+00:00","author":{"@id":"https:\/\/www.visit-ulcinj.com\/blog\/#\/schema\/person\/dcab619c614d3038751c63bc2aadc06d"},"description":"Ste\u010dajna uprava Solane \"Bajo Sekuli\u0107\" objavila je danas novi tender za prodaju cjelokupne imovine preduze\u0107a po po\u010detnoj cijeni od 149 miliona eura. Na","breadcrumb":{"@id":"https:\/\/www.visit-ulcinj.com\/blog\/2015\/10\/03\/ulcinjska-solana-na-prodaju-za-149-miliona\/#breadcrumb"},"inLanguage":"en-US","potentialAction":[{"@type":"ReadAction","target":["https:\/\/www.visit-ulcinj.com\/blog\/2015\/10\/03\/ulcinjska-solana-na-prodaju-za-149-miliona\/"]}]},{"@type":"BreadcrumbList","@id":"https:\/\/www.visit-ulcinj.com\/blog\/2015\/10\/03\/ulcinjska-solana-na-prodaju-za-149-miliona\/#breadcrumb","itemListElement":[{"@type":"ListItem","position":1,"name":"Ulcinjska Solana na prodaju za 149 miliona"}]},{"@type":"Person","@id":"https:\/\/www.visit-ulcinj.com\/blog\/#\/schema\/person\/dcab619c614d3038751c63bc2aadc06d","name":"ulqini","sameAs":["http:\/\/www.visit-ulcinj.com"],"url":"https:\/\/www.visit-ulcinj.com\/blog\/author\/admin\/"}]}},"jetpack_featured_media_url":"","jetpack_sharing_enabled":true,"jetpack_shortlink":"https:\/\/wp.me\/pe6lTn-o4C","_links":{"self":[{"href":"https:\/\/www.visit-ulcinj.com\/blog\/wp-json\/wp\/v2\/posts\/92542"}],"collection":[{"href":"https:\/\/www.visit-ulcinj.com\/blog\/wp-json\/wp\/v2\/posts"}],"about":[{"href":"https:\/\/www.visit-ulcinj.com\/blog\/wp-json\/wp\/v2\/types\/post"}],"author":[{"embeddable":true,"href":"https:\/\/www.visit-ulcinj.com\/blog\/wp-json\/wp\/v2\/users\/1"}],"replies":[{"embeddable":true,"href":"https:\/\/www.visit-ulcinj.com\/blog\/wp-json\/wp\/v2\/comments?post=92542"}],"version-history":[{"count":1,"href":"https:\/\/www.visit-ulcinj.com\/blog\/wp-json\/wp\/v2\/posts\/92542\/revisions"}],"predecessor-version":[{"id":92543,"href":"https:\/\/www.visit-ulcinj.com\/blog\/wp-json\/wp\/v2\/posts\/92542\/revisions\/92543"}],"wp:attachment":[{"href":"https:\/\/www.visit-ulcinj.com\/blog\/wp-json\/wp\/v2\/media?parent=92542"}],"wp:term":[{"taxonomy":"category","embeddable":true,"href":"https:\/\/www.visit-ulcinj.com\/blog\/wp-json\/wp\/v2\/categories?post=92542"},{"taxonomy":"post_tag","embeddable":true,"href":"https:\/\/www.visit-ulcinj.com\/blog\/wp-json\/wp\/v2\/tags?post=92542"}],"curies":[{"name":"wp","href":"https:\/\/api.w.org\/{rel}","templated":true}]}}