{"id":92551,"date":"2015-10-05T10:05:46","date_gmt":"2015-10-05T09:05:46","guid":{"rendered":"http:\/\/www.visit-ulcinj.com\/blog\/?p=92551"},"modified":"2015-10-05T10:21:58","modified_gmt":"2015-10-05T09:21:58","slug":"mehmet-bardhi-uron-ambasadoren-e-gjermanise-per-25-vjetorin-e-bashkimit","status":"publish","type":"post","link":"https:\/\/www.visit-ulcinj.com\/blog\/2015\/10\/05\/mehmet-bardhi-uron-ambasadoren-e-gjermanise-per-25-vjetorin-e-bashkimit\/","title":{"rendered":"Mehmet Bardhi uron Ambasadoren e Gjermanis\u00eb p\u00ebr 25 -vjetorin e bashkimit"},"content":{"rendered":"<p><strong><a href=\"http:\/\/www.visit-ulcinj.com\/blog\/wp-content\/uploads\/2015\/10\/gjermania-24-vjet-pas-bashkimit.jpg\"><img loading=\"lazy\" class=\"alignleft wp-image-92552\" src=\"http:\/\/www.visit-ulcinj.com\/blog\/wp-content\/uploads\/2015\/10\/gjermania-24-vjet-pas-bashkimit.jpg\" alt=\"gjermania-24-vjet-pas-bashkimit\" width=\"508\" height=\"286\" \/><\/a>DEMOKRATISCHER BUND IN MONTENEGRO<\/strong><\/p>\n<p>&nbsp;<\/p>\n<p>&nbsp;<\/p>\n<p><strong>Ulqin, 3 tetor 2015<\/strong><\/p>\n<p>&nbsp;<\/p>\n<p><strong>\u00a0<\/strong><\/p>\n<p><strong>Deutsche Botschaft Podgorica <\/strong><\/p>\n<p><strong>Ambasada e Gjermanis\u00eb n\u00eb Podgoric\u00eb<\/strong><\/p>\n<p><strong>Die Botschafterin <strong>Gudrun Elisabeth Steinacker<\/strong><\/strong><\/p>\n<p>&nbsp;<\/p>\n<p><strong><span style=\"text-decoration: underline;\">P o d g o r i c \u00eb<\/span><\/strong><\/p>\n<p>&nbsp;<\/p>\n<p><strong>E nderuara Shkelq\u00ebsia Juaj Ambasadore<\/strong> <strong>Gudrun Elisabeth Steinacker,<\/strong><\/p>\n<p>&nbsp;<\/p>\n<p><strong>Sot m\u00eb 3 tetor 2015 Gjermania sh\u00ebnon 25-vjetorin kur edhe zyrtarisht u bashkua. Urime dhe G\u00ebzuar!<\/strong> Pa dyshim kjo \u00ebsht\u00eb nj\u00eb dat\u00eb e paharrueshme t\u00eb cil\u00ebs i parapriu <strong>DITA E MADHE<\/strong>, jo vet\u00ebm p\u00ebr gjerman\u00ebt dhe Gjermanin\u00eb, por edhe p\u00ebr mbar\u00eb Evrop\u00ebn e Bot\u00ebn liridash\u00ebse e demokratike &#8211; <strong>R\u00cbNIA E MURIT T\u00cb BERLINIT<\/strong>, simbolit t\u00eb ndarjes s\u00eb Gjermanis\u00eb dhe t\u00eb ndarjes s\u00eb t\u00ebr\u00eb bot\u00ebs n\u00eb dy blloqe, e q\u00eb ishte praktikisht edhe fundi i Republik\u00ebs Demokratike t\u00eb Gjermanis\u00eb (9 n\u00ebntorit 1989).<\/p>\n<p>Ribashkimi Gjermanis\u00eb d\u00ebshmoi qart\u00eb se demokracia dhe sundimi i ligjit jan\u00eb garantuesit e paqes, stabilitetit dhe prosperitetit dhe se rrjedhat e bashkimit komb\u00ebtar jan\u00eb t\u00eb natyrshme dhe t\u00eb pandalshme. Shoq\u00ebrit\u00eb demokratike ku sundon ligji e mbret\u00ebron paqja jan\u00eb dhe duhet t\u00eb jen\u00eb pik\u00ebsynim i rrug\u00ebtimit t\u00eb shoq\u00ebris\u00eb njer\u00ebzore edhe sot kur n\u00eb bot\u00eb po p\u00ebrjetojm\u00eb\u00a0\u00a0 nj\u00eb mori krizash dhe konfliktesh ekonomike e luftarake dhe val\u00ebve t\u00eb pafund t\u00eb dyndjeve t\u00eb lumejve t\u00eb njer\u00ebzve q\u00eb po ikin nga tragjedit\u00eb q\u00eb po i shkaktojn\u00eb luftat n\u00eb vendet e tyre. Pasojat jan\u00eb t\u00eb m\u00ebdha e t\u00eb paparashikueshme. N\u00eb k\u00ebto situata sa t\u00eb komplikuara e t\u00eb v\u00ebshtira, por edhe t\u00eb r\u00ebnda e vendimmarr\u00ebse, Gjermania po dallohet p\u00ebr t\u00eb mir\u00eb, n\u00eb strehimin e t\u00eb ikurve nga vatrat e luftrave. P\u00ebrg\u00ebzime e fal\u00ebnderime udh\u00ebheqjes dhe popullat\u00ebs q\u00eb po ndihmon.<\/p>\n<p>Shqiptar\u00ebt n\u00eb trojet e veta styrgjyshore, sot n\u00eb Malin e Zi, po edhe kudo q\u00eb jan\u00eb, n\u00eb shtetin am\u00eb, n\u00eb trojet apo n\u00eb diaspor\u00eb, k\u00ebt\u00eb e ndiejn\u00eb m\u00eb s\u00eb miri, sepse shp\u00ebrndarjen, ndarjen, ndjekjet dhe p\u00ebrndjekjet n\u00eb format m\u00eb t\u00eb ndryshme i p\u00ebrjetuam me dekada e q\u00eb po i p\u00ebrjetojm\u00eb edhe sot, edhe kur po mundohemi n\u00eb vazhdim\u00ebsi q\u00eb me mjete demokratike paq\u00ebsore t\u00eb arrijm\u00eb lirin\u00eb e mir\u00ebqenien, paq\u00ebn e mir\u00ebkuptimin n\u00eb shoq\u00ebri ku jetojm\u00eb e veprojm\u00eb.<\/p>\n<p>Edhe nj\u00ebher\u00eb urime 25 vjetorin kur edhe zyrtarisht Gjermania u bashkua n\u00eb NJ\u00cb.<\/p>\n<p>&nbsp;<\/p>\n<p>Me respekt.<\/p>\n<p><strong>\u00a0<\/strong><\/p>\n<p><strong>MEHMET BARDHI, kryetar i LD n\u00eb MZ<\/strong><\/p>\n<p><strong>\u00a0<\/strong><\/p>\n<p><strong>E-mail: <a href=\"mailto:mbardhi@hotmail.com\">mbardhi@hotmail.com<\/a><\/strong><\/p>\n<p>&nbsp;<\/p>\n","protected":false},"excerpt":{"rendered":"<p>DEMOKRATISCHER BUND IN MONTENEGRO &nbsp; &nbsp; Ulqin, 3 tetor 2015 &nbsp; \u00a0 Deutsche Botschaft Podgorica Ambasada e Gjermanis\u00eb n\u00eb Podgoric\u00eb Die Botschafterin Gudrun Elisabeth Steinacker &nbsp; P o d g o r i c \u00eb &nbsp; E nderuara Shkelq\u00ebsia Juaj Ambasadore Gudrun Elisabeth Steinacker, &nbsp; Sot m\u00eb 3 tetor 2015 Gjermania sh\u00ebnon 25-vjetorin kur edhe [&hellip;]<\/p>\n","protected":false},"author":1,"featured_media":0,"comment_status":"closed","ping_status":"closed","sticky":false,"template":"","format":"standard","meta":{"spay_email":"","jetpack_publicize_message":"","jetpack_is_tweetstorm":false,"jetpack_publicize_feature_enabled":true},"categories":[1,12],"tags":[],"jetpack_publicize_connections":[],"yoast_head":"<!-- This site is optimized with the Yoast SEO plugin v19.1 - https:\/\/yoast.com\/wordpress\/plugins\/seo\/ -->\n<title>Mehmet Bardhi uron Ambasadoren e Gjermanis\u00eb p\u00ebr 25 -vjetorin e bashkimit - Lajme nga Ulqini<\/title>\n<meta name=\"description\" content=\"DEMOKRATISCHER BUND IN MONTENEGRO &nbsp; &nbsp; Ulqin, 3 tetor 2015 &nbsp; \u00a0 Deutsche Botschaft Podgorica Ambasada e Gjermanis\u00eb n\u00eb Podgoric\u00eb Die\" \/>\n<meta name=\"robots\" content=\"index, follow, max-snippet:-1, max-image-preview:large, max-video-preview:-1\" \/>\n<link rel=\"canonical\" href=\"https:\/\/www.visit-ulcinj.com\/blog\/2015\/10\/05\/mehmet-bardhi-uron-ambasadoren-e-gjermanise-per-25-vjetorin-e-bashkimit\/\" \/>\n<meta property=\"og:locale\" content=\"en_US\" \/>\n<meta property=\"og:type\" content=\"article\" \/>\n<meta property=\"og:title\" content=\"Mehmet Bardhi uron Ambasadoren e Gjermanis\u00eb p\u00ebr 25 -vjetorin e bashkimit - Lajme nga Ulqini\" \/>\n<meta property=\"og:description\" content=\"DEMOKRATISCHER BUND IN MONTENEGRO &nbsp; &nbsp; Ulqin, 3 tetor 2015 &nbsp; \u00a0 Deutsche Botschaft Podgorica Ambasada e Gjermanis\u00eb n\u00eb Podgoric\u00eb Die\" \/>\n<meta property=\"og:url\" content=\"https:\/\/www.visit-ulcinj.com\/blog\/2015\/10\/05\/mehmet-bardhi-uron-ambasadoren-e-gjermanise-per-25-vjetorin-e-bashkimit\/\" \/>\n<meta property=\"og:site_name\" content=\"Lajme nga Ulqini\" \/>\n<meta property=\"article:published_time\" content=\"2015-10-05T09:05:46+00:00\" \/>\n<meta property=\"article:modified_time\" content=\"2015-10-05T09:21:58+00:00\" \/>\n<meta property=\"og:image\" content=\"http:\/\/www.visit-ulcinj.com\/blog\/wp-content\/uploads\/2015\/10\/gjermania-24-vjet-pas-bashkimit.jpg\" \/>\n<meta name=\"twitter:label1\" content=\"Written by\" \/>\n\t<meta name=\"twitter:data1\" content=\"ulqini\" \/>\n\t<meta name=\"twitter:label2\" content=\"Est. reading time\" \/>\n\t<meta name=\"twitter:data2\" content=\"2 minutes\" \/>\n<script type=\"application\/ld+json\" class=\"yoast-schema-graph\">{\"@context\":\"https:\/\/schema.org\",\"@graph\":[{\"@type\":\"WebSite\",\"@id\":\"https:\/\/www.visit-ulcinj.com\/blog\/#website\",\"url\":\"https:\/\/www.visit-ulcinj.com\/blog\/\",\"name\":\"Lajme nga Ulqini\",\"description\":\"Lajme,Vijesti,Ulqini,Ulqin,Crna Gora,Mali i Zi\",\"potentialAction\":[{\"@type\":\"SearchAction\",\"target\":{\"@type\":\"EntryPoint\",\"urlTemplate\":\"https:\/\/www.visit-ulcinj.com\/blog\/?s={search_term_string}\"},\"query-input\":\"required name=search_term_string\"}],\"inLanguage\":\"en-US\"},{\"@type\":\"ImageObject\",\"inLanguage\":\"en-US\",\"@id\":\"https:\/\/www.visit-ulcinj.com\/blog\/2015\/10\/05\/mehmet-bardhi-uron-ambasadoren-e-gjermanise-per-25-vjetorin-e-bashkimit\/#primaryimage\",\"url\":\"http:\/\/www.visit-ulcinj.com\/blog\/wp-content\/uploads\/2015\/10\/gjermania-24-vjet-pas-bashkimit.jpg\",\"contentUrl\":\"http:\/\/www.visit-ulcinj.com\/blog\/wp-content\/uploads\/2015\/10\/gjermania-24-vjet-pas-bashkimit.jpg\"},{\"@type\":\"WebPage\",\"@id\":\"https:\/\/www.visit-ulcinj.com\/blog\/2015\/10\/05\/mehmet-bardhi-uron-ambasadoren-e-gjermanise-per-25-vjetorin-e-bashkimit\/#webpage\",\"url\":\"https:\/\/www.visit-ulcinj.com\/blog\/2015\/10\/05\/mehmet-bardhi-uron-ambasadoren-e-gjermanise-per-25-vjetorin-e-bashkimit\/\",\"name\":\"Mehmet Bardhi uron Ambasadoren e Gjermanis\u00eb p\u00ebr 25 -vjetorin e bashkimit - Lajme nga Ulqini\",\"isPartOf\":{\"@id\":\"https:\/\/www.visit-ulcinj.com\/blog\/#website\"},\"primaryImageOfPage\":{\"@id\":\"https:\/\/www.visit-ulcinj.com\/blog\/2015\/10\/05\/mehmet-bardhi-uron-ambasadoren-e-gjermanise-per-25-vjetorin-e-bashkimit\/#primaryimage\"},\"datePublished\":\"2015-10-05T09:05:46+00:00\",\"dateModified\":\"2015-10-05T09:21:58+00:00\",\"author\":{\"@id\":\"https:\/\/www.visit-ulcinj.com\/blog\/#\/schema\/person\/dcab619c614d3038751c63bc2aadc06d\"},\"description\":\"DEMOKRATISCHER BUND IN MONTENEGRO &nbsp; &nbsp; Ulqin, 3 tetor 2015 &nbsp; \u00a0 Deutsche Botschaft Podgorica Ambasada e Gjermanis\u00eb n\u00eb Podgoric\u00eb Die\",\"breadcrumb\":{\"@id\":\"https:\/\/www.visit-ulcinj.com\/blog\/2015\/10\/05\/mehmet-bardhi-uron-ambasadoren-e-gjermanise-per-25-vjetorin-e-bashkimit\/#breadcrumb\"},\"inLanguage\":\"en-US\",\"potentialAction\":[{\"@type\":\"ReadAction\",\"target\":[\"https:\/\/www.visit-ulcinj.com\/blog\/2015\/10\/05\/mehmet-bardhi-uron-ambasadoren-e-gjermanise-per-25-vjetorin-e-bashkimit\/\"]}]},{\"@type\":\"BreadcrumbList\",\"@id\":\"https:\/\/www.visit-ulcinj.com\/blog\/2015\/10\/05\/mehmet-bardhi-uron-ambasadoren-e-gjermanise-per-25-vjetorin-e-bashkimit\/#breadcrumb\",\"itemListElement\":[{\"@type\":\"ListItem\",\"position\":1,\"name\":\"Mehmet Bardhi uron Ambasadoren e Gjermanis\u00eb p\u00ebr 25 -vjetorin e bashkimit\"}]},{\"@type\":\"Person\",\"@id\":\"https:\/\/www.visit-ulcinj.com\/blog\/#\/schema\/person\/dcab619c614d3038751c63bc2aadc06d\",\"name\":\"ulqini\",\"sameAs\":[\"http:\/\/www.visit-ulcinj.com\"],\"url\":\"https:\/\/www.visit-ulcinj.com\/blog\/author\/admin\/\"}]}<\/script>\n<!-- \/ Yoast SEO plugin. -->","yoast_head_json":{"title":"Mehmet Bardhi uron Ambasadoren e Gjermanis\u00eb p\u00ebr 25 -vjetorin e bashkimit - Lajme nga Ulqini","description":"DEMOKRATISCHER BUND IN MONTENEGRO &nbsp; &nbsp; Ulqin, 3 tetor 2015 &nbsp; \u00a0 Deutsche Botschaft Podgorica Ambasada e Gjermanis\u00eb n\u00eb Podgoric\u00eb Die","robots":{"index":"index","follow":"follow","max-snippet":"max-snippet:-1","max-image-preview":"max-image-preview:large","max-video-preview":"max-video-preview:-1"},"canonical":"https:\/\/www.visit-ulcinj.com\/blog\/2015\/10\/05\/mehmet-bardhi-uron-ambasadoren-e-gjermanise-per-25-vjetorin-e-bashkimit\/","og_locale":"en_US","og_type":"article","og_title":"Mehmet Bardhi uron Ambasadoren e Gjermanis\u00eb p\u00ebr 25 -vjetorin e bashkimit - Lajme nga Ulqini","og_description":"DEMOKRATISCHER BUND IN MONTENEGRO &nbsp; &nbsp; Ulqin, 3 tetor 2015 &nbsp; \u00a0 Deutsche Botschaft Podgorica Ambasada e Gjermanis\u00eb n\u00eb Podgoric\u00eb Die","og_url":"https:\/\/www.visit-ulcinj.com\/blog\/2015\/10\/05\/mehmet-bardhi-uron-ambasadoren-e-gjermanise-per-25-vjetorin-e-bashkimit\/","og_site_name":"Lajme nga Ulqini","article_published_time":"2015-10-05T09:05:46+00:00","article_modified_time":"2015-10-05T09:21:58+00:00","og_image":[{"url":"http:\/\/www.visit-ulcinj.com\/blog\/wp-content\/uploads\/2015\/10\/gjermania-24-vjet-pas-bashkimit.jpg"}],"twitter_misc":{"Written by":"ulqini","Est. reading time":"2 minutes"},"schema":{"@context":"https:\/\/schema.org","@graph":[{"@type":"WebSite","@id":"https:\/\/www.visit-ulcinj.com\/blog\/#website","url":"https:\/\/www.visit-ulcinj.com\/blog\/","name":"Lajme nga Ulqini","description":"Lajme,Vijesti,Ulqini,Ulqin,Crna Gora,Mali i Zi","potentialAction":[{"@type":"SearchAction","target":{"@type":"EntryPoint","urlTemplate":"https:\/\/www.visit-ulcinj.com\/blog\/?s={search_term_string}"},"query-input":"required name=search_term_string"}],"inLanguage":"en-US"},{"@type":"ImageObject","inLanguage":"en-US","@id":"https:\/\/www.visit-ulcinj.com\/blog\/2015\/10\/05\/mehmet-bardhi-uron-ambasadoren-e-gjermanise-per-25-vjetorin-e-bashkimit\/#primaryimage","url":"http:\/\/www.visit-ulcinj.com\/blog\/wp-content\/uploads\/2015\/10\/gjermania-24-vjet-pas-bashkimit.jpg","contentUrl":"http:\/\/www.visit-ulcinj.com\/blog\/wp-content\/uploads\/2015\/10\/gjermania-24-vjet-pas-bashkimit.jpg"},{"@type":"WebPage","@id":"https:\/\/www.visit-ulcinj.com\/blog\/2015\/10\/05\/mehmet-bardhi-uron-ambasadoren-e-gjermanise-per-25-vjetorin-e-bashkimit\/#webpage","url":"https:\/\/www.visit-ulcinj.com\/blog\/2015\/10\/05\/mehmet-bardhi-uron-ambasadoren-e-gjermanise-per-25-vjetorin-e-bashkimit\/","name":"Mehmet Bardhi uron Ambasadoren e Gjermanis\u00eb p\u00ebr 25 -vjetorin e bashkimit - Lajme nga Ulqini","isPartOf":{"@id":"https:\/\/www.visit-ulcinj.com\/blog\/#website"},"primaryImageOfPage":{"@id":"https:\/\/www.visit-ulcinj.com\/blog\/2015\/10\/05\/mehmet-bardhi-uron-ambasadoren-e-gjermanise-per-25-vjetorin-e-bashkimit\/#primaryimage"},"datePublished":"2015-10-05T09:05:46+00:00","dateModified":"2015-10-05T09:21:58+00:00","author":{"@id":"https:\/\/www.visit-ulcinj.com\/blog\/#\/schema\/person\/dcab619c614d3038751c63bc2aadc06d"},"description":"DEMOKRATISCHER BUND IN MONTENEGRO &nbsp; &nbsp; Ulqin, 3 tetor 2015 &nbsp; \u00a0 Deutsche Botschaft Podgorica Ambasada e Gjermanis\u00eb n\u00eb Podgoric\u00eb Die","breadcrumb":{"@id":"https:\/\/www.visit-ulcinj.com\/blog\/2015\/10\/05\/mehmet-bardhi-uron-ambasadoren-e-gjermanise-per-25-vjetorin-e-bashkimit\/#breadcrumb"},"inLanguage":"en-US","potentialAction":[{"@type":"ReadAction","target":["https:\/\/www.visit-ulcinj.com\/blog\/2015\/10\/05\/mehmet-bardhi-uron-ambasadoren-e-gjermanise-per-25-vjetorin-e-bashkimit\/"]}]},{"@type":"BreadcrumbList","@id":"https:\/\/www.visit-ulcinj.com\/blog\/2015\/10\/05\/mehmet-bardhi-uron-ambasadoren-e-gjermanise-per-25-vjetorin-e-bashkimit\/#breadcrumb","itemListElement":[{"@type":"ListItem","position":1,"name":"Mehmet Bardhi uron Ambasadoren e Gjermanis\u00eb p\u00ebr 25 -vjetorin e bashkimit"}]},{"@type":"Person","@id":"https:\/\/www.visit-ulcinj.com\/blog\/#\/schema\/person\/dcab619c614d3038751c63bc2aadc06d","name":"ulqini","sameAs":["http:\/\/www.visit-ulcinj.com"],"url":"https:\/\/www.visit-ulcinj.com\/blog\/author\/admin\/"}]}},"jetpack_featured_media_url":"","jetpack_sharing_enabled":true,"jetpack_shortlink":"https:\/\/wp.me\/pe6lTn-o4L","_links":{"self":[{"href":"https:\/\/www.visit-ulcinj.com\/blog\/wp-json\/wp\/v2\/posts\/92551"}],"collection":[{"href":"https:\/\/www.visit-ulcinj.com\/blog\/wp-json\/wp\/v2\/posts"}],"about":[{"href":"https:\/\/www.visit-ulcinj.com\/blog\/wp-json\/wp\/v2\/types\/post"}],"author":[{"embeddable":true,"href":"https:\/\/www.visit-ulcinj.com\/blog\/wp-json\/wp\/v2\/users\/1"}],"replies":[{"embeddable":true,"href":"https:\/\/www.visit-ulcinj.com\/blog\/wp-json\/wp\/v2\/comments?post=92551"}],"version-history":[{"count":1,"href":"https:\/\/www.visit-ulcinj.com\/blog\/wp-json\/wp\/v2\/posts\/92551\/revisions"}],"predecessor-version":[{"id":92553,"href":"https:\/\/www.visit-ulcinj.com\/blog\/wp-json\/wp\/v2\/posts\/92551\/revisions\/92553"}],"wp:attachment":[{"href":"https:\/\/www.visit-ulcinj.com\/blog\/wp-json\/wp\/v2\/media?parent=92551"}],"wp:term":[{"taxonomy":"category","embeddable":true,"href":"https:\/\/www.visit-ulcinj.com\/blog\/wp-json\/wp\/v2\/categories?post=92551"},{"taxonomy":"post_tag","embeddable":true,"href":"https:\/\/www.visit-ulcinj.com\/blog\/wp-json\/wp\/v2\/tags?post=92551"}],"curies":[{"name":"wp","href":"https:\/\/api.w.org\/{rel}","templated":true}]}}