{"id":92577,"date":"2015-10-06T15:59:04","date_gmt":"2015-10-06T14:59:04","guid":{"rendered":"http:\/\/www.visit-ulcinj.com\/blog\/?p=92577"},"modified":"2015-10-06T16:40:50","modified_gmt":"2015-10-06T15:40:50","slug":"ferrari-ri-emina-cunmulajt","status":"publish","type":"post","link":"https:\/\/www.visit-ulcinj.com\/blog\/2015\/10\/06\/ferrari-ri-emina-cunmulajt\/","title":{"rendered":"Ferrari i ri i Emina \u00c7unmulajt"},"content":{"rendered":"<p><a href=\"http:\/\/www.visit-ulcinj.com\/blog\/wp-content\/uploads\/2015\/10\/Emina-\u00c7unmulaj-.jpg\"><img loading=\"lazy\" class=\"alignleft wp-image-92578\" src=\"http:\/\/www.visit-ulcinj.com\/blog\/wp-content\/uploads\/2015\/10\/Emina-\u00c7unmulaj-.jpg\" alt=\"Emina \u00c7unmulaj-\" width=\"508\" height=\"508\" srcset=\"https:\/\/www.visit-ulcinj.com\/blog\/wp-content\/uploads\/2015\/10\/Emina-\u00c7unmulaj-.jpg 480w, https:\/\/www.visit-ulcinj.com\/blog\/wp-content\/uploads\/2015\/10\/Emina-\u00c7unmulaj--150x150.jpg 150w, https:\/\/www.visit-ulcinj.com\/blog\/wp-content\/uploads\/2015\/10\/Emina-\u00c7unmulaj--300x300.jpg 300w\" sizes=\"(max-width: 508px) 100vw, 508px\" \/><\/a>Emina \u00c7unmulaj pak dit\u00eb m\u00eb par\u00eb ishte n\u00eb Shqip\u00ebri.<\/p>\n<p>Ajo kaloj\u00eb dit\u00eb t\u00eb bukura n\u00eb Tiran\u00eb, ku edhe zbuloj se \u00ebsht\u00eb shtatz\u00ebn\u00eb.<br \/>\nTani, modelja shqiptare me fam\u00eb n\u00eb bot\u00eb, ka shkuar n\u00eb vendlindje, n\u00eb Tuz t\u00eb Malit t\u00eb Zi.<br \/>\nE, ndon\u00ebse shtatz\u00ebn\u00eb, bukuroshja nuk \u00ebsht\u00eb ndalur pa e provuar traktorin.<\/p>\n<p>Ajo, me t\u00eb qeshur ka th\u00ebn\u00eb se ky \u00ebsht\u00eb Ferrari i saj i ri.<\/p>\n<p>Arbresh.info<\/p>\n<p><a href=\"http:\/\/www.visit-ulcinj.com\/blog\/wp-content\/uploads\/2015\/10\/Emina-\u00c7unmulaj-1.jpg\"><img loading=\"lazy\" class=\"alignleft wp-image-92587\" src=\"http:\/\/www.visit-ulcinj.com\/blog\/wp-content\/uploads\/2015\/10\/Emina-\u00c7unmulaj-1.jpg\" alt=\"Emina \u00c7unmulaj-1\" width=\"508\" height=\"257\" \/><\/a><\/p>\n<p><strong>Emina s\u00eb shpejti do t\u00eb b\u00ebhet n\u00ebn\u00eb<\/strong><\/p>\n<p>Emina \u00c7unmulaj, e vetmja shqiptare q\u00eb mund t\u00eb konsiderohet mir\u00ebfilli supermodele, me nj\u00eb karrier\u00eb nd\u00ebrkomb\u00ebtare, nj\u00ebjt\u00eb si t\u00eb kolegeve t\u00eb saj, \u00ebsht\u00eb shtat\u00ebz\u00ebn\u00eb. 31-vje\u00e7arja e cila p\u00ebrpara pak koh\u00ebsh i dha fund beqaris\u00eb duke u martuar me nj\u00eb nga multimiliarder\u00ebt e Los Angeles-it, Sam Nazarian, me sa duket ka vendosur t\u2019i p\u00ebrkushtohet jet\u00ebs familjare.<\/p>\n<p>Shqiptarja nga Mali i Zi q\u00eb ka sfiluar e pozuar p\u00ebr emrat m\u00eb t\u00eb r\u00ebnd\u00ebsish\u00ebm t\u00eb mod\u00ebs, ka marr\u00eb gjithnj\u00eb surpriza e dhurata nga m\u00eb t\u00eb shtrenjtat nga partneri i saj hebre. Por k\u00ebsaj here, \u00ebsht\u00eb rradha Emin\u00ebs ta g\u00ebzoj\u00eb e ta b\u00ebj\u00eb Sam-in mashkullin m\u00eb t\u00eb lumtur n\u00eb bot\u00eb!<\/p>\n<p>Bota Sot<\/p>\n<p>&nbsp;<\/p>\n","protected":false},"excerpt":{"rendered":"<p>Emina \u00c7unmulaj pak dit\u00eb m\u00eb par\u00eb ishte n\u00eb Shqip\u00ebri. Ajo kaloj\u00eb dit\u00eb t\u00eb bukura n\u00eb Tiran\u00eb, ku edhe zbuloj se \u00ebsht\u00eb shtatz\u00ebn\u00eb. Tani, modelja shqiptare me fam\u00eb n\u00eb bot\u00eb, ka shkuar n\u00eb vendlindje, n\u00eb Tuz t\u00eb Malit t\u00eb Zi. E, ndon\u00ebse shtatz\u00ebn\u00eb, bukuroshja nuk \u00ebsht\u00eb ndalur pa e provuar traktorin. Ajo, me t\u00eb qeshur ka [&hellip;]<\/p>\n","protected":false},"author":1,"featured_media":0,"comment_status":"closed","ping_status":"closed","sticky":false,"template":"","format":"standard","meta":{"spay_email":"","jetpack_publicize_message":"","jetpack_is_tweetstorm":false,"jetpack_publicize_feature_enabled":true},"categories":[1],"tags":[],"jetpack_publicize_connections":[],"yoast_head":"<!-- This site is optimized with the Yoast SEO plugin v19.1 - https:\/\/yoast.com\/wordpress\/plugins\/seo\/ -->\n<title>Ferrari i ri i Emina \u00c7unmulajt - Lajme nga Ulqini<\/title>\n<meta name=\"description\" content=\"Emina \u00c7unmulaj pak dit\u00eb m\u00eb par\u00eb ishte n\u00eb Shqip\u00ebri. Ajo kaloj\u00eb dit\u00eb t\u00eb bukura n\u00eb Tiran\u00eb, ku edhe zbuloj se \u00ebsht\u00eb shtatz\u00ebn\u00eb. Tani, modelja shqiptare me fam\u00eb\" \/>\n<meta name=\"robots\" content=\"index, follow, max-snippet:-1, max-image-preview:large, max-video-preview:-1\" \/>\n<link rel=\"canonical\" href=\"https:\/\/www.visit-ulcinj.com\/blog\/2015\/10\/06\/ferrari-ri-emina-cunmulajt\/\" \/>\n<meta property=\"og:locale\" content=\"en_US\" \/>\n<meta property=\"og:type\" content=\"article\" \/>\n<meta property=\"og:title\" content=\"Ferrari i ri i Emina \u00c7unmulajt - Lajme nga Ulqini\" \/>\n<meta property=\"og:description\" content=\"Emina \u00c7unmulaj pak dit\u00eb m\u00eb par\u00eb ishte n\u00eb Shqip\u00ebri. Ajo kaloj\u00eb dit\u00eb t\u00eb bukura n\u00eb Tiran\u00eb, ku edhe zbuloj se \u00ebsht\u00eb shtatz\u00ebn\u00eb. Tani, modelja shqiptare me fam\u00eb\" \/>\n<meta property=\"og:url\" content=\"https:\/\/www.visit-ulcinj.com\/blog\/2015\/10\/06\/ferrari-ri-emina-cunmulajt\/\" \/>\n<meta property=\"og:site_name\" content=\"Lajme nga Ulqini\" \/>\n<meta property=\"article:published_time\" content=\"2015-10-06T14:59:04+00:00\" \/>\n<meta property=\"article:modified_time\" content=\"2015-10-06T15:40:50+00:00\" \/>\n<meta name=\"twitter:label1\" content=\"Written by\" \/>\n\t<meta name=\"twitter:data1\" content=\"ulqini\" \/>\n\t<meta name=\"twitter:label2\" content=\"Est. reading time\" \/>\n\t<meta name=\"twitter:data2\" content=\"1 minute\" \/>\n<script type=\"application\/ld+json\" class=\"yoast-schema-graph\">{\"@context\":\"https:\/\/schema.org\",\"@graph\":[{\"@type\":\"WebSite\",\"@id\":\"https:\/\/www.visit-ulcinj.com\/blog\/#website\",\"url\":\"https:\/\/www.visit-ulcinj.com\/blog\/\",\"name\":\"Lajme nga Ulqini\",\"description\":\"Lajme,Vijesti,Ulqini,Ulqin,Crna Gora,Mali i Zi\",\"potentialAction\":[{\"@type\":\"SearchAction\",\"target\":{\"@type\":\"EntryPoint\",\"urlTemplate\":\"https:\/\/www.visit-ulcinj.com\/blog\/?s={search_term_string}\"},\"query-input\":\"required name=search_term_string\"}],\"inLanguage\":\"en-US\"},{\"@type\":\"WebPage\",\"@id\":\"https:\/\/www.visit-ulcinj.com\/blog\/2015\/10\/06\/ferrari-ri-emina-cunmulajt\/#webpage\",\"url\":\"https:\/\/www.visit-ulcinj.com\/blog\/2015\/10\/06\/ferrari-ri-emina-cunmulajt\/\",\"name\":\"Ferrari i ri i Emina \u00c7unmulajt - Lajme nga Ulqini\",\"isPartOf\":{\"@id\":\"https:\/\/www.visit-ulcinj.com\/blog\/#website\"},\"datePublished\":\"2015-10-06T14:59:04+00:00\",\"dateModified\":\"2015-10-06T15:40:50+00:00\",\"author\":{\"@id\":\"https:\/\/www.visit-ulcinj.com\/blog\/#\/schema\/person\/dcab619c614d3038751c63bc2aadc06d\"},\"description\":\"Emina \u00c7unmulaj pak dit\u00eb m\u00eb par\u00eb ishte n\u00eb Shqip\u00ebri. Ajo kaloj\u00eb dit\u00eb t\u00eb bukura n\u00eb Tiran\u00eb, ku edhe zbuloj se \u00ebsht\u00eb shtatz\u00ebn\u00eb. Tani, modelja shqiptare me fam\u00eb\",\"breadcrumb\":{\"@id\":\"https:\/\/www.visit-ulcinj.com\/blog\/2015\/10\/06\/ferrari-ri-emina-cunmulajt\/#breadcrumb\"},\"inLanguage\":\"en-US\",\"potentialAction\":[{\"@type\":\"ReadAction\",\"target\":[\"https:\/\/www.visit-ulcinj.com\/blog\/2015\/10\/06\/ferrari-ri-emina-cunmulajt\/\"]}]},{\"@type\":\"BreadcrumbList\",\"@id\":\"https:\/\/www.visit-ulcinj.com\/blog\/2015\/10\/06\/ferrari-ri-emina-cunmulajt\/#breadcrumb\",\"itemListElement\":[{\"@type\":\"ListItem\",\"position\":1,\"name\":\"Ferrari i ri i Emina \u00c7unmulajt\"}]},{\"@type\":\"Person\",\"@id\":\"https:\/\/www.visit-ulcinj.com\/blog\/#\/schema\/person\/dcab619c614d3038751c63bc2aadc06d\",\"name\":\"ulqini\",\"sameAs\":[\"http:\/\/www.visit-ulcinj.com\"],\"url\":\"https:\/\/www.visit-ulcinj.com\/blog\/author\/admin\/\"}]}<\/script>\n<!-- \/ Yoast SEO plugin. -->","yoast_head_json":{"title":"Ferrari i ri i Emina \u00c7unmulajt - Lajme nga Ulqini","description":"Emina \u00c7unmulaj pak dit\u00eb m\u00eb par\u00eb ishte n\u00eb Shqip\u00ebri. Ajo kaloj\u00eb dit\u00eb t\u00eb bukura n\u00eb Tiran\u00eb, ku edhe zbuloj se \u00ebsht\u00eb shtatz\u00ebn\u00eb. Tani, modelja shqiptare me fam\u00eb","robots":{"index":"index","follow":"follow","max-snippet":"max-snippet:-1","max-image-preview":"max-image-preview:large","max-video-preview":"max-video-preview:-1"},"canonical":"https:\/\/www.visit-ulcinj.com\/blog\/2015\/10\/06\/ferrari-ri-emina-cunmulajt\/","og_locale":"en_US","og_type":"article","og_title":"Ferrari i ri i Emina \u00c7unmulajt - Lajme nga Ulqini","og_description":"Emina \u00c7unmulaj pak dit\u00eb m\u00eb par\u00eb ishte n\u00eb Shqip\u00ebri. Ajo kaloj\u00eb dit\u00eb t\u00eb bukura n\u00eb Tiran\u00eb, ku edhe zbuloj se \u00ebsht\u00eb shtatz\u00ebn\u00eb. Tani, modelja shqiptare me fam\u00eb","og_url":"https:\/\/www.visit-ulcinj.com\/blog\/2015\/10\/06\/ferrari-ri-emina-cunmulajt\/","og_site_name":"Lajme nga Ulqini","article_published_time":"2015-10-06T14:59:04+00:00","article_modified_time":"2015-10-06T15:40:50+00:00","twitter_misc":{"Written by":"ulqini","Est. reading time":"1 minute"},"schema":{"@context":"https:\/\/schema.org","@graph":[{"@type":"WebSite","@id":"https:\/\/www.visit-ulcinj.com\/blog\/#website","url":"https:\/\/www.visit-ulcinj.com\/blog\/","name":"Lajme nga Ulqini","description":"Lajme,Vijesti,Ulqini,Ulqin,Crna Gora,Mali i Zi","potentialAction":[{"@type":"SearchAction","target":{"@type":"EntryPoint","urlTemplate":"https:\/\/www.visit-ulcinj.com\/blog\/?s={search_term_string}"},"query-input":"required name=search_term_string"}],"inLanguage":"en-US"},{"@type":"WebPage","@id":"https:\/\/www.visit-ulcinj.com\/blog\/2015\/10\/06\/ferrari-ri-emina-cunmulajt\/#webpage","url":"https:\/\/www.visit-ulcinj.com\/blog\/2015\/10\/06\/ferrari-ri-emina-cunmulajt\/","name":"Ferrari i ri i Emina \u00c7unmulajt - Lajme nga Ulqini","isPartOf":{"@id":"https:\/\/www.visit-ulcinj.com\/blog\/#website"},"datePublished":"2015-10-06T14:59:04+00:00","dateModified":"2015-10-06T15:40:50+00:00","author":{"@id":"https:\/\/www.visit-ulcinj.com\/blog\/#\/schema\/person\/dcab619c614d3038751c63bc2aadc06d"},"description":"Emina \u00c7unmulaj pak dit\u00eb m\u00eb par\u00eb ishte n\u00eb Shqip\u00ebri. Ajo kaloj\u00eb dit\u00eb t\u00eb bukura n\u00eb Tiran\u00eb, ku edhe zbuloj se \u00ebsht\u00eb shtatz\u00ebn\u00eb. Tani, modelja shqiptare me fam\u00eb","breadcrumb":{"@id":"https:\/\/www.visit-ulcinj.com\/blog\/2015\/10\/06\/ferrari-ri-emina-cunmulajt\/#breadcrumb"},"inLanguage":"en-US","potentialAction":[{"@type":"ReadAction","target":["https:\/\/www.visit-ulcinj.com\/blog\/2015\/10\/06\/ferrari-ri-emina-cunmulajt\/"]}]},{"@type":"BreadcrumbList","@id":"https:\/\/www.visit-ulcinj.com\/blog\/2015\/10\/06\/ferrari-ri-emina-cunmulajt\/#breadcrumb","itemListElement":[{"@type":"ListItem","position":1,"name":"Ferrari i ri i Emina \u00c7unmulajt"}]},{"@type":"Person","@id":"https:\/\/www.visit-ulcinj.com\/blog\/#\/schema\/person\/dcab619c614d3038751c63bc2aadc06d","name":"ulqini","sameAs":["http:\/\/www.visit-ulcinj.com"],"url":"https:\/\/www.visit-ulcinj.com\/blog\/author\/admin\/"}]}},"jetpack_featured_media_url":"","jetpack_sharing_enabled":true,"jetpack_shortlink":"https:\/\/wp.me\/pe6lTn-o5b","_links":{"self":[{"href":"https:\/\/www.visit-ulcinj.com\/blog\/wp-json\/wp\/v2\/posts\/92577"}],"collection":[{"href":"https:\/\/www.visit-ulcinj.com\/blog\/wp-json\/wp\/v2\/posts"}],"about":[{"href":"https:\/\/www.visit-ulcinj.com\/blog\/wp-json\/wp\/v2\/types\/post"}],"author":[{"embeddable":true,"href":"https:\/\/www.visit-ulcinj.com\/blog\/wp-json\/wp\/v2\/users\/1"}],"replies":[{"embeddable":true,"href":"https:\/\/www.visit-ulcinj.com\/blog\/wp-json\/wp\/v2\/comments?post=92577"}],"version-history":[{"count":3,"href":"https:\/\/www.visit-ulcinj.com\/blog\/wp-json\/wp\/v2\/posts\/92577\/revisions"}],"predecessor-version":[{"id":92588,"href":"https:\/\/www.visit-ulcinj.com\/blog\/wp-json\/wp\/v2\/posts\/92577\/revisions\/92588"}],"wp:attachment":[{"href":"https:\/\/www.visit-ulcinj.com\/blog\/wp-json\/wp\/v2\/media?parent=92577"}],"wp:term":[{"taxonomy":"category","embeddable":true,"href":"https:\/\/www.visit-ulcinj.com\/blog\/wp-json\/wp\/v2\/categories?post=92577"},{"taxonomy":"post_tag","embeddable":true,"href":"https:\/\/www.visit-ulcinj.com\/blog\/wp-json\/wp\/v2\/tags?post=92577"}],"curies":[{"name":"wp","href":"https:\/\/api.w.org\/{rel}","templated":true}]}}