{"id":92599,"date":"2015-10-07T18:57:32","date_gmt":"2015-10-07T17:57:32","guid":{"rendered":"http:\/\/www.visit-ulcinj.com\/blog\/?p=92599"},"modified":"2015-10-08T08:27:04","modified_gmt":"2015-10-08T07:27:04","slug":"opstini-ulcinj-prijeti-blokada-opstinskog-racuna","status":"publish","type":"post","link":"https:\/\/www.visit-ulcinj.com\/blog\/2015\/10\/07\/opstini-ulcinj-prijeti-blokada-opstinskog-racuna\/","title":{"rendered":"Op\u0161tini Ulcinj prijeti blokada op\u0161tinskog ra\u010duna &#8211; Video"},"content":{"rendered":"<p><a href=\"http:\/\/www.visit-ulcinj.com\/blog\/wp-content\/uploads\/2015\/10\/Fatmir-Djeka-1.jpg\"><img loading=\"lazy\" class=\"alignleft wp-image-92600\" src=\"http:\/\/www.visit-ulcinj.com\/blog\/wp-content\/uploads\/2015\/10\/Fatmir-Djeka-1.jpg\" alt=\"Fatmir-Djeka-1\" width=\"508\" height=\"381\" srcset=\"https:\/\/www.visit-ulcinj.com\/blog\/wp-content\/uploads\/2015\/10\/Fatmir-Djeka-1.jpg 640w, https:\/\/www.visit-ulcinj.com\/blog\/wp-content\/uploads\/2015\/10\/Fatmir-Djeka-1-300x225.jpg 300w\" sizes=\"(max-width: 508px) 100vw, 508px\" \/><\/a>Predsjednik Op\u0161tine Ulcinj Fatmir \u0110eka rekao je, na vanrednoj konferenciji za \u0161tampu, da se ta lokalna uprava suo\u010dava sa novom sudskom aferom koja ima koruptivne elemente i koja prijeti da tu op\u0161tinu dovede do bankrota.<\/p>\n<p>Naime, ovih dana Vi\u0161i sud u Podgorici je, kako tvrdi sekretar Sekretarijata za za\u0161titu imovine Ulcinj Gzim Had\u017eibeti, donio rje\u0161enje na \u0161tetu Op\u0161tine Ulcinj koja bi mogla da je ko\u0161ta oko pola miliona eura.<\/p>\n<p>Rije\u010d je o slu\u010daju firme \u201cProgres\u201d iz Pirota, odnosno o sudskom predmetu koji datira vi\u0161e od tri decenije. Radi se o naknadi koju je tu\u017eilac tra\u017eio od op\u0161tine Ulcinj za izuzimanje zemlji\u0161ta za parking biv\u0161eg hotela \u201cGaleb\u201d.<\/p>\n<p>Nakon \u0161to je ta srpska firma oti\u0161la u ste\u010daj, spor je otkupio njen dotada\u0161nji advokat Nu\u0161a Kala\u010d za 70 hiljada eura.<\/p>\n<p>Njegov zahtjev za obe\u0161te\u0107enje je odbacio Osnovni sud u Ulcinju, ali je Vi\u0161i sud u Podgorici ocijenio da je to bilo cesija i donio rje\u0161enje o naplati obe\u0161te\u0107enja.<\/p>\n<p>Osnovni sud u Ulcinju treba narednih dana da sprovede izvr\u0161enje.<\/p>\n<p>Had\u017eibeti je najavio da \u0107e uputiti zatjev nadle\u017enim organima za za\u0161titu zakonitosti, dok je \u0110eka izrazio sumnju da je u pitanju koruptivna afera koja moraju biti istra\u017eena od strane Tu\u017eila\u0161tva.<\/p>\n<p>\u201cZaklju\u010dci na\u0161ih analiza ovog apsurdnog sudskog procesa su da on involvira koruptivne afere koje moraju biti istra\u017eene od strane Tu\u017eila\u0161tva. Ovo je flagrantan primjer kr\u0161enja zakona bez presedana koji se hitno mora prekinuti\u201d, kazao je \u0110eka.<\/p>\n<p>On je novinarima saop\u0161tio kako su vi\u0161e puta o ovoj problematici razgovarali i sa predsjednicom Vrhovnog suda, predstavnicima Ministarstva pravde, sudijama Osnovnog suda u Ulcinju, sa kojima, kako je kazao, imaju korektne odnose i saradnju.<\/p>\n<p>\u201cMi tra\u017eimo da se hitno zaustavi eskalacija ove pojave koje je u su\u0161toj suprotnosti sa svim evropskim zakonima i standardima\u201d, izri\u010dit je \u0110eka.<\/p>\n<p>On je kazao da \u0107e, ukoliko do\u0111e do realizacije prinudne naplate ove sudske odluke, najvi\u0161e zbog toga trpjeti zaposleni u lokalnoj administraciji, preduze\u0107a koja se finansiraju iz op\u0161tinskog bud\u017eeta, kao i svi gra\u0111ani Ulcinja.<\/p>\n<p>\u201cOp\u0161tina Ulcinj, ionako najsiroma\u0161nija op\u0161tina Crnogorskog primorja, bi\u0107e dovedena u stanja bankrota i potpune paralize rada\u201d, kazao je \u0110eka i izrazio uvjerenje da mo\u017ee ra\u010dunati na podr\u0161ku svih odborni\u010dkih klubova politi\u010dkih partija SO Ulcinj i poslanika Skup\u0161tine Crne Gore.<\/p>\n<p><strong>Izvor: RTCG<\/strong><\/p>\n<!--YouTube Error: bad URL entered-->\n","protected":false},"excerpt":{"rendered":"<p>Predsjednik Op\u0161tine Ulcinj Fatmir \u0110eka rekao je, na vanrednoj konferenciji za \u0161tampu, da se ta lokalna uprava suo\u010dava sa novom sudskom aferom koja ima koruptivne elemente i koja prijeti da tu op\u0161tinu dovede do bankrota. Naime, ovih dana Vi\u0161i sud u Podgorici je, kako tvrdi sekretar Sekretarijata za za\u0161titu imovine Ulcinj Gzim Had\u017eibeti, donio rje\u0161enje [&hellip;]<\/p>\n","protected":false},"author":1,"featured_media":0,"comment_status":"closed","ping_status":"closed","sticky":false,"template":"","format":"standard","meta":{"spay_email":"","jetpack_publicize_message":"","jetpack_is_tweetstorm":false,"jetpack_publicize_feature_enabled":true},"categories":[8337],"tags":[],"jetpack_publicize_connections":[],"yoast_head":"<!-- This site is optimized with the Yoast SEO plugin v19.1 - https:\/\/yoast.com\/wordpress\/plugins\/seo\/ -->\n<title>Op\u0161tini Ulcinj prijeti blokada op\u0161tinskog ra\u010duna - Video - Lajme nga Ulqini<\/title>\n<meta name=\"description\" content=\"Predsjednik Op\u0161tine Ulcinj Fatmir \u0110eka rekao je, na vanrednoj konferenciji za \u0161tampu, da se ta lokalna uprava suo\u010dava sa novom sudskom aferom koja ima\" \/>\n<meta name=\"robots\" content=\"index, follow, max-snippet:-1, max-image-preview:large, max-video-preview:-1\" \/>\n<link rel=\"canonical\" href=\"https:\/\/www.visit-ulcinj.com\/blog\/2015\/10\/07\/opstini-ulcinj-prijeti-blokada-opstinskog-racuna\/\" \/>\n<meta property=\"og:locale\" content=\"en_US\" \/>\n<meta property=\"og:type\" content=\"article\" \/>\n<meta property=\"og:title\" content=\"Op\u0161tini Ulcinj prijeti blokada op\u0161tinskog ra\u010duna - Video - Lajme nga Ulqini\" \/>\n<meta property=\"og:description\" content=\"Predsjednik Op\u0161tine Ulcinj Fatmir \u0110eka rekao je, na vanrednoj konferenciji za \u0161tampu, da se ta lokalna uprava suo\u010dava sa novom sudskom aferom koja ima\" \/>\n<meta property=\"og:url\" content=\"https:\/\/www.visit-ulcinj.com\/blog\/2015\/10\/07\/opstini-ulcinj-prijeti-blokada-opstinskog-racuna\/\" \/>\n<meta property=\"og:site_name\" content=\"Lajme nga Ulqini\" \/>\n<meta property=\"article:published_time\" content=\"2015-10-07T17:57:32+00:00\" \/>\n<meta property=\"article:modified_time\" content=\"2015-10-08T07:27:04+00:00\" \/>\n<meta property=\"og:image\" content=\"http:\/\/www.visit-ulcinj.com\/blog\/wp-content\/uploads\/2015\/10\/Fatmir-Djeka-1.jpg\" \/>\n<meta name=\"twitter:label1\" content=\"Written by\" \/>\n\t<meta name=\"twitter:data1\" content=\"ulqini\" \/>\n\t<meta name=\"twitter:label2\" content=\"Est. reading time\" \/>\n\t<meta name=\"twitter:data2\" content=\"2 minutes\" \/>\n<script type=\"application\/ld+json\" class=\"yoast-schema-graph\">{\"@context\":\"https:\/\/schema.org\",\"@graph\":[{\"@type\":\"WebSite\",\"@id\":\"https:\/\/www.visit-ulcinj.com\/blog\/#website\",\"url\":\"https:\/\/www.visit-ulcinj.com\/blog\/\",\"name\":\"Lajme nga Ulqini\",\"description\":\"Lajme,Vijesti,Ulqini,Ulqin,Crna Gora,Mali i Zi\",\"potentialAction\":[{\"@type\":\"SearchAction\",\"target\":{\"@type\":\"EntryPoint\",\"urlTemplate\":\"https:\/\/www.visit-ulcinj.com\/blog\/?s={search_term_string}\"},\"query-input\":\"required name=search_term_string\"}],\"inLanguage\":\"en-US\"},{\"@type\":\"ImageObject\",\"inLanguage\":\"en-US\",\"@id\":\"https:\/\/www.visit-ulcinj.com\/blog\/2015\/10\/07\/opstini-ulcinj-prijeti-blokada-opstinskog-racuna\/#primaryimage\",\"url\":\"https:\/\/www.visit-ulcinj.com\/blog\/wp-content\/uploads\/2015\/10\/Fatmir-Djeka-1.jpg\",\"contentUrl\":\"https:\/\/www.visit-ulcinj.com\/blog\/wp-content\/uploads\/2015\/10\/Fatmir-Djeka-1.jpg\",\"width\":640,\"height\":480},{\"@type\":\"WebPage\",\"@id\":\"https:\/\/www.visit-ulcinj.com\/blog\/2015\/10\/07\/opstini-ulcinj-prijeti-blokada-opstinskog-racuna\/#webpage\",\"url\":\"https:\/\/www.visit-ulcinj.com\/blog\/2015\/10\/07\/opstini-ulcinj-prijeti-blokada-opstinskog-racuna\/\",\"name\":\"Op\u0161tini Ulcinj prijeti blokada op\u0161tinskog ra\u010duna - Video - Lajme nga Ulqini\",\"isPartOf\":{\"@id\":\"https:\/\/www.visit-ulcinj.com\/blog\/#website\"},\"primaryImageOfPage\":{\"@id\":\"https:\/\/www.visit-ulcinj.com\/blog\/2015\/10\/07\/opstini-ulcinj-prijeti-blokada-opstinskog-racuna\/#primaryimage\"},\"datePublished\":\"2015-10-07T17:57:32+00:00\",\"dateModified\":\"2015-10-08T07:27:04+00:00\",\"author\":{\"@id\":\"https:\/\/www.visit-ulcinj.com\/blog\/#\/schema\/person\/dcab619c614d3038751c63bc2aadc06d\"},\"description\":\"Predsjednik Op\u0161tine Ulcinj Fatmir \u0110eka rekao je, na vanrednoj konferenciji za \u0161tampu, da se ta lokalna uprava suo\u010dava sa novom sudskom aferom koja ima\",\"breadcrumb\":{\"@id\":\"https:\/\/www.visit-ulcinj.com\/blog\/2015\/10\/07\/opstini-ulcinj-prijeti-blokada-opstinskog-racuna\/#breadcrumb\"},\"inLanguage\":\"en-US\",\"potentialAction\":[{\"@type\":\"ReadAction\",\"target\":[\"https:\/\/www.visit-ulcinj.com\/blog\/2015\/10\/07\/opstini-ulcinj-prijeti-blokada-opstinskog-racuna\/\"]}]},{\"@type\":\"BreadcrumbList\",\"@id\":\"https:\/\/www.visit-ulcinj.com\/blog\/2015\/10\/07\/opstini-ulcinj-prijeti-blokada-opstinskog-racuna\/#breadcrumb\",\"itemListElement\":[{\"@type\":\"ListItem\",\"position\":1,\"name\":\"Op\u0161tini Ulcinj prijeti blokada op\u0161tinskog ra\u010duna &#8211; Video\"}]},{\"@type\":\"Person\",\"@id\":\"https:\/\/www.visit-ulcinj.com\/blog\/#\/schema\/person\/dcab619c614d3038751c63bc2aadc06d\",\"name\":\"ulqini\",\"sameAs\":[\"http:\/\/www.visit-ulcinj.com\"],\"url\":\"https:\/\/www.visit-ulcinj.com\/blog\/author\/admin\/\"}]}<\/script>\n<!-- \/ Yoast SEO plugin. -->","yoast_head_json":{"title":"Op\u0161tini Ulcinj prijeti blokada op\u0161tinskog ra\u010duna - Video - Lajme nga Ulqini","description":"Predsjednik Op\u0161tine Ulcinj Fatmir \u0110eka rekao je, na vanrednoj konferenciji za \u0161tampu, da se ta lokalna uprava suo\u010dava sa novom sudskom aferom koja ima","robots":{"index":"index","follow":"follow","max-snippet":"max-snippet:-1","max-image-preview":"max-image-preview:large","max-video-preview":"max-video-preview:-1"},"canonical":"https:\/\/www.visit-ulcinj.com\/blog\/2015\/10\/07\/opstini-ulcinj-prijeti-blokada-opstinskog-racuna\/","og_locale":"en_US","og_type":"article","og_title":"Op\u0161tini Ulcinj prijeti blokada op\u0161tinskog ra\u010duna - Video - Lajme nga Ulqini","og_description":"Predsjednik Op\u0161tine Ulcinj Fatmir \u0110eka rekao je, na vanrednoj konferenciji za \u0161tampu, da se ta lokalna uprava suo\u010dava sa novom sudskom aferom koja ima","og_url":"https:\/\/www.visit-ulcinj.com\/blog\/2015\/10\/07\/opstini-ulcinj-prijeti-blokada-opstinskog-racuna\/","og_site_name":"Lajme nga Ulqini","article_published_time":"2015-10-07T17:57:32+00:00","article_modified_time":"2015-10-08T07:27:04+00:00","og_image":[{"url":"http:\/\/www.visit-ulcinj.com\/blog\/wp-content\/uploads\/2015\/10\/Fatmir-Djeka-1.jpg"}],"twitter_misc":{"Written by":"ulqini","Est. reading time":"2 minutes"},"schema":{"@context":"https:\/\/schema.org","@graph":[{"@type":"WebSite","@id":"https:\/\/www.visit-ulcinj.com\/blog\/#website","url":"https:\/\/www.visit-ulcinj.com\/blog\/","name":"Lajme nga Ulqini","description":"Lajme,Vijesti,Ulqini,Ulqin,Crna Gora,Mali i Zi","potentialAction":[{"@type":"SearchAction","target":{"@type":"EntryPoint","urlTemplate":"https:\/\/www.visit-ulcinj.com\/blog\/?s={search_term_string}"},"query-input":"required name=search_term_string"}],"inLanguage":"en-US"},{"@type":"ImageObject","inLanguage":"en-US","@id":"https:\/\/www.visit-ulcinj.com\/blog\/2015\/10\/07\/opstini-ulcinj-prijeti-blokada-opstinskog-racuna\/#primaryimage","url":"https:\/\/www.visit-ulcinj.com\/blog\/wp-content\/uploads\/2015\/10\/Fatmir-Djeka-1.jpg","contentUrl":"https:\/\/www.visit-ulcinj.com\/blog\/wp-content\/uploads\/2015\/10\/Fatmir-Djeka-1.jpg","width":640,"height":480},{"@type":"WebPage","@id":"https:\/\/www.visit-ulcinj.com\/blog\/2015\/10\/07\/opstini-ulcinj-prijeti-blokada-opstinskog-racuna\/#webpage","url":"https:\/\/www.visit-ulcinj.com\/blog\/2015\/10\/07\/opstini-ulcinj-prijeti-blokada-opstinskog-racuna\/","name":"Op\u0161tini Ulcinj prijeti blokada op\u0161tinskog ra\u010duna - Video - Lajme nga Ulqini","isPartOf":{"@id":"https:\/\/www.visit-ulcinj.com\/blog\/#website"},"primaryImageOfPage":{"@id":"https:\/\/www.visit-ulcinj.com\/blog\/2015\/10\/07\/opstini-ulcinj-prijeti-blokada-opstinskog-racuna\/#primaryimage"},"datePublished":"2015-10-07T17:57:32+00:00","dateModified":"2015-10-08T07:27:04+00:00","author":{"@id":"https:\/\/www.visit-ulcinj.com\/blog\/#\/schema\/person\/dcab619c614d3038751c63bc2aadc06d"},"description":"Predsjednik Op\u0161tine Ulcinj Fatmir \u0110eka rekao je, na vanrednoj konferenciji za \u0161tampu, da se ta lokalna uprava suo\u010dava sa novom sudskom aferom koja ima","breadcrumb":{"@id":"https:\/\/www.visit-ulcinj.com\/blog\/2015\/10\/07\/opstini-ulcinj-prijeti-blokada-opstinskog-racuna\/#breadcrumb"},"inLanguage":"en-US","potentialAction":[{"@type":"ReadAction","target":["https:\/\/www.visit-ulcinj.com\/blog\/2015\/10\/07\/opstini-ulcinj-prijeti-blokada-opstinskog-racuna\/"]}]},{"@type":"BreadcrumbList","@id":"https:\/\/www.visit-ulcinj.com\/blog\/2015\/10\/07\/opstini-ulcinj-prijeti-blokada-opstinskog-racuna\/#breadcrumb","itemListElement":[{"@type":"ListItem","position":1,"name":"Op\u0161tini Ulcinj prijeti blokada op\u0161tinskog ra\u010duna &#8211; Video"}]},{"@type":"Person","@id":"https:\/\/www.visit-ulcinj.com\/blog\/#\/schema\/person\/dcab619c614d3038751c63bc2aadc06d","name":"ulqini","sameAs":["http:\/\/www.visit-ulcinj.com"],"url":"https:\/\/www.visit-ulcinj.com\/blog\/author\/admin\/"}]}},"jetpack_featured_media_url":"","jetpack_sharing_enabled":true,"jetpack_shortlink":"https:\/\/wp.me\/pe6lTn-o5x","_links":{"self":[{"href":"https:\/\/www.visit-ulcinj.com\/blog\/wp-json\/wp\/v2\/posts\/92599"}],"collection":[{"href":"https:\/\/www.visit-ulcinj.com\/blog\/wp-json\/wp\/v2\/posts"}],"about":[{"href":"https:\/\/www.visit-ulcinj.com\/blog\/wp-json\/wp\/v2\/types\/post"}],"author":[{"embeddable":true,"href":"https:\/\/www.visit-ulcinj.com\/blog\/wp-json\/wp\/v2\/users\/1"}],"replies":[{"embeddable":true,"href":"https:\/\/www.visit-ulcinj.com\/blog\/wp-json\/wp\/v2\/comments?post=92599"}],"version-history":[{"count":3,"href":"https:\/\/www.visit-ulcinj.com\/blog\/wp-json\/wp\/v2\/posts\/92599\/revisions"}],"predecessor-version":[{"id":92608,"href":"https:\/\/www.visit-ulcinj.com\/blog\/wp-json\/wp\/v2\/posts\/92599\/revisions\/92608"}],"wp:attachment":[{"href":"https:\/\/www.visit-ulcinj.com\/blog\/wp-json\/wp\/v2\/media?parent=92599"}],"wp:term":[{"taxonomy":"category","embeddable":true,"href":"https:\/\/www.visit-ulcinj.com\/blog\/wp-json\/wp\/v2\/categories?post=92599"},{"taxonomy":"post_tag","embeddable":true,"href":"https:\/\/www.visit-ulcinj.com\/blog\/wp-json\/wp\/v2\/tags?post=92599"}],"curies":[{"name":"wp","href":"https:\/\/api.w.org\/{rel}","templated":true}]}}