{"id":92609,"date":"2015-10-08T12:07:33","date_gmt":"2015-10-08T11:07:33","guid":{"rendered":"http:\/\/www.visit-ulcinj.com\/blog\/?p=92609"},"modified":"2015-10-08T12:07:33","modified_gmt":"2015-10-08T11:07:33","slug":"hiti-per-ulqinin-padyshim-eshte-kenga-2-milion-klikime-merre-zemren-tem","status":"publish","type":"post","link":"https:\/\/www.visit-ulcinj.com\/blog\/2015\/10\/08\/hiti-per-ulqinin-padyshim-eshte-kenga-2-milion-klikime-merre-zemren-tem\/","title":{"rendered":"Hiti p\u00ebr Ulqinin padyshim \u00ebsht\u00eb k\u00ebnga me 2 milion klikime &#8220;Merre zemren tem&#8221;"},"content":{"rendered":"<p class=\"yt watch-title-container\"><a href=\"http:\/\/www.visit-ulcinj.com\/blog\/wp-content\/uploads\/2015\/10\/Butrint-Imeri-Ulqin.jpg\"><img loading=\"lazy\" class=\"alignleft wp-image-92610\" src=\"http:\/\/www.visit-ulcinj.com\/blog\/wp-content\/uploads\/2015\/10\/Butrint-Imeri-Ulqin.jpg\" alt=\"Butrint-Imeri-Ulqin\" width=\"508\" height=\"251\" srcset=\"https:\/\/www.visit-ulcinj.com\/blog\/wp-content\/uploads\/2015\/10\/Butrint-Imeri-Ulqin.jpg 850w, https:\/\/www.visit-ulcinj.com\/blog\/wp-content\/uploads\/2015\/10\/Butrint-Imeri-Ulqin-300x148.jpg 300w\" sizes=\"(max-width: 508px) 100vw, 508px\" \/><\/a>K\u00ebnga e <span id=\"eow-title\" class=\"watch-title \" dir=\"ltr\" title=\"Butrint Imeri - Merre zemren tem\"><strong>Butrint Imerit me k\u00ebngen &#8221; Merre zemren tem&#8221;<\/strong> esht\u00eb duke u b\u00ebr\u00eb k\u00ebt\u00eb hit q\u00eb tashm\u00eb ka pushtuar tregun e muzik\u00ebs n\u00eb trojet shqiptare dhe an\u00eb e mbar\u00eb bot\u00ebs.<br \/>\n<\/span><\/p>\n<p class=\"yt watch-title-container\">Kenga <span id=\"eow-title\" class=\"watch-title \" dir=\"ltr\" title=\"Butrint Imeri - Merre zemren tem\"> &#8221; Merre zemren tem&#8221; <\/span>ka kaluar shifr\u00ebn e 1,834,790 shikimeve n\u00eb YouTube, q\u00eb u lansua me 10 korrik\u00a0 n\u00eb kanalin Youtube.<\/p>\n<p class=\"yt watch-title-container\">E q\u00eb nga ajo dit\u00eb e deri me tani, k\u00ebnga ka arritur q\u00eb t\u2019i grumbulloj\u00eb af\u00ebr 2 milion klikime brenda k\u00ebtij kanali.<\/p>\n<p>K\u00ebt\u00eb gj\u00eb e ka konfirmuar vet k\u00ebng\u00ebtari Butrint Imeri p\u00ebrmes publikimit n\u00eb facebook, ku p\u00ebrve\u00e7 q\u00eb i ka fal\u00ebnderuar fansat p\u00ebr mb\u00ebshteje i ka ftuar ata q\u00eb t\u00eb vazhdojn\u00eb e ta d\u00ebgjojn\u00eb.<\/p>\n<p>Ky \u00ebsht\u00eb nj\u00eb sukses i madh p\u00ebr k\u00ebng\u00ebtarin , pasi q\u00eb edhe klipi i &#8220;<strong><span id=\"eow-title\" class=\"watch-title \" dir=\"ltr\" title=\"Butrint feat. Real &amp; Blunt - Ki me lyp\">Butrint feat. Real &amp; Blunt &#8211; Ki me lyp&#8221; <\/span><\/strong>ka arritur q\u00eb t\u00eb mbledh nj\u00eb num\u00ebr kaq t\u00eb madh t\u00eb klikimeve p\u00ebr afro 3 milion 390\u00a0334 n\u00eb You Tube.<\/p>\n<!--YouTube Error: bad URL entered-->\n","protected":false},"excerpt":{"rendered":"<p>K\u00ebnga e Butrint Imerit me k\u00ebngen &#8221; Merre zemren tem&#8221; esht\u00eb duke u b\u00ebr\u00eb k\u00ebt\u00eb hit q\u00eb tashm\u00eb ka pushtuar tregun e muzik\u00ebs n\u00eb trojet shqiptare dhe an\u00eb e mbar\u00eb bot\u00ebs. Kenga &#8221; Merre zemren tem&#8221; ka kaluar shifr\u00ebn e 1,834,790 shikimeve n\u00eb YouTube, q\u00eb u lansua me 10 korrik\u00a0 n\u00eb kanalin Youtube. E q\u00eb [&hellip;]<\/p>\n","protected":false},"author":1,"featured_media":0,"comment_status":"closed","ping_status":"closed","sticky":false,"template":"","format":"standard","meta":{"spay_email":"","jetpack_publicize_message":"","jetpack_is_tweetstorm":false,"jetpack_publicize_feature_enabled":true},"categories":[1],"tags":[],"jetpack_publicize_connections":[],"yoast_head":"<!-- This site is optimized with the Yoast SEO plugin v19.1 - https:\/\/yoast.com\/wordpress\/plugins\/seo\/ -->\n<title>Hiti p\u00ebr Ulqinin padyshim \u00ebsht\u00eb k\u00ebnga me 2 milion klikime &quot;Merre zemren tem&quot; - Lajme nga Ulqini<\/title>\n<meta name=\"description\" content=\"K\u00ebnga e Butrint Imerit me k\u00ebngen &quot; Merre zemren tem&quot; esht\u00eb duke u b\u00ebr\u00eb k\u00ebt\u00eb hit q\u00eb tashm\u00eb ka pushtuar tregun e muzik\u00ebs n\u00eb trojet shqiptare dhe an\u00eb e mbar\u00eb\" \/>\n<meta name=\"robots\" content=\"index, follow, max-snippet:-1, max-image-preview:large, max-video-preview:-1\" \/>\n<link rel=\"canonical\" href=\"https:\/\/www.visit-ulcinj.com\/blog\/2015\/10\/08\/hiti-per-ulqinin-padyshim-eshte-kenga-2-milion-klikime-merre-zemren-tem\/\" \/>\n<meta property=\"og:locale\" content=\"en_US\" \/>\n<meta property=\"og:type\" content=\"article\" \/>\n<meta property=\"og:title\" content=\"Hiti p\u00ebr Ulqinin padyshim \u00ebsht\u00eb k\u00ebnga me 2 milion klikime &quot;Merre zemren tem&quot; - Lajme nga Ulqini\" \/>\n<meta property=\"og:description\" content=\"K\u00ebnga e Butrint Imerit me k\u00ebngen &quot; Merre zemren tem&quot; esht\u00eb duke u b\u00ebr\u00eb k\u00ebt\u00eb hit q\u00eb tashm\u00eb ka pushtuar tregun e muzik\u00ebs n\u00eb trojet shqiptare dhe an\u00eb e mbar\u00eb\" \/>\n<meta property=\"og:url\" content=\"https:\/\/www.visit-ulcinj.com\/blog\/2015\/10\/08\/hiti-per-ulqinin-padyshim-eshte-kenga-2-milion-klikime-merre-zemren-tem\/\" \/>\n<meta property=\"og:site_name\" content=\"Lajme nga Ulqini\" \/>\n<meta property=\"article:published_time\" content=\"2015-10-08T11:07:33+00:00\" \/>\n<meta property=\"og:image\" content=\"http:\/\/www.visit-ulcinj.com\/blog\/wp-content\/uploads\/2015\/10\/Butrint-Imeri-Ulqin.jpg\" \/>\n<meta name=\"twitter:label1\" content=\"Written by\" \/>\n\t<meta name=\"twitter:data1\" content=\"ulqini\" \/>\n\t<meta name=\"twitter:label2\" content=\"Est. reading time\" \/>\n\t<meta name=\"twitter:data2\" content=\"1 minute\" \/>\n<script type=\"application\/ld+json\" class=\"yoast-schema-graph\">{\"@context\":\"https:\/\/schema.org\",\"@graph\":[{\"@type\":\"WebSite\",\"@id\":\"https:\/\/www.visit-ulcinj.com\/blog\/#website\",\"url\":\"https:\/\/www.visit-ulcinj.com\/blog\/\",\"name\":\"Lajme nga Ulqini\",\"description\":\"Lajme,Vijesti,Ulqini,Ulqin,Crna Gora,Mali i Zi\",\"potentialAction\":[{\"@type\":\"SearchAction\",\"target\":{\"@type\":\"EntryPoint\",\"urlTemplate\":\"https:\/\/www.visit-ulcinj.com\/blog\/?s={search_term_string}\"},\"query-input\":\"required name=search_term_string\"}],\"inLanguage\":\"en-US\"},{\"@type\":\"ImageObject\",\"inLanguage\":\"en-US\",\"@id\":\"https:\/\/www.visit-ulcinj.com\/blog\/2015\/10\/08\/hiti-per-ulqinin-padyshim-eshte-kenga-2-milion-klikime-merre-zemren-tem\/#primaryimage\",\"url\":\"https:\/\/www.visit-ulcinj.com\/blog\/wp-content\/uploads\/2015\/10\/Butrint-Imeri-Ulqin.jpg\",\"contentUrl\":\"https:\/\/www.visit-ulcinj.com\/blog\/wp-content\/uploads\/2015\/10\/Butrint-Imeri-Ulqin.jpg\",\"width\":850,\"height\":420},{\"@type\":\"WebPage\",\"@id\":\"https:\/\/www.visit-ulcinj.com\/blog\/2015\/10\/08\/hiti-per-ulqinin-padyshim-eshte-kenga-2-milion-klikime-merre-zemren-tem\/#webpage\",\"url\":\"https:\/\/www.visit-ulcinj.com\/blog\/2015\/10\/08\/hiti-per-ulqinin-padyshim-eshte-kenga-2-milion-klikime-merre-zemren-tem\/\",\"name\":\"Hiti p\u00ebr Ulqinin padyshim \u00ebsht\u00eb k\u00ebnga me 2 milion klikime \\\"Merre zemren tem\\\" - Lajme nga Ulqini\",\"isPartOf\":{\"@id\":\"https:\/\/www.visit-ulcinj.com\/blog\/#website\"},\"primaryImageOfPage\":{\"@id\":\"https:\/\/www.visit-ulcinj.com\/blog\/2015\/10\/08\/hiti-per-ulqinin-padyshim-eshte-kenga-2-milion-klikime-merre-zemren-tem\/#primaryimage\"},\"datePublished\":\"2015-10-08T11:07:33+00:00\",\"dateModified\":\"2015-10-08T11:07:33+00:00\",\"author\":{\"@id\":\"https:\/\/www.visit-ulcinj.com\/blog\/#\/schema\/person\/dcab619c614d3038751c63bc2aadc06d\"},\"description\":\"K\u00ebnga e Butrint Imerit me k\u00ebngen \\\" Merre zemren tem\\\" esht\u00eb duke u b\u00ebr\u00eb k\u00ebt\u00eb hit q\u00eb tashm\u00eb ka pushtuar tregun e muzik\u00ebs n\u00eb trojet shqiptare dhe an\u00eb e mbar\u00eb\",\"breadcrumb\":{\"@id\":\"https:\/\/www.visit-ulcinj.com\/blog\/2015\/10\/08\/hiti-per-ulqinin-padyshim-eshte-kenga-2-milion-klikime-merre-zemren-tem\/#breadcrumb\"},\"inLanguage\":\"en-US\",\"potentialAction\":[{\"@type\":\"ReadAction\",\"target\":[\"https:\/\/www.visit-ulcinj.com\/blog\/2015\/10\/08\/hiti-per-ulqinin-padyshim-eshte-kenga-2-milion-klikime-merre-zemren-tem\/\"]}]},{\"@type\":\"BreadcrumbList\",\"@id\":\"https:\/\/www.visit-ulcinj.com\/blog\/2015\/10\/08\/hiti-per-ulqinin-padyshim-eshte-kenga-2-milion-klikime-merre-zemren-tem\/#breadcrumb\",\"itemListElement\":[{\"@type\":\"ListItem\",\"position\":1,\"name\":\"Hiti p\u00ebr Ulqinin padyshim \u00ebsht\u00eb k\u00ebnga me 2 milion klikime &#8220;Merre zemren tem&#8221;\"}]},{\"@type\":\"Person\",\"@id\":\"https:\/\/www.visit-ulcinj.com\/blog\/#\/schema\/person\/dcab619c614d3038751c63bc2aadc06d\",\"name\":\"ulqini\",\"sameAs\":[\"http:\/\/www.visit-ulcinj.com\"],\"url\":\"https:\/\/www.visit-ulcinj.com\/blog\/author\/admin\/\"}]}<\/script>\n<!-- \/ Yoast SEO plugin. -->","yoast_head_json":{"title":"Hiti p\u00ebr Ulqinin padyshim \u00ebsht\u00eb k\u00ebnga me 2 milion klikime \"Merre zemren tem\" - Lajme nga Ulqini","description":"K\u00ebnga e Butrint Imerit me k\u00ebngen \" Merre zemren tem\" esht\u00eb duke u b\u00ebr\u00eb k\u00ebt\u00eb hit q\u00eb tashm\u00eb ka pushtuar tregun e muzik\u00ebs n\u00eb trojet shqiptare dhe an\u00eb e mbar\u00eb","robots":{"index":"index","follow":"follow","max-snippet":"max-snippet:-1","max-image-preview":"max-image-preview:large","max-video-preview":"max-video-preview:-1"},"canonical":"https:\/\/www.visit-ulcinj.com\/blog\/2015\/10\/08\/hiti-per-ulqinin-padyshim-eshte-kenga-2-milion-klikime-merre-zemren-tem\/","og_locale":"en_US","og_type":"article","og_title":"Hiti p\u00ebr Ulqinin padyshim \u00ebsht\u00eb k\u00ebnga me 2 milion klikime \"Merre zemren tem\" - Lajme nga Ulqini","og_description":"K\u00ebnga e Butrint Imerit me k\u00ebngen \" Merre zemren tem\" esht\u00eb duke u b\u00ebr\u00eb k\u00ebt\u00eb hit q\u00eb tashm\u00eb ka pushtuar tregun e muzik\u00ebs n\u00eb trojet shqiptare dhe an\u00eb e mbar\u00eb","og_url":"https:\/\/www.visit-ulcinj.com\/blog\/2015\/10\/08\/hiti-per-ulqinin-padyshim-eshte-kenga-2-milion-klikime-merre-zemren-tem\/","og_site_name":"Lajme nga Ulqini","article_published_time":"2015-10-08T11:07:33+00:00","og_image":[{"url":"http:\/\/www.visit-ulcinj.com\/blog\/wp-content\/uploads\/2015\/10\/Butrint-Imeri-Ulqin.jpg"}],"twitter_misc":{"Written by":"ulqini","Est. reading time":"1 minute"},"schema":{"@context":"https:\/\/schema.org","@graph":[{"@type":"WebSite","@id":"https:\/\/www.visit-ulcinj.com\/blog\/#website","url":"https:\/\/www.visit-ulcinj.com\/blog\/","name":"Lajme nga Ulqini","description":"Lajme,Vijesti,Ulqini,Ulqin,Crna Gora,Mali i Zi","potentialAction":[{"@type":"SearchAction","target":{"@type":"EntryPoint","urlTemplate":"https:\/\/www.visit-ulcinj.com\/blog\/?s={search_term_string}"},"query-input":"required name=search_term_string"}],"inLanguage":"en-US"},{"@type":"ImageObject","inLanguage":"en-US","@id":"https:\/\/www.visit-ulcinj.com\/blog\/2015\/10\/08\/hiti-per-ulqinin-padyshim-eshte-kenga-2-milion-klikime-merre-zemren-tem\/#primaryimage","url":"https:\/\/www.visit-ulcinj.com\/blog\/wp-content\/uploads\/2015\/10\/Butrint-Imeri-Ulqin.jpg","contentUrl":"https:\/\/www.visit-ulcinj.com\/blog\/wp-content\/uploads\/2015\/10\/Butrint-Imeri-Ulqin.jpg","width":850,"height":420},{"@type":"WebPage","@id":"https:\/\/www.visit-ulcinj.com\/blog\/2015\/10\/08\/hiti-per-ulqinin-padyshim-eshte-kenga-2-milion-klikime-merre-zemren-tem\/#webpage","url":"https:\/\/www.visit-ulcinj.com\/blog\/2015\/10\/08\/hiti-per-ulqinin-padyshim-eshte-kenga-2-milion-klikime-merre-zemren-tem\/","name":"Hiti p\u00ebr Ulqinin padyshim \u00ebsht\u00eb k\u00ebnga me 2 milion klikime \"Merre zemren tem\" - Lajme nga Ulqini","isPartOf":{"@id":"https:\/\/www.visit-ulcinj.com\/blog\/#website"},"primaryImageOfPage":{"@id":"https:\/\/www.visit-ulcinj.com\/blog\/2015\/10\/08\/hiti-per-ulqinin-padyshim-eshte-kenga-2-milion-klikime-merre-zemren-tem\/#primaryimage"},"datePublished":"2015-10-08T11:07:33+00:00","dateModified":"2015-10-08T11:07:33+00:00","author":{"@id":"https:\/\/www.visit-ulcinj.com\/blog\/#\/schema\/person\/dcab619c614d3038751c63bc2aadc06d"},"description":"K\u00ebnga e Butrint Imerit me k\u00ebngen \" Merre zemren tem\" esht\u00eb duke u b\u00ebr\u00eb k\u00ebt\u00eb hit q\u00eb tashm\u00eb ka pushtuar tregun e muzik\u00ebs n\u00eb trojet shqiptare dhe an\u00eb e mbar\u00eb","breadcrumb":{"@id":"https:\/\/www.visit-ulcinj.com\/blog\/2015\/10\/08\/hiti-per-ulqinin-padyshim-eshte-kenga-2-milion-klikime-merre-zemren-tem\/#breadcrumb"},"inLanguage":"en-US","potentialAction":[{"@type":"ReadAction","target":["https:\/\/www.visit-ulcinj.com\/blog\/2015\/10\/08\/hiti-per-ulqinin-padyshim-eshte-kenga-2-milion-klikime-merre-zemren-tem\/"]}]},{"@type":"BreadcrumbList","@id":"https:\/\/www.visit-ulcinj.com\/blog\/2015\/10\/08\/hiti-per-ulqinin-padyshim-eshte-kenga-2-milion-klikime-merre-zemren-tem\/#breadcrumb","itemListElement":[{"@type":"ListItem","position":1,"name":"Hiti p\u00ebr Ulqinin padyshim \u00ebsht\u00eb k\u00ebnga me 2 milion klikime &#8220;Merre zemren tem&#8221;"}]},{"@type":"Person","@id":"https:\/\/www.visit-ulcinj.com\/blog\/#\/schema\/person\/dcab619c614d3038751c63bc2aadc06d","name":"ulqini","sameAs":["http:\/\/www.visit-ulcinj.com"],"url":"https:\/\/www.visit-ulcinj.com\/blog\/author\/admin\/"}]}},"jetpack_featured_media_url":"","jetpack_sharing_enabled":true,"jetpack_shortlink":"https:\/\/wp.me\/pe6lTn-o5H","_links":{"self":[{"href":"https:\/\/www.visit-ulcinj.com\/blog\/wp-json\/wp\/v2\/posts\/92609"}],"collection":[{"href":"https:\/\/www.visit-ulcinj.com\/blog\/wp-json\/wp\/v2\/posts"}],"about":[{"href":"https:\/\/www.visit-ulcinj.com\/blog\/wp-json\/wp\/v2\/types\/post"}],"author":[{"embeddable":true,"href":"https:\/\/www.visit-ulcinj.com\/blog\/wp-json\/wp\/v2\/users\/1"}],"replies":[{"embeddable":true,"href":"https:\/\/www.visit-ulcinj.com\/blog\/wp-json\/wp\/v2\/comments?post=92609"}],"version-history":[{"count":1,"href":"https:\/\/www.visit-ulcinj.com\/blog\/wp-json\/wp\/v2\/posts\/92609\/revisions"}],"predecessor-version":[{"id":92611,"href":"https:\/\/www.visit-ulcinj.com\/blog\/wp-json\/wp\/v2\/posts\/92609\/revisions\/92611"}],"wp:attachment":[{"href":"https:\/\/www.visit-ulcinj.com\/blog\/wp-json\/wp\/v2\/media?parent=92609"}],"wp:term":[{"taxonomy":"category","embeddable":true,"href":"https:\/\/www.visit-ulcinj.com\/blog\/wp-json\/wp\/v2\/categories?post=92609"},{"taxonomy":"post_tag","embeddable":true,"href":"https:\/\/www.visit-ulcinj.com\/blog\/wp-json\/wp\/v2\/tags?post=92609"}],"curies":[{"name":"wp","href":"https:\/\/api.w.org\/{rel}","templated":true}]}}