{"id":9263,"date":"2009-01-17T11:52:51","date_gmt":"2009-01-17T10:52:51","guid":{"rendered":"http:\/\/www.visit-ulcinj.com\/blog\/?p=9263"},"modified":"2009-01-17T12:04:26","modified_gmt":"2009-01-17T11:04:26","slug":"dinosa-vujanovic-samo-sugerise","status":"publish","type":"post","link":"https:\/\/www.visit-ulcinj.com\/blog\/2009\/01\/17\/dinosa-vujanovic-samo-sugerise\/","title":{"rendered":"Dino\u0161a: Vujanovi? samo sugeri\u0161e"},"content":{"rendered":"<p><a rel=\"attachment wp-att-9268\" href=\"http:\/\/www.visit-ulcinj.com\/blog\/2009\/01\/17\/dinosa-vujanovic-samo-sugerise\/dinosha1-2\/\"><img loading=\"lazy\" class=\"alignleft size-full wp-image-9268\" title=\"dinosha1\" src=\"http:\/\/www.visit-ulcinj.com\/blog\/wp-content\/uploads\/2009\/01\/dinosha1.jpg\" alt=\"dinosha1\" width=\"357\" height=\"201\" srcset=\"https:\/\/www.visit-ulcinj.com\/blog\/wp-content\/uploads\/2009\/01\/dinosha1.jpg 450w, https:\/\/www.visit-ulcinj.com\/blog\/wp-content\/uploads\/2009\/01\/dinosha1-300x168.jpg 300w\" sizes=\"(max-width: 357px) 100vw, 357px\" \/><\/a>Predsjednik Demokratske unije Albanaca Ferhat Dino\u0161a izjavio je da ne treba \u017euriti sa uspostavljanjem diplomatskih odnosa Kosova i Crne Gore. Podsje?aju?i da Crnu Goru o?ekuju vanredni izbori &#8220;u rano prolje?e\u201c, Dino\u0161a je istakao da ?e pitanje ambasada biti zavr\u0161eno tokom godine.<\/p>\n<p>&#8220;Ne vidim da treba i?i na pre?ac i da se mora \u017euriti sa uspostavljanjem diplomatskih odnosa&#8230;Treba vidjeti \u0161ta sa parlamentarnim izborima i sa novom ve?inom u Crnoj Gori, i onda raditi na tome. Mislim da za to ima vremena\u201c, smatra Dino\u0161a.<\/p>\n<p>Komentari\u0161u?i izjavu predsjednika Filipa Vujanovi?a da je rano razgovarati o diplomatskim odnosima sa Pri\u0161tinom, Dino\u0161a je kazao da je shvatio kao sugestiju, a ne kao uslovljavanje.<\/p>\n<p>Vujanovi? je ju?e upozorio Pri\u0161tinu da se ne mo\u017ee razgovarati o uspostavljanju diplomatskih odnosa prije priznanja crnogorske manjine na Kosovu i obezbje?ivanja uslova za povratak nealbanskog stanovni\u0161tva iz Crne Gore u tu dr\u017eavu. Kosovski predsjednik Fatmir Sejdiu ranije je Vijestima najavio da ?e diplomatski odnosi biti uspostavljeni po?etkom godine.<\/p>\n<p>Podsje?aju?i da je imao puno kontakata sa zvani?nicima na Kosovu i Crnoj Gori, Dino\u0161a isti?e da mu je obja\u0161njeno da priznanje Kosova nije uslijedilo reda radi, nego da bi se unaprijedili odnosi. On ka\u017ee da kosovskim zvani?nicima nijesu strane sugestije povodom pitanja o statusu Crnogoraca na Kosovu i da je predsjedniku Udru\u017eenja Crnogoraca Kosova Slobodanu Vuji?i?u obe?ao da ?e se anga\u017eovati na rje\u0161avanju tog pitanja.<\/p>\n<p><strong>Izvor \/ Vijesti<\/strong><\/p>\n","protected":false},"excerpt":{"rendered":"<p>Predsjednik Demokratske unije Albanaca Ferhat Dino\u0161a izjavio je da ne treba \u017euriti sa uspostavljanjem diplomatskih odnosa Kosova i Crne Gore. Podsje?aju?i da Crnu Goru o?ekuju vanredni izbori &#8220;u rano prolje?e\u201c, Dino\u0161a je istakao da ?e pitanje ambasada biti zavr\u0161eno tokom godine. &#8220;Ne vidim da treba i?i na pre?ac i da se mora \u017euriti sa uspostavljanjem [&hellip;]<\/p>\n","protected":false},"author":1,"featured_media":0,"comment_status":"open","ping_status":"closed","sticky":false,"template":"","format":"standard","meta":{"spay_email":"","jetpack_publicize_message":"","jetpack_is_tweetstorm":false,"jetpack_publicize_feature_enabled":true},"categories":[14],"tags":[5881,93,816],"jetpack_publicize_connections":[],"yoast_head":"<!-- This site is optimized with the Yoast SEO plugin v19.1 - https:\/\/yoast.com\/wordpress\/plugins\/seo\/ -->\n<title>Dino\u0161a: Vujanovi? samo sugeri\u0161e - Lajme nga Ulqini<\/title>\n<meta name=\"description\" content=\"Predsjednik Demokratske unije Albanaca Ferhat Dino\u0161a izjavio je da ne treba \u017euriti sa uspostavljanjem diplomatskih odnosa Kosova i Crne Gore. Podsje?aju?i\" \/>\n<meta name=\"robots\" content=\"index, follow, max-snippet:-1, max-image-preview:large, max-video-preview:-1\" \/>\n<link rel=\"canonical\" href=\"https:\/\/www.visit-ulcinj.com\/blog\/2009\/01\/17\/dinosa-vujanovic-samo-sugerise\/\" \/>\n<meta property=\"og:locale\" content=\"en_US\" \/>\n<meta property=\"og:type\" content=\"article\" \/>\n<meta property=\"og:title\" content=\"Dino\u0161a: Vujanovi? samo sugeri\u0161e - Lajme nga Ulqini\" \/>\n<meta property=\"og:description\" content=\"Predsjednik Demokratske unije Albanaca Ferhat Dino\u0161a izjavio je da ne treba \u017euriti sa uspostavljanjem diplomatskih odnosa Kosova i Crne Gore. Podsje?aju?i\" \/>\n<meta property=\"og:url\" content=\"https:\/\/www.visit-ulcinj.com\/blog\/2009\/01\/17\/dinosa-vujanovic-samo-sugerise\/\" \/>\n<meta property=\"og:site_name\" content=\"Lajme nga Ulqini\" \/>\n<meta property=\"article:published_time\" content=\"2009-01-17T10:52:51+00:00\" \/>\n<meta property=\"article:modified_time\" content=\"2009-01-17T11:04:26+00:00\" \/>\n<meta property=\"og:image\" content=\"http:\/\/www.visit-ulcinj.com\/blog\/wp-content\/uploads\/2009\/01\/dinosha1.jpg\" \/>\n<meta name=\"twitter:label1\" content=\"Written by\" \/>\n\t<meta name=\"twitter:data1\" content=\"ulqini\" \/>\n\t<meta name=\"twitter:label2\" content=\"Est. reading time\" \/>\n\t<meta name=\"twitter:data2\" content=\"1 minute\" \/>\n<script type=\"application\/ld+json\" class=\"yoast-schema-graph\">{\"@context\":\"https:\/\/schema.org\",\"@graph\":[{\"@type\":\"WebSite\",\"@id\":\"https:\/\/www.visit-ulcinj.com\/blog\/#website\",\"url\":\"https:\/\/www.visit-ulcinj.com\/blog\/\",\"name\":\"Lajme nga Ulqini\",\"description\":\"Lajme,Vijesti,Ulqini,Ulqin,Crna Gora,Mali i Zi\",\"potentialAction\":[{\"@type\":\"SearchAction\",\"target\":{\"@type\":\"EntryPoint\",\"urlTemplate\":\"https:\/\/www.visit-ulcinj.com\/blog\/?s={search_term_string}\"},\"query-input\":\"required name=search_term_string\"}],\"inLanguage\":\"en-US\"},{\"@type\":\"ImageObject\",\"inLanguage\":\"en-US\",\"@id\":\"https:\/\/www.visit-ulcinj.com\/blog\/2009\/01\/17\/dinosa-vujanovic-samo-sugerise\/#primaryimage\",\"url\":\"https:\/\/www.visit-ulcinj.com\/blog\/wp-content\/uploads\/2009\/01\/dinosha1.jpg\",\"contentUrl\":\"https:\/\/www.visit-ulcinj.com\/blog\/wp-content\/uploads\/2009\/01\/dinosha1.jpg\",\"width\":\"450\",\"height\":\"253\"},{\"@type\":\"WebPage\",\"@id\":\"https:\/\/www.visit-ulcinj.com\/blog\/2009\/01\/17\/dinosa-vujanovic-samo-sugerise\/#webpage\",\"url\":\"https:\/\/www.visit-ulcinj.com\/blog\/2009\/01\/17\/dinosa-vujanovic-samo-sugerise\/\",\"name\":\"Dino\u0161a: Vujanovi? samo sugeri\u0161e - Lajme nga Ulqini\",\"isPartOf\":{\"@id\":\"https:\/\/www.visit-ulcinj.com\/blog\/#website\"},\"primaryImageOfPage\":{\"@id\":\"https:\/\/www.visit-ulcinj.com\/blog\/2009\/01\/17\/dinosa-vujanovic-samo-sugerise\/#primaryimage\"},\"datePublished\":\"2009-01-17T10:52:51+00:00\",\"dateModified\":\"2009-01-17T11:04:26+00:00\",\"author\":{\"@id\":\"https:\/\/www.visit-ulcinj.com\/blog\/#\/schema\/person\/dcab619c614d3038751c63bc2aadc06d\"},\"description\":\"Predsjednik Demokratske unije Albanaca Ferhat Dino\u0161a izjavio je da ne treba \u017euriti sa uspostavljanjem diplomatskih odnosa Kosova i Crne Gore. Podsje?aju?i\",\"breadcrumb\":{\"@id\":\"https:\/\/www.visit-ulcinj.com\/blog\/2009\/01\/17\/dinosa-vujanovic-samo-sugerise\/#breadcrumb\"},\"inLanguage\":\"en-US\",\"potentialAction\":[{\"@type\":\"ReadAction\",\"target\":[\"https:\/\/www.visit-ulcinj.com\/blog\/2009\/01\/17\/dinosa-vujanovic-samo-sugerise\/\"]}]},{\"@type\":\"BreadcrumbList\",\"@id\":\"https:\/\/www.visit-ulcinj.com\/blog\/2009\/01\/17\/dinosa-vujanovic-samo-sugerise\/#breadcrumb\",\"itemListElement\":[{\"@type\":\"ListItem\",\"position\":1,\"name\":\"Dino\u0161a: Vujanovi? samo sugeri\u0161e\"}]},{\"@type\":\"Person\",\"@id\":\"https:\/\/www.visit-ulcinj.com\/blog\/#\/schema\/person\/dcab619c614d3038751c63bc2aadc06d\",\"name\":\"ulqini\",\"sameAs\":[\"http:\/\/www.visit-ulcinj.com\"],\"url\":\"https:\/\/www.visit-ulcinj.com\/blog\/author\/admin\/\"}]}<\/script>\n<!-- \/ Yoast SEO plugin. -->","yoast_head_json":{"title":"Dino\u0161a: Vujanovi? samo sugeri\u0161e - Lajme nga Ulqini","description":"Predsjednik Demokratske unije Albanaca Ferhat Dino\u0161a izjavio je da ne treba \u017euriti sa uspostavljanjem diplomatskih odnosa Kosova i Crne Gore. Podsje?aju?i","robots":{"index":"index","follow":"follow","max-snippet":"max-snippet:-1","max-image-preview":"max-image-preview:large","max-video-preview":"max-video-preview:-1"},"canonical":"https:\/\/www.visit-ulcinj.com\/blog\/2009\/01\/17\/dinosa-vujanovic-samo-sugerise\/","og_locale":"en_US","og_type":"article","og_title":"Dino\u0161a: Vujanovi? samo sugeri\u0161e - Lajme nga Ulqini","og_description":"Predsjednik Demokratske unije Albanaca Ferhat Dino\u0161a izjavio je da ne treba \u017euriti sa uspostavljanjem diplomatskih odnosa Kosova i Crne Gore. Podsje?aju?i","og_url":"https:\/\/www.visit-ulcinj.com\/blog\/2009\/01\/17\/dinosa-vujanovic-samo-sugerise\/","og_site_name":"Lajme nga Ulqini","article_published_time":"2009-01-17T10:52:51+00:00","article_modified_time":"2009-01-17T11:04:26+00:00","og_image":[{"url":"http:\/\/www.visit-ulcinj.com\/blog\/wp-content\/uploads\/2009\/01\/dinosha1.jpg"}],"twitter_misc":{"Written by":"ulqini","Est. reading time":"1 minute"},"schema":{"@context":"https:\/\/schema.org","@graph":[{"@type":"WebSite","@id":"https:\/\/www.visit-ulcinj.com\/blog\/#website","url":"https:\/\/www.visit-ulcinj.com\/blog\/","name":"Lajme nga Ulqini","description":"Lajme,Vijesti,Ulqini,Ulqin,Crna Gora,Mali i Zi","potentialAction":[{"@type":"SearchAction","target":{"@type":"EntryPoint","urlTemplate":"https:\/\/www.visit-ulcinj.com\/blog\/?s={search_term_string}"},"query-input":"required name=search_term_string"}],"inLanguage":"en-US"},{"@type":"ImageObject","inLanguage":"en-US","@id":"https:\/\/www.visit-ulcinj.com\/blog\/2009\/01\/17\/dinosa-vujanovic-samo-sugerise\/#primaryimage","url":"https:\/\/www.visit-ulcinj.com\/blog\/wp-content\/uploads\/2009\/01\/dinosha1.jpg","contentUrl":"https:\/\/www.visit-ulcinj.com\/blog\/wp-content\/uploads\/2009\/01\/dinosha1.jpg","width":"450","height":"253"},{"@type":"WebPage","@id":"https:\/\/www.visit-ulcinj.com\/blog\/2009\/01\/17\/dinosa-vujanovic-samo-sugerise\/#webpage","url":"https:\/\/www.visit-ulcinj.com\/blog\/2009\/01\/17\/dinosa-vujanovic-samo-sugerise\/","name":"Dino\u0161a: Vujanovi? samo sugeri\u0161e - Lajme nga Ulqini","isPartOf":{"@id":"https:\/\/www.visit-ulcinj.com\/blog\/#website"},"primaryImageOfPage":{"@id":"https:\/\/www.visit-ulcinj.com\/blog\/2009\/01\/17\/dinosa-vujanovic-samo-sugerise\/#primaryimage"},"datePublished":"2009-01-17T10:52:51+00:00","dateModified":"2009-01-17T11:04:26+00:00","author":{"@id":"https:\/\/www.visit-ulcinj.com\/blog\/#\/schema\/person\/dcab619c614d3038751c63bc2aadc06d"},"description":"Predsjednik Demokratske unije Albanaca Ferhat Dino\u0161a izjavio je da ne treba \u017euriti sa uspostavljanjem diplomatskih odnosa Kosova i Crne Gore. Podsje?aju?i","breadcrumb":{"@id":"https:\/\/www.visit-ulcinj.com\/blog\/2009\/01\/17\/dinosa-vujanovic-samo-sugerise\/#breadcrumb"},"inLanguage":"en-US","potentialAction":[{"@type":"ReadAction","target":["https:\/\/www.visit-ulcinj.com\/blog\/2009\/01\/17\/dinosa-vujanovic-samo-sugerise\/"]}]},{"@type":"BreadcrumbList","@id":"https:\/\/www.visit-ulcinj.com\/blog\/2009\/01\/17\/dinosa-vujanovic-samo-sugerise\/#breadcrumb","itemListElement":[{"@type":"ListItem","position":1,"name":"Dino\u0161a: Vujanovi? samo sugeri\u0161e"}]},{"@type":"Person","@id":"https:\/\/www.visit-ulcinj.com\/blog\/#\/schema\/person\/dcab619c614d3038751c63bc2aadc06d","name":"ulqini","sameAs":["http:\/\/www.visit-ulcinj.com"],"url":"https:\/\/www.visit-ulcinj.com\/blog\/author\/admin\/"}]}},"jetpack_featured_media_url":"","jetpack_sharing_enabled":true,"jetpack_shortlink":"https:\/\/wp.me\/pe6lTn-2pp","_links":{"self":[{"href":"https:\/\/www.visit-ulcinj.com\/blog\/wp-json\/wp\/v2\/posts\/9263"}],"collection":[{"href":"https:\/\/www.visit-ulcinj.com\/blog\/wp-json\/wp\/v2\/posts"}],"about":[{"href":"https:\/\/www.visit-ulcinj.com\/blog\/wp-json\/wp\/v2\/types\/post"}],"author":[{"embeddable":true,"href":"https:\/\/www.visit-ulcinj.com\/blog\/wp-json\/wp\/v2\/users\/1"}],"replies":[{"embeddable":true,"href":"https:\/\/www.visit-ulcinj.com\/blog\/wp-json\/wp\/v2\/comments?post=9263"}],"version-history":[{"count":0,"href":"https:\/\/www.visit-ulcinj.com\/blog\/wp-json\/wp\/v2\/posts\/9263\/revisions"}],"wp:attachment":[{"href":"https:\/\/www.visit-ulcinj.com\/blog\/wp-json\/wp\/v2\/media?parent=9263"}],"wp:term":[{"taxonomy":"category","embeddable":true,"href":"https:\/\/www.visit-ulcinj.com\/blog\/wp-json\/wp\/v2\/categories?post=9263"},{"taxonomy":"post_tag","embeddable":true,"href":"https:\/\/www.visit-ulcinj.com\/blog\/wp-json\/wp\/v2\/tags?post=9263"}],"curies":[{"name":"wp","href":"https:\/\/api.w.org\/{rel}","templated":true}]}}