{"id":92635,"date":"2015-10-09T20:44:44","date_gmt":"2015-10-09T19:44:44","guid":{"rendered":"http:\/\/www.visit-ulcinj.com\/blog\/?p=92635"},"modified":"2015-10-09T20:44:44","modified_gmt":"2015-10-09T19:44:44","slug":"danas-se-slavilo-dan-nara-u-vladimir-ulcinj","status":"publish","type":"post","link":"https:\/\/www.visit-ulcinj.com\/blog\/2015\/10\/09\/danas-se-slavilo-dan-nara-u-vladimir-ulcinj\/","title":{"rendered":"Danas se slavilo Dan nara u Vladimir &#8211; Ulcinj"},"content":{"rendered":"<p><span class=\"tekstcijeli\"><span class=\"kapital\"><a href=\"http:\/\/www.visit-ulcinj.com\/blog\/wp-content\/uploads\/2015\/10\/Festohet-Dita-Sheges-Ulqin.jpg\"><img loading=\"lazy\" class=\"alignleft wp-image-92633\" src=\"http:\/\/www.visit-ulcinj.com\/blog\/wp-content\/uploads\/2015\/10\/Festohet-Dita-Sheges-Ulqin.jpg\" alt=\"Festohet-Dita-Sheges-Ulqin\" width=\"508\" height=\"269\" srcset=\"https:\/\/www.visit-ulcinj.com\/blog\/wp-content\/uploads\/2015\/10\/Festohet-Dita-Sheges-Ulqin.jpg 881w, https:\/\/www.visit-ulcinj.com\/blog\/wp-content\/uploads\/2015\/10\/Festohet-Dita-Sheges-Ulqin-300x159.jpg 300w\" sizes=\"(max-width: 508px) 100vw, 508px\" \/><\/a>T<\/span>ra\u00addi\u00adci\u00ado\u00adnal\u00adnim oku\u00adplja\u00adnjem po\u00adljo\u00adpri\u00adved\u00adnih pro\u00adiz\u00advo\u00ad\u0111a\u00ad\u010da u Vla\u00addi\u00admi\u00adru, po\u00adsve\u00ad\u0107e\u00adnom na\u00adru, ju\u00ad\u010de je u naj\u00adju\u00ad\u017eni\u00adjoj op\u00ad\u0161ti\u00adni po\u00ad\u010de\u00adla tro\u00addnev\u00adna tu\u00adri\u00adsti\u010d\u00adka ma\u00adni\u00adfe\u00adsta\u00adci\u00adja \u201eDol\u00adci\u00adni\u00adum in\u00adter\u00adna\u00adci\u00ado\u00adnal fe\u00adsti\u00adval\u201c, \u010di\u00adji su or\u00adga\u00adni\u00adza\u00adto\u00adri Op\u00ad\u0161ti\u00adna Ul\u00adcinj i lo\u00adkal\u00adna Tu\u00adri\u00adsti\u010d\u00adka or\u00adga\u00adni\u00adza\u00adci\u00adja. Za raz\u00adli\u00adku od ra\u00adni\u00adjih go\u00addi\u00adna Dan na\u00adra obi\u00adlje\u00ad\u017een je skrom\u00adno, jer vre\u00admen\u00adski uslo\u00advi ni\u00adsu do\u00adzvo\u00adli\u00adli da ma\u00adni\u00adfe\u00adsta\u00adci\u00adja oku\u00adpi ve\u00ad\u0107i broj iz\u00adla\u00adga\u00ad\u010da i po\u00adsje\u00adti\u00adla\u00adca. Ipak, ki\u00ad\u0161a ni\u00adje u pot\u00adpu\u00adno\u00adsti spri\u00adje\u00ad\u010di\u00adla u\u010de\u00adsni\u00adke da na oko de\u00adse\u00adtak \u0161tan\u00addo\u00adva u cen\u00adtru MZ Vla\u00addi\u00admir pred\u00adsta\u00adve svo\u00adje pro\u00adiz\u00advo\u00adde. Po\u00adsje\u00adti\u00ado\u00adci su za\u00adhva\u00adlju\u00adju\u00ad\u0107i upor\u00adno\u00adsti iz\u00adla\u00adga\u00ad\u010da ipak mo\u00adgli da vi\u00adde i pr\u00ado\u00adba\u00adju nar, sok od ovog iz\u00adu\u00adze\u00adnog vo\u00ad\u0107a, ali i osta\u00adle po\u00adljo\u00adpri\u00advred\u00adne pro\u00adiz\u00advo\u00adde s ovog pod\u00adru\u010d\u00adja: man\u00adda\u00adri\u00adne, ma\u00adsli\u00adne, ja\u00adbu\u00adke, mli\u00adje\u010d\u00adne pro\u00adiz\u00advo\u00adde&#8230;Pred\u00adsjed\u00adnik Bi\u00adznis klu\u00adba \u201eAna\u00adma\u00adlit\u201c Ka\u00adbil Kur\u00adti is\u00adti\u00ad\u010de da se ma\u00adni\u00adfe\u00adsta\u00adci\u00adja odr\u00ad\u017ea\u00adva po \u010de\u00adtvr\u00adti put i da je njen osnov\u00adni cilj oku\u00adplja\u00adnje po\u00adljo\u00adpri\u00advred\u00adnih pro\u00adiz\u00advo\u00ad\u0111a\u00ad\u010da, po\u00adljo\u00adpri\u00advred\u00adnih stru\u010d\u00adnja\u00adka i tu\u00adri\u00adsti\u010d\u00adkih rad\u00adni\u00adka iz ze\u00admlje i re\u00adgi\u00ado\u00adna.<br \/>\n-Ma\u00adni\u00adfe\u00adsta\u00adci\u00adja pro\u00admo\u00advi\u00ad\u0161e kul\u00adtur\u00adne, tu\u00adri\u00adsti\u010d\u00adke i isto\u00adrij\u00adske vri\u00adjed\u00adno\u00adsti ovo\u00adga kra\u00adja i op\u00ad\u0161ti\u00adne Ul\u00adcinj. Osim na\u00adra pro\u00admo\u00advi\u00ad\u0161e\u00admo i dru\u00adge po\u00adljo\u00adpri\u00advred\u00adne pro\u00adiz\u00advo\u00adde ko\u00adji se ga\u00adje na ovom pro\u00adsto\u00adru. Uvje\u00adre\u00adni smo da je ovo do\u00adbar na\u00ad\u010din da pro\u00adiz\u00advo\u00ad\u0111a\u00ad\u010di, ne sa\u00admo sa ovog pod\u00adru\u010d\u00adja, pro\u00admo\u00advi\u00ad\u0161u svo\u00adje pro\u00adiz\u00advo\u00adde, dru\u00ad\u017ee se i raz\u00admje\u00adne is\u00adku\u00adstva &#8211; re\u00adkao je Kur\u00adti, i na\u00adgla\u00adsio da BKA ima do\u00adbru sa\u00adrad\u00adnju sa lo\u00adkal\u00adnim i dr\u00ad\u017eav\u00adnim in\u00adsti\u00adtu\u00adci\u00adja\u00adma. Di\u00adrek\u00adto\u00adri\u00adca Tu\u00adri\u00adsti\u010d\u00adke or\u00adga\u00adni\u00adza\u00adci\u00adje Za\u00adna Sar\u00advan pod\u00adsje\u00adti\u00adla je da je oku\u00adplja\u00adnje u Vla\u00addi\u00admi\u00adru sa\u00admo po\u00ad\u010de\u00adtak ma\u00adni\u00adfe\u00adsta\u00adci\u00adje ko\u00adja \u0107e tra\u00adja\u00adti ne\u00adko\u00adli\u00adko da\u00adna i bi\u00adti is\u00adpu\u00adnje\u00adna bo\u00adga\u00adtim sa\u00addr\u00ad\u017ea\u00adji\u00adma. \u017dao mi je \u0161to lo\u00ad\u0161e vri\u00adje\u00adme spri\u00adje\u00ad\u010da\u00adva ma\u00adsov\u00adni\u00adju po\u00adsje\u00adtu jer bi si\u00adgur\u00adno bi\u00adlo mno\u00adgo bo\u00adlje da nas vre\u00admen\u00adski uslo\u00advi ni\u00adsu ome\u00adli. Vje\u00adru\u00adjem da \u0107e dru\u00adga dva da\u00adna ma\u00adni\u00adfe\u00adsta\u00adci\u00adje pro\u00ad\u0107i bo\u00adlje jer smo pla\u00adni\u00adra\u00adli da u Cen\u00adtru za kul\u00adtu\u00adru odr\u00ad\u017ei\u00admo Fol\u00adklor\u00adni fe\u00adsti\u00adval na ko\u00adjem \u0107e se oku\u00adpi\u00adti dru\u00ad\u0161tva iz 10 ze\u00adma\u00adlja re\u00adgi\u00ado\u00adna. Osnov\u00adna ide\u00adja je da pro\u00addu\u00ad\u017ei\u00admo tu\u00adri\u00adsti\u010d\u00adku se\u00adzo\u00adnu u Val\u00addi\u00admi\u00adru, a \u017ee\u00adli\u00admo da afir\u00admi\u00ad\u0161e\u00admo i ru\u00adral\u00adni tu\u00adri\u00adzam kao i da pred\u00adsta\u00advi\u00admo po\u00adljo\u00adpri\u00advre\u00addu ovog kra\u00adja &#8211; ka\u00adza\u00adla je Sar\u00advan.<br \/>\nPre\u00adma ri\u00adje\u00ad\u010di\u00adma ge\u00adne\u00adral\u00adne di\u00adrek\u00adto\u00adri\u00adce za po\u00adljo\u00adpri\u00advre\u00addu i ri\u00adbar\u00adstvo Da\u00adni\u00adje\u00adle Sto\u00adli\u00adce ma\u00adni\u00adfe\u00adsta\u00adci\u00adje po\u00adput Da\u00adna na\u00adra ima\u00adju vi\u00ad\u0161e\u00adstru\u00adki zna\u00ad\u010daj jer afir\u00admi\u00ad\u0161u po\u00adljo\u00adpri\u00advre\u00addu i tu\u00adri\u00adzam, od\u00adno\u00adsno oku\u00adplja\u00adju pro\u00adiz\u00advo\u00ad\u0111a\u00ad\u010de, pro\u00admo\u00advi\u00ad\u0161u nji\u00adho\u00adve pro\u00adiz\u00advo\u00adde i pri\u00advla\u00ad\u010de tu\u00adri\u00adste.<br \/>\n\u2013 Da\u00adnas obi\u00adlje\u00ad\u017ea\u00adva\u00admo Dan na\u00adra, ali u ci\u00adje\u00adloj Cr\u00adnoj Go\u00adri ima do\u00adsta sli\u010d\u00adnih ma\u00adni\u00adfe\u00adsta\u00adci\u00adja ko\u00adji\u00adma se pro\u00admo\u00advi\u00ad\u0161u pro\u00adiz\u00advo\u00addi i pri\u00adje sve\u00adga pro\u00adiz\u00advo\u00ad\u0111a\u00ad\u010di. To je do\u00adbra pri\u00adli\u00adka da se sret\u00adnu i raz\u00admje\u00adne is\u00adku\u00adstva, ka\u00adko bi una\u00adpri\u00adje\u00addi\u00adli pro\u00adiz\u00advod\u00adnju. Po\u00adli\u00adti\u00adka Mi\u00adni\u00adstar\u00adstva po\u00adljo\u00adpri\u00advre\u00adde je da te\u00ad\u017ei ka \u0161to ve\u00ad\u0107em kva\u00adli\u00adte\u00adtu pro\u00adiz\u00advo\u00adda ali i da po\u00addr\u00ad\u017ei da se sa\u00ad\u010du\u00adva sve ono \u0161to je tra\u00addi\u00adci\u00ado\u00adnal\u00adno i autoh\u00adto\u00adno. Ko\u00adri\u00adstim pri\u00adli\u00adku da po\u00adzo\u00advem ugo\u00adsti\u00adte\u00adtlje da pre\u00adpo\u00adzna\u00adju bo\u00adgat\u00adsvo pro\u00adiz\u00advo\u00adda ovog kra\u00adja i da ih uvr\u00adste u svo\u00adju po\u00adnu\u00addu ka\u00adko bi tu\u00adri\u00adsti ko\u00adji po\u00adsje\u00adte Cr\u00adnu Go\u00adru ima\u00adli pri\u00adli\u00adke da se uvje\u00adre u nji\u00adhov kva\u00adli\u00adtet. Da\u00adnas je to nar ko\u00adji ni\u00adje pred\u00adstva\u00adljen sa\u00admo kao pri\u00admar\u00adni pro\u00adiz\u00advod \u0161to je nje\u00adgo\u00adva po\u00adseb\u00adna vri\u00adjed\u00adnost. Na\u00adsta\u00advi\u00ad\u0107e\u00admo da po\u00addr\u00ad\u017ea\u00adva\u00admo ova\u00adkve sku\u00adpo\u00adve kao i sve pro\u00adjek\u00adte ko\u00adji do\u00adpri\u00adno\u00adse raz\u00advo\u00adju i afir\u00adma\u00adci\u00adji ru\u00adral\u00adnih pod\u00adru\u010d\u00adja Cr\u00adne Go\u00adre &#8211; ka\u00adza\u00adla je Sto\u00adli\u00adca.<br \/>\nPred\u00adstva\u00adni\u00adci BK \u201eAna\u00adma\u00adlit\u201c za\u00adjed\u00adno sa pre\u00addatvni\u00adci\u00adma Mi\u00adni\u00adstar\u00adstva po\u00adljo\u00adpri\u00advre\u00adde i go\u00adsti\u00adma ob\u00adi\u00ad\u0161li su sve \u0161tan\u00addo\u00adve raz\u00adgo\u00adva\u00adra\u00adli sa pro\u00adiz\u00advo\u00ad\u0111a\u00ad\u010di\u00adma i pro\u00adba\u00adli pro\u00adiz\u00advo\u00adde. U\u010de\u00adsni\u00adci ma\u00adni\u00adfe\u00adsta\u00adci\u00adje mo\u00adgli su da pro\u00adba\u00adju nar ali i dru\u00adgo me\u00addi\u00adte\u00adran\u00adsko vo\u00ad\u0107e, a ve\u00adli\u00adki broj po\u00adsje\u00adti\u00adla\u00adca mo\u00adgao je da u\u017ei\u00adva i u bo\u00adga\u00adtom kul\u00adtur\u00adno-umjet\u00adni\u010d\u00adkom pro\u00adgra\u00admu, ko\u00adji su pri\u00adre\u00addi\u00adli \u010dla\u00adno\u00advi Kul\u00adtur\u00adno-umjet\u00adni\u010d\u00adkog dru\u00ad\u0161ta\u00adva \u201eObi\u00adli\u0107\u201c sa Ko\u00adsme\u00adta.<br \/>\nNa kra\u00adju ma\u00adni\u00adfe\u00adsta\u00adci\u00adje or\u00adga\u00adni\u00adza\u00adto\u00adri su za\u00adhva\u00adli\u00adli u\u010de\u00adsni\u00adci\u00adma i naj\u00adbo\u00adljim pro\u00adiz\u00advo\u00ad\u0111a\u00ad\u010di\u00adma, i po\u00adru\u00ad\u010di\u00adli da \u0107e no\u00advo oku\u00adplja\u00adnje bi\u00adti na\u00adred\u00adne go\u00addi\u00adne na istom mje\u00adstu.<strong>M.K.<\/strong><\/p>\n<p><strong>Pod\u00adru\u010d\u00adje bo\u00adga\u00adto lje\u00adko\u00advi\u00adtim bi\u00adljem<\/strong><\/p>\n<p>Osim po mno\u00adgo\u00adbroj\u00adnim po\u00adljo\u00adpri\u00advred\u00adnim pro\u00adiz\u00advo\u00addi\u00adma pod\u00adru\u010d\u00adje naj\u00adju\u00ad\u017eni\u00adje op\u00ad\u0161ti\u00adne bo\u00adga\u00adto je i sa\u00admo\u00adni\u00adklim lje\u00adko\u00advi\u00adtim bi\u00adljem. Tu do\u00adsad ma\u00adlo po\u00adzna\u00adtu \u010di\u00adnje\u00adni\u00adcu na ma\u00adni\u00adfe\u00adsta\u00adci\u00adji po\u00adsve\u00ad\u0107e\u00adnu na\u00adru po\u00adsje\u00adti\u00ado\u00adci\u00adma je pred\u00adsta\u00advio tra\u00advar Dra\u00adgan Bir\u00adsko\u00advi\u0107. Taj vri\u00adjed\u00adni Ul\u00adci\u00adnja\u00adnin, ina\u00ad\u010de di\u00adplo\u00admi\u00adra\u00adni ga\u00adstro\u00adnom po za\u00adni\u00adma\u00adnju ve\u0107 go\u00addi\u00adna\u00adma is\u00adtra\u00ad\u017eu\u00adje i sa\u00adku\u00adplja lje\u00adko\u00advi\u00adto bi\u00adlje. Ne\u00addav\u00adno je svo\u00adje du\u00adgo\u00adgo\u00addi\u00ad\u0161nje is\u00adtra\u00ad\u017ei\u00adva\u00adnje kru\u00adni\u00adsao ob\u00adja\u00advlji\u00adva\u00adnjem knji\u00adge pod na\u00adzi\u00advom \u201eSa\u00admo\u00adni\u00adko lje\u00adko\u00advi\u00adto bi\u00adlje ul\u00adcinj\u00adske op\u00ad\u0161ti\u00adne\u201c.<br \/>\n&#8211; Pred\u00adsta\u00advio sam one bilj\u00adke ko\u00adje sam mo\u00adgao na\u00ad\u0107i u oko\u00adli\u00adni Ul\u00adci\u00adnja ali sve sa eko\u00adlo\u00ad\u0161ki \u010di\u00adstih sta\u00adni\u00ad\u0161ta kao \u0161o su: Sal\u010d, Bra\u00adti\u00adca, Ko\u00adlom\u00adza, Ko\u00addre, Bri\u00adska go\u00adra, Li\u00adva\u00adri, Go\u00adra\u00adna,Ana\u00adma\u00adlit&#8230; Za sva\u00adku bilj\u00adku ga\u00adran\u00adtu\u00adjem da je \u010di\u00adsta. U na\u00ad\u0161em na\u00adro\u00addu se ka\u00ad\u017ee da je pri\u00adro\u00adda naj\u00adbo\u00adlji po\u00adzna\u00adva\u00adlac ljud\u00adskih bolj\u00adki. Za\u00adto, do\u00adzvo\u00adli\u00adte pri\u00adro\u00addi da vam po\u00admog\u00adne ta\u00adko \u0161to \u0107e\u00adte ko\u00adri\u00adsti\u00adti lje\u00adko\u00advi\u00adte tra\u00adve &#8211; ka\u00ad\u017ee Bri\u00adsko\u00advi\u0107.<\/p>\n<p><strong>Pro\u00adiz\u00advo\u00addi po\u00adzna\u00adti po kva\u00adli\u00adte\u00adtu<\/strong><\/p>\n<p>Pro\u00adiz\u00advo\u00ad\u0111a\u00ad\u010di ko\u00adji su se ju\u00ad\u010de pred\u00adsta\u00advi\u00adli na ma\u00adni\u00adfe\u00adsta\u00adci\u00adji sa\u00adgla\u00adsni su da su pro\u00adiz\u00advo\u00addi iz ana\u00admal\u00adskog pod\u00adru\u010d\u00adja iz\u00adu\u00adzet\u00adnog kva\u00adli\u00adte\u00adta o \u010de\u00admu, ka\u00ad\u017eu, naj\u00adbo\u00adlje svje\u00addo\u00ad\u010de za\u00addo\u00advolj\u00adni po\u00adtro\u00ad\u0161a\u00ad\u010di. Mir\u00adsad Re\u00add\u017ea nu\u00addio je mli\u00adje\u010d\u00adne pro\u00adiz\u00advo\u00adde: kra\u00advlji, ov\u00ad\u010dji i ko\u00adzji sir i mli\u00adje\u00adko. O kva\u00adli\u00adte\u00adtu pro\u00adiz\u00advo\u00adda ko\u00adje je iz\u00adlo\u00ad\u017eio naj\u00adbo\u00adlje ocje\u00adne da\u00adli su po\u00adsje\u00adti\u00ado\u00adci ko\u00adji su se vi\u00ad\u0161e pu\u00adta vra\u00ad\u0107a\u00adli za nje\u00adgov \u0161tand.<br \/>\n\u2013 Sa ovog pod\u00adne\u00adblja sva\u00adki pro\u00adiz\u00advod mo\u00adra bi\u00adti kva\u00adli\u00adte\u00adta\u00adtan. Osim iz Ul\u00adci\u00adnja imam re\u00addov\u00adne kup\u00adce iz dru\u00adgih pri\u00admor\u00adskih gra\u00addo\u00adva, Pod\u00adgo\u00adri\u00adce pa \u010dak i iz Sr\u00adbi\u00adje. Moj ko\u00adzi\u00adji sir kon\u00adzu\u00admi\u00adra se i u Be\u00ado\u00adgra\u00addu &#8211; ka\u00ad\u017ee Re\u00add\u017ea. On je osim mli\u00adje\u010d\u00adnih pro\u00adiz\u00advo\u00adda go\u00adsti\u00adma po\u00adnu\u00addio i do\u00adma\u00ad\u0107e spe\u00adci\u00adja\u00adli\u00adte\u00adte ko\u00adje spre\u00admi\u00adla nje\u00adgo\u00adva su\u00adpru\u00adga. Ni\u00adko\u00adla Nre\u00adki\u0107 iz se\u00adla Kle\u00adzna ko\u00adji ve\u0107 \u010de\u00adtvr\u00adtu go\u00addi\u00adnu za re\u00addom iz\u00adla\u00ad\u017ee svo\u00adje pr\u00ado\u00adiz\u00advo\u00adde na ovoj ma\u00adni\u00adfe\u00adsta\u00adci\u00adji.<br \/>\n&#8211; Osim na\u00adra na \u0161tan\u00addu sam iz\u00adlo\u00ad\u017eio, man\u00adda\u00adri\u00adne, ja\u00adbu\u00adke, bun\u00adde\u00adve, vi\u00adno, ra\u00adki\u00adju i po\u00adseb\u00adnu sor\u00adtu bi\u00adje\u00adlog lu\u00adka, ko\u00adju sam pro\u00adiz\u00advo\u00addim. Svi pro\u00adiz\u00advo\u00addi su eko\u00adlo\u00ad\u0161ki i od\u00adli\u010d\u00adnog su kva\u00adli\u00adte\u00adta &#8211; ka\u00adzao je Nre\u00adki\u0107. <\/span><\/p>\n<p><strong>Izvor: DAN<\/strong><\/p>\n","protected":false},"excerpt":{"rendered":"<p>Tra\u00addi\u00adci\u00ado\u00adnal\u00adnim oku\u00adplja\u00adnjem po\u00adljo\u00adpri\u00adved\u00adnih pro\u00adiz\u00advo\u00ad\u0111a\u00ad\u010da u Vla\u00addi\u00admi\u00adru, po\u00adsve\u00ad\u0107e\u00adnom na\u00adru, ju\u00ad\u010de je u naj\u00adju\u00ad\u017eni\u00adjoj op\u00ad\u0161ti\u00adni po\u00ad\u010de\u00adla tro\u00addnev\u00adna tu\u00adri\u00adsti\u010d\u00adka ma\u00adni\u00adfe\u00adsta\u00adci\u00adja \u201eDol\u00adci\u00adni\u00adum in\u00adter\u00adna\u00adci\u00ado\u00adnal fe\u00adsti\u00adval\u201c, \u010di\u00adji su or\u00adga\u00adni\u00adza\u00adto\u00adri Op\u00ad\u0161ti\u00adna Ul\u00adcinj i lo\u00adkal\u00adna Tu\u00adri\u00adsti\u010d\u00adka or\u00adga\u00adni\u00adza\u00adci\u00adja. Za raz\u00adli\u00adku od ra\u00adni\u00adjih go\u00addi\u00adna Dan na\u00adra obi\u00adlje\u00ad\u017een je skrom\u00adno, jer vre\u00admen\u00adski uslo\u00advi ni\u00adsu do\u00adzvo\u00adli\u00adli da ma\u00adni\u00adfe\u00adsta\u00adci\u00adja oku\u00adpi ve\u00ad\u0107i broj iz\u00adla\u00adga\u00ad\u010da i po\u00adsje\u00adti\u00adla\u00adca. Ipak, ki\u00ad\u0161a ni\u00adje [&hellip;]<\/p>\n","protected":false},"author":1,"featured_media":0,"comment_status":"closed","ping_status":"closed","sticky":false,"template":"","format":"standard","meta":{"spay_email":"","jetpack_publicize_message":"","jetpack_is_tweetstorm":false,"jetpack_publicize_feature_enabled":true},"categories":[8337],"tags":[],"jetpack_publicize_connections":[],"yoast_head":"<!-- This site is optimized with the Yoast SEO plugin v19.1 - https:\/\/yoast.com\/wordpress\/plugins\/seo\/ -->\n<title>Danas se slavilo Dan nara u Vladimir - Ulcinj - Lajme nga Ulqini<\/title>\n<meta name=\"description\" content=\"Tra\u00addi\u00adci\u00ado\u00adnal\u00adnim oku\u00adplja\u00adnjem po\u00adljo\u00adpri\u00adved\u00adnih pro\u00adiz\u00advo\u00ad\u0111a\u00ad\u010da u Vla\u00addi\u00admi\u00adru, po\u00adsve\u00ad\u0107e\u00adnom na\u00adru, ju\u00ad\u010de je u naj\u00adju\u00ad\u017eni\u00adjoj op\u00ad\u0161ti\u00adni po\u00ad\u010de\u00adla\" \/>\n<meta name=\"robots\" content=\"index, follow, max-snippet:-1, max-image-preview:large, max-video-preview:-1\" \/>\n<link rel=\"canonical\" href=\"https:\/\/www.visit-ulcinj.com\/blog\/2015\/10\/09\/danas-se-slavilo-dan-nara-u-vladimir-ulcinj\/\" \/>\n<meta property=\"og:locale\" content=\"en_US\" \/>\n<meta property=\"og:type\" content=\"article\" \/>\n<meta property=\"og:title\" content=\"Danas se slavilo Dan nara u Vladimir - Ulcinj - Lajme nga Ulqini\" \/>\n<meta property=\"og:description\" content=\"Tra\u00addi\u00adci\u00ado\u00adnal\u00adnim oku\u00adplja\u00adnjem po\u00adljo\u00adpri\u00adved\u00adnih pro\u00adiz\u00advo\u00ad\u0111a\u00ad\u010da u Vla\u00addi\u00admi\u00adru, po\u00adsve\u00ad\u0107e\u00adnom na\u00adru, ju\u00ad\u010de je u naj\u00adju\u00ad\u017eni\u00adjoj op\u00ad\u0161ti\u00adni po\u00ad\u010de\u00adla\" \/>\n<meta property=\"og:url\" content=\"https:\/\/www.visit-ulcinj.com\/blog\/2015\/10\/09\/danas-se-slavilo-dan-nara-u-vladimir-ulcinj\/\" \/>\n<meta property=\"og:site_name\" content=\"Lajme nga Ulqini\" \/>\n<meta property=\"article:published_time\" content=\"2015-10-09T19:44:44+00:00\" \/>\n<meta property=\"og:image\" content=\"http:\/\/www.visit-ulcinj.com\/blog\/wp-content\/uploads\/2015\/10\/Festohet-Dita-Sheges-Ulqin.jpg\" \/>\n<meta name=\"twitter:label1\" content=\"Written by\" \/>\n\t<meta name=\"twitter:data1\" content=\"ulqini\" \/>\n\t<meta name=\"twitter:label2\" content=\"Est. reading time\" \/>\n\t<meta name=\"twitter:data2\" content=\"10 minutes\" \/>\n<script type=\"application\/ld+json\" class=\"yoast-schema-graph\">{\"@context\":\"https:\/\/schema.org\",\"@graph\":[{\"@type\":\"WebSite\",\"@id\":\"https:\/\/www.visit-ulcinj.com\/blog\/#website\",\"url\":\"https:\/\/www.visit-ulcinj.com\/blog\/\",\"name\":\"Lajme nga Ulqini\",\"description\":\"Lajme,Vijesti,Ulqini,Ulqin,Crna Gora,Mali i Zi\",\"potentialAction\":[{\"@type\":\"SearchAction\",\"target\":{\"@type\":\"EntryPoint\",\"urlTemplate\":\"https:\/\/www.visit-ulcinj.com\/blog\/?s={search_term_string}\"},\"query-input\":\"required name=search_term_string\"}],\"inLanguage\":\"en-US\"},{\"@type\":\"ImageObject\",\"inLanguage\":\"en-US\",\"@id\":\"https:\/\/www.visit-ulcinj.com\/blog\/2015\/10\/09\/danas-se-slavilo-dan-nara-u-vladimir-ulcinj\/#primaryimage\",\"url\":\"https:\/\/www.visit-ulcinj.com\/blog\/wp-content\/uploads\/2015\/10\/Festohet-Dita-Sheges-Ulqin.jpg\",\"contentUrl\":\"https:\/\/www.visit-ulcinj.com\/blog\/wp-content\/uploads\/2015\/10\/Festohet-Dita-Sheges-Ulqin.jpg\",\"width\":881,\"height\":466},{\"@type\":\"WebPage\",\"@id\":\"https:\/\/www.visit-ulcinj.com\/blog\/2015\/10\/09\/danas-se-slavilo-dan-nara-u-vladimir-ulcinj\/#webpage\",\"url\":\"https:\/\/www.visit-ulcinj.com\/blog\/2015\/10\/09\/danas-se-slavilo-dan-nara-u-vladimir-ulcinj\/\",\"name\":\"Danas se slavilo Dan nara u Vladimir - Ulcinj - Lajme nga Ulqini\",\"isPartOf\":{\"@id\":\"https:\/\/www.visit-ulcinj.com\/blog\/#website\"},\"primaryImageOfPage\":{\"@id\":\"https:\/\/www.visit-ulcinj.com\/blog\/2015\/10\/09\/danas-se-slavilo-dan-nara-u-vladimir-ulcinj\/#primaryimage\"},\"datePublished\":\"2015-10-09T19:44:44+00:00\",\"dateModified\":\"2015-10-09T19:44:44+00:00\",\"author\":{\"@id\":\"https:\/\/www.visit-ulcinj.com\/blog\/#\/schema\/person\/dcab619c614d3038751c63bc2aadc06d\"},\"description\":\"Tra\u00addi\u00adci\u00ado\u00adnal\u00adnim oku\u00adplja\u00adnjem po\u00adljo\u00adpri\u00adved\u00adnih pro\u00adiz\u00advo\u00ad\u0111a\u00ad\u010da u Vla\u00addi\u00admi\u00adru, po\u00adsve\u00ad\u0107e\u00adnom na\u00adru, ju\u00ad\u010de je u naj\u00adju\u00ad\u017eni\u00adjoj op\u00ad\u0161ti\u00adni po\u00ad\u010de\u00adla\",\"breadcrumb\":{\"@id\":\"https:\/\/www.visit-ulcinj.com\/blog\/2015\/10\/09\/danas-se-slavilo-dan-nara-u-vladimir-ulcinj\/#breadcrumb\"},\"inLanguage\":\"en-US\",\"potentialAction\":[{\"@type\":\"ReadAction\",\"target\":[\"https:\/\/www.visit-ulcinj.com\/blog\/2015\/10\/09\/danas-se-slavilo-dan-nara-u-vladimir-ulcinj\/\"]}]},{\"@type\":\"BreadcrumbList\",\"@id\":\"https:\/\/www.visit-ulcinj.com\/blog\/2015\/10\/09\/danas-se-slavilo-dan-nara-u-vladimir-ulcinj\/#breadcrumb\",\"itemListElement\":[{\"@type\":\"ListItem\",\"position\":1,\"name\":\"Danas se slavilo Dan nara u Vladimir &#8211; Ulcinj\"}]},{\"@type\":\"Person\",\"@id\":\"https:\/\/www.visit-ulcinj.com\/blog\/#\/schema\/person\/dcab619c614d3038751c63bc2aadc06d\",\"name\":\"ulqini\",\"sameAs\":[\"http:\/\/www.visit-ulcinj.com\"],\"url\":\"https:\/\/www.visit-ulcinj.com\/blog\/author\/admin\/\"}]}<\/script>\n<!-- \/ Yoast SEO plugin. -->","yoast_head_json":{"title":"Danas se slavilo Dan nara u Vladimir - Ulcinj - Lajme nga Ulqini","description":"Tra\u00addi\u00adci\u00ado\u00adnal\u00adnim oku\u00adplja\u00adnjem po\u00adljo\u00adpri\u00adved\u00adnih pro\u00adiz\u00advo\u00ad\u0111a\u00ad\u010da u Vla\u00addi\u00admi\u00adru, po\u00adsve\u00ad\u0107e\u00adnom na\u00adru, ju\u00ad\u010de je u naj\u00adju\u00ad\u017eni\u00adjoj op\u00ad\u0161ti\u00adni po\u00ad\u010de\u00adla","robots":{"index":"index","follow":"follow","max-snippet":"max-snippet:-1","max-image-preview":"max-image-preview:large","max-video-preview":"max-video-preview:-1"},"canonical":"https:\/\/www.visit-ulcinj.com\/blog\/2015\/10\/09\/danas-se-slavilo-dan-nara-u-vladimir-ulcinj\/","og_locale":"en_US","og_type":"article","og_title":"Danas se slavilo Dan nara u Vladimir - Ulcinj - Lajme nga Ulqini","og_description":"Tra\u00addi\u00adci\u00ado\u00adnal\u00adnim oku\u00adplja\u00adnjem po\u00adljo\u00adpri\u00adved\u00adnih pro\u00adiz\u00advo\u00ad\u0111a\u00ad\u010da u Vla\u00addi\u00admi\u00adru, po\u00adsve\u00ad\u0107e\u00adnom na\u00adru, ju\u00ad\u010de je u naj\u00adju\u00ad\u017eni\u00adjoj op\u00ad\u0161ti\u00adni po\u00ad\u010de\u00adla","og_url":"https:\/\/www.visit-ulcinj.com\/blog\/2015\/10\/09\/danas-se-slavilo-dan-nara-u-vladimir-ulcinj\/","og_site_name":"Lajme nga Ulqini","article_published_time":"2015-10-09T19:44:44+00:00","og_image":[{"url":"http:\/\/www.visit-ulcinj.com\/blog\/wp-content\/uploads\/2015\/10\/Festohet-Dita-Sheges-Ulqin.jpg"}],"twitter_misc":{"Written by":"ulqini","Est. reading time":"10 minutes"},"schema":{"@context":"https:\/\/schema.org","@graph":[{"@type":"WebSite","@id":"https:\/\/www.visit-ulcinj.com\/blog\/#website","url":"https:\/\/www.visit-ulcinj.com\/blog\/","name":"Lajme nga Ulqini","description":"Lajme,Vijesti,Ulqini,Ulqin,Crna Gora,Mali i Zi","potentialAction":[{"@type":"SearchAction","target":{"@type":"EntryPoint","urlTemplate":"https:\/\/www.visit-ulcinj.com\/blog\/?s={search_term_string}"},"query-input":"required name=search_term_string"}],"inLanguage":"en-US"},{"@type":"ImageObject","inLanguage":"en-US","@id":"https:\/\/www.visit-ulcinj.com\/blog\/2015\/10\/09\/danas-se-slavilo-dan-nara-u-vladimir-ulcinj\/#primaryimage","url":"https:\/\/www.visit-ulcinj.com\/blog\/wp-content\/uploads\/2015\/10\/Festohet-Dita-Sheges-Ulqin.jpg","contentUrl":"https:\/\/www.visit-ulcinj.com\/blog\/wp-content\/uploads\/2015\/10\/Festohet-Dita-Sheges-Ulqin.jpg","width":881,"height":466},{"@type":"WebPage","@id":"https:\/\/www.visit-ulcinj.com\/blog\/2015\/10\/09\/danas-se-slavilo-dan-nara-u-vladimir-ulcinj\/#webpage","url":"https:\/\/www.visit-ulcinj.com\/blog\/2015\/10\/09\/danas-se-slavilo-dan-nara-u-vladimir-ulcinj\/","name":"Danas se slavilo Dan nara u Vladimir - Ulcinj - Lajme nga Ulqini","isPartOf":{"@id":"https:\/\/www.visit-ulcinj.com\/blog\/#website"},"primaryImageOfPage":{"@id":"https:\/\/www.visit-ulcinj.com\/blog\/2015\/10\/09\/danas-se-slavilo-dan-nara-u-vladimir-ulcinj\/#primaryimage"},"datePublished":"2015-10-09T19:44:44+00:00","dateModified":"2015-10-09T19:44:44+00:00","author":{"@id":"https:\/\/www.visit-ulcinj.com\/blog\/#\/schema\/person\/dcab619c614d3038751c63bc2aadc06d"},"description":"Tra\u00addi\u00adci\u00ado\u00adnal\u00adnim oku\u00adplja\u00adnjem po\u00adljo\u00adpri\u00adved\u00adnih pro\u00adiz\u00advo\u00ad\u0111a\u00ad\u010da u Vla\u00addi\u00admi\u00adru, po\u00adsve\u00ad\u0107e\u00adnom na\u00adru, ju\u00ad\u010de je u naj\u00adju\u00ad\u017eni\u00adjoj op\u00ad\u0161ti\u00adni po\u00ad\u010de\u00adla","breadcrumb":{"@id":"https:\/\/www.visit-ulcinj.com\/blog\/2015\/10\/09\/danas-se-slavilo-dan-nara-u-vladimir-ulcinj\/#breadcrumb"},"inLanguage":"en-US","potentialAction":[{"@type":"ReadAction","target":["https:\/\/www.visit-ulcinj.com\/blog\/2015\/10\/09\/danas-se-slavilo-dan-nara-u-vladimir-ulcinj\/"]}]},{"@type":"BreadcrumbList","@id":"https:\/\/www.visit-ulcinj.com\/blog\/2015\/10\/09\/danas-se-slavilo-dan-nara-u-vladimir-ulcinj\/#breadcrumb","itemListElement":[{"@type":"ListItem","position":1,"name":"Danas se slavilo Dan nara u Vladimir &#8211; Ulcinj"}]},{"@type":"Person","@id":"https:\/\/www.visit-ulcinj.com\/blog\/#\/schema\/person\/dcab619c614d3038751c63bc2aadc06d","name":"ulqini","sameAs":["http:\/\/www.visit-ulcinj.com"],"url":"https:\/\/www.visit-ulcinj.com\/blog\/author\/admin\/"}]}},"jetpack_featured_media_url":"","jetpack_sharing_enabled":true,"jetpack_shortlink":"https:\/\/wp.me\/pe6lTn-o67","_links":{"self":[{"href":"https:\/\/www.visit-ulcinj.com\/blog\/wp-json\/wp\/v2\/posts\/92635"}],"collection":[{"href":"https:\/\/www.visit-ulcinj.com\/blog\/wp-json\/wp\/v2\/posts"}],"about":[{"href":"https:\/\/www.visit-ulcinj.com\/blog\/wp-json\/wp\/v2\/types\/post"}],"author":[{"embeddable":true,"href":"https:\/\/www.visit-ulcinj.com\/blog\/wp-json\/wp\/v2\/users\/1"}],"replies":[{"embeddable":true,"href":"https:\/\/www.visit-ulcinj.com\/blog\/wp-json\/wp\/v2\/comments?post=92635"}],"version-history":[{"count":1,"href":"https:\/\/www.visit-ulcinj.com\/blog\/wp-json\/wp\/v2\/posts\/92635\/revisions"}],"predecessor-version":[{"id":92636,"href":"https:\/\/www.visit-ulcinj.com\/blog\/wp-json\/wp\/v2\/posts\/92635\/revisions\/92636"}],"wp:attachment":[{"href":"https:\/\/www.visit-ulcinj.com\/blog\/wp-json\/wp\/v2\/media?parent=92635"}],"wp:term":[{"taxonomy":"category","embeddable":true,"href":"https:\/\/www.visit-ulcinj.com\/blog\/wp-json\/wp\/v2\/categories?post=92635"},{"taxonomy":"post_tag","embeddable":true,"href":"https:\/\/www.visit-ulcinj.com\/blog\/wp-json\/wp\/v2\/tags?post=92635"}],"curies":[{"name":"wp","href":"https:\/\/api.w.org\/{rel}","templated":true}]}}