{"id":92637,"date":"2015-10-10T07:19:29","date_gmt":"2015-10-10T06:19:29","guid":{"rendered":"http:\/\/www.visit-ulcinj.com\/blog\/?p=92637"},"modified":"2015-10-11T10:42:36","modified_gmt":"2015-10-11T09:42:36","slug":"emisioni-portreti-interviste-osman-rexha","status":"publish","type":"post","link":"https:\/\/www.visit-ulcinj.com\/blog\/2015\/10\/10\/emisioni-portreti-interviste-osman-rexha\/","title":{"rendered":"Emisioni \u201dPortreti\u201c &#8211; Intervist\u00eb me Osman Rexhen n\u00eb TV Teuta"},"content":{"rendered":"<p><a href=\"http:\/\/www.visit-ulcinj.com\/blog\/wp-content\/uploads\/2015\/10\/OSMAN-REXHA-PORTRETI-TV-TEUTA-ULQIN.jpg\"><img loading=\"lazy\" class=\"alignleft wp-image-92638\" src=\"http:\/\/www.visit-ulcinj.com\/blog\/wp-content\/uploads\/2015\/10\/OSMAN-REXHA-PORTRETI-TV-TEUTA-ULQIN.jpg\" alt=\"OSMAN-REXHA-PORTRETI-TV-TEUTA-ULQIN\" width=\"508\" height=\"287\" srcset=\"https:\/\/www.visit-ulcinj.com\/blog\/wp-content\/uploads\/2015\/10\/OSMAN-REXHA-PORTRETI-TV-TEUTA-ULQIN.jpg 922w, https:\/\/www.visit-ulcinj.com\/blog\/wp-content\/uploads\/2015\/10\/OSMAN-REXHA-PORTRETI-TV-TEUTA-ULQIN-300x170.jpg 300w\" sizes=\"(max-width: 508px) 100vw, 508px\" \/><\/a>Emisioni \u00a0\u201cPortreti nga Hatixhe Nelaj\u201d sjell \u00e7do mbr\u00ebmje nga e h\u00ebna nj\u00eb emisionin t\u00eb nxeht\u00eb t\u00eb jav\u00ebs. \u00c7\u00ebshtjet m\u00eb t\u00eb forta,ngjarjet dhe \u00a0t\u00eb ftuar t\u00eb shumt\u00eb, intervista ekskluzive. N\u00eb nj\u00eb rr\u00ebfim t\u00eb jasht\u00ebzakonsh\u00ebm p\u00ebr emisionin \u201cPortreti\u201d n\u00eb Tv Teuta flet n\u00eb intervist\u00eb eskluzive me Osman Rexh\u00ebn.<\/p>\n<p><strong>Ju ftojm ta ndiqni emisionin<\/strong><\/p>\n<p><iframe loading=\"lazy\" src=\"https:\/\/www.youtube.com\/embed\/iFdizHztCsE\" width=\"508\" height=\"340\" frameborder=\"0\" allowfullscreen=\"allowfullscreen\"><\/iframe><\/p>\n<header class=\"post-header cf\">\n<p class=\"post-title\" style=\"text-align: center;\"><strong>Emision javor\u00eb Portreti<\/strong><\/p>\n<\/header>\n<p>Vijon emisioni\u201d<strong>Portreti<\/strong>\u201c n\u00eb televizionin Teuta, nga Hatixhe Nelaj \u00e7do t\u00eb h\u00ebn\u00eb n\u00eb ora 21:00, ritransmetimi dit\u00ebn e nes\u00ebrme n\u00eb ora 15:00.<\/p>\n<p>Protagonist \u00a0n\u00eb emision persona t\u00eb shquar n\u00eb fusha t\u00eb ndryshme.<\/p>\n<p>Rr\u00ebfejn\u00eb ata q\u00eb \u00a0kan\u00eb v\u00ebn\u00eb themelet e shoq\u00ebris\u00eb ton\u00eb, akademik\u00eb, mjek\u00eb, profesor\u00eb, historian\u00eb, gazetar\u00eb, m\u00ebsues, mami.<\/p>\n<p>Jeta dje dhe sot, n\u00eb sken\u00eb dhe pas skene.<\/p>\n<p>B\u00ebhuni pjes\u00eb e emisionit ton\u00eb duke na d\u00ebrguar ide t\u00eb reja dhe sygjerime.<\/p>\n<p>Jemi t\u00eb hapur p\u00ebr rr\u00ebfime q\u00eb ngjallin kureshtje, frymzojn\u00eb, informojn\u00eb, por edhe edukojn\u00eb shikuesin.<\/p>\n<p><a href=\"mailto:hatixhe.nelaj@tvteuta.com\">hatixhe.nelaj@tvteuta.com<\/a><\/p>\n","protected":false},"excerpt":{"rendered":"<p>Emisioni \u00a0\u201cPortreti nga Hatixhe Nelaj\u201d sjell \u00e7do mbr\u00ebmje nga e h\u00ebna nj\u00eb emisionin t\u00eb nxeht\u00eb t\u00eb jav\u00ebs. \u00c7\u00ebshtjet m\u00eb t\u00eb forta,ngjarjet dhe \u00a0t\u00eb ftuar t\u00eb shumt\u00eb, intervista ekskluzive. N\u00eb nj\u00eb rr\u00ebfim t\u00eb jasht\u00ebzakonsh\u00ebm p\u00ebr emisionin \u201cPortreti\u201d n\u00eb Tv Teuta flet n\u00eb intervist\u00eb eskluzive me Osman Rexh\u00ebn. Ju ftojm ta ndiqni emisionin Emision javor\u00eb Portreti Vijon [&hellip;]<\/p>\n","protected":false},"author":1,"featured_media":0,"comment_status":"closed","ping_status":"closed","sticky":false,"template":"","format":"standard","meta":{"spay_email":"","jetpack_publicize_message":"","jetpack_is_tweetstorm":false,"jetpack_publicize_feature_enabled":true},"categories":[5,1],"tags":[],"jetpack_publicize_connections":[],"yoast_head":"<!-- This site is optimized with the Yoast SEO plugin v19.1 - https:\/\/yoast.com\/wordpress\/plugins\/seo\/ -->\n<title>Emisioni \u201dPortreti\u201c - Intervist\u00eb me Osman Rexhen n\u00eb TV Teuta - Lajme nga Ulqini<\/title>\n<meta name=\"description\" content=\"Emisioni \u00a0\u201cPortreti nga Hatixhe Nelaj\u201d sjell \u00e7do mbr\u00ebmje nga e h\u00ebna nj\u00eb emisionin t\u00eb nxeht\u00eb t\u00eb jav\u00ebs. \u00c7\u00ebshtjet m\u00eb t\u00eb forta,ngjarjet dhe \u00a0t\u00eb ftuar t\u00eb\" \/>\n<meta name=\"robots\" content=\"index, follow, max-snippet:-1, max-image-preview:large, max-video-preview:-1\" \/>\n<link rel=\"canonical\" href=\"https:\/\/www.visit-ulcinj.com\/blog\/2015\/10\/10\/emisioni-portreti-interviste-osman-rexha\/\" \/>\n<meta property=\"og:locale\" content=\"en_US\" \/>\n<meta property=\"og:type\" content=\"article\" \/>\n<meta property=\"og:title\" content=\"Emisioni \u201dPortreti\u201c - Intervist\u00eb me Osman Rexhen n\u00eb TV Teuta - Lajme nga Ulqini\" \/>\n<meta property=\"og:description\" content=\"Emisioni \u00a0\u201cPortreti nga Hatixhe Nelaj\u201d sjell \u00e7do mbr\u00ebmje nga e h\u00ebna nj\u00eb emisionin t\u00eb nxeht\u00eb t\u00eb jav\u00ebs. \u00c7\u00ebshtjet m\u00eb t\u00eb forta,ngjarjet dhe \u00a0t\u00eb ftuar t\u00eb\" \/>\n<meta property=\"og:url\" content=\"https:\/\/www.visit-ulcinj.com\/blog\/2015\/10\/10\/emisioni-portreti-interviste-osman-rexha\/\" \/>\n<meta property=\"og:site_name\" content=\"Lajme nga Ulqini\" \/>\n<meta property=\"article:published_time\" content=\"2015-10-10T06:19:29+00:00\" \/>\n<meta property=\"article:modified_time\" content=\"2015-10-11T09:42:36+00:00\" \/>\n<meta property=\"og:image\" content=\"http:\/\/www.visit-ulcinj.com\/blog\/wp-content\/uploads\/2015\/10\/OSMAN-REXHA-PORTRETI-TV-TEUTA-ULQIN.jpg\" \/>\n<meta name=\"twitter:label1\" content=\"Written by\" \/>\n\t<meta name=\"twitter:data1\" content=\"ulqini\" \/>\n\t<meta name=\"twitter:label2\" content=\"Est. reading time\" \/>\n\t<meta name=\"twitter:data2\" content=\"1 minute\" \/>\n<script type=\"application\/ld+json\" class=\"yoast-schema-graph\">{\"@context\":\"https:\/\/schema.org\",\"@graph\":[{\"@type\":\"WebSite\",\"@id\":\"https:\/\/www.visit-ulcinj.com\/blog\/#website\",\"url\":\"https:\/\/www.visit-ulcinj.com\/blog\/\",\"name\":\"Lajme nga Ulqini\",\"description\":\"Lajme,Vijesti,Ulqini,Ulqin,Crna Gora,Mali i Zi\",\"potentialAction\":[{\"@type\":\"SearchAction\",\"target\":{\"@type\":\"EntryPoint\",\"urlTemplate\":\"https:\/\/www.visit-ulcinj.com\/blog\/?s={search_term_string}\"},\"query-input\":\"required name=search_term_string\"}],\"inLanguage\":\"en-US\"},{\"@type\":\"ImageObject\",\"inLanguage\":\"en-US\",\"@id\":\"https:\/\/www.visit-ulcinj.com\/blog\/2015\/10\/10\/emisioni-portreti-interviste-osman-rexha\/#primaryimage\",\"url\":\"https:\/\/www.visit-ulcinj.com\/blog\/wp-content\/uploads\/2015\/10\/OSMAN-REXHA-PORTRETI-TV-TEUTA-ULQIN.jpg\",\"contentUrl\":\"https:\/\/www.visit-ulcinj.com\/blog\/wp-content\/uploads\/2015\/10\/OSMAN-REXHA-PORTRETI-TV-TEUTA-ULQIN.jpg\",\"width\":922,\"height\":521},{\"@type\":\"WebPage\",\"@id\":\"https:\/\/www.visit-ulcinj.com\/blog\/2015\/10\/10\/emisioni-portreti-interviste-osman-rexha\/#webpage\",\"url\":\"https:\/\/www.visit-ulcinj.com\/blog\/2015\/10\/10\/emisioni-portreti-interviste-osman-rexha\/\",\"name\":\"Emisioni \u201dPortreti\u201c - Intervist\u00eb me Osman Rexhen n\u00eb TV Teuta - Lajme nga Ulqini\",\"isPartOf\":{\"@id\":\"https:\/\/www.visit-ulcinj.com\/blog\/#website\"},\"primaryImageOfPage\":{\"@id\":\"https:\/\/www.visit-ulcinj.com\/blog\/2015\/10\/10\/emisioni-portreti-interviste-osman-rexha\/#primaryimage\"},\"datePublished\":\"2015-10-10T06:19:29+00:00\",\"dateModified\":\"2015-10-11T09:42:36+00:00\",\"author\":{\"@id\":\"https:\/\/www.visit-ulcinj.com\/blog\/#\/schema\/person\/dcab619c614d3038751c63bc2aadc06d\"},\"description\":\"Emisioni \u00a0\u201cPortreti nga Hatixhe Nelaj\u201d sjell \u00e7do mbr\u00ebmje nga e h\u00ebna nj\u00eb emisionin t\u00eb nxeht\u00eb t\u00eb jav\u00ebs. \u00c7\u00ebshtjet m\u00eb t\u00eb forta,ngjarjet dhe \u00a0t\u00eb ftuar t\u00eb\",\"breadcrumb\":{\"@id\":\"https:\/\/www.visit-ulcinj.com\/blog\/2015\/10\/10\/emisioni-portreti-interviste-osman-rexha\/#breadcrumb\"},\"inLanguage\":\"en-US\",\"potentialAction\":[{\"@type\":\"ReadAction\",\"target\":[\"https:\/\/www.visit-ulcinj.com\/blog\/2015\/10\/10\/emisioni-portreti-interviste-osman-rexha\/\"]}]},{\"@type\":\"BreadcrumbList\",\"@id\":\"https:\/\/www.visit-ulcinj.com\/blog\/2015\/10\/10\/emisioni-portreti-interviste-osman-rexha\/#breadcrumb\",\"itemListElement\":[{\"@type\":\"ListItem\",\"position\":1,\"name\":\"Emisioni \u201dPortreti\u201c &#8211; Intervist\u00eb me Osman Rexhen n\u00eb TV Teuta\"}]},{\"@type\":\"Person\",\"@id\":\"https:\/\/www.visit-ulcinj.com\/blog\/#\/schema\/person\/dcab619c614d3038751c63bc2aadc06d\",\"name\":\"ulqini\",\"sameAs\":[\"http:\/\/www.visit-ulcinj.com\"],\"url\":\"https:\/\/www.visit-ulcinj.com\/blog\/author\/admin\/\"}]}<\/script>\n<!-- \/ Yoast SEO plugin. -->","yoast_head_json":{"title":"Emisioni \u201dPortreti\u201c - Intervist\u00eb me Osman Rexhen n\u00eb TV Teuta - Lajme nga Ulqini","description":"Emisioni \u00a0\u201cPortreti nga Hatixhe Nelaj\u201d sjell \u00e7do mbr\u00ebmje nga e h\u00ebna nj\u00eb emisionin t\u00eb nxeht\u00eb t\u00eb jav\u00ebs. \u00c7\u00ebshtjet m\u00eb t\u00eb forta,ngjarjet dhe \u00a0t\u00eb ftuar t\u00eb","robots":{"index":"index","follow":"follow","max-snippet":"max-snippet:-1","max-image-preview":"max-image-preview:large","max-video-preview":"max-video-preview:-1"},"canonical":"https:\/\/www.visit-ulcinj.com\/blog\/2015\/10\/10\/emisioni-portreti-interviste-osman-rexha\/","og_locale":"en_US","og_type":"article","og_title":"Emisioni \u201dPortreti\u201c - Intervist\u00eb me Osman Rexhen n\u00eb TV Teuta - Lajme nga Ulqini","og_description":"Emisioni \u00a0\u201cPortreti nga Hatixhe Nelaj\u201d sjell \u00e7do mbr\u00ebmje nga e h\u00ebna nj\u00eb emisionin t\u00eb nxeht\u00eb t\u00eb jav\u00ebs. \u00c7\u00ebshtjet m\u00eb t\u00eb forta,ngjarjet dhe \u00a0t\u00eb ftuar t\u00eb","og_url":"https:\/\/www.visit-ulcinj.com\/blog\/2015\/10\/10\/emisioni-portreti-interviste-osman-rexha\/","og_site_name":"Lajme nga Ulqini","article_published_time":"2015-10-10T06:19:29+00:00","article_modified_time":"2015-10-11T09:42:36+00:00","og_image":[{"url":"http:\/\/www.visit-ulcinj.com\/blog\/wp-content\/uploads\/2015\/10\/OSMAN-REXHA-PORTRETI-TV-TEUTA-ULQIN.jpg"}],"twitter_misc":{"Written by":"ulqini","Est. reading time":"1 minute"},"schema":{"@context":"https:\/\/schema.org","@graph":[{"@type":"WebSite","@id":"https:\/\/www.visit-ulcinj.com\/blog\/#website","url":"https:\/\/www.visit-ulcinj.com\/blog\/","name":"Lajme nga Ulqini","description":"Lajme,Vijesti,Ulqini,Ulqin,Crna Gora,Mali i Zi","potentialAction":[{"@type":"SearchAction","target":{"@type":"EntryPoint","urlTemplate":"https:\/\/www.visit-ulcinj.com\/blog\/?s={search_term_string}"},"query-input":"required name=search_term_string"}],"inLanguage":"en-US"},{"@type":"ImageObject","inLanguage":"en-US","@id":"https:\/\/www.visit-ulcinj.com\/blog\/2015\/10\/10\/emisioni-portreti-interviste-osman-rexha\/#primaryimage","url":"https:\/\/www.visit-ulcinj.com\/blog\/wp-content\/uploads\/2015\/10\/OSMAN-REXHA-PORTRETI-TV-TEUTA-ULQIN.jpg","contentUrl":"https:\/\/www.visit-ulcinj.com\/blog\/wp-content\/uploads\/2015\/10\/OSMAN-REXHA-PORTRETI-TV-TEUTA-ULQIN.jpg","width":922,"height":521},{"@type":"WebPage","@id":"https:\/\/www.visit-ulcinj.com\/blog\/2015\/10\/10\/emisioni-portreti-interviste-osman-rexha\/#webpage","url":"https:\/\/www.visit-ulcinj.com\/blog\/2015\/10\/10\/emisioni-portreti-interviste-osman-rexha\/","name":"Emisioni \u201dPortreti\u201c - Intervist\u00eb me Osman Rexhen n\u00eb TV Teuta - Lajme nga Ulqini","isPartOf":{"@id":"https:\/\/www.visit-ulcinj.com\/blog\/#website"},"primaryImageOfPage":{"@id":"https:\/\/www.visit-ulcinj.com\/blog\/2015\/10\/10\/emisioni-portreti-interviste-osman-rexha\/#primaryimage"},"datePublished":"2015-10-10T06:19:29+00:00","dateModified":"2015-10-11T09:42:36+00:00","author":{"@id":"https:\/\/www.visit-ulcinj.com\/blog\/#\/schema\/person\/dcab619c614d3038751c63bc2aadc06d"},"description":"Emisioni \u00a0\u201cPortreti nga Hatixhe Nelaj\u201d sjell \u00e7do mbr\u00ebmje nga e h\u00ebna nj\u00eb emisionin t\u00eb nxeht\u00eb t\u00eb jav\u00ebs. \u00c7\u00ebshtjet m\u00eb t\u00eb forta,ngjarjet dhe \u00a0t\u00eb ftuar t\u00eb","breadcrumb":{"@id":"https:\/\/www.visit-ulcinj.com\/blog\/2015\/10\/10\/emisioni-portreti-interviste-osman-rexha\/#breadcrumb"},"inLanguage":"en-US","potentialAction":[{"@type":"ReadAction","target":["https:\/\/www.visit-ulcinj.com\/blog\/2015\/10\/10\/emisioni-portreti-interviste-osman-rexha\/"]}]},{"@type":"BreadcrumbList","@id":"https:\/\/www.visit-ulcinj.com\/blog\/2015\/10\/10\/emisioni-portreti-interviste-osman-rexha\/#breadcrumb","itemListElement":[{"@type":"ListItem","position":1,"name":"Emisioni \u201dPortreti\u201c &#8211; Intervist\u00eb me Osman Rexhen n\u00eb TV Teuta"}]},{"@type":"Person","@id":"https:\/\/www.visit-ulcinj.com\/blog\/#\/schema\/person\/dcab619c614d3038751c63bc2aadc06d","name":"ulqini","sameAs":["http:\/\/www.visit-ulcinj.com"],"url":"https:\/\/www.visit-ulcinj.com\/blog\/author\/admin\/"}]}},"jetpack_featured_media_url":"","jetpack_sharing_enabled":true,"jetpack_shortlink":"https:\/\/wp.me\/pe6lTn-o69","_links":{"self":[{"href":"https:\/\/www.visit-ulcinj.com\/blog\/wp-json\/wp\/v2\/posts\/92637"}],"collection":[{"href":"https:\/\/www.visit-ulcinj.com\/blog\/wp-json\/wp\/v2\/posts"}],"about":[{"href":"https:\/\/www.visit-ulcinj.com\/blog\/wp-json\/wp\/v2\/types\/post"}],"author":[{"embeddable":true,"href":"https:\/\/www.visit-ulcinj.com\/blog\/wp-json\/wp\/v2\/users\/1"}],"replies":[{"embeddable":true,"href":"https:\/\/www.visit-ulcinj.com\/blog\/wp-json\/wp\/v2\/comments?post=92637"}],"version-history":[{"count":5,"href":"https:\/\/www.visit-ulcinj.com\/blog\/wp-json\/wp\/v2\/posts\/92637\/revisions"}],"predecessor-version":[{"id":92669,"href":"https:\/\/www.visit-ulcinj.com\/blog\/wp-json\/wp\/v2\/posts\/92637\/revisions\/92669"}],"wp:attachment":[{"href":"https:\/\/www.visit-ulcinj.com\/blog\/wp-json\/wp\/v2\/media?parent=92637"}],"wp:term":[{"taxonomy":"category","embeddable":true,"href":"https:\/\/www.visit-ulcinj.com\/blog\/wp-json\/wp\/v2\/categories?post=92637"},{"taxonomy":"post_tag","embeddable":true,"href":"https:\/\/www.visit-ulcinj.com\/blog\/wp-json\/wp\/v2\/tags?post=92637"}],"curies":[{"name":"wp","href":"https:\/\/api.w.org\/{rel}","templated":true}]}}