{"id":92652,"date":"2015-10-10T19:23:12","date_gmt":"2015-10-10T18:23:12","guid":{"rendered":"http:\/\/www.visit-ulcinj.com\/blog\/?p=92652"},"modified":"2015-10-10T19:23:12","modified_gmt":"2015-10-10T18:23:12","slug":"nuso-kalac-protiv-fatmira-deke-bice-podnijeta-krivicna-prijava","status":"publish","type":"post","link":"https:\/\/www.visit-ulcinj.com\/blog\/2015\/10\/10\/nuso-kalac-protiv-fatmira-deke-bice-podnijeta-krivicna-prijava\/","title":{"rendered":"Nu\u0161o Kala\u010d: Protiv Fatmira \u0110eke bi\u0107e podnijeta krivi\u010dna prijava"},"content":{"rendered":"<p><strong><a href=\"http:\/\/www.visit-ulcinj.com\/blog\/wp-content\/uploads\/2014\/09\/gjeka-1.jpg\"><img loading=\"lazy\" class=\"alignleft wp-image-85238\" src=\"http:\/\/www.visit-ulcinj.com\/blog\/wp-content\/uploads\/2014\/09\/gjeka-1.jpg\" alt=\"gjeka-1\" width=\"508\" height=\"339\" srcset=\"https:\/\/www.visit-ulcinj.com\/blog\/wp-content\/uploads\/2014\/09\/gjeka-1.jpg 600w, https:\/\/www.visit-ulcinj.com\/blog\/wp-content\/uploads\/2014\/09\/gjeka-1-300x200.jpg 300w\" sizes=\"(max-width: 508px) 100vw, 508px\" \/><\/a>Kala\u010d tvrdi da gradona\u010delnik Op\u0161tine Uicinj ne krije, ve\u0107 javno priznaje na konferenciji za \u0161tampu da je i u dosada\u0161njem postupku vr\u0161io pritisak na pravosudne organe<\/strong><\/p>\n<p><strong><span class=\"credits__author\"> Autor: <a href=\"http:\/\/www.vijesti.me\/autori\/vijesti-online-1\/profil\">Vijesti online<\/a> <\/span><\/strong><\/p>\n<p>U odnosu na navode gradona\u010delnika Ulcinja Fatmira \u0110eke <strong><a href=\"http:\/\/www.vijesti.me\/vijesti\/opstini-ulcinj-prijeti-blokada-racuna-zbog-pola-miliona-eura-854709\" target=\"_blank\">&#8220;da njihove analize ovog postupka ukazuju na postojanje korupcije koju Tu\u017eila\u0161tvo mora istra\u017eiti&#8221;<\/a><\/strong>, a pritom ne nudi nikakve dokaze, isti\u010dem da \u0107e Fatmir \u0110eka te svoje tvrdnje morati da doka\u017ee i to u svojstvu okrivljenog, jer \u0107e protiv istog biti podnijeta krivi\u010dna prijava nadle\u017enom tu\u017eiocu zbog krivi\u010dnog\u00a0djela Ia\u017enog\u00a0prijavljivanja&#8221;,\u00a0istakao je advokat Nu\u0161o Kala\u010d iz advokatske kancelarije &#8220;Kala\u010d&#8221; iz Ro\u017eaja.<\/p>\n<p>On je reagovao na tekst\u00a0<strong><a href=\"http:\/\/www.vijesti.me\/vijesti\/opstini-ulcinj-prijeti-blokada-racuna-zbog-pola-miliona-eura-854709\" target=\"_blank\">&#8220;Op\u0161tini Ulcinj prijeti blokada ra\u010duna zbog pola miliona eura&#8221;\u00a0koji je objavljen na portalu &#8220;Vijesti&#8221; 7. oktobra.<\/a><\/strong><\/p>\n<p>Kala\u010d je istakao da komentarisanje pravosna\u017ene sudske odluke Vi\u0161eg suda u Podgorici, pa i bilo kojeg drugog suda od strane gradona\u010delnika\u00a0Op\u0161tine Uicinj je u najmanju ruku apsurdno, posebno kada se ima u vidu \u010dinjenica da taj komentar dolazi od strane lica ekonomske struke, kao Iaika kada je u pitanju pravna materija.<\/p>\n<p>&#8220;Upozoravanje gradona\u010delnika Op\u0161tine Ulcinj Fatmira \u0110eke, da bi Op\u0161tina Ulcinj mogla uskoro da se na\u0111e pred bankrotom ako VDT ne pokrene postupak za za\u0161titu zakonitosti, a Vrhovni sud ne prihvati reviziju pravosna\u017ene presude Vi\u0161eg suda u Podgorici u korist advokata Kala\u010d\u00a0Nu\u0161a iz Ro\u017eaja, predstavlja svojevrstan, o\u010digledan i direktan pritisak na pravosudne organe Crne Gore, u pogledu daljeg sudskog postupka, koji su u smislu \u010dlana\u00a0118. Ustava Crne Gore samostalni i nezavisni.\u00a0Da se radi o\u00a0o\u010diglednom pritisku na pravosudne organe Crne Gore i dalji tok sudskog postupka najbolje govori to \u0161to gradona\u010delnik Fatmir \u0110eka &#8220;Dikretno i otvoreno prijeti\u00a0da \u0107e o\u00a0ovom slu\u010daju obavijestiti predstavnike Evropskih i me\u0111unarodnih organizacija u Crnoj Gori, te da \u0107e tako\u0111e zatra\u017eiiti podr\u0161ku odbrni\u010dkih klubova u Op\u0161tini Ulcinj,\u00a0pa \u010dak i poslanika Skup\u0161tine Crne Gore&#8221;, istakao je Kala\u010d.<\/p>\n<p>On je dodao da gradona\u010delnik Op\u0161tine Uicinj tako\u0111e ne krije, ve\u0107\u00a0javno priznaje na konferenciji za \u0161tampu da je i u dosada\u0161njem postupku vr\u0161io pritisak na pravosudne organe isti\u010du\u0107i\u00a0&#8220;Da je na tu temu razgovarao sa predstavnicima sudske viasti, od Osnovnog suda u Ulcinju (koga posebno hvali za orektnu saradnju) do Ministarstva pravde Crne Gore&#8221;.<\/p>\n<p>&#8220;Gradona\u010delnik Op\u0161tine Ulcinj Fatmir \u0110eka i Sekretar slu\u017ebe za imovinsko-pravne odnose Op\u0161tine Ulcinj Gzim Had\u017eibeti na ovaj na\u010din, a mimo Zakonom utvr\u0111ene procedure i pravila o\u00a0radu pravosudnih organa, za sebe\u00a0odnosno Op\u0161tinu Ulcinj, pokusavaju da iz ne prava izvuku odre\u0111eno pravo. Predstavnici Op\u0161tine Ulcinj zaboravljaju da se pravo svojine jem\u010di \u010dlanom\u00a058.Ustava Crne Gore, te da niko ne mo\u017ee biti li\u0161en ili ograni\u010den prava svojine, osim kada to zahtijeva javni interes, ali svakako uz pravi\u010dnu naknadu.\u00a0Radi javnosti isti\u010dem da je Op\u0161tina Ulcinj mom pravnom prethodniku HK&#8221;Progres&#8221; iz Pirota mimo Zakonom predvi\u0111ene procedure o\u00a0eksproprijaciji tj. utvr\u0111ivanju opsteg\u00a0odnosno javnog interesa i donosenja rje\u0161enja o\u00a0eksproprijaciji, zna\u010di putem fakti\u010dke eksproprijacije izuzela &#8211; odnosno protivpravno zauzela sporno zemlji\u0161te, radi izgradnje &#8220;Kolektorske ulice&#8221;, a da pritom nije u skladu sa zakonom isplatila pravi\u010dnu protiv nov\u010danu naknadu, sto je u sudskom postupku, na osnovu pravno valjanih dokaza i \u010dinjeni\u010dnog\u00a0stanja koje proizilazi iz tih dokaza, nesporno utvr\u0111eno i spor okon\u010dan usvajanjem tu\u017ebenoq zahtjeva&#8221;, rekao je Kala\u010d.<\/p>\n<p>Kala\u010d\u00a0je kazao da je tako\u0111e u postupku nesporno utvr\u0111eno da je potra\u017eivanje HK.&#8221;Progres\u00a0Pirot&#8221; iz Pirota, iz ovog\u00a0pravnog osnova, na osnovu Ugovora o\u00a0ustupanju potra\u017eivanja &#8211; Cesiji od 21.11.2006.god, koji je ovjeren od strane Osnovnog suda u Ulcinju, pod Ov.br.5293\/06 od 23.11.2006.god, a u smislu \u010dI.436.tada va\u017ee\u0107eg Zakona o\u00a0obligacionim odnosima, prenijeto na njega\u00a0kao prijemnika, a ne na osnovu \u010dl.461.st2.(tada va\u017ee\u0107eg Zakona o\u00a0obligacionim odnosima), kako to namjerno i pogre\u0161no navodi Sekretar slu\u017ebe za imovinsko-pravne odnose Op\u0161tine Ulcinj Gzim Had\u017eibeti.<\/p>\n<p>&#8220;Ovakvo tuma\u010denje ovih zakonskih odredbi od strane Had\u017eibetija je direktna posljedica nedostatka profesionalnog\u00a0umije\u0107a\u00a0odnosno profesionalne vje\u0161tine i predstavlja o\u010digledno obmanjivanje posebno lai\u010dke javnosti, odnosno nastojanja da se neosnovano iskompromituje pravosna\u017ena sudska odluka i rad pravosudnih organa. \u010clan\u00a0436.(tada va\u017ee\u0107eg\u00a0Zakona o\u00a0obligacionim odnosima], decidno je predvi\u0111eno da povjerilac mo\u017ee Ugovorom zaklju\u010denim sa tre\u0107im\u00a0prenijeti na ovoga svoje potra\u017eivanje, izuzev onog, koje je vezano za li\u0107nost povjerioca, ili koje se po svojoj prirodi protivi preno\u0161enju na drugog&#8221;. Kako se u konkretnom slu\u010daju ne radi o\u00a0potra\u017eivanju koje je vezano za li\u010dnost povjerioca, niti potra\u017eivanju koje se po svojoj prirodi protivi preno\u0161enju na drugog, nesporno je da sam potpuno aktivno legitimisan u ovoj pravnoj stvari &#8211; odnosno da kao prijemnik imam prema Op\u0161tini kao du\u017eniku potpuno ista prava koja je HK &#8220;Progres\u00a0Pirot&#8221;, kao ustupilac imao prema Op\u0161tini do dana ustupanja. U odnosu na navode gradona\u010delnika Ulcinja Fatmira \u0110eke &#8220;da njihove analize ovog postupka ukazuju na postojanje korupcije koju Tu\u017eila\u0161tvo mora istra\u017eiti&#8221;, (a pritom ne nudi nikakve dokaze), isti\u010dem da \u0107e Fatmir \u0110eka te svoje tvrdnje morati da doka\u017ee i to u svojstvu okrivljenog, jer \u0107e protiv istog biti podnijeta krivi\u010dna prijava nadle\u017enom tu\u017eiocu zbog krivi\u010dnog\u00a0djela Ia\u017enog\u00a0prijavljivanja&#8221;, tvrdi Kala\u010d.<\/p>\n","protected":false},"excerpt":{"rendered":"<p>Kala\u010d tvrdi da gradona\u010delnik Op\u0161tine Uicinj ne krije, ve\u0107 javno priznaje na konferenciji za \u0161tampu da je i u dosada\u0161njem postupku vr\u0161io pritisak na pravosudne organe Autor: Vijesti online U odnosu na navode gradona\u010delnika Ulcinja Fatmira \u0110eke &#8220;da njihove analize ovog postupka ukazuju na postojanje korupcije koju Tu\u017eila\u0161tvo mora istra\u017eiti&#8221;, a pritom ne nudi nikakve [&hellip;]<\/p>\n","protected":false},"author":1,"featured_media":0,"comment_status":"closed","ping_status":"closed","sticky":false,"template":"","format":"standard","meta":{"spay_email":"","jetpack_publicize_message":"","jetpack_is_tweetstorm":false,"jetpack_publicize_feature_enabled":true},"categories":[8337],"tags":[],"jetpack_publicize_connections":[],"yoast_head":"<!-- This site is optimized with the Yoast SEO plugin v19.1 - https:\/\/yoast.com\/wordpress\/plugins\/seo\/ -->\n<title>Nu\u0161o Kala\u010d: Protiv Fatmira \u0110eke bi\u0107e podnijeta krivi\u010dna prijava - Lajme nga Ulqini<\/title>\n<meta name=\"description\" content=\"Kala\u010d tvrdi da gradona\u010delnik Op\u0161tine Uicinj ne krije, ve\u0107 javno priznaje na konferenciji za \u0161tampu da je i u dosada\u0161njem postupku vr\u0161io pritisak na\" \/>\n<meta name=\"robots\" content=\"index, follow, max-snippet:-1, max-image-preview:large, max-video-preview:-1\" \/>\n<link rel=\"canonical\" href=\"https:\/\/www.visit-ulcinj.com\/blog\/2015\/10\/10\/nuso-kalac-protiv-fatmira-deke-bice-podnijeta-krivicna-prijava\/\" \/>\n<meta property=\"og:locale\" content=\"en_US\" \/>\n<meta property=\"og:type\" content=\"article\" \/>\n<meta property=\"og:title\" content=\"Nu\u0161o Kala\u010d: Protiv Fatmira \u0110eke bi\u0107e podnijeta krivi\u010dna prijava - Lajme nga Ulqini\" \/>\n<meta property=\"og:description\" content=\"Kala\u010d tvrdi da gradona\u010delnik Op\u0161tine Uicinj ne krije, ve\u0107 javno priznaje na konferenciji za \u0161tampu da je i u dosada\u0161njem postupku vr\u0161io pritisak na\" \/>\n<meta property=\"og:url\" content=\"https:\/\/www.visit-ulcinj.com\/blog\/2015\/10\/10\/nuso-kalac-protiv-fatmira-deke-bice-podnijeta-krivicna-prijava\/\" \/>\n<meta property=\"og:site_name\" content=\"Lajme nga Ulqini\" \/>\n<meta property=\"article:published_time\" content=\"2015-10-10T18:23:12+00:00\" \/>\n<meta property=\"og:image\" content=\"http:\/\/www.visit-ulcinj.com\/blog\/wp-content\/uploads\/2014\/09\/gjeka-1.jpg\" \/>\n<meta name=\"twitter:label1\" content=\"Written by\" \/>\n\t<meta name=\"twitter:data1\" content=\"ulqini\" \/>\n\t<meta name=\"twitter:label2\" content=\"Est. reading time\" \/>\n\t<meta name=\"twitter:data2\" content=\"5 minutes\" \/>\n<script type=\"application\/ld+json\" class=\"yoast-schema-graph\">{\"@context\":\"https:\/\/schema.org\",\"@graph\":[{\"@type\":\"WebSite\",\"@id\":\"https:\/\/www.visit-ulcinj.com\/blog\/#website\",\"url\":\"https:\/\/www.visit-ulcinj.com\/blog\/\",\"name\":\"Lajme nga Ulqini\",\"description\":\"Lajme,Vijesti,Ulqini,Ulqin,Crna Gora,Mali i Zi\",\"potentialAction\":[{\"@type\":\"SearchAction\",\"target\":{\"@type\":\"EntryPoint\",\"urlTemplate\":\"https:\/\/www.visit-ulcinj.com\/blog\/?s={search_term_string}\"},\"query-input\":\"required name=search_term_string\"}],\"inLanguage\":\"en-US\"},{\"@type\":\"ImageObject\",\"inLanguage\":\"en-US\",\"@id\":\"https:\/\/www.visit-ulcinj.com\/blog\/2015\/10\/10\/nuso-kalac-protiv-fatmira-deke-bice-podnijeta-krivicna-prijava\/#primaryimage\",\"url\":\"https:\/\/www.visit-ulcinj.com\/blog\/wp-content\/uploads\/2014\/09\/gjeka-1.jpg\",\"contentUrl\":\"https:\/\/www.visit-ulcinj.com\/blog\/wp-content\/uploads\/2014\/09\/gjeka-1.jpg\",\"width\":600,\"height\":400},{\"@type\":\"WebPage\",\"@id\":\"https:\/\/www.visit-ulcinj.com\/blog\/2015\/10\/10\/nuso-kalac-protiv-fatmira-deke-bice-podnijeta-krivicna-prijava\/#webpage\",\"url\":\"https:\/\/www.visit-ulcinj.com\/blog\/2015\/10\/10\/nuso-kalac-protiv-fatmira-deke-bice-podnijeta-krivicna-prijava\/\",\"name\":\"Nu\u0161o Kala\u010d: Protiv Fatmira \u0110eke bi\u0107e podnijeta krivi\u010dna prijava - Lajme nga Ulqini\",\"isPartOf\":{\"@id\":\"https:\/\/www.visit-ulcinj.com\/blog\/#website\"},\"primaryImageOfPage\":{\"@id\":\"https:\/\/www.visit-ulcinj.com\/blog\/2015\/10\/10\/nuso-kalac-protiv-fatmira-deke-bice-podnijeta-krivicna-prijava\/#primaryimage\"},\"datePublished\":\"2015-10-10T18:23:12+00:00\",\"dateModified\":\"2015-10-10T18:23:12+00:00\",\"author\":{\"@id\":\"https:\/\/www.visit-ulcinj.com\/blog\/#\/schema\/person\/dcab619c614d3038751c63bc2aadc06d\"},\"description\":\"Kala\u010d tvrdi da gradona\u010delnik Op\u0161tine Uicinj ne krije, ve\u0107 javno priznaje na konferenciji za \u0161tampu da je i u dosada\u0161njem postupku vr\u0161io pritisak na\",\"breadcrumb\":{\"@id\":\"https:\/\/www.visit-ulcinj.com\/blog\/2015\/10\/10\/nuso-kalac-protiv-fatmira-deke-bice-podnijeta-krivicna-prijava\/#breadcrumb\"},\"inLanguage\":\"en-US\",\"potentialAction\":[{\"@type\":\"ReadAction\",\"target\":[\"https:\/\/www.visit-ulcinj.com\/blog\/2015\/10\/10\/nuso-kalac-protiv-fatmira-deke-bice-podnijeta-krivicna-prijava\/\"]}]},{\"@type\":\"BreadcrumbList\",\"@id\":\"https:\/\/www.visit-ulcinj.com\/blog\/2015\/10\/10\/nuso-kalac-protiv-fatmira-deke-bice-podnijeta-krivicna-prijava\/#breadcrumb\",\"itemListElement\":[{\"@type\":\"ListItem\",\"position\":1,\"name\":\"Nu\u0161o Kala\u010d: Protiv Fatmira \u0110eke bi\u0107e podnijeta krivi\u010dna prijava\"}]},{\"@type\":\"Person\",\"@id\":\"https:\/\/www.visit-ulcinj.com\/blog\/#\/schema\/person\/dcab619c614d3038751c63bc2aadc06d\",\"name\":\"ulqini\",\"sameAs\":[\"http:\/\/www.visit-ulcinj.com\"],\"url\":\"https:\/\/www.visit-ulcinj.com\/blog\/author\/admin\/\"}]}<\/script>\n<!-- \/ Yoast SEO plugin. -->","yoast_head_json":{"title":"Nu\u0161o Kala\u010d: Protiv Fatmira \u0110eke bi\u0107e podnijeta krivi\u010dna prijava - Lajme nga Ulqini","description":"Kala\u010d tvrdi da gradona\u010delnik Op\u0161tine Uicinj ne krije, ve\u0107 javno priznaje na konferenciji za \u0161tampu da je i u dosada\u0161njem postupku vr\u0161io pritisak na","robots":{"index":"index","follow":"follow","max-snippet":"max-snippet:-1","max-image-preview":"max-image-preview:large","max-video-preview":"max-video-preview:-1"},"canonical":"https:\/\/www.visit-ulcinj.com\/blog\/2015\/10\/10\/nuso-kalac-protiv-fatmira-deke-bice-podnijeta-krivicna-prijava\/","og_locale":"en_US","og_type":"article","og_title":"Nu\u0161o Kala\u010d: Protiv Fatmira \u0110eke bi\u0107e podnijeta krivi\u010dna prijava - Lajme nga Ulqini","og_description":"Kala\u010d tvrdi da gradona\u010delnik Op\u0161tine Uicinj ne krije, ve\u0107 javno priznaje na konferenciji za \u0161tampu da je i u dosada\u0161njem postupku vr\u0161io pritisak na","og_url":"https:\/\/www.visit-ulcinj.com\/blog\/2015\/10\/10\/nuso-kalac-protiv-fatmira-deke-bice-podnijeta-krivicna-prijava\/","og_site_name":"Lajme nga Ulqini","article_published_time":"2015-10-10T18:23:12+00:00","og_image":[{"url":"http:\/\/www.visit-ulcinj.com\/blog\/wp-content\/uploads\/2014\/09\/gjeka-1.jpg"}],"twitter_misc":{"Written by":"ulqini","Est. reading time":"5 minutes"},"schema":{"@context":"https:\/\/schema.org","@graph":[{"@type":"WebSite","@id":"https:\/\/www.visit-ulcinj.com\/blog\/#website","url":"https:\/\/www.visit-ulcinj.com\/blog\/","name":"Lajme nga Ulqini","description":"Lajme,Vijesti,Ulqini,Ulqin,Crna Gora,Mali i Zi","potentialAction":[{"@type":"SearchAction","target":{"@type":"EntryPoint","urlTemplate":"https:\/\/www.visit-ulcinj.com\/blog\/?s={search_term_string}"},"query-input":"required name=search_term_string"}],"inLanguage":"en-US"},{"@type":"ImageObject","inLanguage":"en-US","@id":"https:\/\/www.visit-ulcinj.com\/blog\/2015\/10\/10\/nuso-kalac-protiv-fatmira-deke-bice-podnijeta-krivicna-prijava\/#primaryimage","url":"https:\/\/www.visit-ulcinj.com\/blog\/wp-content\/uploads\/2014\/09\/gjeka-1.jpg","contentUrl":"https:\/\/www.visit-ulcinj.com\/blog\/wp-content\/uploads\/2014\/09\/gjeka-1.jpg","width":600,"height":400},{"@type":"WebPage","@id":"https:\/\/www.visit-ulcinj.com\/blog\/2015\/10\/10\/nuso-kalac-protiv-fatmira-deke-bice-podnijeta-krivicna-prijava\/#webpage","url":"https:\/\/www.visit-ulcinj.com\/blog\/2015\/10\/10\/nuso-kalac-protiv-fatmira-deke-bice-podnijeta-krivicna-prijava\/","name":"Nu\u0161o Kala\u010d: Protiv Fatmira \u0110eke bi\u0107e podnijeta krivi\u010dna prijava - Lajme nga Ulqini","isPartOf":{"@id":"https:\/\/www.visit-ulcinj.com\/blog\/#website"},"primaryImageOfPage":{"@id":"https:\/\/www.visit-ulcinj.com\/blog\/2015\/10\/10\/nuso-kalac-protiv-fatmira-deke-bice-podnijeta-krivicna-prijava\/#primaryimage"},"datePublished":"2015-10-10T18:23:12+00:00","dateModified":"2015-10-10T18:23:12+00:00","author":{"@id":"https:\/\/www.visit-ulcinj.com\/blog\/#\/schema\/person\/dcab619c614d3038751c63bc2aadc06d"},"description":"Kala\u010d tvrdi da gradona\u010delnik Op\u0161tine Uicinj ne krije, ve\u0107 javno priznaje na konferenciji za \u0161tampu da je i u dosada\u0161njem postupku vr\u0161io pritisak na","breadcrumb":{"@id":"https:\/\/www.visit-ulcinj.com\/blog\/2015\/10\/10\/nuso-kalac-protiv-fatmira-deke-bice-podnijeta-krivicna-prijava\/#breadcrumb"},"inLanguage":"en-US","potentialAction":[{"@type":"ReadAction","target":["https:\/\/www.visit-ulcinj.com\/blog\/2015\/10\/10\/nuso-kalac-protiv-fatmira-deke-bice-podnijeta-krivicna-prijava\/"]}]},{"@type":"BreadcrumbList","@id":"https:\/\/www.visit-ulcinj.com\/blog\/2015\/10\/10\/nuso-kalac-protiv-fatmira-deke-bice-podnijeta-krivicna-prijava\/#breadcrumb","itemListElement":[{"@type":"ListItem","position":1,"name":"Nu\u0161o Kala\u010d: Protiv Fatmira \u0110eke bi\u0107e podnijeta krivi\u010dna prijava"}]},{"@type":"Person","@id":"https:\/\/www.visit-ulcinj.com\/blog\/#\/schema\/person\/dcab619c614d3038751c63bc2aadc06d","name":"ulqini","sameAs":["http:\/\/www.visit-ulcinj.com"],"url":"https:\/\/www.visit-ulcinj.com\/blog\/author\/admin\/"}]}},"jetpack_featured_media_url":"","jetpack_sharing_enabled":true,"jetpack_shortlink":"https:\/\/wp.me\/pe6lTn-o6o","_links":{"self":[{"href":"https:\/\/www.visit-ulcinj.com\/blog\/wp-json\/wp\/v2\/posts\/92652"}],"collection":[{"href":"https:\/\/www.visit-ulcinj.com\/blog\/wp-json\/wp\/v2\/posts"}],"about":[{"href":"https:\/\/www.visit-ulcinj.com\/blog\/wp-json\/wp\/v2\/types\/post"}],"author":[{"embeddable":true,"href":"https:\/\/www.visit-ulcinj.com\/blog\/wp-json\/wp\/v2\/users\/1"}],"replies":[{"embeddable":true,"href":"https:\/\/www.visit-ulcinj.com\/blog\/wp-json\/wp\/v2\/comments?post=92652"}],"version-history":[{"count":1,"href":"https:\/\/www.visit-ulcinj.com\/blog\/wp-json\/wp\/v2\/posts\/92652\/revisions"}],"predecessor-version":[{"id":92653,"href":"https:\/\/www.visit-ulcinj.com\/blog\/wp-json\/wp\/v2\/posts\/92652\/revisions\/92653"}],"wp:attachment":[{"href":"https:\/\/www.visit-ulcinj.com\/blog\/wp-json\/wp\/v2\/media?parent=92652"}],"wp:term":[{"taxonomy":"category","embeddable":true,"href":"https:\/\/www.visit-ulcinj.com\/blog\/wp-json\/wp\/v2\/categories?post=92652"},{"taxonomy":"post_tag","embeddable":true,"href":"https:\/\/www.visit-ulcinj.com\/blog\/wp-json\/wp\/v2\/tags?post=92652"}],"curies":[{"name":"wp","href":"https:\/\/api.w.org\/{rel}","templated":true}]}}