{"id":92666,"date":"2015-10-11T10:41:16","date_gmt":"2015-10-11T09:41:16","guid":{"rendered":"http:\/\/www.visit-ulcinj.com\/blog\/?p=92666"},"modified":"2015-10-12T09:39:47","modified_gmt":"2015-10-12T08:39:47","slug":"kallac-paralajmeron-padi-penale-ndaj-fatmir-gjekes","status":"publish","type":"post","link":"https:\/\/www.visit-ulcinj.com\/blog\/2015\/10\/11\/kallac-paralajmeron-padi-penale-ndaj-fatmir-gjekes\/","title":{"rendered":"Kalla\u00e7 paralajm\u00ebron padi penale ndaj Fatmir Gjek\u00ebs"},"content":{"rendered":"<p><a href=\"http:\/\/www.visit-ulcinj.com\/blog\/wp-content\/uploads\/2015\/10\/Fatmir-Gjeka-Ulqin.jpg\"><img loading=\"lazy\" class=\"alignleft wp-image-92667 size-full\" src=\"http:\/\/www.visit-ulcinj.com\/blog\/wp-content\/uploads\/2015\/10\/Fatmir-Gjeka-Ulqin.jpg\" alt=\"Fatmir-Gjeka-Ulqin\" width=\"276\" height=\"183\" \/><\/a>N\u00eb baz\u00eb t\u00eb th\u00ebnieve t\u00eb kryetarit t\u00eb komun\u00ebs s\u00eb Ulqinit Fatmir Gjeka \u201cse analizat e tyre t\u00eb procesit tregojn\u00eb ekzistimin e korrupsionit t\u00eb cilin Prokuroria duhet ta hetoj\u00eb\u201d, ku pastaj nuk jep asnj\u00eb d\u00ebshmi, theksoi se Fatmir Gjeka th\u00ebniet e veta do ti v\u00ebrtetoj\u00eb n\u00eb vetit e t\u00eb paditurit, sepse kund\u00ebr tij do t\u00eb ngrit\u00ebt padia penale tek prokurori p\u00ebrgjegj\u00ebs p\u00ebr shkak t\u00eb vepr\u00ebs penale lajm\u00ebrim i rrejsh\u00ebm\u201d, theksoi n\u00eb deklarat\u00eb p\u00ebr \u201cVijesti\u201d avokati Nusho Kalla\u00e7 nga zyra e avokatis\u00eb \u201cKalac\u201d nga Rozhaji.<\/p>\n<p>Gjeka t\u00eb m\u00ebrkur\u00ebn ka th\u00ebn\u00eb se administrata lokale n\u00eb procesin e ri gjyq\u00ebsor po ballafaqohet me aferen e cila ka elemente korruptive dhe e cila k\u00ebrc\u00ebnon q\u00eb komun\u00ebn e Ulqinit ta \u00e7oj\u00eb drejt\u00eb falimentimit.<\/p>\n<p>Gjykata e lart\u00eb n\u00eb Podgoric\u00eb n\u00eb fillim t\u00eb shtatorit solli vendimin n\u00eb d\u00ebm t\u00eb Komun\u00ebs i cili ka mund\u00ebsi t\u2019i kushtoj\u00eb asaj rreth gjysm\u00eb milioni euro. B\u00ebhet fjal\u00eb p\u00ebr rastin e kompanis\u00eb \u201cProgres\u201d nga Piroti, gjegj\u00ebsisht p\u00ebr l\u00ebnd\u00ebn gjyq\u00ebsore e cila daton para m\u00eb shum\u00eb se tre dekadash.<\/p>\n<p>Mbasi q\u00eb kjo kompani serbe falimentoi kontestin e bleu avokati i saj i deriat\u00ebhersh\u00ebm Nusho Kalla\u00e7 p\u00ebr 70 mij\u00eb euro.<\/p>\n<p>Burimi: Ul.info<\/p>\n","protected":false},"excerpt":{"rendered":"<p>N\u00eb baz\u00eb t\u00eb th\u00ebnieve t\u00eb kryetarit t\u00eb komun\u00ebs s\u00eb Ulqinit Fatmir Gjeka \u201cse analizat e tyre t\u00eb procesit tregojn\u00eb ekzistimin e korrupsionit t\u00eb cilin Prokuroria duhet ta hetoj\u00eb\u201d, ku pastaj nuk jep asnj\u00eb d\u00ebshmi, theksoi se Fatmir Gjeka th\u00ebniet e veta do ti v\u00ebrtetoj\u00eb n\u00eb vetit e t\u00eb paditurit, sepse kund\u00ebr tij do t\u00eb ngrit\u00ebt [&hellip;]<\/p>\n","protected":false},"author":1,"featured_media":0,"comment_status":"closed","ping_status":"closed","sticky":false,"template":"","format":"standard","meta":{"spay_email":"","jetpack_publicize_message":"","jetpack_is_tweetstorm":false,"jetpack_publicize_feature_enabled":true},"categories":[1,6],"tags":[],"jetpack_publicize_connections":[],"yoast_head":"<!-- This site is optimized with the Yoast SEO plugin v19.1 - https:\/\/yoast.com\/wordpress\/plugins\/seo\/ -->\n<title>Kalla\u00e7 paralajm\u00ebron padi penale ndaj Fatmir Gjek\u00ebs - Lajme nga Ulqini<\/title>\n<meta name=\"description\" content=\"N\u00eb baz\u00eb t\u00eb th\u00ebnieve t\u00eb kryetarit t\u00eb komun\u00ebs s\u00eb Ulqinit Fatmir Gjeka \u201cse analizat e tyre t\u00eb procesit tregojn\u00eb ekzistimin e korrupsionit t\u00eb cilin Prokuroria\" \/>\n<meta name=\"robots\" content=\"index, follow, max-snippet:-1, max-image-preview:large, max-video-preview:-1\" \/>\n<link rel=\"canonical\" href=\"https:\/\/www.visit-ulcinj.com\/blog\/2015\/10\/11\/kallac-paralajmeron-padi-penale-ndaj-fatmir-gjekes\/\" \/>\n<meta property=\"og:locale\" content=\"en_US\" \/>\n<meta property=\"og:type\" content=\"article\" \/>\n<meta property=\"og:title\" content=\"Kalla\u00e7 paralajm\u00ebron padi penale ndaj Fatmir Gjek\u00ebs - Lajme nga Ulqini\" \/>\n<meta property=\"og:description\" content=\"N\u00eb baz\u00eb t\u00eb th\u00ebnieve t\u00eb kryetarit t\u00eb komun\u00ebs s\u00eb Ulqinit Fatmir Gjeka \u201cse analizat e tyre t\u00eb procesit tregojn\u00eb ekzistimin e korrupsionit t\u00eb cilin Prokuroria\" \/>\n<meta property=\"og:url\" content=\"https:\/\/www.visit-ulcinj.com\/blog\/2015\/10\/11\/kallac-paralajmeron-padi-penale-ndaj-fatmir-gjekes\/\" \/>\n<meta property=\"og:site_name\" content=\"Lajme nga Ulqini\" \/>\n<meta property=\"article:published_time\" content=\"2015-10-11T09:41:16+00:00\" \/>\n<meta property=\"article:modified_time\" content=\"2015-10-12T08:39:47+00:00\" \/>\n<meta property=\"og:image\" content=\"http:\/\/www.visit-ulcinj.com\/blog\/wp-content\/uploads\/2015\/10\/Fatmir-Gjeka-Ulqin.jpg\" \/>\n<meta name=\"twitter:label1\" content=\"Written by\" \/>\n\t<meta name=\"twitter:data1\" content=\"ulqini\" \/>\n\t<meta name=\"twitter:label2\" content=\"Est. reading time\" \/>\n\t<meta name=\"twitter:data2\" content=\"1 minute\" \/>\n<script type=\"application\/ld+json\" class=\"yoast-schema-graph\">{\"@context\":\"https:\/\/schema.org\",\"@graph\":[{\"@type\":\"WebSite\",\"@id\":\"https:\/\/www.visit-ulcinj.com\/blog\/#website\",\"url\":\"https:\/\/www.visit-ulcinj.com\/blog\/\",\"name\":\"Lajme nga Ulqini\",\"description\":\"Lajme,Vijesti,Ulqini,Ulqin,Crna Gora,Mali i Zi\",\"potentialAction\":[{\"@type\":\"SearchAction\",\"target\":{\"@type\":\"EntryPoint\",\"urlTemplate\":\"https:\/\/www.visit-ulcinj.com\/blog\/?s={search_term_string}\"},\"query-input\":\"required name=search_term_string\"}],\"inLanguage\":\"en-US\"},{\"@type\":\"ImageObject\",\"inLanguage\":\"en-US\",\"@id\":\"https:\/\/www.visit-ulcinj.com\/blog\/2015\/10\/11\/kallac-paralajmeron-padi-penale-ndaj-fatmir-gjekes\/#primaryimage\",\"url\":\"https:\/\/www.visit-ulcinj.com\/blog\/wp-content\/uploads\/2015\/10\/Fatmir-Gjeka-Ulqin.jpg\",\"contentUrl\":\"https:\/\/www.visit-ulcinj.com\/blog\/wp-content\/uploads\/2015\/10\/Fatmir-Gjeka-Ulqin.jpg\",\"width\":276,\"height\":183},{\"@type\":\"WebPage\",\"@id\":\"https:\/\/www.visit-ulcinj.com\/blog\/2015\/10\/11\/kallac-paralajmeron-padi-penale-ndaj-fatmir-gjekes\/#webpage\",\"url\":\"https:\/\/www.visit-ulcinj.com\/blog\/2015\/10\/11\/kallac-paralajmeron-padi-penale-ndaj-fatmir-gjekes\/\",\"name\":\"Kalla\u00e7 paralajm\u00ebron padi penale ndaj Fatmir Gjek\u00ebs - Lajme nga Ulqini\",\"isPartOf\":{\"@id\":\"https:\/\/www.visit-ulcinj.com\/blog\/#website\"},\"primaryImageOfPage\":{\"@id\":\"https:\/\/www.visit-ulcinj.com\/blog\/2015\/10\/11\/kallac-paralajmeron-padi-penale-ndaj-fatmir-gjekes\/#primaryimage\"},\"datePublished\":\"2015-10-11T09:41:16+00:00\",\"dateModified\":\"2015-10-12T08:39:47+00:00\",\"author\":{\"@id\":\"https:\/\/www.visit-ulcinj.com\/blog\/#\/schema\/person\/dcab619c614d3038751c63bc2aadc06d\"},\"description\":\"N\u00eb baz\u00eb t\u00eb th\u00ebnieve t\u00eb kryetarit t\u00eb komun\u00ebs s\u00eb Ulqinit Fatmir Gjeka \u201cse analizat e tyre t\u00eb procesit tregojn\u00eb ekzistimin e korrupsionit t\u00eb cilin Prokuroria\",\"breadcrumb\":{\"@id\":\"https:\/\/www.visit-ulcinj.com\/blog\/2015\/10\/11\/kallac-paralajmeron-padi-penale-ndaj-fatmir-gjekes\/#breadcrumb\"},\"inLanguage\":\"en-US\",\"potentialAction\":[{\"@type\":\"ReadAction\",\"target\":[\"https:\/\/www.visit-ulcinj.com\/blog\/2015\/10\/11\/kallac-paralajmeron-padi-penale-ndaj-fatmir-gjekes\/\"]}]},{\"@type\":\"BreadcrumbList\",\"@id\":\"https:\/\/www.visit-ulcinj.com\/blog\/2015\/10\/11\/kallac-paralajmeron-padi-penale-ndaj-fatmir-gjekes\/#breadcrumb\",\"itemListElement\":[{\"@type\":\"ListItem\",\"position\":1,\"name\":\"Kalla\u00e7 paralajm\u00ebron padi penale ndaj Fatmir Gjek\u00ebs\"}]},{\"@type\":\"Person\",\"@id\":\"https:\/\/www.visit-ulcinj.com\/blog\/#\/schema\/person\/dcab619c614d3038751c63bc2aadc06d\",\"name\":\"ulqini\",\"sameAs\":[\"http:\/\/www.visit-ulcinj.com\"],\"url\":\"https:\/\/www.visit-ulcinj.com\/blog\/author\/admin\/\"}]}<\/script>\n<!-- \/ Yoast SEO plugin. -->","yoast_head_json":{"title":"Kalla\u00e7 paralajm\u00ebron padi penale ndaj Fatmir Gjek\u00ebs - Lajme nga Ulqini","description":"N\u00eb baz\u00eb t\u00eb th\u00ebnieve t\u00eb kryetarit t\u00eb komun\u00ebs s\u00eb Ulqinit Fatmir Gjeka \u201cse analizat e tyre t\u00eb procesit tregojn\u00eb ekzistimin e korrupsionit t\u00eb cilin Prokuroria","robots":{"index":"index","follow":"follow","max-snippet":"max-snippet:-1","max-image-preview":"max-image-preview:large","max-video-preview":"max-video-preview:-1"},"canonical":"https:\/\/www.visit-ulcinj.com\/blog\/2015\/10\/11\/kallac-paralajmeron-padi-penale-ndaj-fatmir-gjekes\/","og_locale":"en_US","og_type":"article","og_title":"Kalla\u00e7 paralajm\u00ebron padi penale ndaj Fatmir Gjek\u00ebs - Lajme nga Ulqini","og_description":"N\u00eb baz\u00eb t\u00eb th\u00ebnieve t\u00eb kryetarit t\u00eb komun\u00ebs s\u00eb Ulqinit Fatmir Gjeka \u201cse analizat e tyre t\u00eb procesit tregojn\u00eb ekzistimin e korrupsionit t\u00eb cilin Prokuroria","og_url":"https:\/\/www.visit-ulcinj.com\/blog\/2015\/10\/11\/kallac-paralajmeron-padi-penale-ndaj-fatmir-gjekes\/","og_site_name":"Lajme nga Ulqini","article_published_time":"2015-10-11T09:41:16+00:00","article_modified_time":"2015-10-12T08:39:47+00:00","og_image":[{"url":"http:\/\/www.visit-ulcinj.com\/blog\/wp-content\/uploads\/2015\/10\/Fatmir-Gjeka-Ulqin.jpg"}],"twitter_misc":{"Written by":"ulqini","Est. reading time":"1 minute"},"schema":{"@context":"https:\/\/schema.org","@graph":[{"@type":"WebSite","@id":"https:\/\/www.visit-ulcinj.com\/blog\/#website","url":"https:\/\/www.visit-ulcinj.com\/blog\/","name":"Lajme nga Ulqini","description":"Lajme,Vijesti,Ulqini,Ulqin,Crna Gora,Mali i Zi","potentialAction":[{"@type":"SearchAction","target":{"@type":"EntryPoint","urlTemplate":"https:\/\/www.visit-ulcinj.com\/blog\/?s={search_term_string}"},"query-input":"required name=search_term_string"}],"inLanguage":"en-US"},{"@type":"ImageObject","inLanguage":"en-US","@id":"https:\/\/www.visit-ulcinj.com\/blog\/2015\/10\/11\/kallac-paralajmeron-padi-penale-ndaj-fatmir-gjekes\/#primaryimage","url":"https:\/\/www.visit-ulcinj.com\/blog\/wp-content\/uploads\/2015\/10\/Fatmir-Gjeka-Ulqin.jpg","contentUrl":"https:\/\/www.visit-ulcinj.com\/blog\/wp-content\/uploads\/2015\/10\/Fatmir-Gjeka-Ulqin.jpg","width":276,"height":183},{"@type":"WebPage","@id":"https:\/\/www.visit-ulcinj.com\/blog\/2015\/10\/11\/kallac-paralajmeron-padi-penale-ndaj-fatmir-gjekes\/#webpage","url":"https:\/\/www.visit-ulcinj.com\/blog\/2015\/10\/11\/kallac-paralajmeron-padi-penale-ndaj-fatmir-gjekes\/","name":"Kalla\u00e7 paralajm\u00ebron padi penale ndaj Fatmir Gjek\u00ebs - Lajme nga Ulqini","isPartOf":{"@id":"https:\/\/www.visit-ulcinj.com\/blog\/#website"},"primaryImageOfPage":{"@id":"https:\/\/www.visit-ulcinj.com\/blog\/2015\/10\/11\/kallac-paralajmeron-padi-penale-ndaj-fatmir-gjekes\/#primaryimage"},"datePublished":"2015-10-11T09:41:16+00:00","dateModified":"2015-10-12T08:39:47+00:00","author":{"@id":"https:\/\/www.visit-ulcinj.com\/blog\/#\/schema\/person\/dcab619c614d3038751c63bc2aadc06d"},"description":"N\u00eb baz\u00eb t\u00eb th\u00ebnieve t\u00eb kryetarit t\u00eb komun\u00ebs s\u00eb Ulqinit Fatmir Gjeka \u201cse analizat e tyre t\u00eb procesit tregojn\u00eb ekzistimin e korrupsionit t\u00eb cilin Prokuroria","breadcrumb":{"@id":"https:\/\/www.visit-ulcinj.com\/blog\/2015\/10\/11\/kallac-paralajmeron-padi-penale-ndaj-fatmir-gjekes\/#breadcrumb"},"inLanguage":"en-US","potentialAction":[{"@type":"ReadAction","target":["https:\/\/www.visit-ulcinj.com\/blog\/2015\/10\/11\/kallac-paralajmeron-padi-penale-ndaj-fatmir-gjekes\/"]}]},{"@type":"BreadcrumbList","@id":"https:\/\/www.visit-ulcinj.com\/blog\/2015\/10\/11\/kallac-paralajmeron-padi-penale-ndaj-fatmir-gjekes\/#breadcrumb","itemListElement":[{"@type":"ListItem","position":1,"name":"Kalla\u00e7 paralajm\u00ebron padi penale ndaj Fatmir Gjek\u00ebs"}]},{"@type":"Person","@id":"https:\/\/www.visit-ulcinj.com\/blog\/#\/schema\/person\/dcab619c614d3038751c63bc2aadc06d","name":"ulqini","sameAs":["http:\/\/www.visit-ulcinj.com"],"url":"https:\/\/www.visit-ulcinj.com\/blog\/author\/admin\/"}]}},"jetpack_featured_media_url":"","jetpack_sharing_enabled":true,"jetpack_shortlink":"https:\/\/wp.me\/pe6lTn-o6C","_links":{"self":[{"href":"https:\/\/www.visit-ulcinj.com\/blog\/wp-json\/wp\/v2\/posts\/92666"}],"collection":[{"href":"https:\/\/www.visit-ulcinj.com\/blog\/wp-json\/wp\/v2\/posts"}],"about":[{"href":"https:\/\/www.visit-ulcinj.com\/blog\/wp-json\/wp\/v2\/types\/post"}],"author":[{"embeddable":true,"href":"https:\/\/www.visit-ulcinj.com\/blog\/wp-json\/wp\/v2\/users\/1"}],"replies":[{"embeddable":true,"href":"https:\/\/www.visit-ulcinj.com\/blog\/wp-json\/wp\/v2\/comments?post=92666"}],"version-history":[{"count":1,"href":"https:\/\/www.visit-ulcinj.com\/blog\/wp-json\/wp\/v2\/posts\/92666\/revisions"}],"predecessor-version":[{"id":92668,"href":"https:\/\/www.visit-ulcinj.com\/blog\/wp-json\/wp\/v2\/posts\/92666\/revisions\/92668"}],"wp:attachment":[{"href":"https:\/\/www.visit-ulcinj.com\/blog\/wp-json\/wp\/v2\/media?parent=92666"}],"wp:term":[{"taxonomy":"category","embeddable":true,"href":"https:\/\/www.visit-ulcinj.com\/blog\/wp-json\/wp\/v2\/categories?post=92666"},{"taxonomy":"post_tag","embeddable":true,"href":"https:\/\/www.visit-ulcinj.com\/blog\/wp-json\/wp\/v2\/tags?post=92666"}],"curies":[{"name":"wp","href":"https:\/\/api.w.org\/{rel}","templated":true}]}}