{"id":92672,"date":"2015-10-12T09:35:49","date_gmt":"2015-10-12T08:35:49","guid":{"rendered":"http:\/\/www.visit-ulcinj.com\/blog\/?p=92672"},"modified":"2015-10-13T06:44:47","modified_gmt":"2015-10-13T05:44:47","slug":"per-kombetaren-festoi-edhe-ulqini","status":"publish","type":"post","link":"https:\/\/www.visit-ulcinj.com\/blog\/2015\/10\/12\/per-kombetaren-festoi-edhe-ulqini\/","title":{"rendered":"P\u00ebr Komb\u00ebtaren  festoi edhe Ulqini &#8211; Video"},"content":{"rendered":"<p><a href=\"http:\/\/www.visit-ulcinj.com\/blog\/wp-content\/uploads\/2015\/10\/festimi-ne-ulqin-1.jpg\"><img loading=\"lazy\" class=\"alignleft wp-image-92673\" src=\"http:\/\/www.visit-ulcinj.com\/blog\/wp-content\/uploads\/2015\/10\/festimi-ne-ulqin-1.jpg\" alt=\"festimi-ne-ulqin-1\" width=\"508\" height=\"336\" srcset=\"https:\/\/www.visit-ulcinj.com\/blog\/wp-content\/uploads\/2015\/10\/festimi-ne-ulqin-1.jpg 640w, https:\/\/www.visit-ulcinj.com\/blog\/wp-content\/uploads\/2015\/10\/festimi-ne-ulqin-1-300x198.jpg 300w\" sizes=\"(max-width: 508px) 100vw, 508px\" \/><\/a>P\u00ebr Komb\u00ebtaren sonte po feston edhe gjith\u00eb\u00a0 Ulqini.<\/p>\n<p>P\u00ebr kualifikimin e saj n\u00eb Europian po festohet edhe n\u00eb Mal t\u00eb Zi si n\u00eb Tuz ashtu dhe n\u00eb Ulqin.<\/p>\n<p>K\u00ebto fotografi tregojn\u00eb festimet e shqiptar\u00ebve n\u00eb Ulqin.<\/p>\n<p><a href=\"http:\/\/www.visit-ulcinj.com\/blog\/wp-content\/uploads\/2015\/10\/festimi-ne-ulqin-2.jpg\"><img loading=\"lazy\" class=\"alignleft wp-image-92676\" src=\"http:\/\/www.visit-ulcinj.com\/blog\/wp-content\/uploads\/2015\/10\/festimi-ne-ulqin-2.jpg\" alt=\"festimi-ne-ulqin-2\" width=\"508\" height=\"391\" srcset=\"https:\/\/www.visit-ulcinj.com\/blog\/wp-content\/uploads\/2015\/10\/festimi-ne-ulqin-2.jpg 639w, https:\/\/www.visit-ulcinj.com\/blog\/wp-content\/uploads\/2015\/10\/festimi-ne-ulqin-2-300x231.jpg 300w\" sizes=\"(max-width: 508px) 100vw, 508px\" \/><\/a><\/p>\n<p>Shpesh her\u00eb m\u00eb t\u00eb heshturit, ata sonte kan\u00eb bllokuar rrug\u00ebt kryesore p\u00ebr t\u00eb festuar me flamuj komb\u00ebtar Ulqinin.<\/p>\n<p>M\u00eb posht\u00eb mund t\u00eb shihni festimet n\u00eb disa qytete. Videot jan\u00eb marr\u00eb nga postimet e tifozave\u00a0n\u00eb Facebook.<\/p>\n<p><iframe loading=\"lazy\" src=\"https:\/\/www.youtube.com\/embed\/kQPIgB1oDos\" width=\"508\" height=\"315\" frameborder=\"0\" allowfullscreen=\"allowfullscreen\"><\/iframe><\/p>\n<p><a href=\"http:\/\/www.visit-ulcinj.com\/blog\/wp-content\/uploads\/2015\/10\/festimi-ne-ulqin.jpg\"><img loading=\"lazy\" class=\"alignleft wp-image-92674\" src=\"http:\/\/www.visit-ulcinj.com\/blog\/wp-content\/uploads\/2015\/10\/festimi-ne-ulqin.jpg\" alt=\"festimi-ne-ulqin\" width=\"508\" height=\"270\" srcset=\"https:\/\/www.visit-ulcinj.com\/blog\/wp-content\/uploads\/2015\/10\/festimi-ne-ulqin.jpg 620w, https:\/\/www.visit-ulcinj.com\/blog\/wp-content\/uploads\/2015\/10\/festimi-ne-ulqin-300x160.jpg 300w\" sizes=\"(max-width: 508px) 100vw, 508px\" \/><\/a><br \/>\n<iframe loading=\"lazy\" src=\"\/\/www.dailymotion.com\/embed\/video\/x39c7if?autoPlay=1\" width=\"508\" height=\"315\" frameborder=\"0\" allowfullscreen=\"allowfullscreen\"><\/iframe><\/p>\n","protected":false},"excerpt":{"rendered":"<p>P\u00ebr Komb\u00ebtaren sonte po feston edhe gjith\u00eb\u00a0 Ulqini. P\u00ebr kualifikimin e saj n\u00eb Europian po festohet edhe n\u00eb Mal t\u00eb Zi si n\u00eb Tuz ashtu dhe n\u00eb Ulqin. K\u00ebto fotografi tregojn\u00eb festimet e shqiptar\u00ebve n\u00eb Ulqin. Shpesh her\u00eb m\u00eb t\u00eb heshturit, ata sonte kan\u00eb bllokuar rrug\u00ebt kryesore p\u00ebr t\u00eb festuar me flamuj komb\u00ebtar Ulqinin. M\u00eb [&hellip;]<\/p>\n","protected":false},"author":1,"featured_media":0,"comment_status":"closed","ping_status":"closed","sticky":false,"template":"","format":"standard","meta":{"spay_email":"","jetpack_publicize_message":"","jetpack_is_tweetstorm":false,"jetpack_publicize_feature_enabled":true},"categories":[1],"tags":[],"jetpack_publicize_connections":[],"yoast_head":"<!-- This site is optimized with the Yoast SEO plugin v19.1 - https:\/\/yoast.com\/wordpress\/plugins\/seo\/ -->\n<title>P\u00ebr Komb\u00ebtaren festoi edhe Ulqini - Video - Lajme nga Ulqini<\/title>\n<meta name=\"description\" content=\"P\u00ebr Komb\u00ebtaren sonte po feston edhe gjith\u00eb\u00a0 Ulqini. P\u00ebr kualifikimin e saj n\u00eb Europian po festohet edhe n\u00eb Mal t\u00eb Zi si n\u00eb Tuz ashtu dhe n\u00eb Ulqin. K\u00ebto\" \/>\n<meta name=\"robots\" content=\"index, follow, max-snippet:-1, max-image-preview:large, max-video-preview:-1\" \/>\n<link rel=\"canonical\" href=\"https:\/\/www.visit-ulcinj.com\/blog\/2015\/10\/12\/per-kombetaren-festoi-edhe-ulqini\/\" \/>\n<meta property=\"og:locale\" content=\"en_US\" \/>\n<meta property=\"og:type\" content=\"article\" \/>\n<meta property=\"og:title\" content=\"P\u00ebr Komb\u00ebtaren festoi edhe Ulqini - Video - Lajme nga Ulqini\" \/>\n<meta property=\"og:description\" content=\"P\u00ebr Komb\u00ebtaren sonte po feston edhe gjith\u00eb\u00a0 Ulqini. P\u00ebr kualifikimin e saj n\u00eb Europian po festohet edhe n\u00eb Mal t\u00eb Zi si n\u00eb Tuz ashtu dhe n\u00eb Ulqin. K\u00ebto\" \/>\n<meta property=\"og:url\" content=\"https:\/\/www.visit-ulcinj.com\/blog\/2015\/10\/12\/per-kombetaren-festoi-edhe-ulqini\/\" \/>\n<meta property=\"og:site_name\" content=\"Lajme nga Ulqini\" \/>\n<meta property=\"article:published_time\" content=\"2015-10-12T08:35:49+00:00\" \/>\n<meta property=\"article:modified_time\" content=\"2015-10-13T05:44:47+00:00\" \/>\n<meta property=\"og:image\" content=\"http:\/\/www.visit-ulcinj.com\/blog\/wp-content\/uploads\/2015\/10\/festimi-ne-ulqin-1.jpg\" \/>\n<meta name=\"twitter:label1\" content=\"Written by\" \/>\n\t<meta name=\"twitter:data1\" content=\"ulqini\" \/>\n<script type=\"application\/ld+json\" class=\"yoast-schema-graph\">{\"@context\":\"https:\/\/schema.org\",\"@graph\":[{\"@type\":\"WebSite\",\"@id\":\"https:\/\/www.visit-ulcinj.com\/blog\/#website\",\"url\":\"https:\/\/www.visit-ulcinj.com\/blog\/\",\"name\":\"Lajme nga Ulqini\",\"description\":\"Lajme,Vijesti,Ulqini,Ulqin,Crna Gora,Mali i Zi\",\"potentialAction\":[{\"@type\":\"SearchAction\",\"target\":{\"@type\":\"EntryPoint\",\"urlTemplate\":\"https:\/\/www.visit-ulcinj.com\/blog\/?s={search_term_string}\"},\"query-input\":\"required name=search_term_string\"}],\"inLanguage\":\"en-US\"},{\"@type\":\"ImageObject\",\"inLanguage\":\"en-US\",\"@id\":\"https:\/\/www.visit-ulcinj.com\/blog\/2015\/10\/12\/per-kombetaren-festoi-edhe-ulqini\/#primaryimage\",\"url\":\"https:\/\/www.visit-ulcinj.com\/blog\/wp-content\/uploads\/2015\/10\/festimi-ne-ulqin-1.jpg\",\"contentUrl\":\"https:\/\/www.visit-ulcinj.com\/blog\/wp-content\/uploads\/2015\/10\/festimi-ne-ulqin-1.jpg\",\"width\":640,\"height\":423},{\"@type\":\"WebPage\",\"@id\":\"https:\/\/www.visit-ulcinj.com\/blog\/2015\/10\/12\/per-kombetaren-festoi-edhe-ulqini\/#webpage\",\"url\":\"https:\/\/www.visit-ulcinj.com\/blog\/2015\/10\/12\/per-kombetaren-festoi-edhe-ulqini\/\",\"name\":\"P\u00ebr Komb\u00ebtaren festoi edhe Ulqini - Video - Lajme nga Ulqini\",\"isPartOf\":{\"@id\":\"https:\/\/www.visit-ulcinj.com\/blog\/#website\"},\"primaryImageOfPage\":{\"@id\":\"https:\/\/www.visit-ulcinj.com\/blog\/2015\/10\/12\/per-kombetaren-festoi-edhe-ulqini\/#primaryimage\"},\"datePublished\":\"2015-10-12T08:35:49+00:00\",\"dateModified\":\"2015-10-13T05:44:47+00:00\",\"author\":{\"@id\":\"https:\/\/www.visit-ulcinj.com\/blog\/#\/schema\/person\/dcab619c614d3038751c63bc2aadc06d\"},\"description\":\"P\u00ebr Komb\u00ebtaren sonte po feston edhe gjith\u00eb\u00a0 Ulqini. P\u00ebr kualifikimin e saj n\u00eb Europian po festohet edhe n\u00eb Mal t\u00eb Zi si n\u00eb Tuz ashtu dhe n\u00eb Ulqin. K\u00ebto\",\"breadcrumb\":{\"@id\":\"https:\/\/www.visit-ulcinj.com\/blog\/2015\/10\/12\/per-kombetaren-festoi-edhe-ulqini\/#breadcrumb\"},\"inLanguage\":\"en-US\",\"potentialAction\":[{\"@type\":\"ReadAction\",\"target\":[\"https:\/\/www.visit-ulcinj.com\/blog\/2015\/10\/12\/per-kombetaren-festoi-edhe-ulqini\/\"]}]},{\"@type\":\"BreadcrumbList\",\"@id\":\"https:\/\/www.visit-ulcinj.com\/blog\/2015\/10\/12\/per-kombetaren-festoi-edhe-ulqini\/#breadcrumb\",\"itemListElement\":[{\"@type\":\"ListItem\",\"position\":1,\"name\":\"P\u00ebr Komb\u00ebtaren festoi edhe Ulqini &#8211; Video\"}]},{\"@type\":\"Person\",\"@id\":\"https:\/\/www.visit-ulcinj.com\/blog\/#\/schema\/person\/dcab619c614d3038751c63bc2aadc06d\",\"name\":\"ulqini\",\"sameAs\":[\"http:\/\/www.visit-ulcinj.com\"],\"url\":\"https:\/\/www.visit-ulcinj.com\/blog\/author\/admin\/\"}]}<\/script>\n<!-- \/ Yoast SEO plugin. -->","yoast_head_json":{"title":"P\u00ebr Komb\u00ebtaren festoi edhe Ulqini - Video - Lajme nga Ulqini","description":"P\u00ebr Komb\u00ebtaren sonte po feston edhe gjith\u00eb\u00a0 Ulqini. P\u00ebr kualifikimin e saj n\u00eb Europian po festohet edhe n\u00eb Mal t\u00eb Zi si n\u00eb Tuz ashtu dhe n\u00eb Ulqin. K\u00ebto","robots":{"index":"index","follow":"follow","max-snippet":"max-snippet:-1","max-image-preview":"max-image-preview:large","max-video-preview":"max-video-preview:-1"},"canonical":"https:\/\/www.visit-ulcinj.com\/blog\/2015\/10\/12\/per-kombetaren-festoi-edhe-ulqini\/","og_locale":"en_US","og_type":"article","og_title":"P\u00ebr Komb\u00ebtaren festoi edhe Ulqini - Video - Lajme nga Ulqini","og_description":"P\u00ebr Komb\u00ebtaren sonte po feston edhe gjith\u00eb\u00a0 Ulqini. P\u00ebr kualifikimin e saj n\u00eb Europian po festohet edhe n\u00eb Mal t\u00eb Zi si n\u00eb Tuz ashtu dhe n\u00eb Ulqin. K\u00ebto","og_url":"https:\/\/www.visit-ulcinj.com\/blog\/2015\/10\/12\/per-kombetaren-festoi-edhe-ulqini\/","og_site_name":"Lajme nga Ulqini","article_published_time":"2015-10-12T08:35:49+00:00","article_modified_time":"2015-10-13T05:44:47+00:00","og_image":[{"url":"http:\/\/www.visit-ulcinj.com\/blog\/wp-content\/uploads\/2015\/10\/festimi-ne-ulqin-1.jpg"}],"twitter_misc":{"Written by":"ulqini"},"schema":{"@context":"https:\/\/schema.org","@graph":[{"@type":"WebSite","@id":"https:\/\/www.visit-ulcinj.com\/blog\/#website","url":"https:\/\/www.visit-ulcinj.com\/blog\/","name":"Lajme nga Ulqini","description":"Lajme,Vijesti,Ulqini,Ulqin,Crna Gora,Mali i Zi","potentialAction":[{"@type":"SearchAction","target":{"@type":"EntryPoint","urlTemplate":"https:\/\/www.visit-ulcinj.com\/blog\/?s={search_term_string}"},"query-input":"required name=search_term_string"}],"inLanguage":"en-US"},{"@type":"ImageObject","inLanguage":"en-US","@id":"https:\/\/www.visit-ulcinj.com\/blog\/2015\/10\/12\/per-kombetaren-festoi-edhe-ulqini\/#primaryimage","url":"https:\/\/www.visit-ulcinj.com\/blog\/wp-content\/uploads\/2015\/10\/festimi-ne-ulqin-1.jpg","contentUrl":"https:\/\/www.visit-ulcinj.com\/blog\/wp-content\/uploads\/2015\/10\/festimi-ne-ulqin-1.jpg","width":640,"height":423},{"@type":"WebPage","@id":"https:\/\/www.visit-ulcinj.com\/blog\/2015\/10\/12\/per-kombetaren-festoi-edhe-ulqini\/#webpage","url":"https:\/\/www.visit-ulcinj.com\/blog\/2015\/10\/12\/per-kombetaren-festoi-edhe-ulqini\/","name":"P\u00ebr Komb\u00ebtaren festoi edhe Ulqini - Video - Lajme nga Ulqini","isPartOf":{"@id":"https:\/\/www.visit-ulcinj.com\/blog\/#website"},"primaryImageOfPage":{"@id":"https:\/\/www.visit-ulcinj.com\/blog\/2015\/10\/12\/per-kombetaren-festoi-edhe-ulqini\/#primaryimage"},"datePublished":"2015-10-12T08:35:49+00:00","dateModified":"2015-10-13T05:44:47+00:00","author":{"@id":"https:\/\/www.visit-ulcinj.com\/blog\/#\/schema\/person\/dcab619c614d3038751c63bc2aadc06d"},"description":"P\u00ebr Komb\u00ebtaren sonte po feston edhe gjith\u00eb\u00a0 Ulqini. P\u00ebr kualifikimin e saj n\u00eb Europian po festohet edhe n\u00eb Mal t\u00eb Zi si n\u00eb Tuz ashtu dhe n\u00eb Ulqin. K\u00ebto","breadcrumb":{"@id":"https:\/\/www.visit-ulcinj.com\/blog\/2015\/10\/12\/per-kombetaren-festoi-edhe-ulqini\/#breadcrumb"},"inLanguage":"en-US","potentialAction":[{"@type":"ReadAction","target":["https:\/\/www.visit-ulcinj.com\/blog\/2015\/10\/12\/per-kombetaren-festoi-edhe-ulqini\/"]}]},{"@type":"BreadcrumbList","@id":"https:\/\/www.visit-ulcinj.com\/blog\/2015\/10\/12\/per-kombetaren-festoi-edhe-ulqini\/#breadcrumb","itemListElement":[{"@type":"ListItem","position":1,"name":"P\u00ebr Komb\u00ebtaren festoi edhe Ulqini &#8211; Video"}]},{"@type":"Person","@id":"https:\/\/www.visit-ulcinj.com\/blog\/#\/schema\/person\/dcab619c614d3038751c63bc2aadc06d","name":"ulqini","sameAs":["http:\/\/www.visit-ulcinj.com"],"url":"https:\/\/www.visit-ulcinj.com\/blog\/author\/admin\/"}]}},"jetpack_featured_media_url":"","jetpack_sharing_enabled":true,"jetpack_shortlink":"https:\/\/wp.me\/pe6lTn-o6I","_links":{"self":[{"href":"https:\/\/www.visit-ulcinj.com\/blog\/wp-json\/wp\/v2\/posts\/92672"}],"collection":[{"href":"https:\/\/www.visit-ulcinj.com\/blog\/wp-json\/wp\/v2\/posts"}],"about":[{"href":"https:\/\/www.visit-ulcinj.com\/blog\/wp-json\/wp\/v2\/types\/post"}],"author":[{"embeddable":true,"href":"https:\/\/www.visit-ulcinj.com\/blog\/wp-json\/wp\/v2\/users\/1"}],"replies":[{"embeddable":true,"href":"https:\/\/www.visit-ulcinj.com\/blog\/wp-json\/wp\/v2\/comments?post=92672"}],"version-history":[{"count":6,"href":"https:\/\/www.visit-ulcinj.com\/blog\/wp-json\/wp\/v2\/posts\/92672\/revisions"}],"predecessor-version":[{"id":92704,"href":"https:\/\/www.visit-ulcinj.com\/blog\/wp-json\/wp\/v2\/posts\/92672\/revisions\/92704"}],"wp:attachment":[{"href":"https:\/\/www.visit-ulcinj.com\/blog\/wp-json\/wp\/v2\/media?parent=92672"}],"wp:term":[{"taxonomy":"category","embeddable":true,"href":"https:\/\/www.visit-ulcinj.com\/blog\/wp-json\/wp\/v2\/categories?post=92672"},{"taxonomy":"post_tag","embeddable":true,"href":"https:\/\/www.visit-ulcinj.com\/blog\/wp-json\/wp\/v2\/tags?post=92672"}],"curies":[{"name":"wp","href":"https:\/\/api.w.org\/{rel}","templated":true}]}}