{"id":92701,"date":"2015-10-13T06:43:06","date_gmt":"2015-10-13T05:43:06","guid":{"rendered":"http:\/\/www.visit-ulcinj.com\/blog\/?p=92701"},"modified":"2015-10-13T18:32:03","modified_gmt":"2015-10-13T17:32:03","slug":"uji-ne-ulqin-jo-pijshem","status":"publish","type":"post","link":"https:\/\/www.visit-ulcinj.com\/blog\/2015\/10\/13\/uji-ne-ulqin-jo-pijshem\/","title":{"rendered":"Uji n\u00eb Ulqin jo i pijsh\u00ebm!"},"content":{"rendered":"<p><a href=\"http:\/\/www.visit-ulcinj.com\/blog\/wp-content\/uploads\/2015\/10\/Uji-jo-i-pijshem-.jpg\"><img loading=\"lazy\" class=\"alignleft wp-image-92702 size-medium\" src=\"http:\/\/www.visit-ulcinj.com\/blog\/wp-content\/uploads\/2015\/10\/Uji-jo-i-pijshem--300x300.jpg\" alt=\"Uji-jo-i-pijshem-\" width=\"300\" height=\"300\" \/><\/a>Uji nga uj\u00ebsjell\u00ebsi i Ulqinit prej sot nuk \u00ebsht\u00eb p\u00ebr konsum, njoftohet nga NP \u201eUj\u00ebsjell\u00ebs dhe kanalizimi\u201c. Shkaku esht\u00eb uji q\u00eb aktualisht p\u00ebrdorin p\u00ebr pije qytetar\u00ebt e k\u00ebtij qyteti, p\u00ebrmban mangan, nj\u00eb element shum\u00eb t\u00eb rreziksh\u00ebm p\u00ebr sh\u00ebndetin e njeriut.<\/p>\n<p>&#8220;Duke u referuar kompozicionit biologjik t\u00eb manganit, ai esht\u00eb element kimik kur e shikon \u00ebsht\u00eb si nj\u00eb lloj i shigjetave mikroskopike. Mangani kur futet n\u00ebp\u00ebr fijet e tekstilit, n\u00ebse di\u00e7ka \u00ebsht\u00eb e bardh\u00eb dhe e pastron, kur teret merr ngjyr\u00eb t\u00eb murrme. Paramendoni se \u00e7ka b\u00ebn n\u00eb organizmin ton\u00eb&#8221;.<\/p>\n<p>Drejtori i k\u00ebsaj nd\u00ebrmarrje Fehim Avdiu ka deklaruar p\u00ebr \u201eDan\u201c se inspektori komunal solli vendimin p\u00ebr ndalim t\u00eb konsumit t\u00eb ujit.<\/p>\n<p>Ai shprehu bindjen se n\u00eb dit\u00ebt e ardhshme do t\u00eb normalizohet furnizimi i qytetar\u00ebve mbasi q\u00eb t\u00eb kryhen analizat e nevojshme.<\/p>\n<p>Ul.Info<\/p>\n","protected":false},"excerpt":{"rendered":"<p>Uji nga uj\u00ebsjell\u00ebsi i Ulqinit prej sot nuk \u00ebsht\u00eb p\u00ebr konsum, njoftohet nga NP \u201eUj\u00ebsjell\u00ebs dhe kanalizimi\u201c. Shkaku esht\u00eb uji q\u00eb aktualisht p\u00ebrdorin p\u00ebr pije qytetar\u00ebt e k\u00ebtij qyteti, p\u00ebrmban mangan, nj\u00eb element shum\u00eb t\u00eb rreziksh\u00ebm p\u00ebr sh\u00ebndetin e njeriut. &#8220;Duke u referuar kompozicionit biologjik t\u00eb manganit, ai esht\u00eb element kimik kur e shikon \u00ebsht\u00eb [&hellip;]<\/p>\n","protected":false},"author":1,"featured_media":0,"comment_status":"closed","ping_status":"closed","sticky":false,"template":"","format":"standard","meta":{"spay_email":"","jetpack_publicize_message":"","jetpack_is_tweetstorm":false,"jetpack_publicize_feature_enabled":true},"categories":[1,13],"tags":[],"jetpack_publicize_connections":[],"yoast_head":"<!-- This site is optimized with the Yoast SEO plugin v19.1 - https:\/\/yoast.com\/wordpress\/plugins\/seo\/ -->\n<title>Uji n\u00eb Ulqin jo i pijsh\u00ebm! - Lajme nga Ulqini<\/title>\n<meta name=\"description\" content=\"Uji nga uj\u00ebsjell\u00ebsi i Ulqinit prej sot nuk \u00ebsht\u00eb p\u00ebr konsum, njoftohet nga NP \u201eUj\u00ebsjell\u00ebs dhe kanalizimi\u201c. Shkaku esht\u00eb uji q\u00eb aktualisht p\u00ebrdorin p\u00ebr\" \/>\n<meta name=\"robots\" content=\"index, follow, max-snippet:-1, max-image-preview:large, max-video-preview:-1\" \/>\n<link rel=\"canonical\" href=\"https:\/\/www.visit-ulcinj.com\/blog\/2015\/10\/13\/uji-ne-ulqin-jo-pijshem\/\" \/>\n<meta property=\"og:locale\" content=\"en_US\" \/>\n<meta property=\"og:type\" content=\"article\" \/>\n<meta property=\"og:title\" content=\"Uji n\u00eb Ulqin jo i pijsh\u00ebm! - Lajme nga Ulqini\" \/>\n<meta property=\"og:description\" content=\"Uji nga uj\u00ebsjell\u00ebsi i Ulqinit prej sot nuk \u00ebsht\u00eb p\u00ebr konsum, njoftohet nga NP \u201eUj\u00ebsjell\u00ebs dhe kanalizimi\u201c. Shkaku esht\u00eb uji q\u00eb aktualisht p\u00ebrdorin p\u00ebr\" \/>\n<meta property=\"og:url\" content=\"https:\/\/www.visit-ulcinj.com\/blog\/2015\/10\/13\/uji-ne-ulqin-jo-pijshem\/\" \/>\n<meta property=\"og:site_name\" content=\"Lajme nga Ulqini\" \/>\n<meta property=\"article:published_time\" content=\"2015-10-13T05:43:06+00:00\" \/>\n<meta property=\"article:modified_time\" content=\"2015-10-13T17:32:03+00:00\" \/>\n<meta property=\"og:image\" content=\"http:\/\/www.visit-ulcinj.com\/blog\/wp-content\/uploads\/2015\/10\/Uji-jo-i-pijshem--300x300.jpg\" \/>\n<meta name=\"twitter:label1\" content=\"Written by\" \/>\n\t<meta name=\"twitter:data1\" content=\"ulqini\" \/>\n\t<meta name=\"twitter:label2\" content=\"Est. reading time\" \/>\n\t<meta name=\"twitter:data2\" content=\"1 minute\" \/>\n<script type=\"application\/ld+json\" class=\"yoast-schema-graph\">{\"@context\":\"https:\/\/schema.org\",\"@graph\":[{\"@type\":\"WebSite\",\"@id\":\"https:\/\/www.visit-ulcinj.com\/blog\/#website\",\"url\":\"https:\/\/www.visit-ulcinj.com\/blog\/\",\"name\":\"Lajme nga Ulqini\",\"description\":\"Lajme,Vijesti,Ulqini,Ulqin,Crna Gora,Mali i Zi\",\"potentialAction\":[{\"@type\":\"SearchAction\",\"target\":{\"@type\":\"EntryPoint\",\"urlTemplate\":\"https:\/\/www.visit-ulcinj.com\/blog\/?s={search_term_string}\"},\"query-input\":\"required name=search_term_string\"}],\"inLanguage\":\"en-US\"},{\"@type\":\"ImageObject\",\"inLanguage\":\"en-US\",\"@id\":\"https:\/\/www.visit-ulcinj.com\/blog\/2015\/10\/13\/uji-ne-ulqin-jo-pijshem\/#primaryimage\",\"url\":\"http:\/\/www.visit-ulcinj.com\/blog\/wp-content\/uploads\/2015\/10\/Uji-jo-i-pijshem--300x300.jpg\",\"contentUrl\":\"http:\/\/www.visit-ulcinj.com\/blog\/wp-content\/uploads\/2015\/10\/Uji-jo-i-pijshem--300x300.jpg\"},{\"@type\":\"WebPage\",\"@id\":\"https:\/\/www.visit-ulcinj.com\/blog\/2015\/10\/13\/uji-ne-ulqin-jo-pijshem\/#webpage\",\"url\":\"https:\/\/www.visit-ulcinj.com\/blog\/2015\/10\/13\/uji-ne-ulqin-jo-pijshem\/\",\"name\":\"Uji n\u00eb Ulqin jo i pijsh\u00ebm! - Lajme nga Ulqini\",\"isPartOf\":{\"@id\":\"https:\/\/www.visit-ulcinj.com\/blog\/#website\"},\"primaryImageOfPage\":{\"@id\":\"https:\/\/www.visit-ulcinj.com\/blog\/2015\/10\/13\/uji-ne-ulqin-jo-pijshem\/#primaryimage\"},\"datePublished\":\"2015-10-13T05:43:06+00:00\",\"dateModified\":\"2015-10-13T17:32:03+00:00\",\"author\":{\"@id\":\"https:\/\/www.visit-ulcinj.com\/blog\/#\/schema\/person\/dcab619c614d3038751c63bc2aadc06d\"},\"description\":\"Uji nga uj\u00ebsjell\u00ebsi i Ulqinit prej sot nuk \u00ebsht\u00eb p\u00ebr konsum, njoftohet nga NP \u201eUj\u00ebsjell\u00ebs dhe kanalizimi\u201c. Shkaku esht\u00eb uji q\u00eb aktualisht p\u00ebrdorin p\u00ebr\",\"breadcrumb\":{\"@id\":\"https:\/\/www.visit-ulcinj.com\/blog\/2015\/10\/13\/uji-ne-ulqin-jo-pijshem\/#breadcrumb\"},\"inLanguage\":\"en-US\",\"potentialAction\":[{\"@type\":\"ReadAction\",\"target\":[\"https:\/\/www.visit-ulcinj.com\/blog\/2015\/10\/13\/uji-ne-ulqin-jo-pijshem\/\"]}]},{\"@type\":\"BreadcrumbList\",\"@id\":\"https:\/\/www.visit-ulcinj.com\/blog\/2015\/10\/13\/uji-ne-ulqin-jo-pijshem\/#breadcrumb\",\"itemListElement\":[{\"@type\":\"ListItem\",\"position\":1,\"name\":\"Uji n\u00eb Ulqin jo i pijsh\u00ebm!\"}]},{\"@type\":\"Person\",\"@id\":\"https:\/\/www.visit-ulcinj.com\/blog\/#\/schema\/person\/dcab619c614d3038751c63bc2aadc06d\",\"name\":\"ulqini\",\"sameAs\":[\"http:\/\/www.visit-ulcinj.com\"],\"url\":\"https:\/\/www.visit-ulcinj.com\/blog\/author\/admin\/\"}]}<\/script>\n<!-- \/ Yoast SEO plugin. -->","yoast_head_json":{"title":"Uji n\u00eb Ulqin jo i pijsh\u00ebm! - Lajme nga Ulqini","description":"Uji nga uj\u00ebsjell\u00ebsi i Ulqinit prej sot nuk \u00ebsht\u00eb p\u00ebr konsum, njoftohet nga NP \u201eUj\u00ebsjell\u00ebs dhe kanalizimi\u201c. Shkaku esht\u00eb uji q\u00eb aktualisht p\u00ebrdorin p\u00ebr","robots":{"index":"index","follow":"follow","max-snippet":"max-snippet:-1","max-image-preview":"max-image-preview:large","max-video-preview":"max-video-preview:-1"},"canonical":"https:\/\/www.visit-ulcinj.com\/blog\/2015\/10\/13\/uji-ne-ulqin-jo-pijshem\/","og_locale":"en_US","og_type":"article","og_title":"Uji n\u00eb Ulqin jo i pijsh\u00ebm! - Lajme nga Ulqini","og_description":"Uji nga uj\u00ebsjell\u00ebsi i Ulqinit prej sot nuk \u00ebsht\u00eb p\u00ebr konsum, njoftohet nga NP \u201eUj\u00ebsjell\u00ebs dhe kanalizimi\u201c. Shkaku esht\u00eb uji q\u00eb aktualisht p\u00ebrdorin p\u00ebr","og_url":"https:\/\/www.visit-ulcinj.com\/blog\/2015\/10\/13\/uji-ne-ulqin-jo-pijshem\/","og_site_name":"Lajme nga Ulqini","article_published_time":"2015-10-13T05:43:06+00:00","article_modified_time":"2015-10-13T17:32:03+00:00","og_image":[{"url":"http:\/\/www.visit-ulcinj.com\/blog\/wp-content\/uploads\/2015\/10\/Uji-jo-i-pijshem--300x300.jpg"}],"twitter_misc":{"Written by":"ulqini","Est. reading time":"1 minute"},"schema":{"@context":"https:\/\/schema.org","@graph":[{"@type":"WebSite","@id":"https:\/\/www.visit-ulcinj.com\/blog\/#website","url":"https:\/\/www.visit-ulcinj.com\/blog\/","name":"Lajme nga Ulqini","description":"Lajme,Vijesti,Ulqini,Ulqin,Crna Gora,Mali i Zi","potentialAction":[{"@type":"SearchAction","target":{"@type":"EntryPoint","urlTemplate":"https:\/\/www.visit-ulcinj.com\/blog\/?s={search_term_string}"},"query-input":"required name=search_term_string"}],"inLanguage":"en-US"},{"@type":"ImageObject","inLanguage":"en-US","@id":"https:\/\/www.visit-ulcinj.com\/blog\/2015\/10\/13\/uji-ne-ulqin-jo-pijshem\/#primaryimage","url":"http:\/\/www.visit-ulcinj.com\/blog\/wp-content\/uploads\/2015\/10\/Uji-jo-i-pijshem--300x300.jpg","contentUrl":"http:\/\/www.visit-ulcinj.com\/blog\/wp-content\/uploads\/2015\/10\/Uji-jo-i-pijshem--300x300.jpg"},{"@type":"WebPage","@id":"https:\/\/www.visit-ulcinj.com\/blog\/2015\/10\/13\/uji-ne-ulqin-jo-pijshem\/#webpage","url":"https:\/\/www.visit-ulcinj.com\/blog\/2015\/10\/13\/uji-ne-ulqin-jo-pijshem\/","name":"Uji n\u00eb Ulqin jo i pijsh\u00ebm! - Lajme nga Ulqini","isPartOf":{"@id":"https:\/\/www.visit-ulcinj.com\/blog\/#website"},"primaryImageOfPage":{"@id":"https:\/\/www.visit-ulcinj.com\/blog\/2015\/10\/13\/uji-ne-ulqin-jo-pijshem\/#primaryimage"},"datePublished":"2015-10-13T05:43:06+00:00","dateModified":"2015-10-13T17:32:03+00:00","author":{"@id":"https:\/\/www.visit-ulcinj.com\/blog\/#\/schema\/person\/dcab619c614d3038751c63bc2aadc06d"},"description":"Uji nga uj\u00ebsjell\u00ebsi i Ulqinit prej sot nuk \u00ebsht\u00eb p\u00ebr konsum, njoftohet nga NP \u201eUj\u00ebsjell\u00ebs dhe kanalizimi\u201c. Shkaku esht\u00eb uji q\u00eb aktualisht p\u00ebrdorin p\u00ebr","breadcrumb":{"@id":"https:\/\/www.visit-ulcinj.com\/blog\/2015\/10\/13\/uji-ne-ulqin-jo-pijshem\/#breadcrumb"},"inLanguage":"en-US","potentialAction":[{"@type":"ReadAction","target":["https:\/\/www.visit-ulcinj.com\/blog\/2015\/10\/13\/uji-ne-ulqin-jo-pijshem\/"]}]},{"@type":"BreadcrumbList","@id":"https:\/\/www.visit-ulcinj.com\/blog\/2015\/10\/13\/uji-ne-ulqin-jo-pijshem\/#breadcrumb","itemListElement":[{"@type":"ListItem","position":1,"name":"Uji n\u00eb Ulqin jo i pijsh\u00ebm!"}]},{"@type":"Person","@id":"https:\/\/www.visit-ulcinj.com\/blog\/#\/schema\/person\/dcab619c614d3038751c63bc2aadc06d","name":"ulqini","sameAs":["http:\/\/www.visit-ulcinj.com"],"url":"https:\/\/www.visit-ulcinj.com\/blog\/author\/admin\/"}]}},"jetpack_featured_media_url":"","jetpack_sharing_enabled":true,"jetpack_shortlink":"https:\/\/wp.me\/pe6lTn-o7b","_links":{"self":[{"href":"https:\/\/www.visit-ulcinj.com\/blog\/wp-json\/wp\/v2\/posts\/92701"}],"collection":[{"href":"https:\/\/www.visit-ulcinj.com\/blog\/wp-json\/wp\/v2\/posts"}],"about":[{"href":"https:\/\/www.visit-ulcinj.com\/blog\/wp-json\/wp\/v2\/types\/post"}],"author":[{"embeddable":true,"href":"https:\/\/www.visit-ulcinj.com\/blog\/wp-json\/wp\/v2\/users\/1"}],"replies":[{"embeddable":true,"href":"https:\/\/www.visit-ulcinj.com\/blog\/wp-json\/wp\/v2\/comments?post=92701"}],"version-history":[{"count":1,"href":"https:\/\/www.visit-ulcinj.com\/blog\/wp-json\/wp\/v2\/posts\/92701\/revisions"}],"predecessor-version":[{"id":92703,"href":"https:\/\/www.visit-ulcinj.com\/blog\/wp-json\/wp\/v2\/posts\/92701\/revisions\/92703"}],"wp:attachment":[{"href":"https:\/\/www.visit-ulcinj.com\/blog\/wp-json\/wp\/v2\/media?parent=92701"}],"wp:term":[{"taxonomy":"category","embeddable":true,"href":"https:\/\/www.visit-ulcinj.com\/blog\/wp-json\/wp\/v2\/categories?post=92701"},{"taxonomy":"post_tag","embeddable":true,"href":"https:\/\/www.visit-ulcinj.com\/blog\/wp-json\/wp\/v2\/tags?post=92701"}],"curies":[{"name":"wp","href":"https:\/\/api.w.org\/{rel}","templated":true}]}}