{"id":92709,"date":"2015-10-13T07:09:24","date_gmt":"2015-10-13T06:09:24","guid":{"rendered":"http:\/\/www.visit-ulcinj.com\/blog\/?p=92709"},"modified":"2015-10-13T07:09:24","modified_gmt":"2015-10-13T06:09:24","slug":"jens-stoltenberg-mbeshtetje-ne-rritje-per-nje-anetaresim-te-malit-te-zi-ne-nato","status":"publish","type":"post","link":"https:\/\/www.visit-ulcinj.com\/blog\/2015\/10\/13\/jens-stoltenberg-mbeshtetje-ne-rritje-per-nje-anetaresim-te-malit-te-zi-ne-nato\/","title":{"rendered":"Jens Stoltenberg: Mb\u00ebshtetje n\u00eb rritje p\u00ebr nj\u00eb an\u00ebtar\u00ebsim t\u00eb Malit t\u00eb Zi n\u00eb NATO"},"content":{"rendered":"<p><a href=\"http:\/\/www.visit-ulcinj.com\/blog\/wp-content\/uploads\/2009\/11\/EU-Nato.1.jpg\"><img loading=\"lazy\" class=\"alignleft wp-image-27318\" src=\"http:\/\/www.visit-ulcinj.com\/blog\/wp-content\/uploads\/2009\/11\/EU-Nato.1.jpg\" alt=\"EU - Nato.1\" width=\"508\" height=\"432\" srcset=\"https:\/\/www.visit-ulcinj.com\/blog\/wp-content\/uploads\/2009\/11\/EU-Nato.1.jpg 604w, https:\/\/www.visit-ulcinj.com\/blog\/wp-content\/uploads\/2009\/11\/EU-Nato.1-300x255.jpg 300w\" sizes=\"(max-width: 508px) 100vw, 508px\" \/><\/a>Sekretari i p\u00ebrgjithsh\u00ebm i NATO-s, Jens Stoltenberg shprehu sot nj\u00eb mb\u00ebshtetje n\u00eb rritje q\u00eb Mali i Zi t\u00eb ftohet p\u00ebr t\u2019u an\u00ebtar\u00ebsuar n\u00eb NATO, nj\u00eb \u00e7\u00ebshtje q\u00eb do t\u00eb vendoset n\u00eb muajin dhjetor.<\/p>\n<p>\u201cNuk do t\u00eb paragjykoj vendimin (\u2026) por shikoj nj\u00eb lloj mb\u00ebshtetjeje n\u00eb rritje q\u00eb Mali i Zi t\u00eb jet\u00eb i ftuar p\u00ebr t\u2019u b\u00ebr\u00eb pjes\u00eb e Aleanc\u00ebs Atlantike\u201d, deklaroi Stoltenberg gjat\u00eb nj\u00eb takimi t\u00eb parlamentar\u00ebve t\u00eb vendeve t\u00eb NATO-s, n\u00eb Stavanger.<\/p>\n<p>\u201cMali i Zi po b\u00ebn progrese p\u00ebrsa i p\u00ebrket Shtetit t\u00eb s\u00eb Drejt\u00ebs, p\u00ebrsa i p\u00ebrket zbatimit t\u00eb nj\u00eb drejt\u00ebsie t\u00eb pavarur, por gjithashtu p\u00ebrsa i p\u00ebrket modernizimit t\u00eb forcave t\u00eb armatosura, sh\u00ebrbimeve sekrete\u201d, theksoi ai duke u shprehur optimist p\u00ebr progreset e konstatuara.<\/p>\n<p>Pas pavar\u00ebsis\u00eb n\u00eb vitin 2006, Mali i Zi \u00ebsht\u00eb angazhuar, si shum\u00eb vende t\u00eb Ballkanit, p\u00ebr nj\u00eb afrim me NATO-n, q\u00eb num\u00ebron sot 28 an\u00ebtar\u00eb.<\/p>\n<p>Bota Sot<\/p>\n","protected":false},"excerpt":{"rendered":"<p>Sekretari i p\u00ebrgjithsh\u00ebm i NATO-s, Jens Stoltenberg shprehu sot nj\u00eb mb\u00ebshtetje n\u00eb rritje q\u00eb Mali i Zi t\u00eb ftohet p\u00ebr t\u2019u an\u00ebtar\u00ebsuar n\u00eb NATO, nj\u00eb \u00e7\u00ebshtje q\u00eb do t\u00eb vendoset n\u00eb muajin dhjetor. \u201cNuk do t\u00eb paragjykoj vendimin (\u2026) por shikoj nj\u00eb lloj mb\u00ebshtetjeje n\u00eb rritje q\u00eb Mali i Zi t\u00eb jet\u00eb i ftuar p\u00ebr [&hellip;]<\/p>\n","protected":false},"author":1,"featured_media":0,"comment_status":"closed","ping_status":"closed","sticky":false,"template":"","format":"standard","meta":{"spay_email":"","jetpack_publicize_message":"","jetpack_is_tweetstorm":false,"jetpack_publicize_feature_enabled":true},"categories":[7],"tags":[],"jetpack_publicize_connections":[],"yoast_head":"<!-- This site is optimized with the Yoast SEO plugin v19.1 - https:\/\/yoast.com\/wordpress\/plugins\/seo\/ -->\n<title>Jens Stoltenberg: Mb\u00ebshtetje n\u00eb rritje p\u00ebr nj\u00eb an\u00ebtar\u00ebsim t\u00eb Malit t\u00eb Zi n\u00eb NATO - Lajme nga Ulqini<\/title>\n<meta name=\"description\" content=\"Sekretari i p\u00ebrgjithsh\u00ebm i NATO-s, Jens Stoltenberg shprehu sot nj\u00eb mb\u00ebshtetje n\u00eb rritje q\u00eb Mali i Zi t\u00eb ftohet p\u00ebr t\u2019u an\u00ebtar\u00ebsuar n\u00eb NATO, nj\u00eb \u00e7\u00ebshtje\" \/>\n<meta name=\"robots\" content=\"index, follow, max-snippet:-1, max-image-preview:large, max-video-preview:-1\" \/>\n<link rel=\"canonical\" href=\"https:\/\/www.visit-ulcinj.com\/blog\/2015\/10\/13\/jens-stoltenberg-mbeshtetje-ne-rritje-per-nje-anetaresim-te-malit-te-zi-ne-nato\/\" \/>\n<meta property=\"og:locale\" content=\"en_US\" \/>\n<meta property=\"og:type\" content=\"article\" \/>\n<meta property=\"og:title\" content=\"Jens Stoltenberg: Mb\u00ebshtetje n\u00eb rritje p\u00ebr nj\u00eb an\u00ebtar\u00ebsim t\u00eb Malit t\u00eb Zi n\u00eb NATO - Lajme nga Ulqini\" \/>\n<meta property=\"og:description\" content=\"Sekretari i p\u00ebrgjithsh\u00ebm i NATO-s, Jens Stoltenberg shprehu sot nj\u00eb mb\u00ebshtetje n\u00eb rritje q\u00eb Mali i Zi t\u00eb ftohet p\u00ebr t\u2019u an\u00ebtar\u00ebsuar n\u00eb NATO, nj\u00eb \u00e7\u00ebshtje\" \/>\n<meta property=\"og:url\" content=\"https:\/\/www.visit-ulcinj.com\/blog\/2015\/10\/13\/jens-stoltenberg-mbeshtetje-ne-rritje-per-nje-anetaresim-te-malit-te-zi-ne-nato\/\" \/>\n<meta property=\"og:site_name\" content=\"Lajme nga Ulqini\" \/>\n<meta property=\"article:published_time\" content=\"2015-10-13T06:09:24+00:00\" \/>\n<meta property=\"og:image\" content=\"http:\/\/www.visit-ulcinj.com\/blog\/wp-content\/uploads\/2009\/11\/EU-Nato.1.jpg\" \/>\n<meta name=\"twitter:label1\" content=\"Written by\" \/>\n\t<meta name=\"twitter:data1\" content=\"ulqini\" \/>\n\t<meta name=\"twitter:label2\" content=\"Est. reading time\" \/>\n\t<meta name=\"twitter:data2\" content=\"1 minute\" \/>\n<script type=\"application\/ld+json\" class=\"yoast-schema-graph\">{\"@context\":\"https:\/\/schema.org\",\"@graph\":[{\"@type\":\"WebSite\",\"@id\":\"https:\/\/www.visit-ulcinj.com\/blog\/#website\",\"url\":\"https:\/\/www.visit-ulcinj.com\/blog\/\",\"name\":\"Lajme nga Ulqini\",\"description\":\"Lajme,Vijesti,Ulqini,Ulqin,Crna Gora,Mali i Zi\",\"potentialAction\":[{\"@type\":\"SearchAction\",\"target\":{\"@type\":\"EntryPoint\",\"urlTemplate\":\"https:\/\/www.visit-ulcinj.com\/blog\/?s={search_term_string}\"},\"query-input\":\"required name=search_term_string\"}],\"inLanguage\":\"en-US\"},{\"@type\":\"ImageObject\",\"inLanguage\":\"en-US\",\"@id\":\"https:\/\/www.visit-ulcinj.com\/blog\/2015\/10\/13\/jens-stoltenberg-mbeshtetje-ne-rritje-per-nje-anetaresim-te-malit-te-zi-ne-nato\/#primaryimage\",\"url\":\"https:\/\/www.visit-ulcinj.com\/blog\/wp-content\/uploads\/2009\/11\/EU-Nato.1.jpg\",\"contentUrl\":\"https:\/\/www.visit-ulcinj.com\/blog\/wp-content\/uploads\/2009\/11\/EU-Nato.1.jpg\",\"width\":\"604\",\"height\":\"514\"},{\"@type\":\"WebPage\",\"@id\":\"https:\/\/www.visit-ulcinj.com\/blog\/2015\/10\/13\/jens-stoltenberg-mbeshtetje-ne-rritje-per-nje-anetaresim-te-malit-te-zi-ne-nato\/#webpage\",\"url\":\"https:\/\/www.visit-ulcinj.com\/blog\/2015\/10\/13\/jens-stoltenberg-mbeshtetje-ne-rritje-per-nje-anetaresim-te-malit-te-zi-ne-nato\/\",\"name\":\"Jens Stoltenberg: Mb\u00ebshtetje n\u00eb rritje p\u00ebr nj\u00eb an\u00ebtar\u00ebsim t\u00eb Malit t\u00eb Zi n\u00eb NATO - Lajme nga Ulqini\",\"isPartOf\":{\"@id\":\"https:\/\/www.visit-ulcinj.com\/blog\/#website\"},\"primaryImageOfPage\":{\"@id\":\"https:\/\/www.visit-ulcinj.com\/blog\/2015\/10\/13\/jens-stoltenberg-mbeshtetje-ne-rritje-per-nje-anetaresim-te-malit-te-zi-ne-nato\/#primaryimage\"},\"datePublished\":\"2015-10-13T06:09:24+00:00\",\"dateModified\":\"2015-10-13T06:09:24+00:00\",\"author\":{\"@id\":\"https:\/\/www.visit-ulcinj.com\/blog\/#\/schema\/person\/dcab619c614d3038751c63bc2aadc06d\"},\"description\":\"Sekretari i p\u00ebrgjithsh\u00ebm i NATO-s, Jens Stoltenberg shprehu sot nj\u00eb mb\u00ebshtetje n\u00eb rritje q\u00eb Mali i Zi t\u00eb ftohet p\u00ebr t\u2019u an\u00ebtar\u00ebsuar n\u00eb NATO, nj\u00eb \u00e7\u00ebshtje\",\"breadcrumb\":{\"@id\":\"https:\/\/www.visit-ulcinj.com\/blog\/2015\/10\/13\/jens-stoltenberg-mbeshtetje-ne-rritje-per-nje-anetaresim-te-malit-te-zi-ne-nato\/#breadcrumb\"},\"inLanguage\":\"en-US\",\"potentialAction\":[{\"@type\":\"ReadAction\",\"target\":[\"https:\/\/www.visit-ulcinj.com\/blog\/2015\/10\/13\/jens-stoltenberg-mbeshtetje-ne-rritje-per-nje-anetaresim-te-malit-te-zi-ne-nato\/\"]}]},{\"@type\":\"BreadcrumbList\",\"@id\":\"https:\/\/www.visit-ulcinj.com\/blog\/2015\/10\/13\/jens-stoltenberg-mbeshtetje-ne-rritje-per-nje-anetaresim-te-malit-te-zi-ne-nato\/#breadcrumb\",\"itemListElement\":[{\"@type\":\"ListItem\",\"position\":1,\"name\":\"Jens Stoltenberg: Mb\u00ebshtetje n\u00eb rritje p\u00ebr nj\u00eb an\u00ebtar\u00ebsim t\u00eb Malit t\u00eb Zi n\u00eb NATO\"}]},{\"@type\":\"Person\",\"@id\":\"https:\/\/www.visit-ulcinj.com\/blog\/#\/schema\/person\/dcab619c614d3038751c63bc2aadc06d\",\"name\":\"ulqini\",\"sameAs\":[\"http:\/\/www.visit-ulcinj.com\"],\"url\":\"https:\/\/www.visit-ulcinj.com\/blog\/author\/admin\/\"}]}<\/script>\n<!-- \/ Yoast SEO plugin. -->","yoast_head_json":{"title":"Jens Stoltenberg: Mb\u00ebshtetje n\u00eb rritje p\u00ebr nj\u00eb an\u00ebtar\u00ebsim t\u00eb Malit t\u00eb Zi n\u00eb NATO - Lajme nga Ulqini","description":"Sekretari i p\u00ebrgjithsh\u00ebm i NATO-s, Jens Stoltenberg shprehu sot nj\u00eb mb\u00ebshtetje n\u00eb rritje q\u00eb Mali i Zi t\u00eb ftohet p\u00ebr t\u2019u an\u00ebtar\u00ebsuar n\u00eb NATO, nj\u00eb \u00e7\u00ebshtje","robots":{"index":"index","follow":"follow","max-snippet":"max-snippet:-1","max-image-preview":"max-image-preview:large","max-video-preview":"max-video-preview:-1"},"canonical":"https:\/\/www.visit-ulcinj.com\/blog\/2015\/10\/13\/jens-stoltenberg-mbeshtetje-ne-rritje-per-nje-anetaresim-te-malit-te-zi-ne-nato\/","og_locale":"en_US","og_type":"article","og_title":"Jens Stoltenberg: Mb\u00ebshtetje n\u00eb rritje p\u00ebr nj\u00eb an\u00ebtar\u00ebsim t\u00eb Malit t\u00eb Zi n\u00eb NATO - Lajme nga Ulqini","og_description":"Sekretari i p\u00ebrgjithsh\u00ebm i NATO-s, Jens Stoltenberg shprehu sot nj\u00eb mb\u00ebshtetje n\u00eb rritje q\u00eb Mali i Zi t\u00eb ftohet p\u00ebr t\u2019u an\u00ebtar\u00ebsuar n\u00eb NATO, nj\u00eb \u00e7\u00ebshtje","og_url":"https:\/\/www.visit-ulcinj.com\/blog\/2015\/10\/13\/jens-stoltenberg-mbeshtetje-ne-rritje-per-nje-anetaresim-te-malit-te-zi-ne-nato\/","og_site_name":"Lajme nga Ulqini","article_published_time":"2015-10-13T06:09:24+00:00","og_image":[{"url":"http:\/\/www.visit-ulcinj.com\/blog\/wp-content\/uploads\/2009\/11\/EU-Nato.1.jpg"}],"twitter_misc":{"Written by":"ulqini","Est. reading time":"1 minute"},"schema":{"@context":"https:\/\/schema.org","@graph":[{"@type":"WebSite","@id":"https:\/\/www.visit-ulcinj.com\/blog\/#website","url":"https:\/\/www.visit-ulcinj.com\/blog\/","name":"Lajme nga Ulqini","description":"Lajme,Vijesti,Ulqini,Ulqin,Crna Gora,Mali i Zi","potentialAction":[{"@type":"SearchAction","target":{"@type":"EntryPoint","urlTemplate":"https:\/\/www.visit-ulcinj.com\/blog\/?s={search_term_string}"},"query-input":"required name=search_term_string"}],"inLanguage":"en-US"},{"@type":"ImageObject","inLanguage":"en-US","@id":"https:\/\/www.visit-ulcinj.com\/blog\/2015\/10\/13\/jens-stoltenberg-mbeshtetje-ne-rritje-per-nje-anetaresim-te-malit-te-zi-ne-nato\/#primaryimage","url":"https:\/\/www.visit-ulcinj.com\/blog\/wp-content\/uploads\/2009\/11\/EU-Nato.1.jpg","contentUrl":"https:\/\/www.visit-ulcinj.com\/blog\/wp-content\/uploads\/2009\/11\/EU-Nato.1.jpg","width":"604","height":"514"},{"@type":"WebPage","@id":"https:\/\/www.visit-ulcinj.com\/blog\/2015\/10\/13\/jens-stoltenberg-mbeshtetje-ne-rritje-per-nje-anetaresim-te-malit-te-zi-ne-nato\/#webpage","url":"https:\/\/www.visit-ulcinj.com\/blog\/2015\/10\/13\/jens-stoltenberg-mbeshtetje-ne-rritje-per-nje-anetaresim-te-malit-te-zi-ne-nato\/","name":"Jens Stoltenberg: Mb\u00ebshtetje n\u00eb rritje p\u00ebr nj\u00eb an\u00ebtar\u00ebsim t\u00eb Malit t\u00eb Zi n\u00eb NATO - Lajme nga Ulqini","isPartOf":{"@id":"https:\/\/www.visit-ulcinj.com\/blog\/#website"},"primaryImageOfPage":{"@id":"https:\/\/www.visit-ulcinj.com\/blog\/2015\/10\/13\/jens-stoltenberg-mbeshtetje-ne-rritje-per-nje-anetaresim-te-malit-te-zi-ne-nato\/#primaryimage"},"datePublished":"2015-10-13T06:09:24+00:00","dateModified":"2015-10-13T06:09:24+00:00","author":{"@id":"https:\/\/www.visit-ulcinj.com\/blog\/#\/schema\/person\/dcab619c614d3038751c63bc2aadc06d"},"description":"Sekretari i p\u00ebrgjithsh\u00ebm i NATO-s, Jens Stoltenberg shprehu sot nj\u00eb mb\u00ebshtetje n\u00eb rritje q\u00eb Mali i Zi t\u00eb ftohet p\u00ebr t\u2019u an\u00ebtar\u00ebsuar n\u00eb NATO, nj\u00eb \u00e7\u00ebshtje","breadcrumb":{"@id":"https:\/\/www.visit-ulcinj.com\/blog\/2015\/10\/13\/jens-stoltenberg-mbeshtetje-ne-rritje-per-nje-anetaresim-te-malit-te-zi-ne-nato\/#breadcrumb"},"inLanguage":"en-US","potentialAction":[{"@type":"ReadAction","target":["https:\/\/www.visit-ulcinj.com\/blog\/2015\/10\/13\/jens-stoltenberg-mbeshtetje-ne-rritje-per-nje-anetaresim-te-malit-te-zi-ne-nato\/"]}]},{"@type":"BreadcrumbList","@id":"https:\/\/www.visit-ulcinj.com\/blog\/2015\/10\/13\/jens-stoltenberg-mbeshtetje-ne-rritje-per-nje-anetaresim-te-malit-te-zi-ne-nato\/#breadcrumb","itemListElement":[{"@type":"ListItem","position":1,"name":"Jens Stoltenberg: Mb\u00ebshtetje n\u00eb rritje p\u00ebr nj\u00eb an\u00ebtar\u00ebsim t\u00eb Malit t\u00eb Zi n\u00eb NATO"}]},{"@type":"Person","@id":"https:\/\/www.visit-ulcinj.com\/blog\/#\/schema\/person\/dcab619c614d3038751c63bc2aadc06d","name":"ulqini","sameAs":["http:\/\/www.visit-ulcinj.com"],"url":"https:\/\/www.visit-ulcinj.com\/blog\/author\/admin\/"}]}},"jetpack_featured_media_url":"","jetpack_sharing_enabled":true,"jetpack_shortlink":"https:\/\/wp.me\/pe6lTn-o7j","_links":{"self":[{"href":"https:\/\/www.visit-ulcinj.com\/blog\/wp-json\/wp\/v2\/posts\/92709"}],"collection":[{"href":"https:\/\/www.visit-ulcinj.com\/blog\/wp-json\/wp\/v2\/posts"}],"about":[{"href":"https:\/\/www.visit-ulcinj.com\/blog\/wp-json\/wp\/v2\/types\/post"}],"author":[{"embeddable":true,"href":"https:\/\/www.visit-ulcinj.com\/blog\/wp-json\/wp\/v2\/users\/1"}],"replies":[{"embeddable":true,"href":"https:\/\/www.visit-ulcinj.com\/blog\/wp-json\/wp\/v2\/comments?post=92709"}],"version-history":[{"count":1,"href":"https:\/\/www.visit-ulcinj.com\/blog\/wp-json\/wp\/v2\/posts\/92709\/revisions"}],"predecessor-version":[{"id":92710,"href":"https:\/\/www.visit-ulcinj.com\/blog\/wp-json\/wp\/v2\/posts\/92709\/revisions\/92710"}],"wp:attachment":[{"href":"https:\/\/www.visit-ulcinj.com\/blog\/wp-json\/wp\/v2\/media?parent=92709"}],"wp:term":[{"taxonomy":"category","embeddable":true,"href":"https:\/\/www.visit-ulcinj.com\/blog\/wp-json\/wp\/v2\/categories?post=92709"},{"taxonomy":"post_tag","embeddable":true,"href":"https:\/\/www.visit-ulcinj.com\/blog\/wp-json\/wp\/v2\/tags?post=92709"}],"curies":[{"name":"wp","href":"https:\/\/api.w.org\/{rel}","templated":true}]}}