{"id":92717,"date":"2015-10-13T18:09:45","date_gmt":"2015-10-13T17:09:45","guid":{"rendered":"http:\/\/www.visit-ulcinj.com\/blog\/?p=92717"},"modified":"2015-10-16T22:01:40","modified_gmt":"2015-10-16T21:01:40","slug":"vendoset-gurethemeli-per-ndertimin-e-shkolles-ne-sukubine","status":"publish","type":"post","link":"https:\/\/www.visit-ulcinj.com\/blog\/2015\/10\/13\/vendoset-gurethemeli-per-ndertimin-e-shkolles-ne-sukubine\/","title":{"rendered":"Vendoset gur\u00ebthemeli p\u00ebr nd\u00ebrtimin e shkoll\u00ebs n\u00eb Sukubin\u00eb &#8211; Video"},"content":{"rendered":"<div class=\"text\">\n<p><a href=\"http:\/\/www.visit-ulcinj.com\/blog\/wp-content\/uploads\/2015\/10\/gur\u00ebthemeli-i-shkoll\u00ebs-n\u00eb-Sukubin\u00eb-1.jpg\"><img loading=\"lazy\" class=\"alignleft wp-image-92718\" src=\"http:\/\/www.visit-ulcinj.com\/blog\/wp-content\/uploads\/2015\/10\/gur\u00ebthemeli-i-shkoll\u00ebs-n\u00eb-Sukubin\u00eb-1.jpg\" alt=\"gur\u00ebthemeli i shkoll\u00ebs n\u00eb Sukubin\u00eb-1\" width=\"508\" height=\"340\" srcset=\"https:\/\/www.visit-ulcinj.com\/blog\/wp-content\/uploads\/2015\/10\/gur\u00ebthemeli-i-shkoll\u00ebs-n\u00eb-Sukubin\u00eb-1.jpg 795w, https:\/\/www.visit-ulcinj.com\/blog\/wp-content\/uploads\/2015\/10\/gur\u00ebthemeli-i-shkoll\u00ebs-n\u00eb-Sukubin\u00eb-1-300x201.jpg 300w\" sizes=\"(max-width: 508px) 100vw, 508px\" \/><\/a>Ministri i Arsimit Boshkoviq, Kryetari i Komun\u00ebs Fatmir Gjeka dhe p\u00ebrfaq\u00ebsuesi i diaspor\u00ebs ton\u00eb n\u00eb SHBA Cafo Boga, vendos\u00ebn gur\u00ebthemelin p\u00ebr nd\u00ebrtimin e shkoll\u00ebs n\u00eb Sukubin\u00eb.<\/p>\n<p>Ky \u00ebsht\u00eb projekti i par\u00eb trilateral q\u00eb do t\u00eb realizohet fal\u00eb Ministris\u00eb, Komun\u00ebs dhe diaspor\u00ebs. Vlera e k\u00ebtij projekti \u00ebsht\u00eb rreth 300 mij\u00eb euro e punimet i jan\u00eb besuar Artek&amp;Ing- Invest nga Podgorica. Shkolla e re n\u00eb nj\u00eb sip\u00ebrfaqe prej 450 metra katror\u00eb do t\u00eb ket\u00eb klasat modern t\u00eb paisura me t\u00eb gjitha mjetet e nevojshme si dhe sistemin e ngohjes dhe\u00a0 ftohjes. N\u00eb vitin e ardhesh\u00ebm shkollore nx\u00ebn\u00ebsit dhe m\u00ebsimdh\u00ebn\u00ebsit do ta presin n\u00eb objektin e ri.Me kete rast Kryetari Gjeka duke pershendetur te \u00a0pranishmit nder te tjera tha\u00a0Ndihem jasht\u00ebzakonisht\u00a0 i g\u00ebzuar q\u00eb mund t\u00eb ndaj\u00eb me ju k\u00ebt\u00eb k\u00ebnaq\u00ebsi t\u00eb ve\u00e7ant\u00eb \u00a0t\u00eb vendosjes s\u00eb gur\u00ebthemelit t\u00eb ndertimit t\u00eb shkoll\u00ebs n\u00eb Sukubin\u00eb.<\/p>\n<p>Arsimi \u00ebsht\u00eb p\u00ebrpar\u00ebsi e t\u00eb gjitha p\u00ebrpar\u00ebsive e n\u00eb fokusin e Komun\u00ebs \u00e7do her\u00eb ka qen\u00eb dhe do t\u00eb jet\u00eb nd\u00ebrtimi i objekteve dhe infrastruktur\u00ebs moderne t\u00eb arsimit.<\/p>\n<p>T\u00eb dashur nx\u00ebn\u00ebs dhe m\u00ebsimdh\u00ebn\u00ebs,<\/p>\n<p>Nd\u00ebrtimi i k\u00ebsaj shkolle do t\u00eb kushtoj\u00eb\u00a0 rreth 300 mij\u00eb euro e k\u00ebto mjete do t\u00eb sigurohen fal\u00eb Ministris\u00eb s\u00eb Arsimit, diaspor\u00ebs ton\u00eb n\u00eb SHBA dhe Komun\u00ebs s\u00eb Ulqinit. Si i till\u00eb ky \u00ebsht\u00eb projekti i par\u00eb trilateral i k\u00ebtij lloji, andaj nga ky vend\u00a0 m\u00eb lejoni t\u00eb p\u00ebrsh\u00ebndesim p\u00ebrzem\u00ebrsisht p\u00ebrfaqesuesin e diaspor\u00ebs dhe t\u00eb gjith\u00eb\u00a0 v\u00ebllez\u00ebrit dhe motrat tona n\u00eb diaspor\u00eb t\u00eb cil\u00ebt u shpreh\u00ebn t\u00eb gatsh\u00ebm q\u00eb t\u00eb mb\u00ebshtesin ket\u00eb projekt kaq t\u00eb r\u00ebnd\u00ebsish\u00ebm.<\/p>\n<p>Me k\u00ebt\u00eb gjest, ata edhe nj\u00ebher\u00eb d\u00ebshmojn\u00eb p\u00ebrkushtimin e tyre, lidhjet me\u00a0 vendlindjen dhe vendosm\u00ebrin\u00eb q\u00eb vendlindja nuk mund t\u00eb harrohet. Shum\u00eb nga ta\u00a0 kan\u00eb nisur hapat e par\u00eb n\u00eb k\u00ebt\u00eb shkoll\u00eb dhe n\u00eb shkoll\u00ebn am\u00eb e nga k\u00ebto shkolla\u00a0 kan\u00eb dalur emra t\u00eb spikatur t\u00eb fushave t\u00eb ndryshme.<\/p>\n<p>Ne mburremi me ta. Un\u00eb jam m\u00eb se i bindur q\u00eb \u00e7do gj\u00eb do t\u00eb realizohet n\u00eb afatin e parapar\u00eb dhe k\u00ebta vog\u00eblush\u00eb dhe m\u00ebsimdh\u00ebnes do t\u00eb ken\u00eb nj\u00eb objekt modern ashtu si e meritojn\u00eb e atyre u mbetet q\u00eb t\u00eb m\u00ebsojn\u00eb sa m\u00eb shum\u00eb n\u00eb m\u00ebnyr\u00eb q\u00eb n\u00ebp\u00ebrmes dijes t\u00eb p\u00ebrcaktojn\u00eb t\u00eb ardhmen e tyre.<\/p>\n<p>Sa m\u00eb shum\u00eb q\u00eb do t\u00eb m\u00ebsoni, sa m\u00eb t\u00eb dijsh\u00ebm q\u00eb do t\u00eb b\u00ebheni aq m\u00eb e ndritur do t\u00eb jet\u00eb e ardhmja juaj dhe e vendit.<\/p>\n<p>Andaj, g\u00ebzuar fillimin e punimeve t\u00eb shkoll\u00ebs dhe p\u00ebrher\u00eb u takofshim n\u00eb kremte t\u00eb k\u00ebtij lloji.<\/p>\n<p>Komuna Ulqinit<\/p>\n<!--YouTube Error: bad URL entered-->\n\n\t\t<style type=\"text\/css\">\n\t\t\t#gallery-1 {\n\t\t\t\tmargin: auto;\n\t\t\t}\n\t\t\t#gallery-1 .gallery-item {\n\t\t\t\tfloat: left;\n\t\t\t\tmargin-top: 10px;\n\t\t\t\ttext-align: center;\n\t\t\t\twidth: 33%;\n\t\t\t}\n\t\t\t#gallery-1 img {\n\t\t\t\tborder: 2px solid #cfcfcf;\n\t\t\t}\n\t\t\t#gallery-1 .gallery-caption {\n\t\t\t\tmargin-left: 0;\n\t\t\t}\n\t\t\t\/* see gallery_shortcode() in wp-includes\/media.php *\/\n\t\t<\/style>\n\t\t<div id='gallery-1' class='gallery galleryid-92717 gallery-columns-3 gallery-size-thumbnail'><dl class='gallery-item'>\n\t\t\t<dt class='gallery-icon landscape'>\n\t\t\t\t<a href='https:\/\/www.visit-ulcinj.com\/blog\/2015\/10\/13\/vendoset-gurethemeli-per-ndertimin-e-shkolles-ne-sukubine\/gurethemeli-i-shkolles-ne-sukubine\/'><img width=\"150\" height=\"150\" src=\"https:\/\/www.visit-ulcinj.com\/blog\/wp-content\/uploads\/2015\/10\/gur\u00ebthemeli-i-shkoll\u00ebs-n\u00eb-Sukubin\u00eb-150x150.jpg\" class=\"attachment-thumbnail size-thumbnail\" alt=\"\" loading=\"lazy\" \/><\/a>\n\t\t\t<\/dt><\/dl><dl class='gallery-item'>\n\t\t\t<dt class='gallery-icon landscape'>\n\t\t\t\t<a href='https:\/\/www.visit-ulcinj.com\/blog\/2015\/10\/13\/vendoset-gurethemeli-per-ndertimin-e-shkolles-ne-sukubine\/gurethemeli-i-shkolles-ne-sukubine-2\/'><img width=\"150\" height=\"150\" src=\"https:\/\/www.visit-ulcinj.com\/blog\/wp-content\/uploads\/2015\/10\/gur\u00ebthemeli-i-shkoll\u00ebs-n\u00eb-Sukubin\u00eb-2-150x150.jpg\" class=\"attachment-thumbnail size-thumbnail\" alt=\"\" loading=\"lazy\" \/><\/a>\n\t\t\t<\/dt><\/dl><dl class='gallery-item'>\n\t\t\t<dt class='gallery-icon landscape'>\n\t\t\t\t<a href='https:\/\/www.visit-ulcinj.com\/blog\/2015\/10\/13\/vendoset-gurethemeli-per-ndertimin-e-shkolles-ne-sukubine\/gurethemeli-i-shkolles-ne-sukubine-3\/'><img width=\"150\" height=\"150\" src=\"https:\/\/www.visit-ulcinj.com\/blog\/wp-content\/uploads\/2015\/10\/gur\u00ebthemeli-i-shkoll\u00ebs-n\u00eb-Sukubin\u00eb-3-150x150.jpg\" class=\"attachment-thumbnail size-thumbnail\" alt=\"\" loading=\"lazy\" \/><\/a>\n\t\t\t<\/dt><\/dl><br style=\"clear: both\" \/>\n\t\t<\/div>\n\n<\/div>\n","protected":false},"excerpt":{"rendered":"<p>Ministri i Arsimit Boshkoviq, Kryetari i Komun\u00ebs Fatmir Gjeka dhe p\u00ebrfaq\u00ebsuesi i diaspor\u00ebs ton\u00eb n\u00eb SHBA Cafo Boga, vendos\u00ebn gur\u00ebthemelin p\u00ebr nd\u00ebrtimin e shkoll\u00ebs n\u00eb Sukubin\u00eb. Ky \u00ebsht\u00eb projekti i par\u00eb trilateral q\u00eb do t\u00eb realizohet fal\u00eb Ministris\u00eb, Komun\u00ebs dhe diaspor\u00ebs. Vlera e k\u00ebtij projekti \u00ebsht\u00eb rreth 300 mij\u00eb euro e punimet i jan\u00eb besuar [&hellip;]<\/p>\n","protected":false},"author":1,"featured_media":0,"comment_status":"closed","ping_status":"closed","sticky":false,"template":"","format":"standard","meta":{"spay_email":"","jetpack_publicize_message":"","jetpack_is_tweetstorm":false,"jetpack_publicize_feature_enabled":true},"categories":[1,2451],"tags":[],"jetpack_publicize_connections":[],"yoast_head":"<!-- This site is optimized with the Yoast SEO plugin v19.1 - https:\/\/yoast.com\/wordpress\/plugins\/seo\/ -->\n<title>Vendoset gur\u00ebthemeli p\u00ebr nd\u00ebrtimin e shkoll\u00ebs n\u00eb Sukubin\u00eb - Video - Lajme nga Ulqini<\/title>\n<meta name=\"description\" content=\"Ministri i Arsimit Boshkoviq, Kryetari i Komun\u00ebs Fatmir Gjeka dhe p\u00ebrfaq\u00ebsuesi i diaspor\u00ebs ton\u00eb n\u00eb SHBA Cafo Boga, vendos\u00ebn gur\u00ebthemelin p\u00ebr nd\u00ebrtimin e\" \/>\n<meta name=\"robots\" content=\"index, follow, max-snippet:-1, max-image-preview:large, max-video-preview:-1\" \/>\n<link rel=\"canonical\" href=\"https:\/\/www.visit-ulcinj.com\/blog\/2015\/10\/13\/vendoset-gurethemeli-per-ndertimin-e-shkolles-ne-sukubine\/\" \/>\n<meta property=\"og:locale\" content=\"en_US\" \/>\n<meta property=\"og:type\" content=\"article\" \/>\n<meta property=\"og:title\" content=\"Vendoset gur\u00ebthemeli p\u00ebr nd\u00ebrtimin e shkoll\u00ebs n\u00eb Sukubin\u00eb - Video - Lajme nga Ulqini\" \/>\n<meta property=\"og:description\" content=\"Ministri i Arsimit Boshkoviq, Kryetari i Komun\u00ebs Fatmir Gjeka dhe p\u00ebrfaq\u00ebsuesi i diaspor\u00ebs ton\u00eb n\u00eb SHBA Cafo Boga, vendos\u00ebn gur\u00ebthemelin p\u00ebr nd\u00ebrtimin e\" \/>\n<meta property=\"og:url\" content=\"https:\/\/www.visit-ulcinj.com\/blog\/2015\/10\/13\/vendoset-gurethemeli-per-ndertimin-e-shkolles-ne-sukubine\/\" \/>\n<meta property=\"og:site_name\" content=\"Lajme nga Ulqini\" \/>\n<meta property=\"article:published_time\" content=\"2015-10-13T17:09:45+00:00\" \/>\n<meta property=\"article:modified_time\" content=\"2015-10-16T21:01:40+00:00\" \/>\n<meta property=\"og:image\" content=\"https:\/\/www.visit-ulcinj.com\/blog\/wp-content\/uploads\/2015\/10\/gur\u00ebthemeli-i-shkoll\u00ebs-n\u00eb-Sukubin\u00eb-150x150.jpg\" \/>\n<meta name=\"twitter:label1\" content=\"Written by\" \/>\n\t<meta name=\"twitter:data1\" content=\"ulqini\" \/>\n\t<meta name=\"twitter:label2\" content=\"Est. reading time\" \/>\n\t<meta name=\"twitter:data2\" content=\"2 minutes\" \/>\n<script type=\"application\/ld+json\" class=\"yoast-schema-graph\">{\"@context\":\"https:\/\/schema.org\",\"@graph\":[{\"@type\":\"WebSite\",\"@id\":\"https:\/\/www.visit-ulcinj.com\/blog\/#website\",\"url\":\"https:\/\/www.visit-ulcinj.com\/blog\/\",\"name\":\"Lajme nga Ulqini\",\"description\":\"Lajme,Vijesti,Ulqini,Ulqin,Crna Gora,Mali i Zi\",\"potentialAction\":[{\"@type\":\"SearchAction\",\"target\":{\"@type\":\"EntryPoint\",\"urlTemplate\":\"https:\/\/www.visit-ulcinj.com\/blog\/?s={search_term_string}\"},\"query-input\":\"required name=search_term_string\"}],\"inLanguage\":\"en-US\"},{\"@type\":\"WebPage\",\"@id\":\"https:\/\/www.visit-ulcinj.com\/blog\/2015\/10\/13\/vendoset-gurethemeli-per-ndertimin-e-shkolles-ne-sukubine\/#webpage\",\"url\":\"https:\/\/www.visit-ulcinj.com\/blog\/2015\/10\/13\/vendoset-gurethemeli-per-ndertimin-e-shkolles-ne-sukubine\/\",\"name\":\"Vendoset gur\u00ebthemeli p\u00ebr nd\u00ebrtimin e shkoll\u00ebs n\u00eb Sukubin\u00eb - Video - Lajme nga Ulqini\",\"isPartOf\":{\"@id\":\"https:\/\/www.visit-ulcinj.com\/blog\/#website\"},\"datePublished\":\"2015-10-13T17:09:45+00:00\",\"dateModified\":\"2015-10-16T21:01:40+00:00\",\"author\":{\"@id\":\"https:\/\/www.visit-ulcinj.com\/blog\/#\/schema\/person\/dcab619c614d3038751c63bc2aadc06d\"},\"description\":\"Ministri i Arsimit Boshkoviq, Kryetari i Komun\u00ebs Fatmir Gjeka dhe p\u00ebrfaq\u00ebsuesi i diaspor\u00ebs ton\u00eb n\u00eb SHBA Cafo Boga, vendos\u00ebn gur\u00ebthemelin p\u00ebr nd\u00ebrtimin e\",\"breadcrumb\":{\"@id\":\"https:\/\/www.visit-ulcinj.com\/blog\/2015\/10\/13\/vendoset-gurethemeli-per-ndertimin-e-shkolles-ne-sukubine\/#breadcrumb\"},\"inLanguage\":\"en-US\",\"potentialAction\":[{\"@type\":\"ReadAction\",\"target\":[\"https:\/\/www.visit-ulcinj.com\/blog\/2015\/10\/13\/vendoset-gurethemeli-per-ndertimin-e-shkolles-ne-sukubine\/\"]}]},{\"@type\":\"BreadcrumbList\",\"@id\":\"https:\/\/www.visit-ulcinj.com\/blog\/2015\/10\/13\/vendoset-gurethemeli-per-ndertimin-e-shkolles-ne-sukubine\/#breadcrumb\",\"itemListElement\":[{\"@type\":\"ListItem\",\"position\":1,\"name\":\"Vendoset gur\u00ebthemeli p\u00ebr nd\u00ebrtimin e shkoll\u00ebs n\u00eb Sukubin\u00eb &#8211; Video\"}]},{\"@type\":\"Person\",\"@id\":\"https:\/\/www.visit-ulcinj.com\/blog\/#\/schema\/person\/dcab619c614d3038751c63bc2aadc06d\",\"name\":\"ulqini\",\"sameAs\":[\"http:\/\/www.visit-ulcinj.com\"],\"url\":\"https:\/\/www.visit-ulcinj.com\/blog\/author\/admin\/\"}]}<\/script>\n<!-- \/ Yoast SEO plugin. -->","yoast_head_json":{"title":"Vendoset gur\u00ebthemeli p\u00ebr nd\u00ebrtimin e shkoll\u00ebs n\u00eb Sukubin\u00eb - Video - Lajme nga Ulqini","description":"Ministri i Arsimit Boshkoviq, Kryetari i Komun\u00ebs Fatmir Gjeka dhe p\u00ebrfaq\u00ebsuesi i diaspor\u00ebs ton\u00eb n\u00eb SHBA Cafo Boga, vendos\u00ebn gur\u00ebthemelin p\u00ebr nd\u00ebrtimin e","robots":{"index":"index","follow":"follow","max-snippet":"max-snippet:-1","max-image-preview":"max-image-preview:large","max-video-preview":"max-video-preview:-1"},"canonical":"https:\/\/www.visit-ulcinj.com\/blog\/2015\/10\/13\/vendoset-gurethemeli-per-ndertimin-e-shkolles-ne-sukubine\/","og_locale":"en_US","og_type":"article","og_title":"Vendoset gur\u00ebthemeli p\u00ebr nd\u00ebrtimin e shkoll\u00ebs n\u00eb Sukubin\u00eb - Video - Lajme nga Ulqini","og_description":"Ministri i Arsimit Boshkoviq, Kryetari i Komun\u00ebs Fatmir Gjeka dhe p\u00ebrfaq\u00ebsuesi i diaspor\u00ebs ton\u00eb n\u00eb SHBA Cafo Boga, vendos\u00ebn gur\u00ebthemelin p\u00ebr nd\u00ebrtimin e","og_url":"https:\/\/www.visit-ulcinj.com\/blog\/2015\/10\/13\/vendoset-gurethemeli-per-ndertimin-e-shkolles-ne-sukubine\/","og_site_name":"Lajme nga Ulqini","article_published_time":"2015-10-13T17:09:45+00:00","article_modified_time":"2015-10-16T21:01:40+00:00","og_image":[{"url":"https:\/\/www.visit-ulcinj.com\/blog\/wp-content\/uploads\/2015\/10\/gur\u00ebthemeli-i-shkoll\u00ebs-n\u00eb-Sukubin\u00eb-150x150.jpg"}],"twitter_misc":{"Written by":"ulqini","Est. reading time":"2 minutes"},"schema":{"@context":"https:\/\/schema.org","@graph":[{"@type":"WebSite","@id":"https:\/\/www.visit-ulcinj.com\/blog\/#website","url":"https:\/\/www.visit-ulcinj.com\/blog\/","name":"Lajme nga Ulqini","description":"Lajme,Vijesti,Ulqini,Ulqin,Crna Gora,Mali i Zi","potentialAction":[{"@type":"SearchAction","target":{"@type":"EntryPoint","urlTemplate":"https:\/\/www.visit-ulcinj.com\/blog\/?s={search_term_string}"},"query-input":"required name=search_term_string"}],"inLanguage":"en-US"},{"@type":"WebPage","@id":"https:\/\/www.visit-ulcinj.com\/blog\/2015\/10\/13\/vendoset-gurethemeli-per-ndertimin-e-shkolles-ne-sukubine\/#webpage","url":"https:\/\/www.visit-ulcinj.com\/blog\/2015\/10\/13\/vendoset-gurethemeli-per-ndertimin-e-shkolles-ne-sukubine\/","name":"Vendoset gur\u00ebthemeli p\u00ebr nd\u00ebrtimin e shkoll\u00ebs n\u00eb Sukubin\u00eb - Video - Lajme nga Ulqini","isPartOf":{"@id":"https:\/\/www.visit-ulcinj.com\/blog\/#website"},"datePublished":"2015-10-13T17:09:45+00:00","dateModified":"2015-10-16T21:01:40+00:00","author":{"@id":"https:\/\/www.visit-ulcinj.com\/blog\/#\/schema\/person\/dcab619c614d3038751c63bc2aadc06d"},"description":"Ministri i Arsimit Boshkoviq, Kryetari i Komun\u00ebs Fatmir Gjeka dhe p\u00ebrfaq\u00ebsuesi i diaspor\u00ebs ton\u00eb n\u00eb SHBA Cafo Boga, vendos\u00ebn gur\u00ebthemelin p\u00ebr nd\u00ebrtimin e","breadcrumb":{"@id":"https:\/\/www.visit-ulcinj.com\/blog\/2015\/10\/13\/vendoset-gurethemeli-per-ndertimin-e-shkolles-ne-sukubine\/#breadcrumb"},"inLanguage":"en-US","potentialAction":[{"@type":"ReadAction","target":["https:\/\/www.visit-ulcinj.com\/blog\/2015\/10\/13\/vendoset-gurethemeli-per-ndertimin-e-shkolles-ne-sukubine\/"]}]},{"@type":"BreadcrumbList","@id":"https:\/\/www.visit-ulcinj.com\/blog\/2015\/10\/13\/vendoset-gurethemeli-per-ndertimin-e-shkolles-ne-sukubine\/#breadcrumb","itemListElement":[{"@type":"ListItem","position":1,"name":"Vendoset gur\u00ebthemeli p\u00ebr nd\u00ebrtimin e shkoll\u00ebs n\u00eb Sukubin\u00eb &#8211; Video"}]},{"@type":"Person","@id":"https:\/\/www.visit-ulcinj.com\/blog\/#\/schema\/person\/dcab619c614d3038751c63bc2aadc06d","name":"ulqini","sameAs":["http:\/\/www.visit-ulcinj.com"],"url":"https:\/\/www.visit-ulcinj.com\/blog\/author\/admin\/"}]}},"jetpack_featured_media_url":"","jetpack_sharing_enabled":true,"jetpack_shortlink":"https:\/\/wp.me\/pe6lTn-o7r","_links":{"self":[{"href":"https:\/\/www.visit-ulcinj.com\/blog\/wp-json\/wp\/v2\/posts\/92717"}],"collection":[{"href":"https:\/\/www.visit-ulcinj.com\/blog\/wp-json\/wp\/v2\/posts"}],"about":[{"href":"https:\/\/www.visit-ulcinj.com\/blog\/wp-json\/wp\/v2\/types\/post"}],"author":[{"embeddable":true,"href":"https:\/\/www.visit-ulcinj.com\/blog\/wp-json\/wp\/v2\/users\/1"}],"replies":[{"embeddable":true,"href":"https:\/\/www.visit-ulcinj.com\/blog\/wp-json\/wp\/v2\/comments?post=92717"}],"version-history":[{"count":3,"href":"https:\/\/www.visit-ulcinj.com\/blog\/wp-json\/wp\/v2\/posts\/92717\/revisions"}],"predecessor-version":[{"id":92786,"href":"https:\/\/www.visit-ulcinj.com\/blog\/wp-json\/wp\/v2\/posts\/92717\/revisions\/92786"}],"wp:attachment":[{"href":"https:\/\/www.visit-ulcinj.com\/blog\/wp-json\/wp\/v2\/media?parent=92717"}],"wp:term":[{"taxonomy":"category","embeddable":true,"href":"https:\/\/www.visit-ulcinj.com\/blog\/wp-json\/wp\/v2\/categories?post=92717"},{"taxonomy":"post_tag","embeddable":true,"href":"https:\/\/www.visit-ulcinj.com\/blog\/wp-json\/wp\/v2\/tags?post=92717"}],"curies":[{"name":"wp","href":"https:\/\/api.w.org\/{rel}","templated":true}]}}