{"id":92723,"date":"2015-10-13T18:13:23","date_gmt":"2015-10-13T17:13:23","guid":{"rendered":"http:\/\/www.visit-ulcinj.com\/blog\/?p=92723"},"modified":"2015-10-13T18:13:23","modified_gmt":"2015-10-13T17:13:23","slug":"postavljen-kamen-temeljac-os-bedri-elezaga-u-ulcinju","status":"publish","type":"post","link":"https:\/\/www.visit-ulcinj.com\/blog\/2015\/10\/13\/postavljen-kamen-temeljac-os-bedri-elezaga-u-ulcinju\/","title":{"rendered":"Postavljen kamen temeljac O\u0160 \u201cBedri Elezaga\u201d u Ulcinju"},"content":{"rendered":"<p><a href=\"http:\/\/www.visit-ulcinj.com\/blog\/wp-content\/uploads\/2015\/10\/gur\u00ebthemeli-i-shkoll\u00ebs-n\u00eb-Sukubin\u00eb.jpg\"><img loading=\"lazy\" class=\"alignleft wp-image-92719\" src=\"http:\/\/www.visit-ulcinj.com\/blog\/wp-content\/uploads\/2015\/10\/gur\u00ebthemeli-i-shkoll\u00ebs-n\u00eb-Sukubin\u00eb.jpg\" alt=\"gur\u00ebthemeli i shkoll\u00ebs n\u00eb Sukubin\u00eb\" width=\"508\" height=\"336\" srcset=\"https:\/\/www.visit-ulcinj.com\/blog\/wp-content\/uploads\/2015\/10\/gur\u00ebthemeli-i-shkoll\u00ebs-n\u00eb-Sukubin\u00eb.jpg 470w, https:\/\/www.visit-ulcinj.com\/blog\/wp-content\/uploads\/2015\/10\/gur\u00ebthemeli-i-shkoll\u00ebs-n\u00eb-Sukubin\u00eb-300x199.jpg 300w\" sizes=\"(max-width: 508px) 100vw, 508px\" \/><\/a>Ministar prosvjete <strong>mr Predrag Bo\u0161kovi\u0107<\/strong> prisustvovao je danas postavljanju kamena temeljca novog \u0161kolskog objekta Podru\u010dne ustanove JU O\u0160 \u201cBedri Elezaga\u201d u Sukobinu, Op\u0161tina Ulcinj.<\/p>\n<p>Na ceremoniji je pored ministra Bo\u0161kovi\u0107a govorio predsjednik Op\u0161tine Ulcinj <strong>Fatmir Gjeka<\/strong>, predstavnik Dijaspore SAD-a <strong>Cafo Boga<\/strong> i direktor JU O\u0160 \u201cBedri Elezaga\u201d <strong>Aljim Jahaj<\/strong>.<\/p>\n<p>Ministar Bo\u0161kovi\u0107 je izrazio zadovoljstvo zbog realizacije ovog projekta koji predstavlja dobru saradnju izme\u0111u dr\u017eave, op\u0161tine i dijaspore. On je podsjetio na usmjerenje Ministarstva prosvjete na podizanje kvaliteta obrazovanja manjinskih zajednica i ukazao na odli\u010dnu saradnju Ministarstva sa Albanskim nacionalnim savjetom.<\/p>\n<p>Tako\u0111e, ministar je izrazio zadovoljstvo \u0161to \u0107e djeca ovog kraja sljede\u0107e godine u\u010diti u mnogo boljim uslovima.<\/p>\n<p>Predsjednik Op\u0161tine Ulcinj Fatmir Gjeka zahvalio je dijaspori SAD-a i Ministarstvu na pomo\u0107i Op\u0161tini Ulcinj da dobije jo\u0161 jedan \u0161kolski objekat za koji je izdvojeno 297.000 eura.<\/p>\n<p>Direktor JU O\u0160 \u201cBedri Elezaga\u201d Aljim Jahaj po\u017eelio je dobrodo\u0161licu gostima i izrazio zadovoljstvo zbog povoda okupljanja. On je rekao da \u0107e \u0161kola na povr\u0161ini od 500 metara kvadratnih biti gra\u0111ena po savremenim evropskim standardima. Istakao je da je investiranje u izgradnju \u0161kola uzvi\u0161eno i zahvalio Ministarstvu prosvjete, Op\u0161tini Ulcinj i dijaspori SAD-a na pomo\u0107i.<\/p>\n<p>Predstavnik dijaspore SAD-a Cafo Boga izrazio je zadovoljstvo \u0161to je dijaspora mogla da pomogne u ovako va\u017enom projektu.<\/p>\n<p>Nakon sve\u010danih govora izveden je kulturno-umjetni\u010dki program.<\/p>\n<p><strong>Izvor: Vlada.me<\/strong><\/p>\n\n\t\t<style type=\"text\/css\">\n\t\t\t#gallery-1 {\n\t\t\t\tmargin: auto;\n\t\t\t}\n\t\t\t#gallery-1 .gallery-item {\n\t\t\t\tfloat: left;\n\t\t\t\tmargin-top: 10px;\n\t\t\t\ttext-align: center;\n\t\t\t\twidth: 33%;\n\t\t\t}\n\t\t\t#gallery-1 img {\n\t\t\t\tborder: 2px solid #cfcfcf;\n\t\t\t}\n\t\t\t#gallery-1 .gallery-caption {\n\t\t\t\tmargin-left: 0;\n\t\t\t}\n\t\t\t\/* see gallery_shortcode() in wp-includes\/media.php *\/\n\t\t<\/style>\n\t\t<div id='gallery-1' class='gallery galleryid-92723 gallery-columns-3 gallery-size-thumbnail'><dl class='gallery-item'>\n\t\t\t<dt class='gallery-icon landscape'>\n\t\t\t\t<a href='https:\/\/www.visit-ulcinj.com\/blog\/2015\/10\/13\/vendoset-gurethemeli-per-ndertimin-e-shkolles-ne-sukubine\/gurethemeli-i-shkolles-ne-sukubine-3\/'><img width=\"150\" height=\"150\" src=\"https:\/\/www.visit-ulcinj.com\/blog\/wp-content\/uploads\/2015\/10\/gur\u00ebthemeli-i-shkoll\u00ebs-n\u00eb-Sukubin\u00eb-3-150x150.jpg\" class=\"attachment-thumbnail size-thumbnail\" alt=\"\" loading=\"lazy\" \/><\/a>\n\t\t\t<\/dt><\/dl><dl class='gallery-item'>\n\t\t\t<dt class='gallery-icon landscape'>\n\t\t\t\t<a href='https:\/\/www.visit-ulcinj.com\/blog\/2015\/10\/13\/vendoset-gurethemeli-per-ndertimin-e-shkolles-ne-sukubine\/gurethemeli-i-shkolles-ne-sukubine-2\/'><img width=\"150\" height=\"150\" src=\"https:\/\/www.visit-ulcinj.com\/blog\/wp-content\/uploads\/2015\/10\/gur\u00ebthemeli-i-shkoll\u00ebs-n\u00eb-Sukubin\u00eb-2-150x150.jpg\" class=\"attachment-thumbnail size-thumbnail\" alt=\"\" loading=\"lazy\" \/><\/a>\n\t\t\t<\/dt><\/dl><dl class='gallery-item'>\n\t\t\t<dt class='gallery-icon landscape'>\n\t\t\t\t<a href='https:\/\/www.visit-ulcinj.com\/blog\/2015\/10\/13\/vendoset-gurethemeli-per-ndertimin-e-shkolles-ne-sukubine\/gurethemeli-i-shkolles-ne-sukubine-1\/'><img width=\"150\" height=\"150\" src=\"https:\/\/www.visit-ulcinj.com\/blog\/wp-content\/uploads\/2015\/10\/gur\u00ebthemeli-i-shkoll\u00ebs-n\u00eb-Sukubin\u00eb-1-150x150.jpg\" class=\"attachment-thumbnail size-thumbnail\" alt=\"\" loading=\"lazy\" \/><\/a>\n\t\t\t<\/dt><\/dl><br style=\"clear: both\" \/>\n\t\t<\/div>\n\n","protected":false},"excerpt":{"rendered":"<p>Ministar prosvjete mr Predrag Bo\u0161kovi\u0107 prisustvovao je danas postavljanju kamena temeljca novog \u0161kolskog objekta Podru\u010dne ustanove JU O\u0160 \u201cBedri Elezaga\u201d u Sukobinu, Op\u0161tina Ulcinj. Na ceremoniji je pored ministra Bo\u0161kovi\u0107a govorio predsjednik Op\u0161tine Ulcinj Fatmir Gjeka, predstavnik Dijaspore SAD-a Cafo Boga i direktor JU O\u0160 \u201cBedri Elezaga\u201d Aljim Jahaj. Ministar Bo\u0161kovi\u0107 je izrazio zadovoljstvo zbog [&hellip;]<\/p>\n","protected":false},"author":1,"featured_media":0,"comment_status":"closed","ping_status":"closed","sticky":false,"template":"","format":"standard","meta":{"spay_email":"","jetpack_publicize_message":"","jetpack_is_tweetstorm":false,"jetpack_publicize_feature_enabled":true},"categories":[8337],"tags":[],"jetpack_publicize_connections":[],"yoast_head":"<!-- This site is optimized with the Yoast SEO plugin v19.1 - https:\/\/yoast.com\/wordpress\/plugins\/seo\/ -->\n<title>Postavljen kamen temeljac O\u0160 \u201cBedri Elezaga\u201d u Ulcinju - Lajme nga Ulqini<\/title>\n<meta name=\"description\" content=\"Ministar prosvjete mr Predrag Bo\u0161kovi\u0107 prisustvovao je danas postavljanju kamena temeljca novog \u0161kolskog objekta Podru\u010dne ustanove JU O\u0160 \u201cBedri Elezaga\u201d u\" \/>\n<meta name=\"robots\" content=\"index, follow, max-snippet:-1, max-image-preview:large, max-video-preview:-1\" \/>\n<link rel=\"canonical\" href=\"https:\/\/www.visit-ulcinj.com\/blog\/2015\/10\/13\/postavljen-kamen-temeljac-os-bedri-elezaga-u-ulcinju\/\" \/>\n<meta property=\"og:locale\" content=\"en_US\" \/>\n<meta property=\"og:type\" content=\"article\" \/>\n<meta property=\"og:title\" content=\"Postavljen kamen temeljac O\u0160 \u201cBedri Elezaga\u201d u Ulcinju - Lajme nga Ulqini\" \/>\n<meta property=\"og:description\" content=\"Ministar prosvjete mr Predrag Bo\u0161kovi\u0107 prisustvovao je danas postavljanju kamena temeljca novog \u0161kolskog objekta Podru\u010dne ustanove JU O\u0160 \u201cBedri Elezaga\u201d u\" \/>\n<meta property=\"og:url\" content=\"https:\/\/www.visit-ulcinj.com\/blog\/2015\/10\/13\/postavljen-kamen-temeljac-os-bedri-elezaga-u-ulcinju\/\" \/>\n<meta property=\"og:site_name\" content=\"Lajme nga Ulqini\" \/>\n<meta property=\"article:published_time\" content=\"2015-10-13T17:13:23+00:00\" \/>\n<meta property=\"og:image\" content=\"https:\/\/www.visit-ulcinj.com\/blog\/wp-content\/uploads\/2015\/10\/gur\u00ebthemeli-i-shkoll\u00ebs-n\u00eb-Sukubin\u00eb-3-150x150.jpg\" \/>\n<meta name=\"twitter:label1\" content=\"Written by\" \/>\n\t<meta name=\"twitter:data1\" content=\"ulqini\" \/>\n\t<meta name=\"twitter:label2\" content=\"Est. reading time\" \/>\n\t<meta name=\"twitter:data2\" content=\"1 minute\" \/>\n<script type=\"application\/ld+json\" class=\"yoast-schema-graph\">{\"@context\":\"https:\/\/schema.org\",\"@graph\":[{\"@type\":\"WebSite\",\"@id\":\"https:\/\/www.visit-ulcinj.com\/blog\/#website\",\"url\":\"https:\/\/www.visit-ulcinj.com\/blog\/\",\"name\":\"Lajme nga Ulqini\",\"description\":\"Lajme,Vijesti,Ulqini,Ulqin,Crna Gora,Mali i Zi\",\"potentialAction\":[{\"@type\":\"SearchAction\",\"target\":{\"@type\":\"EntryPoint\",\"urlTemplate\":\"https:\/\/www.visit-ulcinj.com\/blog\/?s={search_term_string}\"},\"query-input\":\"required name=search_term_string\"}],\"inLanguage\":\"en-US\"},{\"@type\":\"WebPage\",\"@id\":\"https:\/\/www.visit-ulcinj.com\/blog\/2015\/10\/13\/postavljen-kamen-temeljac-os-bedri-elezaga-u-ulcinju\/#webpage\",\"url\":\"https:\/\/www.visit-ulcinj.com\/blog\/2015\/10\/13\/postavljen-kamen-temeljac-os-bedri-elezaga-u-ulcinju\/\",\"name\":\"Postavljen kamen temeljac O\u0160 \u201cBedri Elezaga\u201d u Ulcinju - Lajme nga Ulqini\",\"isPartOf\":{\"@id\":\"https:\/\/www.visit-ulcinj.com\/blog\/#website\"},\"datePublished\":\"2015-10-13T17:13:23+00:00\",\"dateModified\":\"2015-10-13T17:13:23+00:00\",\"author\":{\"@id\":\"https:\/\/www.visit-ulcinj.com\/blog\/#\/schema\/person\/dcab619c614d3038751c63bc2aadc06d\"},\"description\":\"Ministar prosvjete mr Predrag Bo\u0161kovi\u0107 prisustvovao je danas postavljanju kamena temeljca novog \u0161kolskog objekta Podru\u010dne ustanove JU O\u0160 \u201cBedri Elezaga\u201d u\",\"breadcrumb\":{\"@id\":\"https:\/\/www.visit-ulcinj.com\/blog\/2015\/10\/13\/postavljen-kamen-temeljac-os-bedri-elezaga-u-ulcinju\/#breadcrumb\"},\"inLanguage\":\"en-US\",\"potentialAction\":[{\"@type\":\"ReadAction\",\"target\":[\"https:\/\/www.visit-ulcinj.com\/blog\/2015\/10\/13\/postavljen-kamen-temeljac-os-bedri-elezaga-u-ulcinju\/\"]}]},{\"@type\":\"BreadcrumbList\",\"@id\":\"https:\/\/www.visit-ulcinj.com\/blog\/2015\/10\/13\/postavljen-kamen-temeljac-os-bedri-elezaga-u-ulcinju\/#breadcrumb\",\"itemListElement\":[{\"@type\":\"ListItem\",\"position\":1,\"name\":\"Postavljen kamen temeljac O\u0160 \u201cBedri Elezaga\u201d u Ulcinju\"}]},{\"@type\":\"Person\",\"@id\":\"https:\/\/www.visit-ulcinj.com\/blog\/#\/schema\/person\/dcab619c614d3038751c63bc2aadc06d\",\"name\":\"ulqini\",\"sameAs\":[\"http:\/\/www.visit-ulcinj.com\"],\"url\":\"https:\/\/www.visit-ulcinj.com\/blog\/author\/admin\/\"}]}<\/script>\n<!-- \/ Yoast SEO plugin. -->","yoast_head_json":{"title":"Postavljen kamen temeljac O\u0160 \u201cBedri Elezaga\u201d u Ulcinju - Lajme nga Ulqini","description":"Ministar prosvjete mr Predrag Bo\u0161kovi\u0107 prisustvovao je danas postavljanju kamena temeljca novog \u0161kolskog objekta Podru\u010dne ustanove JU O\u0160 \u201cBedri Elezaga\u201d u","robots":{"index":"index","follow":"follow","max-snippet":"max-snippet:-1","max-image-preview":"max-image-preview:large","max-video-preview":"max-video-preview:-1"},"canonical":"https:\/\/www.visit-ulcinj.com\/blog\/2015\/10\/13\/postavljen-kamen-temeljac-os-bedri-elezaga-u-ulcinju\/","og_locale":"en_US","og_type":"article","og_title":"Postavljen kamen temeljac O\u0160 \u201cBedri Elezaga\u201d u Ulcinju - Lajme nga Ulqini","og_description":"Ministar prosvjete mr Predrag Bo\u0161kovi\u0107 prisustvovao je danas postavljanju kamena temeljca novog \u0161kolskog objekta Podru\u010dne ustanove JU O\u0160 \u201cBedri Elezaga\u201d u","og_url":"https:\/\/www.visit-ulcinj.com\/blog\/2015\/10\/13\/postavljen-kamen-temeljac-os-bedri-elezaga-u-ulcinju\/","og_site_name":"Lajme nga Ulqini","article_published_time":"2015-10-13T17:13:23+00:00","og_image":[{"url":"https:\/\/www.visit-ulcinj.com\/blog\/wp-content\/uploads\/2015\/10\/gur\u00ebthemeli-i-shkoll\u00ebs-n\u00eb-Sukubin\u00eb-3-150x150.jpg"}],"twitter_misc":{"Written by":"ulqini","Est. reading time":"1 minute"},"schema":{"@context":"https:\/\/schema.org","@graph":[{"@type":"WebSite","@id":"https:\/\/www.visit-ulcinj.com\/blog\/#website","url":"https:\/\/www.visit-ulcinj.com\/blog\/","name":"Lajme nga Ulqini","description":"Lajme,Vijesti,Ulqini,Ulqin,Crna Gora,Mali i Zi","potentialAction":[{"@type":"SearchAction","target":{"@type":"EntryPoint","urlTemplate":"https:\/\/www.visit-ulcinj.com\/blog\/?s={search_term_string}"},"query-input":"required name=search_term_string"}],"inLanguage":"en-US"},{"@type":"WebPage","@id":"https:\/\/www.visit-ulcinj.com\/blog\/2015\/10\/13\/postavljen-kamen-temeljac-os-bedri-elezaga-u-ulcinju\/#webpage","url":"https:\/\/www.visit-ulcinj.com\/blog\/2015\/10\/13\/postavljen-kamen-temeljac-os-bedri-elezaga-u-ulcinju\/","name":"Postavljen kamen temeljac O\u0160 \u201cBedri Elezaga\u201d u Ulcinju - Lajme nga Ulqini","isPartOf":{"@id":"https:\/\/www.visit-ulcinj.com\/blog\/#website"},"datePublished":"2015-10-13T17:13:23+00:00","dateModified":"2015-10-13T17:13:23+00:00","author":{"@id":"https:\/\/www.visit-ulcinj.com\/blog\/#\/schema\/person\/dcab619c614d3038751c63bc2aadc06d"},"description":"Ministar prosvjete mr Predrag Bo\u0161kovi\u0107 prisustvovao je danas postavljanju kamena temeljca novog \u0161kolskog objekta Podru\u010dne ustanove JU O\u0160 \u201cBedri Elezaga\u201d u","breadcrumb":{"@id":"https:\/\/www.visit-ulcinj.com\/blog\/2015\/10\/13\/postavljen-kamen-temeljac-os-bedri-elezaga-u-ulcinju\/#breadcrumb"},"inLanguage":"en-US","potentialAction":[{"@type":"ReadAction","target":["https:\/\/www.visit-ulcinj.com\/blog\/2015\/10\/13\/postavljen-kamen-temeljac-os-bedri-elezaga-u-ulcinju\/"]}]},{"@type":"BreadcrumbList","@id":"https:\/\/www.visit-ulcinj.com\/blog\/2015\/10\/13\/postavljen-kamen-temeljac-os-bedri-elezaga-u-ulcinju\/#breadcrumb","itemListElement":[{"@type":"ListItem","position":1,"name":"Postavljen kamen temeljac O\u0160 \u201cBedri Elezaga\u201d u Ulcinju"}]},{"@type":"Person","@id":"https:\/\/www.visit-ulcinj.com\/blog\/#\/schema\/person\/dcab619c614d3038751c63bc2aadc06d","name":"ulqini","sameAs":["http:\/\/www.visit-ulcinj.com"],"url":"https:\/\/www.visit-ulcinj.com\/blog\/author\/admin\/"}]}},"jetpack_featured_media_url":"","jetpack_sharing_enabled":true,"jetpack_shortlink":"https:\/\/wp.me\/pe6lTn-o7x","_links":{"self":[{"href":"https:\/\/www.visit-ulcinj.com\/blog\/wp-json\/wp\/v2\/posts\/92723"}],"collection":[{"href":"https:\/\/www.visit-ulcinj.com\/blog\/wp-json\/wp\/v2\/posts"}],"about":[{"href":"https:\/\/www.visit-ulcinj.com\/blog\/wp-json\/wp\/v2\/types\/post"}],"author":[{"embeddable":true,"href":"https:\/\/www.visit-ulcinj.com\/blog\/wp-json\/wp\/v2\/users\/1"}],"replies":[{"embeddable":true,"href":"https:\/\/www.visit-ulcinj.com\/blog\/wp-json\/wp\/v2\/comments?post=92723"}],"version-history":[{"count":1,"href":"https:\/\/www.visit-ulcinj.com\/blog\/wp-json\/wp\/v2\/posts\/92723\/revisions"}],"predecessor-version":[{"id":92724,"href":"https:\/\/www.visit-ulcinj.com\/blog\/wp-json\/wp\/v2\/posts\/92723\/revisions\/92724"}],"wp:attachment":[{"href":"https:\/\/www.visit-ulcinj.com\/blog\/wp-json\/wp\/v2\/media?parent=92723"}],"wp:term":[{"taxonomy":"category","embeddable":true,"href":"https:\/\/www.visit-ulcinj.com\/blog\/wp-json\/wp\/v2\/categories?post=92723"},{"taxonomy":"post_tag","embeddable":true,"href":"https:\/\/www.visit-ulcinj.com\/blog\/wp-json\/wp\/v2\/tags?post=92723"}],"curies":[{"name":"wp","href":"https:\/\/api.w.org\/{rel}","templated":true}]}}