{"id":92725,"date":"2015-10-13T18:24:17","date_gmt":"2015-10-13T17:24:17","guid":{"rendered":"http:\/\/www.visit-ulcinj.com\/blog\/?p=92725"},"modified":"2015-10-13T18:24:17","modified_gmt":"2015-10-13T17:24:17","slug":"parlamenti-malit-te-zi-neser-per-statusin-e-ku-te-tuzit","status":"publish","type":"post","link":"https:\/\/www.visit-ulcinj.com\/blog\/2015\/10\/13\/parlamenti-malit-te-zi-neser-per-statusin-e-ku-te-tuzit\/","title":{"rendered":"Parlamenti i Malit t\u00eb Zi nes\u00ebr p\u00ebr statusin e KU t\u00eb Tuzit"},"content":{"rendered":"<p><a href=\"http:\/\/www.visit-ulcinj.com\/blog\/wp-content\/uploads\/2009\/04\/skupstina-crne-gore.jpg\"><img loading=\"lazy\" class=\"alignleft wp-image-17605\" src=\"http:\/\/www.visit-ulcinj.com\/blog\/wp-content\/uploads\/2009\/04\/skupstina-crne-gore.jpg\" alt=\"skupstina-crne-gore\" width=\"508\" height=\"338\" srcset=\"https:\/\/www.visit-ulcinj.com\/blog\/wp-content\/uploads\/2009\/04\/skupstina-crne-gore.jpg 460w, https:\/\/www.visit-ulcinj.com\/blog\/wp-content\/uploads\/2009\/04\/skupstina-crne-gore-300x199.jpg 300w\" sizes=\"(max-width: 508px) 100vw, 508px\" \/><\/a>Parlamenti i Malit t\u00eb Zi n\u00eb mbledhjen e dyt\u00eb t\u00eb seanc\u00ebs s\u00eb rregullt t\u00eb vjesht\u00ebs, e cila do te filloj\u00eb nes\u00ebr do t\u00eb shqyrtojn\u00eb disa ligje me miratimin e t\u00eb cil\u00ebve duhet t\u00eb krijohen parakushtet p\u00ebr formimin e Komun\u00ebs Mal\u00ebsia \u2013 Tuzit. P\u00ebr k\u00ebt\u00eb tem\u00eb kan\u00eb biseduar edhe udh\u00ebheq\u00ebsit e Partis\u00eb Socialdemokratike dhe p\u00ebrfaq\u00ebsuesit e Partive shqiptare. Lidhur me statusin e ardhsh\u00ebm t\u00eb Komun\u00ebs Urbane t\u00eb Tuzit, jan\u00eb propozuar ndryshimet e ligjit p\u00ebr organizimin territorial t\u00eb Malit t\u00eb Zi, Kryeqytetit, administrat\u00ebs lokale dhe financimin t\u00eb administrat\u00ebs lokale. N\u00eb rend t\u00eb dit\u00ebs t\u00eb mbledhjes \u00ebsht\u00eb parapar\u00eb edhe debati mbi ligjin p\u00ebr energjetik\u00ebn , mbrojtjen sh\u00ebndet\u00ebsore, dhe sigurimin sh\u00ebndet\u00ebsor, p\u00ebrkufizimin e p\u00ebrdorimit t\u00eb prodhimeve nga duhani etj.<\/p>\n<p><strong>Mali i Zi pozitiv, p\u00ebrkrah k\u00ebrkes\u00ebn p\u00ebr komun\u00eb<\/strong><\/p>\n<p>Mali i Zi pozitiv e p\u00ebrkrah k\u00ebrkes\u00ebn e qytetar\u00ebve t\u00eb Mal\u00ebsis\u00eb p\u00ebr marrjen e statusit t\u00eb Komun\u00ebs dhe konsiderojn\u00eb se n\u00eb k\u00ebt\u00eb m\u00ebnyr\u00eb m\u00eb mir\u00eb do t\u00eb menaxhojn\u00eb me buxhetin me t\u00eb mirat bujq\u00ebsore dhe me t\u00eb mirat tjera t\u00eb k\u00ebtij rajoni. An\u00ebtari i K\u00ebshillit kryesor t\u00eb partis\u00eb, Ruzhdi Luka, ka theksuar se n\u00eb k\u00ebt\u00eb parti p\u00ebrpiqen p\u00ebr nj\u00eb model t\u00eb ri t\u00eb udh\u00ebheqjes n\u00eb Komun\u00ebn urbane t\u00eb Tuzit, gj\u00eb q\u00eb n\u00ebnkupton edhe funksionimin e pavarur t\u00eb Komun\u00ebs me kapacitet t\u00eb plot\u00eb. Luka ka theksuar se partia e tij me programin e vet\u00eb u ofron qytetar\u00ebve t\u00eb Tuzit zgjidhje p\u00ebr p\u00ebrmir\u00ebsimin e furnizimit me uj\u00eb t\u00eb rajoneve rurale , plasim m\u00eb t\u00eb mir\u00eb t\u00eb prodhimeve bujq\u00ebsore , infrastruktur\u00eb t\u00eb qytetit dhe planin p\u00ebr zhvillimin e barabart\u00eb t\u00eb Mal\u00ebsis\u00eb.<\/p>\n<p>TVCG<\/p>\n","protected":false},"excerpt":{"rendered":"<p>Parlamenti i Malit t\u00eb Zi n\u00eb mbledhjen e dyt\u00eb t\u00eb seanc\u00ebs s\u00eb rregullt t\u00eb vjesht\u00ebs, e cila do te filloj\u00eb nes\u00ebr do t\u00eb shqyrtojn\u00eb disa ligje me miratimin e t\u00eb cil\u00ebve duhet t\u00eb krijohen parakushtet p\u00ebr formimin e Komun\u00ebs Mal\u00ebsia \u2013 Tuzit. P\u00ebr k\u00ebt\u00eb tem\u00eb kan\u00eb biseduar edhe udh\u00ebheq\u00ebsit e Partis\u00eb Socialdemokratike dhe p\u00ebrfaq\u00ebsuesit e [&hellip;]<\/p>\n","protected":false},"author":1,"featured_media":0,"comment_status":"closed","ping_status":"closed","sticky":false,"template":"","format":"standard","meta":{"spay_email":"","jetpack_publicize_message":"","jetpack_is_tweetstorm":false,"jetpack_publicize_feature_enabled":true},"categories":[12],"tags":[],"jetpack_publicize_connections":[],"yoast_head":"<!-- This site is optimized with the Yoast SEO plugin v19.1 - https:\/\/yoast.com\/wordpress\/plugins\/seo\/ -->\n<title>Parlamenti i Malit t\u00eb Zi nes\u00ebr p\u00ebr statusin e KU t\u00eb Tuzit - Lajme nga Ulqini<\/title>\n<meta name=\"description\" content=\"Parlamenti i Malit t\u00eb Zi n\u00eb mbledhjen e dyt\u00eb t\u00eb seanc\u00ebs s\u00eb rregullt t\u00eb vjesht\u00ebs, e cila do te filloj\u00eb nes\u00ebr do t\u00eb shqyrtojn\u00eb disa ligje me miratimin e t\u00eb\" \/>\n<meta name=\"robots\" content=\"index, follow, max-snippet:-1, max-image-preview:large, max-video-preview:-1\" \/>\n<link rel=\"canonical\" href=\"https:\/\/www.visit-ulcinj.com\/blog\/2015\/10\/13\/parlamenti-malit-te-zi-neser-per-statusin-e-ku-te-tuzit\/\" \/>\n<meta property=\"og:locale\" content=\"en_US\" \/>\n<meta property=\"og:type\" content=\"article\" \/>\n<meta property=\"og:title\" content=\"Parlamenti i Malit t\u00eb Zi nes\u00ebr p\u00ebr statusin e KU t\u00eb Tuzit - Lajme nga Ulqini\" \/>\n<meta property=\"og:description\" content=\"Parlamenti i Malit t\u00eb Zi n\u00eb mbledhjen e dyt\u00eb t\u00eb seanc\u00ebs s\u00eb rregullt t\u00eb vjesht\u00ebs, e cila do te filloj\u00eb nes\u00ebr do t\u00eb shqyrtojn\u00eb disa ligje me miratimin e t\u00eb\" \/>\n<meta property=\"og:url\" content=\"https:\/\/www.visit-ulcinj.com\/blog\/2015\/10\/13\/parlamenti-malit-te-zi-neser-per-statusin-e-ku-te-tuzit\/\" \/>\n<meta property=\"og:site_name\" content=\"Lajme nga Ulqini\" \/>\n<meta property=\"article:published_time\" content=\"2015-10-13T17:24:17+00:00\" \/>\n<meta property=\"og:image\" content=\"http:\/\/www.visit-ulcinj.com\/blog\/wp-content\/uploads\/2009\/04\/skupstina-crne-gore.jpg\" \/>\n<meta name=\"twitter:label1\" content=\"Written by\" \/>\n\t<meta name=\"twitter:data1\" content=\"ulqini\" \/>\n\t<meta name=\"twitter:label2\" content=\"Est. reading time\" \/>\n\t<meta name=\"twitter:data2\" content=\"2 minutes\" \/>\n<script type=\"application\/ld+json\" class=\"yoast-schema-graph\">{\"@context\":\"https:\/\/schema.org\",\"@graph\":[{\"@type\":\"WebSite\",\"@id\":\"https:\/\/www.visit-ulcinj.com\/blog\/#website\",\"url\":\"https:\/\/www.visit-ulcinj.com\/blog\/\",\"name\":\"Lajme nga Ulqini\",\"description\":\"Lajme,Vijesti,Ulqini,Ulqin,Crna Gora,Mali i Zi\",\"potentialAction\":[{\"@type\":\"SearchAction\",\"target\":{\"@type\":\"EntryPoint\",\"urlTemplate\":\"https:\/\/www.visit-ulcinj.com\/blog\/?s={search_term_string}\"},\"query-input\":\"required name=search_term_string\"}],\"inLanguage\":\"en-US\"},{\"@type\":\"ImageObject\",\"inLanguage\":\"en-US\",\"@id\":\"https:\/\/www.visit-ulcinj.com\/blog\/2015\/10\/13\/parlamenti-malit-te-zi-neser-per-statusin-e-ku-te-tuzit\/#primaryimage\",\"url\":\"https:\/\/www.visit-ulcinj.com\/blog\/wp-content\/uploads\/2009\/04\/skupstina-crne-gore.jpg\",\"contentUrl\":\"https:\/\/www.visit-ulcinj.com\/blog\/wp-content\/uploads\/2009\/04\/skupstina-crne-gore.jpg\",\"width\":\"460\",\"height\":\"306\"},{\"@type\":\"WebPage\",\"@id\":\"https:\/\/www.visit-ulcinj.com\/blog\/2015\/10\/13\/parlamenti-malit-te-zi-neser-per-statusin-e-ku-te-tuzit\/#webpage\",\"url\":\"https:\/\/www.visit-ulcinj.com\/blog\/2015\/10\/13\/parlamenti-malit-te-zi-neser-per-statusin-e-ku-te-tuzit\/\",\"name\":\"Parlamenti i Malit t\u00eb Zi nes\u00ebr p\u00ebr statusin e KU t\u00eb Tuzit - Lajme nga Ulqini\",\"isPartOf\":{\"@id\":\"https:\/\/www.visit-ulcinj.com\/blog\/#website\"},\"primaryImageOfPage\":{\"@id\":\"https:\/\/www.visit-ulcinj.com\/blog\/2015\/10\/13\/parlamenti-malit-te-zi-neser-per-statusin-e-ku-te-tuzit\/#primaryimage\"},\"datePublished\":\"2015-10-13T17:24:17+00:00\",\"dateModified\":\"2015-10-13T17:24:17+00:00\",\"author\":{\"@id\":\"https:\/\/www.visit-ulcinj.com\/blog\/#\/schema\/person\/dcab619c614d3038751c63bc2aadc06d\"},\"description\":\"Parlamenti i Malit t\u00eb Zi n\u00eb mbledhjen e dyt\u00eb t\u00eb seanc\u00ebs s\u00eb rregullt t\u00eb vjesht\u00ebs, e cila do te filloj\u00eb nes\u00ebr do t\u00eb shqyrtojn\u00eb disa ligje me miratimin e t\u00eb\",\"breadcrumb\":{\"@id\":\"https:\/\/www.visit-ulcinj.com\/blog\/2015\/10\/13\/parlamenti-malit-te-zi-neser-per-statusin-e-ku-te-tuzit\/#breadcrumb\"},\"inLanguage\":\"en-US\",\"potentialAction\":[{\"@type\":\"ReadAction\",\"target\":[\"https:\/\/www.visit-ulcinj.com\/blog\/2015\/10\/13\/parlamenti-malit-te-zi-neser-per-statusin-e-ku-te-tuzit\/\"]}]},{\"@type\":\"BreadcrumbList\",\"@id\":\"https:\/\/www.visit-ulcinj.com\/blog\/2015\/10\/13\/parlamenti-malit-te-zi-neser-per-statusin-e-ku-te-tuzit\/#breadcrumb\",\"itemListElement\":[{\"@type\":\"ListItem\",\"position\":1,\"name\":\"Parlamenti i Malit t\u00eb Zi nes\u00ebr p\u00ebr statusin e KU t\u00eb Tuzit\"}]},{\"@type\":\"Person\",\"@id\":\"https:\/\/www.visit-ulcinj.com\/blog\/#\/schema\/person\/dcab619c614d3038751c63bc2aadc06d\",\"name\":\"ulqini\",\"sameAs\":[\"http:\/\/www.visit-ulcinj.com\"],\"url\":\"https:\/\/www.visit-ulcinj.com\/blog\/author\/admin\/\"}]}<\/script>\n<!-- \/ Yoast SEO plugin. -->","yoast_head_json":{"title":"Parlamenti i Malit t\u00eb Zi nes\u00ebr p\u00ebr statusin e KU t\u00eb Tuzit - Lajme nga Ulqini","description":"Parlamenti i Malit t\u00eb Zi n\u00eb mbledhjen e dyt\u00eb t\u00eb seanc\u00ebs s\u00eb rregullt t\u00eb vjesht\u00ebs, e cila do te filloj\u00eb nes\u00ebr do t\u00eb shqyrtojn\u00eb disa ligje me miratimin e t\u00eb","robots":{"index":"index","follow":"follow","max-snippet":"max-snippet:-1","max-image-preview":"max-image-preview:large","max-video-preview":"max-video-preview:-1"},"canonical":"https:\/\/www.visit-ulcinj.com\/blog\/2015\/10\/13\/parlamenti-malit-te-zi-neser-per-statusin-e-ku-te-tuzit\/","og_locale":"en_US","og_type":"article","og_title":"Parlamenti i Malit t\u00eb Zi nes\u00ebr p\u00ebr statusin e KU t\u00eb Tuzit - Lajme nga Ulqini","og_description":"Parlamenti i Malit t\u00eb Zi n\u00eb mbledhjen e dyt\u00eb t\u00eb seanc\u00ebs s\u00eb rregullt t\u00eb vjesht\u00ebs, e cila do te filloj\u00eb nes\u00ebr do t\u00eb shqyrtojn\u00eb disa ligje me miratimin e t\u00eb","og_url":"https:\/\/www.visit-ulcinj.com\/blog\/2015\/10\/13\/parlamenti-malit-te-zi-neser-per-statusin-e-ku-te-tuzit\/","og_site_name":"Lajme nga Ulqini","article_published_time":"2015-10-13T17:24:17+00:00","og_image":[{"url":"http:\/\/www.visit-ulcinj.com\/blog\/wp-content\/uploads\/2009\/04\/skupstina-crne-gore.jpg"}],"twitter_misc":{"Written by":"ulqini","Est. reading time":"2 minutes"},"schema":{"@context":"https:\/\/schema.org","@graph":[{"@type":"WebSite","@id":"https:\/\/www.visit-ulcinj.com\/blog\/#website","url":"https:\/\/www.visit-ulcinj.com\/blog\/","name":"Lajme nga Ulqini","description":"Lajme,Vijesti,Ulqini,Ulqin,Crna Gora,Mali i Zi","potentialAction":[{"@type":"SearchAction","target":{"@type":"EntryPoint","urlTemplate":"https:\/\/www.visit-ulcinj.com\/blog\/?s={search_term_string}"},"query-input":"required name=search_term_string"}],"inLanguage":"en-US"},{"@type":"ImageObject","inLanguage":"en-US","@id":"https:\/\/www.visit-ulcinj.com\/blog\/2015\/10\/13\/parlamenti-malit-te-zi-neser-per-statusin-e-ku-te-tuzit\/#primaryimage","url":"https:\/\/www.visit-ulcinj.com\/blog\/wp-content\/uploads\/2009\/04\/skupstina-crne-gore.jpg","contentUrl":"https:\/\/www.visit-ulcinj.com\/blog\/wp-content\/uploads\/2009\/04\/skupstina-crne-gore.jpg","width":"460","height":"306"},{"@type":"WebPage","@id":"https:\/\/www.visit-ulcinj.com\/blog\/2015\/10\/13\/parlamenti-malit-te-zi-neser-per-statusin-e-ku-te-tuzit\/#webpage","url":"https:\/\/www.visit-ulcinj.com\/blog\/2015\/10\/13\/parlamenti-malit-te-zi-neser-per-statusin-e-ku-te-tuzit\/","name":"Parlamenti i Malit t\u00eb Zi nes\u00ebr p\u00ebr statusin e KU t\u00eb Tuzit - Lajme nga Ulqini","isPartOf":{"@id":"https:\/\/www.visit-ulcinj.com\/blog\/#website"},"primaryImageOfPage":{"@id":"https:\/\/www.visit-ulcinj.com\/blog\/2015\/10\/13\/parlamenti-malit-te-zi-neser-per-statusin-e-ku-te-tuzit\/#primaryimage"},"datePublished":"2015-10-13T17:24:17+00:00","dateModified":"2015-10-13T17:24:17+00:00","author":{"@id":"https:\/\/www.visit-ulcinj.com\/blog\/#\/schema\/person\/dcab619c614d3038751c63bc2aadc06d"},"description":"Parlamenti i Malit t\u00eb Zi n\u00eb mbledhjen e dyt\u00eb t\u00eb seanc\u00ebs s\u00eb rregullt t\u00eb vjesht\u00ebs, e cila do te filloj\u00eb nes\u00ebr do t\u00eb shqyrtojn\u00eb disa ligje me miratimin e t\u00eb","breadcrumb":{"@id":"https:\/\/www.visit-ulcinj.com\/blog\/2015\/10\/13\/parlamenti-malit-te-zi-neser-per-statusin-e-ku-te-tuzit\/#breadcrumb"},"inLanguage":"en-US","potentialAction":[{"@type":"ReadAction","target":["https:\/\/www.visit-ulcinj.com\/blog\/2015\/10\/13\/parlamenti-malit-te-zi-neser-per-statusin-e-ku-te-tuzit\/"]}]},{"@type":"BreadcrumbList","@id":"https:\/\/www.visit-ulcinj.com\/blog\/2015\/10\/13\/parlamenti-malit-te-zi-neser-per-statusin-e-ku-te-tuzit\/#breadcrumb","itemListElement":[{"@type":"ListItem","position":1,"name":"Parlamenti i Malit t\u00eb Zi nes\u00ebr p\u00ebr statusin e KU t\u00eb Tuzit"}]},{"@type":"Person","@id":"https:\/\/www.visit-ulcinj.com\/blog\/#\/schema\/person\/dcab619c614d3038751c63bc2aadc06d","name":"ulqini","sameAs":["http:\/\/www.visit-ulcinj.com"],"url":"https:\/\/www.visit-ulcinj.com\/blog\/author\/admin\/"}]}},"jetpack_featured_media_url":"","jetpack_sharing_enabled":true,"jetpack_shortlink":"https:\/\/wp.me\/pe6lTn-o7z","_links":{"self":[{"href":"https:\/\/www.visit-ulcinj.com\/blog\/wp-json\/wp\/v2\/posts\/92725"}],"collection":[{"href":"https:\/\/www.visit-ulcinj.com\/blog\/wp-json\/wp\/v2\/posts"}],"about":[{"href":"https:\/\/www.visit-ulcinj.com\/blog\/wp-json\/wp\/v2\/types\/post"}],"author":[{"embeddable":true,"href":"https:\/\/www.visit-ulcinj.com\/blog\/wp-json\/wp\/v2\/users\/1"}],"replies":[{"embeddable":true,"href":"https:\/\/www.visit-ulcinj.com\/blog\/wp-json\/wp\/v2\/comments?post=92725"}],"version-history":[{"count":1,"href":"https:\/\/www.visit-ulcinj.com\/blog\/wp-json\/wp\/v2\/posts\/92725\/revisions"}],"predecessor-version":[{"id":92726,"href":"https:\/\/www.visit-ulcinj.com\/blog\/wp-json\/wp\/v2\/posts\/92725\/revisions\/92726"}],"wp:attachment":[{"href":"https:\/\/www.visit-ulcinj.com\/blog\/wp-json\/wp\/v2\/media?parent=92725"}],"wp:term":[{"taxonomy":"category","embeddable":true,"href":"https:\/\/www.visit-ulcinj.com\/blog\/wp-json\/wp\/v2\/categories?post=92725"},{"taxonomy":"post_tag","embeddable":true,"href":"https:\/\/www.visit-ulcinj.com\/blog\/wp-json\/wp\/v2\/tags?post=92725"}],"curies":[{"name":"wp","href":"https:\/\/api.w.org\/{rel}","templated":true}]}}