{"id":92727,"date":"2015-10-15T05:11:43","date_gmt":"2015-10-15T04:11:43","guid":{"rendered":"http:\/\/www.visit-ulcinj.com\/blog\/?p=92727"},"modified":"2015-10-15T05:11:43","modified_gmt":"2015-10-15T04:11:43","slug":"ministri-bajrami-priti-ne-takim-kryetarin-e-komunes-se-ulqinit","status":"publish","type":"post","link":"https:\/\/www.visit-ulcinj.com\/blog\/2015\/10\/15\/ministri-bajrami-priti-ne-takim-kryetarin-e-komunes-se-ulqinit\/","title":{"rendered":"Ministri Bajrami priti n\u00eb takim kryetarin e Komun\u00ebs s\u00eb Ulqinit"},"content":{"rendered":"<div class=\"full-text-dsc col-lg-12 col-xs-12 nopadding\">\n<p><a href=\"http:\/\/www.visit-ulcinj.com\/blog\/wp-content\/uploads\/2015\/10\/Fatmir-Gjeka-Arsim-Bajrami.jpg\"><img loading=\"lazy\" class=\"alignleft wp-image-92729\" src=\"http:\/\/www.visit-ulcinj.com\/blog\/wp-content\/uploads\/2015\/10\/Fatmir-Gjeka-Arsim-Bajrami.jpg\" alt=\"Fatmir-Gjeka-Arsim-Bajrami\" width=\"508\" height=\"338\" srcset=\"https:\/\/www.visit-ulcinj.com\/blog\/wp-content\/uploads\/2015\/10\/Fatmir-Gjeka-Arsim-Bajrami.jpg 999w, https:\/\/www.visit-ulcinj.com\/blog\/wp-content\/uploads\/2015\/10\/Fatmir-Gjeka-Arsim-Bajrami-300x199.jpg 300w\" sizes=\"(max-width: 508px) 100vw, 508px\" \/><\/a>Ministri i Arsimit, Shkenc\u00ebs dhe Teknologjis\u00eb, z. Arsim Bajrami ka pritur sot n\u00eb takim kryetarin e Komun\u00ebs s\u00eb Ulqinit, z. Fatmir Gjeka, me t\u00eb cilin ka biseduar p\u00ebr gjendjen e arsimit p\u00ebr komunitetin shqiptar q\u00eb jeton n\u00eb Mal t\u00eb Zi, e sidomos n\u00eb Komun\u00ebn e Ulqinit, ku jeton nj\u00eb num\u00ebr i madh i shqiptar\u00ebve.<\/p>\n<p>Po ashtu, gjat\u00eb k\u00ebtij takimi \u00ebsht\u00eb biseduar edhe p\u00ebr zhvillimet n\u00eb arsimin kosovar dhe p\u00ebr planet dhe projektet p\u00ebr ngritjen e cil\u00ebsis\u00eb.<\/p>\n<p>Ministri Bajrami rikonfirmoi gatishm\u00ebrin\u00eb e Qeveris\u00eb s\u00eb Kosov\u00ebs dhe Ministris\u00eb s\u00eb Arsimit q\u00eb t\u00eb ndihmoj\u00eb n\u00eb avancimin e standardeve t\u00eb m\u00ebsimit n\u00eb gjuh\u00ebn shqipe n\u00eb Mal t\u00eb Zi n\u00eb t\u00eb gjitha nivelet. Ai tha se MAShT \u00ebsht\u00eb e interesuar q\u00eb t\u00eb ndihmoj\u00eb arsimimin e shqiptar\u00ebve t\u00eb Malit t\u00eb Zi qoft\u00eb p\u00ebrmes p\u00ebrmir\u00ebsimit t\u00eb kualitetit t\u00eb teksteve shkollore, apo edhe \u00e7\u00ebshtje tjera t\u00eb r\u00ebnd\u00ebsishme.<\/p>\n<p>Kryetari Gjeka fal\u00ebnderoi p\u00ebr p\u00ebrkushtimin e MAShT-it p\u00ebr t\u00eb ndihmuar arsimin n\u00eb gjuh\u00ebn shqipe n\u00eb Mal t\u00eb Zi, nd\u00ebrsa p\u00ebrmendi edhe shum\u00eb sfida dhe theksoi nevoj\u00ebn e ndihm\u00ebs s\u00eb vazhdueshme nga ana e MAShT.<\/p>\n<p><strong>Burimi: Ministria e Arsimit, e Shkenc\u00ebs dhe e Teknologjis\u00eb<\/strong><\/p>\n<\/div>\n","protected":false},"excerpt":{"rendered":"<p>Ministri i Arsimit, Shkenc\u00ebs dhe Teknologjis\u00eb, z. Arsim Bajrami ka pritur sot n\u00eb takim kryetarin e Komun\u00ebs s\u00eb Ulqinit, z. Fatmir Gjeka, me t\u00eb cilin ka biseduar p\u00ebr gjendjen e arsimit p\u00ebr komunitetin shqiptar q\u00eb jeton n\u00eb Mal t\u00eb Zi, e sidomos n\u00eb Komun\u00ebn e Ulqinit, ku jeton nj\u00eb num\u00ebr i madh i shqiptar\u00ebve. Po [&hellip;]<\/p>\n","protected":false},"author":1,"featured_media":0,"comment_status":"closed","ping_status":"closed","sticky":false,"template":"","format":"standard","meta":{"spay_email":"","jetpack_publicize_message":"","jetpack_is_tweetstorm":false,"jetpack_publicize_feature_enabled":true},"categories":[1],"tags":[],"jetpack_publicize_connections":[],"yoast_head":"<!-- This site is optimized with the Yoast SEO plugin v19.1 - https:\/\/yoast.com\/wordpress\/plugins\/seo\/ -->\n<title>Ministri Bajrami priti n\u00eb takim kryetarin e Komun\u00ebs s\u00eb Ulqinit - Lajme nga Ulqini<\/title>\n<meta name=\"description\" content=\"Ministri i Arsimit, Shkenc\u00ebs dhe Teknologjis\u00eb, z. Arsim Bajrami ka pritur sot n\u00eb takim kryetarin e Komun\u00ebs s\u00eb Ulqinit, z. Fatmir Gjeka, me t\u00eb cilin ka\" \/>\n<meta name=\"robots\" content=\"index, follow, max-snippet:-1, max-image-preview:large, max-video-preview:-1\" \/>\n<link rel=\"canonical\" href=\"https:\/\/www.visit-ulcinj.com\/blog\/2015\/10\/15\/ministri-bajrami-priti-ne-takim-kryetarin-e-komunes-se-ulqinit\/\" \/>\n<meta property=\"og:locale\" content=\"en_US\" \/>\n<meta property=\"og:type\" content=\"article\" \/>\n<meta property=\"og:title\" content=\"Ministri Bajrami priti n\u00eb takim kryetarin e Komun\u00ebs s\u00eb Ulqinit - Lajme nga Ulqini\" \/>\n<meta property=\"og:description\" content=\"Ministri i Arsimit, Shkenc\u00ebs dhe Teknologjis\u00eb, z. Arsim Bajrami ka pritur sot n\u00eb takim kryetarin e Komun\u00ebs s\u00eb Ulqinit, z. Fatmir Gjeka, me t\u00eb cilin ka\" \/>\n<meta property=\"og:url\" content=\"https:\/\/www.visit-ulcinj.com\/blog\/2015\/10\/15\/ministri-bajrami-priti-ne-takim-kryetarin-e-komunes-se-ulqinit\/\" \/>\n<meta property=\"og:site_name\" content=\"Lajme nga Ulqini\" \/>\n<meta property=\"article:published_time\" content=\"2015-10-15T04:11:43+00:00\" \/>\n<meta property=\"og:image\" content=\"http:\/\/www.visit-ulcinj.com\/blog\/wp-content\/uploads\/2015\/10\/Fatmir-Gjeka-Arsim-Bajrami.jpg\" \/>\n<meta name=\"twitter:label1\" content=\"Written by\" \/>\n\t<meta name=\"twitter:data1\" content=\"ulqini\" \/>\n\t<meta name=\"twitter:label2\" content=\"Est. reading time\" \/>\n\t<meta name=\"twitter:data2\" content=\"1 minute\" \/>\n<script type=\"application\/ld+json\" class=\"yoast-schema-graph\">{\"@context\":\"https:\/\/schema.org\",\"@graph\":[{\"@type\":\"WebSite\",\"@id\":\"https:\/\/www.visit-ulcinj.com\/blog\/#website\",\"url\":\"https:\/\/www.visit-ulcinj.com\/blog\/\",\"name\":\"Lajme nga Ulqini\",\"description\":\"Lajme,Vijesti,Ulqini,Ulqin,Crna Gora,Mali i Zi\",\"potentialAction\":[{\"@type\":\"SearchAction\",\"target\":{\"@type\":\"EntryPoint\",\"urlTemplate\":\"https:\/\/www.visit-ulcinj.com\/blog\/?s={search_term_string}\"},\"query-input\":\"required name=search_term_string\"}],\"inLanguage\":\"en-US\"},{\"@type\":\"ImageObject\",\"inLanguage\":\"en-US\",\"@id\":\"https:\/\/www.visit-ulcinj.com\/blog\/2015\/10\/15\/ministri-bajrami-priti-ne-takim-kryetarin-e-komunes-se-ulqinit\/#primaryimage\",\"url\":\"https:\/\/www.visit-ulcinj.com\/blog\/wp-content\/uploads\/2015\/10\/Fatmir-Gjeka-Arsim-Bajrami.jpg\",\"contentUrl\":\"https:\/\/www.visit-ulcinj.com\/blog\/wp-content\/uploads\/2015\/10\/Fatmir-Gjeka-Arsim-Bajrami.jpg\",\"width\":999,\"height\":664},{\"@type\":\"WebPage\",\"@id\":\"https:\/\/www.visit-ulcinj.com\/blog\/2015\/10\/15\/ministri-bajrami-priti-ne-takim-kryetarin-e-komunes-se-ulqinit\/#webpage\",\"url\":\"https:\/\/www.visit-ulcinj.com\/blog\/2015\/10\/15\/ministri-bajrami-priti-ne-takim-kryetarin-e-komunes-se-ulqinit\/\",\"name\":\"Ministri Bajrami priti n\u00eb takim kryetarin e Komun\u00ebs s\u00eb Ulqinit - Lajme nga Ulqini\",\"isPartOf\":{\"@id\":\"https:\/\/www.visit-ulcinj.com\/blog\/#website\"},\"primaryImageOfPage\":{\"@id\":\"https:\/\/www.visit-ulcinj.com\/blog\/2015\/10\/15\/ministri-bajrami-priti-ne-takim-kryetarin-e-komunes-se-ulqinit\/#primaryimage\"},\"datePublished\":\"2015-10-15T04:11:43+00:00\",\"dateModified\":\"2015-10-15T04:11:43+00:00\",\"author\":{\"@id\":\"https:\/\/www.visit-ulcinj.com\/blog\/#\/schema\/person\/dcab619c614d3038751c63bc2aadc06d\"},\"description\":\"Ministri i Arsimit, Shkenc\u00ebs dhe Teknologjis\u00eb, z. Arsim Bajrami ka pritur sot n\u00eb takim kryetarin e Komun\u00ebs s\u00eb Ulqinit, z. Fatmir Gjeka, me t\u00eb cilin ka\",\"breadcrumb\":{\"@id\":\"https:\/\/www.visit-ulcinj.com\/blog\/2015\/10\/15\/ministri-bajrami-priti-ne-takim-kryetarin-e-komunes-se-ulqinit\/#breadcrumb\"},\"inLanguage\":\"en-US\",\"potentialAction\":[{\"@type\":\"ReadAction\",\"target\":[\"https:\/\/www.visit-ulcinj.com\/blog\/2015\/10\/15\/ministri-bajrami-priti-ne-takim-kryetarin-e-komunes-se-ulqinit\/\"]}]},{\"@type\":\"BreadcrumbList\",\"@id\":\"https:\/\/www.visit-ulcinj.com\/blog\/2015\/10\/15\/ministri-bajrami-priti-ne-takim-kryetarin-e-komunes-se-ulqinit\/#breadcrumb\",\"itemListElement\":[{\"@type\":\"ListItem\",\"position\":1,\"name\":\"Ministri Bajrami priti n\u00eb takim kryetarin e Komun\u00ebs s\u00eb Ulqinit\"}]},{\"@type\":\"Person\",\"@id\":\"https:\/\/www.visit-ulcinj.com\/blog\/#\/schema\/person\/dcab619c614d3038751c63bc2aadc06d\",\"name\":\"ulqini\",\"sameAs\":[\"http:\/\/www.visit-ulcinj.com\"],\"url\":\"https:\/\/www.visit-ulcinj.com\/blog\/author\/admin\/\"}]}<\/script>\n<!-- \/ Yoast SEO plugin. -->","yoast_head_json":{"title":"Ministri Bajrami priti n\u00eb takim kryetarin e Komun\u00ebs s\u00eb Ulqinit - Lajme nga Ulqini","description":"Ministri i Arsimit, Shkenc\u00ebs dhe Teknologjis\u00eb, z. Arsim Bajrami ka pritur sot n\u00eb takim kryetarin e Komun\u00ebs s\u00eb Ulqinit, z. Fatmir Gjeka, me t\u00eb cilin ka","robots":{"index":"index","follow":"follow","max-snippet":"max-snippet:-1","max-image-preview":"max-image-preview:large","max-video-preview":"max-video-preview:-1"},"canonical":"https:\/\/www.visit-ulcinj.com\/blog\/2015\/10\/15\/ministri-bajrami-priti-ne-takim-kryetarin-e-komunes-se-ulqinit\/","og_locale":"en_US","og_type":"article","og_title":"Ministri Bajrami priti n\u00eb takim kryetarin e Komun\u00ebs s\u00eb Ulqinit - Lajme nga Ulqini","og_description":"Ministri i Arsimit, Shkenc\u00ebs dhe Teknologjis\u00eb, z. Arsim Bajrami ka pritur sot n\u00eb takim kryetarin e Komun\u00ebs s\u00eb Ulqinit, z. Fatmir Gjeka, me t\u00eb cilin ka","og_url":"https:\/\/www.visit-ulcinj.com\/blog\/2015\/10\/15\/ministri-bajrami-priti-ne-takim-kryetarin-e-komunes-se-ulqinit\/","og_site_name":"Lajme nga Ulqini","article_published_time":"2015-10-15T04:11:43+00:00","og_image":[{"url":"http:\/\/www.visit-ulcinj.com\/blog\/wp-content\/uploads\/2015\/10\/Fatmir-Gjeka-Arsim-Bajrami.jpg"}],"twitter_misc":{"Written by":"ulqini","Est. reading time":"1 minute"},"schema":{"@context":"https:\/\/schema.org","@graph":[{"@type":"WebSite","@id":"https:\/\/www.visit-ulcinj.com\/blog\/#website","url":"https:\/\/www.visit-ulcinj.com\/blog\/","name":"Lajme nga Ulqini","description":"Lajme,Vijesti,Ulqini,Ulqin,Crna Gora,Mali i Zi","potentialAction":[{"@type":"SearchAction","target":{"@type":"EntryPoint","urlTemplate":"https:\/\/www.visit-ulcinj.com\/blog\/?s={search_term_string}"},"query-input":"required name=search_term_string"}],"inLanguage":"en-US"},{"@type":"ImageObject","inLanguage":"en-US","@id":"https:\/\/www.visit-ulcinj.com\/blog\/2015\/10\/15\/ministri-bajrami-priti-ne-takim-kryetarin-e-komunes-se-ulqinit\/#primaryimage","url":"https:\/\/www.visit-ulcinj.com\/blog\/wp-content\/uploads\/2015\/10\/Fatmir-Gjeka-Arsim-Bajrami.jpg","contentUrl":"https:\/\/www.visit-ulcinj.com\/blog\/wp-content\/uploads\/2015\/10\/Fatmir-Gjeka-Arsim-Bajrami.jpg","width":999,"height":664},{"@type":"WebPage","@id":"https:\/\/www.visit-ulcinj.com\/blog\/2015\/10\/15\/ministri-bajrami-priti-ne-takim-kryetarin-e-komunes-se-ulqinit\/#webpage","url":"https:\/\/www.visit-ulcinj.com\/blog\/2015\/10\/15\/ministri-bajrami-priti-ne-takim-kryetarin-e-komunes-se-ulqinit\/","name":"Ministri Bajrami priti n\u00eb takim kryetarin e Komun\u00ebs s\u00eb Ulqinit - Lajme nga Ulqini","isPartOf":{"@id":"https:\/\/www.visit-ulcinj.com\/blog\/#website"},"primaryImageOfPage":{"@id":"https:\/\/www.visit-ulcinj.com\/blog\/2015\/10\/15\/ministri-bajrami-priti-ne-takim-kryetarin-e-komunes-se-ulqinit\/#primaryimage"},"datePublished":"2015-10-15T04:11:43+00:00","dateModified":"2015-10-15T04:11:43+00:00","author":{"@id":"https:\/\/www.visit-ulcinj.com\/blog\/#\/schema\/person\/dcab619c614d3038751c63bc2aadc06d"},"description":"Ministri i Arsimit, Shkenc\u00ebs dhe Teknologjis\u00eb, z. Arsim Bajrami ka pritur sot n\u00eb takim kryetarin e Komun\u00ebs s\u00eb Ulqinit, z. Fatmir Gjeka, me t\u00eb cilin ka","breadcrumb":{"@id":"https:\/\/www.visit-ulcinj.com\/blog\/2015\/10\/15\/ministri-bajrami-priti-ne-takim-kryetarin-e-komunes-se-ulqinit\/#breadcrumb"},"inLanguage":"en-US","potentialAction":[{"@type":"ReadAction","target":["https:\/\/www.visit-ulcinj.com\/blog\/2015\/10\/15\/ministri-bajrami-priti-ne-takim-kryetarin-e-komunes-se-ulqinit\/"]}]},{"@type":"BreadcrumbList","@id":"https:\/\/www.visit-ulcinj.com\/blog\/2015\/10\/15\/ministri-bajrami-priti-ne-takim-kryetarin-e-komunes-se-ulqinit\/#breadcrumb","itemListElement":[{"@type":"ListItem","position":1,"name":"Ministri Bajrami priti n\u00eb takim kryetarin e Komun\u00ebs s\u00eb Ulqinit"}]},{"@type":"Person","@id":"https:\/\/www.visit-ulcinj.com\/blog\/#\/schema\/person\/dcab619c614d3038751c63bc2aadc06d","name":"ulqini","sameAs":["http:\/\/www.visit-ulcinj.com"],"url":"https:\/\/www.visit-ulcinj.com\/blog\/author\/admin\/"}]}},"jetpack_featured_media_url":"","jetpack_sharing_enabled":true,"jetpack_shortlink":"https:\/\/wp.me\/pe6lTn-o7B","_links":{"self":[{"href":"https:\/\/www.visit-ulcinj.com\/blog\/wp-json\/wp\/v2\/posts\/92727"}],"collection":[{"href":"https:\/\/www.visit-ulcinj.com\/blog\/wp-json\/wp\/v2\/posts"}],"about":[{"href":"https:\/\/www.visit-ulcinj.com\/blog\/wp-json\/wp\/v2\/types\/post"}],"author":[{"embeddable":true,"href":"https:\/\/www.visit-ulcinj.com\/blog\/wp-json\/wp\/v2\/users\/1"}],"replies":[{"embeddable":true,"href":"https:\/\/www.visit-ulcinj.com\/blog\/wp-json\/wp\/v2\/comments?post=92727"}],"version-history":[{"count":1,"href":"https:\/\/www.visit-ulcinj.com\/blog\/wp-json\/wp\/v2\/posts\/92727\/revisions"}],"predecessor-version":[{"id":92730,"href":"https:\/\/www.visit-ulcinj.com\/blog\/wp-json\/wp\/v2\/posts\/92727\/revisions\/92730"}],"wp:attachment":[{"href":"https:\/\/www.visit-ulcinj.com\/blog\/wp-json\/wp\/v2\/media?parent=92727"}],"wp:term":[{"taxonomy":"category","embeddable":true,"href":"https:\/\/www.visit-ulcinj.com\/blog\/wp-json\/wp\/v2\/categories?post=92727"},{"taxonomy":"post_tag","embeddable":true,"href":"https:\/\/www.visit-ulcinj.com\/blog\/wp-json\/wp\/v2\/tags?post=92727"}],"curies":[{"name":"wp","href":"https:\/\/api.w.org\/{rel}","templated":true}]}}