{"id":92737,"date":"2015-10-15T19:37:08","date_gmt":"2015-10-15T18:37:08","guid":{"rendered":"http:\/\/www.visit-ulcinj.com\/blog\/?p=92737"},"modified":"2015-10-15T19:37:08","modified_gmt":"2015-10-15T18:37:08","slug":"nikola-batricevic-prodajom-parcela-u-naselju-pinjes-ulcinjani-na-gubitku","status":"publish","type":"post","link":"https:\/\/www.visit-ulcinj.com\/blog\/2015\/10\/15\/nikola-batricevic-prodajom-parcela-u-naselju-pinjes-ulcinjani-na-gubitku\/","title":{"rendered":"Nikola Batri\u0107evi\u0107: Prodajom parcela u naselju Pinje\u0161 i Ulcinjani na gubitku"},"content":{"rendered":"<p><a href=\"http:\/\/www.visit-ulcinj.com\/blog\/wp-content\/uploads\/2015\/10\/Nikola-Batricevic.jpg\"><img loading=\"lazy\" class=\"alignleft wp-image-92739\" src=\"http:\/\/www.visit-ulcinj.com\/blog\/wp-content\/uploads\/2015\/10\/Nikola-Batricevic.jpg\" alt=\"Nikola Batricevic\" width=\"508\" height=\"533\" srcset=\"https:\/\/www.visit-ulcinj.com\/blog\/wp-content\/uploads\/2015\/10\/Nikola-Batricevic.jpg 700w, https:\/\/www.visit-ulcinj.com\/blog\/wp-content\/uploads\/2015\/10\/Nikola-Batricevic-286x300.jpg 286w\" sizes=\"(max-width: 508px) 100vw, 508px\" \/><\/a>Prodajom parcela u elitnom naselju Pinje\u0161 i grad i gra\u0111ani Ulcinja bi\u0107e na gubitku, izjavio je potpredsjednik ulcinjskog odbora Pozitivne Nikola Batri\u0107evi\u0107.<\/p>\n<p>&#8220;Prodaja dvije parcele povr\u0161ine oko 3000 m2, ve\u0107 se pokazala kao nepromi\u0161ljen postupak \u010delnika Op\u0161tine i resornog ministarstva koje je dalo saglasnost za prodaju istih, jer trpe i grad i gra\u0111ani. Ve\u0107 su vidljivi problemi stanara obli\u017enjih zgrada i ku\u0107a, koji su te povr\u0161ine koristili kao sportsko igrali\u0161te i parking prostor, koji su Ulcinju prijeko potrebni&#8221;, kazao je Batri\u0107evi\u0107.<\/p>\n<p>Prema njegovim rije\u010dima, polovina novca od prodatih parcela upla\u0107ena je Vladi za izmirenje duga Op\u0161tine Ulcinj, a druga polovina za izmirenje zaostalih zarada zaposlenima u lokalnoj upravi, pa grad od te prodaje nije dobio sredstva za dodatni razvoj.<\/p>\n<p>&#8220;Pozitivna je ranije ukazivala na taj problem i protivila se kr\u010dmljenju op\u0161tinskog zemlji\u0161ta. Predlagali smo da se zemlji\u0161te da na dugoro\u010dni zakup investitoru i tako ostane u posjedu Op\u0161tine i njenih gra\u0111ana. Ovakvim neodgovornim postupkom 130 porodica je li\u0161eno parking prostora i sportskog igrali\u0161ta, te od prodaje nemaju nikakve koristi&#8221;, naglasio je Batri\u0107evi\u0107.<\/p>\n<p>On je kazao da se isti scenario se sprema i na Maloj Pla\u017ei.<\/p>\n<p>&#8220;I to na mjestu doskora\u0161njeg marketa Roda za koji je tako\u0111e dobijena saglasnost od Ministarstva finansija za prodaju, \u0161to \u0107e tako\u0111e biti ekonomski pogubno i za grad i za gra\u0111ane Ulcinja&#8221;, istakao je Batri\u0107evi\u0107.<\/p>\n<p>On je zaklju\u010dio da \u010delnici grada moraju da prestanu sa praksom kr\u010dmljenja op\u0161tinske imovine, jer je ona isklju\u010divo u posjedu gra\u0111ana Ulcinja.<\/p>\n<p><strong>Izvor: CDM<\/strong><\/p>\n","protected":false},"excerpt":{"rendered":"<p>Prodajom parcela u elitnom naselju Pinje\u0161 i grad i gra\u0111ani Ulcinja bi\u0107e na gubitku, izjavio je potpredsjednik ulcinjskog odbora Pozitivne Nikola Batri\u0107evi\u0107. &#8220;Prodaja dvije parcele povr\u0161ine oko 3000 m2, ve\u0107 se pokazala kao nepromi\u0161ljen postupak \u010delnika Op\u0161tine i resornog ministarstva koje je dalo saglasnost za prodaju istih, jer trpe i grad i gra\u0111ani. Ve\u0107 su [&hellip;]<\/p>\n","protected":false},"author":1,"featured_media":0,"comment_status":"closed","ping_status":"closed","sticky":false,"template":"","format":"standard","meta":{"spay_email":"","jetpack_publicize_message":"","jetpack_is_tweetstorm":false,"jetpack_publicize_feature_enabled":true},"categories":[6950],"tags":[],"jetpack_publicize_connections":[],"yoast_head":"<!-- This site is optimized with the Yoast SEO plugin v19.1 - https:\/\/yoast.com\/wordpress\/plugins\/seo\/ -->\n<title>Nikola Batri\u0107evi\u0107: Prodajom parcela u naselju Pinje\u0161 i Ulcinjani na gubitku - Lajme nga Ulqini<\/title>\n<meta name=\"description\" content=\"Prodajom parcela u elitnom naselju Pinje\u0161 i grad i gra\u0111ani Ulcinja bi\u0107e na gubitku, izjavio je potpredsjednik ulcinjskog odbora Pozitivne Nikola\" \/>\n<meta name=\"robots\" content=\"index, follow, max-snippet:-1, max-image-preview:large, max-video-preview:-1\" \/>\n<link rel=\"canonical\" href=\"https:\/\/www.visit-ulcinj.com\/blog\/2015\/10\/15\/nikola-batricevic-prodajom-parcela-u-naselju-pinjes-ulcinjani-na-gubitku\/\" \/>\n<meta property=\"og:locale\" content=\"en_US\" \/>\n<meta property=\"og:type\" content=\"article\" \/>\n<meta property=\"og:title\" content=\"Nikola Batri\u0107evi\u0107: Prodajom parcela u naselju Pinje\u0161 i Ulcinjani na gubitku - Lajme nga Ulqini\" \/>\n<meta property=\"og:description\" content=\"Prodajom parcela u elitnom naselju Pinje\u0161 i grad i gra\u0111ani Ulcinja bi\u0107e na gubitku, izjavio je potpredsjednik ulcinjskog odbora Pozitivne Nikola\" \/>\n<meta property=\"og:url\" content=\"https:\/\/www.visit-ulcinj.com\/blog\/2015\/10\/15\/nikola-batricevic-prodajom-parcela-u-naselju-pinjes-ulcinjani-na-gubitku\/\" \/>\n<meta property=\"og:site_name\" content=\"Lajme nga Ulqini\" \/>\n<meta property=\"article:published_time\" content=\"2015-10-15T18:37:08+00:00\" \/>\n<meta property=\"og:image\" content=\"http:\/\/www.visit-ulcinj.com\/blog\/wp-content\/uploads\/2015\/10\/Nikola-Batricevic.jpg\" \/>\n<meta name=\"twitter:label1\" content=\"Written by\" \/>\n\t<meta name=\"twitter:data1\" content=\"ulqini\" \/>\n\t<meta name=\"twitter:label2\" content=\"Est. reading time\" \/>\n\t<meta name=\"twitter:data2\" content=\"1 minute\" \/>\n<script type=\"application\/ld+json\" class=\"yoast-schema-graph\">{\"@context\":\"https:\/\/schema.org\",\"@graph\":[{\"@type\":\"WebSite\",\"@id\":\"https:\/\/www.visit-ulcinj.com\/blog\/#website\",\"url\":\"https:\/\/www.visit-ulcinj.com\/blog\/\",\"name\":\"Lajme nga Ulqini\",\"description\":\"Lajme,Vijesti,Ulqini,Ulqin,Crna Gora,Mali i Zi\",\"potentialAction\":[{\"@type\":\"SearchAction\",\"target\":{\"@type\":\"EntryPoint\",\"urlTemplate\":\"https:\/\/www.visit-ulcinj.com\/blog\/?s={search_term_string}\"},\"query-input\":\"required name=search_term_string\"}],\"inLanguage\":\"en-US\"},{\"@type\":\"ImageObject\",\"inLanguage\":\"en-US\",\"@id\":\"https:\/\/www.visit-ulcinj.com\/blog\/2015\/10\/15\/nikola-batricevic-prodajom-parcela-u-naselju-pinjes-ulcinjani-na-gubitku\/#primaryimage\",\"url\":\"https:\/\/www.visit-ulcinj.com\/blog\/wp-content\/uploads\/2015\/10\/Nikola-Batricevic.jpg\",\"contentUrl\":\"https:\/\/www.visit-ulcinj.com\/blog\/wp-content\/uploads\/2015\/10\/Nikola-Batricevic.jpg\",\"width\":700,\"height\":735},{\"@type\":\"WebPage\",\"@id\":\"https:\/\/www.visit-ulcinj.com\/blog\/2015\/10\/15\/nikola-batricevic-prodajom-parcela-u-naselju-pinjes-ulcinjani-na-gubitku\/#webpage\",\"url\":\"https:\/\/www.visit-ulcinj.com\/blog\/2015\/10\/15\/nikola-batricevic-prodajom-parcela-u-naselju-pinjes-ulcinjani-na-gubitku\/\",\"name\":\"Nikola Batri\u0107evi\u0107: Prodajom parcela u naselju Pinje\u0161 i Ulcinjani na gubitku - Lajme nga Ulqini\",\"isPartOf\":{\"@id\":\"https:\/\/www.visit-ulcinj.com\/blog\/#website\"},\"primaryImageOfPage\":{\"@id\":\"https:\/\/www.visit-ulcinj.com\/blog\/2015\/10\/15\/nikola-batricevic-prodajom-parcela-u-naselju-pinjes-ulcinjani-na-gubitku\/#primaryimage\"},\"datePublished\":\"2015-10-15T18:37:08+00:00\",\"dateModified\":\"2015-10-15T18:37:08+00:00\",\"author\":{\"@id\":\"https:\/\/www.visit-ulcinj.com\/blog\/#\/schema\/person\/dcab619c614d3038751c63bc2aadc06d\"},\"description\":\"Prodajom parcela u elitnom naselju Pinje\u0161 i grad i gra\u0111ani Ulcinja bi\u0107e na gubitku, izjavio je potpredsjednik ulcinjskog odbora Pozitivne Nikola\",\"breadcrumb\":{\"@id\":\"https:\/\/www.visit-ulcinj.com\/blog\/2015\/10\/15\/nikola-batricevic-prodajom-parcela-u-naselju-pinjes-ulcinjani-na-gubitku\/#breadcrumb\"},\"inLanguage\":\"en-US\",\"potentialAction\":[{\"@type\":\"ReadAction\",\"target\":[\"https:\/\/www.visit-ulcinj.com\/blog\/2015\/10\/15\/nikola-batricevic-prodajom-parcela-u-naselju-pinjes-ulcinjani-na-gubitku\/\"]}]},{\"@type\":\"BreadcrumbList\",\"@id\":\"https:\/\/www.visit-ulcinj.com\/blog\/2015\/10\/15\/nikola-batricevic-prodajom-parcela-u-naselju-pinjes-ulcinjani-na-gubitku\/#breadcrumb\",\"itemListElement\":[{\"@type\":\"ListItem\",\"position\":1,\"name\":\"Nikola Batri\u0107evi\u0107: Prodajom parcela u naselju Pinje\u0161 i Ulcinjani na gubitku\"}]},{\"@type\":\"Person\",\"@id\":\"https:\/\/www.visit-ulcinj.com\/blog\/#\/schema\/person\/dcab619c614d3038751c63bc2aadc06d\",\"name\":\"ulqini\",\"sameAs\":[\"http:\/\/www.visit-ulcinj.com\"],\"url\":\"https:\/\/www.visit-ulcinj.com\/blog\/author\/admin\/\"}]}<\/script>\n<!-- \/ Yoast SEO plugin. -->","yoast_head_json":{"title":"Nikola Batri\u0107evi\u0107: Prodajom parcela u naselju Pinje\u0161 i Ulcinjani na gubitku - Lajme nga Ulqini","description":"Prodajom parcela u elitnom naselju Pinje\u0161 i grad i gra\u0111ani Ulcinja bi\u0107e na gubitku, izjavio je potpredsjednik ulcinjskog odbora Pozitivne Nikola","robots":{"index":"index","follow":"follow","max-snippet":"max-snippet:-1","max-image-preview":"max-image-preview:large","max-video-preview":"max-video-preview:-1"},"canonical":"https:\/\/www.visit-ulcinj.com\/blog\/2015\/10\/15\/nikola-batricevic-prodajom-parcela-u-naselju-pinjes-ulcinjani-na-gubitku\/","og_locale":"en_US","og_type":"article","og_title":"Nikola Batri\u0107evi\u0107: Prodajom parcela u naselju Pinje\u0161 i Ulcinjani na gubitku - Lajme nga Ulqini","og_description":"Prodajom parcela u elitnom naselju Pinje\u0161 i grad i gra\u0111ani Ulcinja bi\u0107e na gubitku, izjavio je potpredsjednik ulcinjskog odbora Pozitivne Nikola","og_url":"https:\/\/www.visit-ulcinj.com\/blog\/2015\/10\/15\/nikola-batricevic-prodajom-parcela-u-naselju-pinjes-ulcinjani-na-gubitku\/","og_site_name":"Lajme nga Ulqini","article_published_time":"2015-10-15T18:37:08+00:00","og_image":[{"url":"http:\/\/www.visit-ulcinj.com\/blog\/wp-content\/uploads\/2015\/10\/Nikola-Batricevic.jpg"}],"twitter_misc":{"Written by":"ulqini","Est. reading time":"1 minute"},"schema":{"@context":"https:\/\/schema.org","@graph":[{"@type":"WebSite","@id":"https:\/\/www.visit-ulcinj.com\/blog\/#website","url":"https:\/\/www.visit-ulcinj.com\/blog\/","name":"Lajme nga Ulqini","description":"Lajme,Vijesti,Ulqini,Ulqin,Crna Gora,Mali i Zi","potentialAction":[{"@type":"SearchAction","target":{"@type":"EntryPoint","urlTemplate":"https:\/\/www.visit-ulcinj.com\/blog\/?s={search_term_string}"},"query-input":"required name=search_term_string"}],"inLanguage":"en-US"},{"@type":"ImageObject","inLanguage":"en-US","@id":"https:\/\/www.visit-ulcinj.com\/blog\/2015\/10\/15\/nikola-batricevic-prodajom-parcela-u-naselju-pinjes-ulcinjani-na-gubitku\/#primaryimage","url":"https:\/\/www.visit-ulcinj.com\/blog\/wp-content\/uploads\/2015\/10\/Nikola-Batricevic.jpg","contentUrl":"https:\/\/www.visit-ulcinj.com\/blog\/wp-content\/uploads\/2015\/10\/Nikola-Batricevic.jpg","width":700,"height":735},{"@type":"WebPage","@id":"https:\/\/www.visit-ulcinj.com\/blog\/2015\/10\/15\/nikola-batricevic-prodajom-parcela-u-naselju-pinjes-ulcinjani-na-gubitku\/#webpage","url":"https:\/\/www.visit-ulcinj.com\/blog\/2015\/10\/15\/nikola-batricevic-prodajom-parcela-u-naselju-pinjes-ulcinjani-na-gubitku\/","name":"Nikola Batri\u0107evi\u0107: Prodajom parcela u naselju Pinje\u0161 i Ulcinjani na gubitku - Lajme nga Ulqini","isPartOf":{"@id":"https:\/\/www.visit-ulcinj.com\/blog\/#website"},"primaryImageOfPage":{"@id":"https:\/\/www.visit-ulcinj.com\/blog\/2015\/10\/15\/nikola-batricevic-prodajom-parcela-u-naselju-pinjes-ulcinjani-na-gubitku\/#primaryimage"},"datePublished":"2015-10-15T18:37:08+00:00","dateModified":"2015-10-15T18:37:08+00:00","author":{"@id":"https:\/\/www.visit-ulcinj.com\/blog\/#\/schema\/person\/dcab619c614d3038751c63bc2aadc06d"},"description":"Prodajom parcela u elitnom naselju Pinje\u0161 i grad i gra\u0111ani Ulcinja bi\u0107e na gubitku, izjavio je potpredsjednik ulcinjskog odbora Pozitivne Nikola","breadcrumb":{"@id":"https:\/\/www.visit-ulcinj.com\/blog\/2015\/10\/15\/nikola-batricevic-prodajom-parcela-u-naselju-pinjes-ulcinjani-na-gubitku\/#breadcrumb"},"inLanguage":"en-US","potentialAction":[{"@type":"ReadAction","target":["https:\/\/www.visit-ulcinj.com\/blog\/2015\/10\/15\/nikola-batricevic-prodajom-parcela-u-naselju-pinjes-ulcinjani-na-gubitku\/"]}]},{"@type":"BreadcrumbList","@id":"https:\/\/www.visit-ulcinj.com\/blog\/2015\/10\/15\/nikola-batricevic-prodajom-parcela-u-naselju-pinjes-ulcinjani-na-gubitku\/#breadcrumb","itemListElement":[{"@type":"ListItem","position":1,"name":"Nikola Batri\u0107evi\u0107: Prodajom parcela u naselju Pinje\u0161 i Ulcinjani na gubitku"}]},{"@type":"Person","@id":"https:\/\/www.visit-ulcinj.com\/blog\/#\/schema\/person\/dcab619c614d3038751c63bc2aadc06d","name":"ulqini","sameAs":["http:\/\/www.visit-ulcinj.com"],"url":"https:\/\/www.visit-ulcinj.com\/blog\/author\/admin\/"}]}},"jetpack_featured_media_url":"","jetpack_sharing_enabled":true,"jetpack_shortlink":"https:\/\/wp.me\/pe6lTn-o7L","_links":{"self":[{"href":"https:\/\/www.visit-ulcinj.com\/blog\/wp-json\/wp\/v2\/posts\/92737"}],"collection":[{"href":"https:\/\/www.visit-ulcinj.com\/blog\/wp-json\/wp\/v2\/posts"}],"about":[{"href":"https:\/\/www.visit-ulcinj.com\/blog\/wp-json\/wp\/v2\/types\/post"}],"author":[{"embeddable":true,"href":"https:\/\/www.visit-ulcinj.com\/blog\/wp-json\/wp\/v2\/users\/1"}],"replies":[{"embeddable":true,"href":"https:\/\/www.visit-ulcinj.com\/blog\/wp-json\/wp\/v2\/comments?post=92737"}],"version-history":[{"count":1,"href":"https:\/\/www.visit-ulcinj.com\/blog\/wp-json\/wp\/v2\/posts\/92737\/revisions"}],"predecessor-version":[{"id":92740,"href":"https:\/\/www.visit-ulcinj.com\/blog\/wp-json\/wp\/v2\/posts\/92737\/revisions\/92740"}],"wp:attachment":[{"href":"https:\/\/www.visit-ulcinj.com\/blog\/wp-json\/wp\/v2\/media?parent=92737"}],"wp:term":[{"taxonomy":"category","embeddable":true,"href":"https:\/\/www.visit-ulcinj.com\/blog\/wp-json\/wp\/v2\/categories?post=92737"},{"taxonomy":"post_tag","embeddable":true,"href":"https:\/\/www.visit-ulcinj.com\/blog\/wp-json\/wp\/v2\/tags?post=92737"}],"curies":[{"name":"wp","href":"https:\/\/api.w.org\/{rel}","templated":true}]}}