{"id":9274,"date":"2009-01-17T12:34:22","date_gmt":"2009-01-17T11:34:22","guid":{"rendered":"http:\/\/www.visit-ulcinj.com\/blog\/?p=9274"},"modified":"2009-01-17T12:34:27","modified_gmt":"2009-01-17T11:34:27","slug":"absurdi-malazez","status":"publish","type":"post","link":"https:\/\/www.visit-ulcinj.com\/blog\/2009\/01\/17\/absurdi-malazez\/","title":{"rendered":"Absurdi malazez"},"content":{"rendered":"<p><strong><a rel=\"attachment wp-att-9275\" href=\"http:\/\/www.visit-ulcinj.com\/blog\/2009\/01\/17\/absurdi-malazez\/gjiri-i-valdanosit\/\"><img loading=\"lazy\" class=\"alignleft size-full wp-image-9275\" title=\"gjiri-i-valdanosit\" src=\"http:\/\/www.visit-ulcinj.com\/blog\/wp-content\/uploads\/2009\/01\/gjiri-i-valdanosit.jpg\" alt=\"gjiri-i-valdanosit\" width=\"570\" height=\"385\" \/><\/a>N\u00ebse diplomacia e Malit t\u00eb Zi k\u00ebrkon kushte p\u00ebr v\u00ebnien e marr\u00ebdh\u00ebnieve diplomatike me Kosov\u00ebn, a duhet q\u00eb diplomacia kosovare t\u00eb vej\u00eb kushte p\u00ebr malazez\u00ebt lidhur me pakic\u00ebn etnike shqiptare atje?<\/strong><br \/>\nUlqin, 15 janar \u2013 Themelimi i marr\u00ebdh\u00ebnieve diplomatike midis dy shteteve t\u00eb posa pavar\u00ebsuara n\u00eb Ballkan, si Mali i Zi dhe Kosova, hapi nj\u00eb \u00e7\u00ebshtje q\u00eb nuk ishte llogaritur kurr\u00eb nga politika e rajonit e as nga Plani i Martti Ahtisaarit p\u00ebr shtetin e ri t\u00eb Kosov\u00ebs dhe rregullimin e \u00e7\u00ebshtjes s\u00eb pakicave n\u00eb k\u00ebt\u00eb terren.<br \/>\nMenj\u00ebher\u00eb pas pavar\u00ebsimit t\u00eb k\u00ebtyre dy vendeve, fillimisht nj\u00eb grup i pakicave n\u00eb Kosov\u00eb, dol\u00ebn me q\u00ebndrimin se d\u00ebshirojn\u00eb t\u00eb trajtohen si \u201cmalazez t\u00eb Kosov\u00ebs\u201d e jo si serb t\u00eb Kosov\u00ebs.<br \/>\nP\u00ebr \u00e7udi dhe befasi, ata kan\u00eb k\u00ebrkuar t\u00eb njihen si pakic\u00eb e ve\u00e7ant\u00eb edhe zyrtarisht nga autoritetet kosovare, dhe kurrsesi t\u00eb konsiderohen m\u00eb si serb\u00eb, apo ashtu si\u00e7 i ng\u00ebrthen ata Plani i Ahtisaarit dhe Kushtetuta e Kosov\u00ebs, e cila ia rezervon atyre (si serb\u00eb) edhe dhjet\u00eb vende n\u00eb Parlamentin e Kosov\u00ebs.<br \/>\nM\u00eb pas k\u00ebt\u00eb q\u00ebndrim e p\u00ebrcolli edhe Kryeministri i malazez Filip Vujanivic, i cili deklaroi se \u201cpara vendosjes s\u00eb marr\u00ebdh\u00ebnieve diplomatike midis dy vendeve, malazez\u00ebt duhet t\u00eb njihen si pakic\u00eb dhe t\u00eb krijohen kushtet p\u00ebr kthimin e tyre n\u00eb Kosov\u00eb.\u201d<br \/>\nMir\u00ebpo, nj\u00eb propozim t\u00eb till\u00eb Kryeministri i Kosov\u00ebs Hashim Tha\u00e7i e quajti t\u00eb papranuesh\u00ebm duke shtuar se \u201cmarr\u00ebdh\u00ebniet midis Malit t\u00eb Zi dhe Kosov\u00ebs jan\u00eb t\u00eb mira dhe se ato zyrtarisht duhet t\u00eb vendosen pa kusht\u00ebzime.\u201d<br \/>\nNd\u00ebrsa, sa i p\u00ebrket kthimit t\u00eb malazez\u00ebve, Tha\u00e7i ka shtuar se ata trajtohen si qytetar\u00eb t\u00eb Kosov\u00ebs dhe se Qeveria e tij, \u00e7do dit\u00eb \u00ebsht\u00eb duke punuar n\u00eb p\u00ebrmir\u00ebsimin e kushteve p\u00ebr kthimin e tyre n\u00eb Kosov\u00eb, ashtu si\u00e7 punon edhe p\u00ebr komunitetet e tjera pakic\u00eb.<\/p>\n<p><strong>Por, \u00e7\u00ebshtja \u00ebsht\u00eb se a duhet t\u00eb ket\u00eb kusht\u00ebzime?<\/strong><\/p>\n<p>N\u00eb debatin e vendosjes s\u00eb marr\u00ebdh\u00ebnieve diplomatike n\u00eb mes t\u00eb k\u00ebtyre dy vendeve, askund nuk \u00ebsht\u00eb p\u00ebrmendur pakica shqiptare n\u00eb Mal t\u00eb Zi e cila p\u00ebrb\u00ebn rreth 7 p\u00ebr qind t\u00eb popullat\u00ebs s\u00eb k\u00ebtij vendi.<br \/>\nShqiptar\u00ebt n\u00eb Mal t\u00eb Zi, p\u00ebr dallim nga malazez\u00ebt n\u00eb Kosov\u00eb, jan\u00eb t\u00eb diskriminuar. Atyre ende ju mohohet e drejta themelore si pakic\u00eb, jan\u00eb t\u00eb diskriminuar n\u00eb \u00e7\u00ebshtjen e administrimit lokal. Gj\u00eb q\u00eb po ndikon n\u00eb vonimin e kthimit t\u00eb pronave t\u00eb konfiskuara gjat\u00eb sistemit t\u00eb kaluar dhe po i len jasht\u00eb loje n\u00eb planifikimin e hap\u00ebsir\u00ebs ku ata jetojn\u00eb, e cila sidomos p\u00ebr shqiptar\u00ebt e brigjeve t\u00eb Adriatikut, vler\u00ebsohet me miliona euro, apo rreth 70 p\u00ebr qind e potencialit ekonomik t\u00eb vendeve bregdetare t\u00eb banuara me shqiptar\u00eb, kryesisht n\u00eb Ulqin, Shtoj e rrethin\u00eb.<br \/>\nPor p\u00ebr dallim prej pakic\u00ebs malazeze, shqiptar\u00ebt e Malit t\u00eb Zi nuk jan\u00eb duke g\u00ebzuar ndonj\u00eb mbrojte diplomatike nga Shqip\u00ebria. Por as nga Kosova, prej nga shqiptar\u00ebt e atjesh\u00ebm e ndiejn\u00eb nj\u00eb lidhje m\u00eb t\u00eb af\u00ebrt.<\/p>\n<p><strong>Shqiptar\u00ebt e Malit t\u00eb Zi<\/strong><\/p>\n<p>Shqiptar\u00ebt n\u00eb Mal t\u00eb Zi, jan\u00eb t\u00eb ndar\u00eb n\u00eb gjasht\u00eb parti. Gj\u00eb q\u00eb nga vendasit komentohet si ndarje shum\u00eb m\u00eb e madhe se sa e nevojshme. Nj\u00eb pjes\u00eb \u00ebsht\u00eb e grupuar me ndikim nga Mal\u00ebsia e Tuzit. Nj\u00eb pjes\u00eb \u00ebsht\u00eb e tubuar rreth ndikimit t\u00eb Ulqinit, p\u00ebrderisa t\u00eb tjer\u00ebt, edhe ky\u00e7en direkt n\u00eb parti malazeze, sidomos n\u00eb at\u00eb t\u00eb ish Presidentit Milo Djukanovic, dukuri kjo q\u00eb nuk \u00ebsht\u00eb prezente n\u00eb viset e tjera shqiptare, si n\u00eb Maqedoni apo Lugin\u00eb t\u00eb Preshev\u00ebs.<br \/>\nXhaudet Cakuli \u00ebsht\u00eb n\u00ebnkryetar i partis\u00eb m\u00eb t\u00eb madhe n\u00eb Ulqin, e em\u00ebruar Forca Demokratike, parti kjo e themeluar nga komuniteti i biznesit kryesisht nga Ulqini e cila ka tendenc\u00eb q\u00eb t\u00eb bashkohet edhe me influenc\u00ebn e Tuzit, q\u00eb t\u00eb krijoj\u00eb nj\u00eb p\u00ebrfaq\u00ebsim m\u00eb t\u00eb madh shqiptar n\u00eb Mal t\u00eb Zi.<br \/>\nCakuli pohon se p\u00ebr shqiptar\u00ebt n\u00eb Mal t\u00eb Zi, nuk zbatohen t\u00eb drejtat themelore q\u00eb i parashohin konventat nd\u00ebrkomb\u00ebtare e universale, n\u00eb kuptimin e t\u00eb drejt\u00ebs s\u00eb administrimit lokal dhe njohjen e komunitetit shqiptar si pakic\u00eb.<br \/>\n\u201cShqiptar\u00ebt e Malit t\u00eb Zi jan\u00eb n\u00eb pritje t\u00eb an\u00ebtar\u00ebsimit t\u00eb shtetit t\u00eb Malit t\u00eb Zi n\u00eb K\u00ebshill t\u00eb Europ\u00ebs dhe n\u00eb Bashkim Europian, prej nga edhe presim mbrojtje\u201d, ka th\u00ebn\u00eb Cakuli.<br \/>\nPor deri at\u00ebher\u00eb, ai pret edhe angazhim m\u00eb t\u00eb madh t\u00eb politik\u00ebs s\u00eb pari t\u00eb shqiptar\u00ebve t\u00eb Malit t\u00eb Zi q\u00eb duhet t\u00eb bashkohen, pastaj t\u00eb politik\u00ebs s\u00eb Kosov\u00ebs dhe Shqip\u00ebris\u00eb, q\u00eb t\u00eb ndikojn\u00eb n\u00eb \u00e7\u00ebshtjen e mbrojtjes dhe p\u00ebrmir\u00ebsimit t\u00eb gjendjes s\u00eb pakic\u00ebs shqiptare n\u00eb Mal t\u00eb Zi.<br \/>\n\u201c\u00c7\u00ebshtjet kryesore q\u00eb pengojn\u00eb n\u00eb zhvillimin e drejtp\u00ebrdrejt\u00eb jan\u00eb e drejta e administrimit lokal. Sidomos n\u00eb Ulqin, atje ku administrata lokale, \u00ebsht\u00eb l\u00ebn\u00eb anash sa i p\u00ebrket k\u00ebshillimit n\u00eb privatizim, planifikimit t\u00eb hap\u00ebsir\u00ebs, t\u00eb mirave detare dhe kthimit t\u00eb pronave, t\u00eb shqiptar\u00ebve\u201d, thekson Cakuli.<br \/>\nEdhe pse Kuvendet Komunale me shumic\u00eb shqiptare kan\u00eb vendosur p\u00ebr kthimin e pronave t\u00eb Valdanosit, Shtojit, Shtodr\u00ebs dhe Tuzit, k\u00ebto \u00e7\u00ebshtje nuk jan\u00eb shtyr\u00eb dhe zbatuar nga administratat lokale t\u00eb kryesuara tashm\u00eb e sa vjet nga vet shqiptar\u00ebt. Sidomos, nga ajo e Ulqinit e udh\u00ebhequr nga Kryetari G\u00ebzim Hajdinaga, ish Minist\u00ebr p\u00ebr Pakica n\u00eb Qeverin\u00eb e Malit t\u00eb Zi.<\/p>\n<p><strong>STANDARDET E DYFISHTA<\/strong><\/p>\n<p>Parlamenti i Malit t\u00eb Zi e ka aprovuar nj\u00eb Ligj p\u00ebr t\u2019i rregulluar \u201cT\u00eb Mirat Detare\u201d n\u00eb vitin 1992. Ky ligj p\u00ebrcakton ruajtjen e resurseve detare dhe shfryt\u00ebzimin e hap\u00ebsirave buz\u00eb detit. Ai \u00ebsht\u00eb i p\u00ebrcaktuar q\u00eb t\u2019i mbroj dhe t\u00eb mos hyjn\u00eb n\u00eb shfryt\u00ebzim hap\u00ebsirat prej 6 metrave q\u00eb preken nga vala m\u00eb e madhe t\u00eb detit, n\u00eb furtun\u00ebn m\u00eb t\u00eb madhe motit.<br \/>\nKjo hap\u00ebsir\u00eb kontrollohet nga shteti i Malit t\u00eb Zi, sipas ligjit, si p\u00ebr Budv\u00ebn, Tivarin nj\u00ebsoj, p\u00ebrve\u00e7 p\u00ebr komun\u00ebn shqiptare t\u00eb Ulqinit, ku hap\u00ebsira p\u00ebr shfryt\u00ebzim nuk bllokohet me 6 metra, por me 2 kilometra, nga prekja e val\u00ebs m\u00eb t\u00eb madhe n\u00eb furtun\u00ebn m\u00eb t\u00eb madhe.<br \/>\nKjo n\u00ebnkupton, 18 p\u00ebr qind t\u00eb territorit t\u00eb komun\u00ebs s\u00eb Ulqinit, apo 70 p\u00ebr qind t\u00eb potencialit ekonomik t\u00eb k\u00ebsaj komune me shumic\u00eb shqiptare, q\u00eb lihet jasht\u00eb shfryt\u00ebzimit.<br \/>\nP\u00ebr dallim nga Budva apo komunat e tjera me shumic\u00eb malazeze, q\u00eb ky ligj i bllokon vet\u00ebm 0.03 p\u00ebr qind t\u00eb hap\u00ebsirave buz\u00eb detit.<br \/>\nKy vendim \u00ebsht\u00eb marr\u00eb ilegalisht nga Qeveria e Malit t\u00eb Zi me nj\u00eb dekret q\u00eb \u00ebsht\u00eb votuar edhe nga deputeti Dinosha, i cili p\u00ebrve\u00e7 q\u00eb \u00ebsht\u00eb kund\u00ebr shqiptar\u00ebve buz\u00eb detit, \u00ebsht\u00eb edhe n\u00eb kund\u00ebrshtim me Ligjin ekzistues p\u00ebr t\u00eb Mirat Detare.<\/p>\n<p><strong>P\u00ebr fund<\/strong><\/p>\n<p>Nj\u00eb gj\u00eb \u00ebsht\u00eb e qart\u00eb q\u00eb Kosova dhe Mali i Zi kan\u00eb interes t\u00eb p\u00ebrbashk\u00ebt q\u00eb t\u00eb krijojn\u00eb nj\u00eb marr\u00ebveshje p\u00ebr rregullimin e statusit t\u00eb pakicave, por q\u00eb nj\u00eb rregullim i till\u00eb duket t\u00eb jet\u00eb i v\u00ebshtir\u00eb t\u00eb b\u00ebhet me ndryshime kushtetuese.<br \/>\nMegjith\u00ebk\u00ebt\u00eb, respektimi i dyansh\u00ebm i pakicave mund t\u00eb zgjidhet midis Malit t\u00eb Zi, Kosov\u00ebs, por edhe Shqip\u00ebris\u00eb, p\u00ebr tu zbatuar n\u00eb nivelet komunale, ku p\u00ebrfaq\u00ebsimi i k\u00ebtyre pakicave n\u00eb dy an\u00ebt e kufirit \u00ebsht\u00eb shumic\u00eb.<br \/>\nE v\u00ebrteta \u00ebsht\u00eb se shqiptar\u00ebt n\u00eb Mal t\u00eb Zi jan\u00eb t\u00eb diskriminuar dhe se dikush duhet t\u00eb ndikoj\u00eb n\u00eb p\u00ebrmir\u00ebsimin e gjendjes s\u00eb tyre dhe respektimin e t\u00eb drejtave q\u00eb ju takojn\u00eb si pakic\u00eb.<br \/>\n<strong>Nga Valon A. Syla<br \/>\nGazeta Express<\/strong><\/p>\n<p><strong>\n\t\t<style type=\"text\/css\">\n\t\t\t#gallery-1 {\n\t\t\t\tmargin: auto;\n\t\t\t}\n\t\t\t#gallery-1 .gallery-item {\n\t\t\t\tfloat: left;\n\t\t\t\tmargin-top: 10px;\n\t\t\t\ttext-align: center;\n\t\t\t\twidth: 33%;\n\t\t\t}\n\t\t\t#gallery-1 img {\n\t\t\t\tborder: 2px solid #cfcfcf;\n\t\t\t}\n\t\t\t#gallery-1 .gallery-caption {\n\t\t\t\tmargin-left: 0;\n\t\t\t}\n\t\t\t\/* see gallery_shortcode() in wp-includes\/media.php *\/\n\t\t<\/style>\n\t\t<div id='gallery-1' class='gallery galleryid-9274 gallery-columns-3 gallery-size-thumbnail'><dl class='gallery-item'>\n\t\t\t<dt class='gallery-icon landscape'>\n\t\t\t\t<a href='https:\/\/www.visit-ulcinj.com\/blog\/wp-content\/uploads\/2009\/01\/gjiri-i-valdanosit.jpg'><img width=\"150\" height=\"150\" src=\"https:\/\/www.visit-ulcinj.com\/blog\/wp-content\/uploads\/2009\/01\/gjiri-i-valdanosit-150x150.jpg\" class=\"attachment-thumbnail size-thumbnail\" alt=\"\" loading=\"lazy\" \/><\/a>\n\t\t\t<\/dt><\/dl><dl class='gallery-item'>\n\t\t\t<dt class='gallery-icon landscape'>\n\t\t\t\t<a href='https:\/\/www.visit-ulcinj.com\/blog\/wp-content\/uploads\/2009\/01\/gjiri-i-valdanosit_ulqin.jpg'><img width=\"150\" height=\"150\" src=\"https:\/\/www.visit-ulcinj.com\/blog\/wp-content\/uploads\/2009\/01\/gjiri-i-valdanosit_ulqin-150x150.jpg\" class=\"attachment-thumbnail size-thumbnail\" alt=\"\" loading=\"lazy\" \/><\/a>\n\t\t\t<\/dt><\/dl>\n\t\t\t<br style='clear: both' \/>\n\t\t<\/div>\n<br \/>\n<\/strong><\/p>\n<p><!--YouTube Error: bad URL entered--><strong><br \/>\n<\/strong><\/p>\n","protected":false},"excerpt":{"rendered":"<p>N\u00ebse diplomacia e Malit t\u00eb Zi k\u00ebrkon kushte p\u00ebr v\u00ebnien e marr\u00ebdh\u00ebnieve diplomatike me Kosov\u00ebn, a duhet q\u00eb diplomacia kosovare t\u00eb vej\u00eb kushte p\u00ebr malazez\u00ebt lidhur me pakic\u00ebn etnike shqiptare atje? Ulqin, 15 janar \u2013 Themelimi i marr\u00ebdh\u00ebnieve diplomatike midis dy shteteve t\u00eb posa pavar\u00ebsuara n\u00eb Ballkan, si Mali i Zi dhe Kosova, hapi nj\u00eb [&hellip;]<\/p>\n","protected":false},"author":1,"featured_media":0,"comment_status":"open","ping_status":"closed","sticky":false,"template":"","format":"standard","meta":{"spay_email":"","jetpack_publicize_message":"","jetpack_is_tweetstorm":false,"jetpack_publicize_feature_enabled":true},"categories":[1],"tags":[5888,731,5887,5889,5802,5883,5890,496,5885,5884,5882,5886,200,18,1797],"jetpack_publicize_connections":[],"yoast_head":"<!-- This site is optimized with the Yoast SEO plugin v19.1 - https:\/\/yoast.com\/wordpress\/plugins\/seo\/ -->\n<title>Absurdi malazez - Lajme nga Ulqini<\/title>\n<meta name=\"description\" content=\"N\u00ebse diplomacia e Malit t\u00eb Zi k\u00ebrkon kushte p\u00ebr v\u00ebnien e marr\u00ebdh\u00ebnieve diplomatike me Kosov\u00ebn, a duhet q\u00eb diplomacia kosovare t\u00eb vej\u00eb kushte p\u00ebr malazez\u00ebt\" \/>\n<meta name=\"robots\" content=\"index, follow, max-snippet:-1, max-image-preview:large, max-video-preview:-1\" \/>\n<link rel=\"canonical\" href=\"https:\/\/www.visit-ulcinj.com\/blog\/2009\/01\/17\/absurdi-malazez\/\" \/>\n<meta property=\"og:locale\" content=\"en_US\" \/>\n<meta property=\"og:type\" content=\"article\" \/>\n<meta property=\"og:title\" content=\"Absurdi malazez - Lajme nga Ulqini\" \/>\n<meta property=\"og:description\" content=\"N\u00ebse diplomacia e Malit t\u00eb Zi k\u00ebrkon kushte p\u00ebr v\u00ebnien e marr\u00ebdh\u00ebnieve diplomatike me Kosov\u00ebn, a duhet q\u00eb diplomacia kosovare t\u00eb vej\u00eb kushte p\u00ebr malazez\u00ebt\" \/>\n<meta property=\"og:url\" content=\"https:\/\/www.visit-ulcinj.com\/blog\/2009\/01\/17\/absurdi-malazez\/\" \/>\n<meta property=\"og:site_name\" content=\"Lajme nga Ulqini\" \/>\n<meta property=\"article:published_time\" content=\"2009-01-17T11:34:22+00:00\" \/>\n<meta property=\"article:modified_time\" content=\"2009-01-17T11:34:27+00:00\" \/>\n<meta property=\"og:image\" content=\"https:\/\/www.visit-ulcinj.com\/blog\/wp-content\/uploads\/2009\/01\/gjiri-i-valdanosit-150x150.jpg\" \/>\n<meta name=\"twitter:label1\" content=\"Written by\" \/>\n\t<meta name=\"twitter:data1\" content=\"ulqini\" \/>\n\t<meta name=\"twitter:label2\" content=\"Est. reading time\" \/>\n\t<meta name=\"twitter:data2\" content=\"7 minutes\" \/>\n<script type=\"application\/ld+json\" class=\"yoast-schema-graph\">{\"@context\":\"https:\/\/schema.org\",\"@graph\":[{\"@type\":\"WebSite\",\"@id\":\"https:\/\/www.visit-ulcinj.com\/blog\/#website\",\"url\":\"https:\/\/www.visit-ulcinj.com\/blog\/\",\"name\":\"Lajme nga Ulqini\",\"description\":\"Lajme,Vijesti,Ulqini,Ulqin,Crna Gora,Mali i Zi\",\"potentialAction\":[{\"@type\":\"SearchAction\",\"target\":{\"@type\":\"EntryPoint\",\"urlTemplate\":\"https:\/\/www.visit-ulcinj.com\/blog\/?s={search_term_string}\"},\"query-input\":\"required name=search_term_string\"}],\"inLanguage\":\"en-US\"},{\"@type\":\"ImageObject\",\"inLanguage\":\"en-US\",\"@id\":\"https:\/\/www.visit-ulcinj.com\/blog\/2009\/01\/17\/absurdi-malazez\/#primaryimage\",\"url\":\"https:\/\/www.visit-ulcinj.com\/blog\/wp-content\/uploads\/2009\/01\/gjiri-i-valdanosit.jpg\",\"contentUrl\":\"https:\/\/www.visit-ulcinj.com\/blog\/wp-content\/uploads\/2009\/01\/gjiri-i-valdanosit.jpg\",\"width\":\"590\",\"height\":\"385\"},{\"@type\":\"WebPage\",\"@id\":\"https:\/\/www.visit-ulcinj.com\/blog\/2009\/01\/17\/absurdi-malazez\/#webpage\",\"url\":\"https:\/\/www.visit-ulcinj.com\/blog\/2009\/01\/17\/absurdi-malazez\/\",\"name\":\"Absurdi malazez - Lajme nga Ulqini\",\"isPartOf\":{\"@id\":\"https:\/\/www.visit-ulcinj.com\/blog\/#website\"},\"primaryImageOfPage\":{\"@id\":\"https:\/\/www.visit-ulcinj.com\/blog\/2009\/01\/17\/absurdi-malazez\/#primaryimage\"},\"datePublished\":\"2009-01-17T11:34:22+00:00\",\"dateModified\":\"2009-01-17T11:34:27+00:00\",\"author\":{\"@id\":\"https:\/\/www.visit-ulcinj.com\/blog\/#\/schema\/person\/dcab619c614d3038751c63bc2aadc06d\"},\"description\":\"N\u00ebse diplomacia e Malit t\u00eb Zi k\u00ebrkon kushte p\u00ebr v\u00ebnien e marr\u00ebdh\u00ebnieve diplomatike me Kosov\u00ebn, a duhet q\u00eb diplomacia kosovare t\u00eb vej\u00eb kushte p\u00ebr malazez\u00ebt\",\"breadcrumb\":{\"@id\":\"https:\/\/www.visit-ulcinj.com\/blog\/2009\/01\/17\/absurdi-malazez\/#breadcrumb\"},\"inLanguage\":\"en-US\",\"potentialAction\":[{\"@type\":\"ReadAction\",\"target\":[\"https:\/\/www.visit-ulcinj.com\/blog\/2009\/01\/17\/absurdi-malazez\/\"]}]},{\"@type\":\"BreadcrumbList\",\"@id\":\"https:\/\/www.visit-ulcinj.com\/blog\/2009\/01\/17\/absurdi-malazez\/#breadcrumb\",\"itemListElement\":[{\"@type\":\"ListItem\",\"position\":1,\"name\":\"Absurdi malazez\"}]},{\"@type\":\"Person\",\"@id\":\"https:\/\/www.visit-ulcinj.com\/blog\/#\/schema\/person\/dcab619c614d3038751c63bc2aadc06d\",\"name\":\"ulqini\",\"sameAs\":[\"http:\/\/www.visit-ulcinj.com\"],\"url\":\"https:\/\/www.visit-ulcinj.com\/blog\/author\/admin\/\"}]}<\/script>\n<!-- \/ Yoast SEO plugin. -->","yoast_head_json":{"title":"Absurdi malazez - Lajme nga Ulqini","description":"N\u00ebse diplomacia e Malit t\u00eb Zi k\u00ebrkon kushte p\u00ebr v\u00ebnien e marr\u00ebdh\u00ebnieve diplomatike me Kosov\u00ebn, a duhet q\u00eb diplomacia kosovare t\u00eb vej\u00eb kushte p\u00ebr malazez\u00ebt","robots":{"index":"index","follow":"follow","max-snippet":"max-snippet:-1","max-image-preview":"max-image-preview:large","max-video-preview":"max-video-preview:-1"},"canonical":"https:\/\/www.visit-ulcinj.com\/blog\/2009\/01\/17\/absurdi-malazez\/","og_locale":"en_US","og_type":"article","og_title":"Absurdi malazez - Lajme nga Ulqini","og_description":"N\u00ebse diplomacia e Malit t\u00eb Zi k\u00ebrkon kushte p\u00ebr v\u00ebnien e marr\u00ebdh\u00ebnieve diplomatike me Kosov\u00ebn, a duhet q\u00eb diplomacia kosovare t\u00eb vej\u00eb kushte p\u00ebr malazez\u00ebt","og_url":"https:\/\/www.visit-ulcinj.com\/blog\/2009\/01\/17\/absurdi-malazez\/","og_site_name":"Lajme nga Ulqini","article_published_time":"2009-01-17T11:34:22+00:00","article_modified_time":"2009-01-17T11:34:27+00:00","og_image":[{"url":"https:\/\/www.visit-ulcinj.com\/blog\/wp-content\/uploads\/2009\/01\/gjiri-i-valdanosit-150x150.jpg"}],"twitter_misc":{"Written by":"ulqini","Est. reading time":"7 minutes"},"schema":{"@context":"https:\/\/schema.org","@graph":[{"@type":"WebSite","@id":"https:\/\/www.visit-ulcinj.com\/blog\/#website","url":"https:\/\/www.visit-ulcinj.com\/blog\/","name":"Lajme nga Ulqini","description":"Lajme,Vijesti,Ulqini,Ulqin,Crna Gora,Mali i Zi","potentialAction":[{"@type":"SearchAction","target":{"@type":"EntryPoint","urlTemplate":"https:\/\/www.visit-ulcinj.com\/blog\/?s={search_term_string}"},"query-input":"required name=search_term_string"}],"inLanguage":"en-US"},{"@type":"ImageObject","inLanguage":"en-US","@id":"https:\/\/www.visit-ulcinj.com\/blog\/2009\/01\/17\/absurdi-malazez\/#primaryimage","url":"https:\/\/www.visit-ulcinj.com\/blog\/wp-content\/uploads\/2009\/01\/gjiri-i-valdanosit.jpg","contentUrl":"https:\/\/www.visit-ulcinj.com\/blog\/wp-content\/uploads\/2009\/01\/gjiri-i-valdanosit.jpg","width":"590","height":"385"},{"@type":"WebPage","@id":"https:\/\/www.visit-ulcinj.com\/blog\/2009\/01\/17\/absurdi-malazez\/#webpage","url":"https:\/\/www.visit-ulcinj.com\/blog\/2009\/01\/17\/absurdi-malazez\/","name":"Absurdi malazez - Lajme nga Ulqini","isPartOf":{"@id":"https:\/\/www.visit-ulcinj.com\/blog\/#website"},"primaryImageOfPage":{"@id":"https:\/\/www.visit-ulcinj.com\/blog\/2009\/01\/17\/absurdi-malazez\/#primaryimage"},"datePublished":"2009-01-17T11:34:22+00:00","dateModified":"2009-01-17T11:34:27+00:00","author":{"@id":"https:\/\/www.visit-ulcinj.com\/blog\/#\/schema\/person\/dcab619c614d3038751c63bc2aadc06d"},"description":"N\u00ebse diplomacia e Malit t\u00eb Zi k\u00ebrkon kushte p\u00ebr v\u00ebnien e marr\u00ebdh\u00ebnieve diplomatike me Kosov\u00ebn, a duhet q\u00eb diplomacia kosovare t\u00eb vej\u00eb kushte p\u00ebr malazez\u00ebt","breadcrumb":{"@id":"https:\/\/www.visit-ulcinj.com\/blog\/2009\/01\/17\/absurdi-malazez\/#breadcrumb"},"inLanguage":"en-US","potentialAction":[{"@type":"ReadAction","target":["https:\/\/www.visit-ulcinj.com\/blog\/2009\/01\/17\/absurdi-malazez\/"]}]},{"@type":"BreadcrumbList","@id":"https:\/\/www.visit-ulcinj.com\/blog\/2009\/01\/17\/absurdi-malazez\/#breadcrumb","itemListElement":[{"@type":"ListItem","position":1,"name":"Absurdi malazez"}]},{"@type":"Person","@id":"https:\/\/www.visit-ulcinj.com\/blog\/#\/schema\/person\/dcab619c614d3038751c63bc2aadc06d","name":"ulqini","sameAs":["http:\/\/www.visit-ulcinj.com"],"url":"https:\/\/www.visit-ulcinj.com\/blog\/author\/admin\/"}]}},"jetpack_featured_media_url":"","jetpack_sharing_enabled":true,"jetpack_shortlink":"https:\/\/wp.me\/pe6lTn-2pA","_links":{"self":[{"href":"https:\/\/www.visit-ulcinj.com\/blog\/wp-json\/wp\/v2\/posts\/9274"}],"collection":[{"href":"https:\/\/www.visit-ulcinj.com\/blog\/wp-json\/wp\/v2\/posts"}],"about":[{"href":"https:\/\/www.visit-ulcinj.com\/blog\/wp-json\/wp\/v2\/types\/post"}],"author":[{"embeddable":true,"href":"https:\/\/www.visit-ulcinj.com\/blog\/wp-json\/wp\/v2\/users\/1"}],"replies":[{"embeddable":true,"href":"https:\/\/www.visit-ulcinj.com\/blog\/wp-json\/wp\/v2\/comments?post=9274"}],"version-history":[{"count":0,"href":"https:\/\/www.visit-ulcinj.com\/blog\/wp-json\/wp\/v2\/posts\/9274\/revisions"}],"wp:attachment":[{"href":"https:\/\/www.visit-ulcinj.com\/blog\/wp-json\/wp\/v2\/media?parent=9274"}],"wp:term":[{"taxonomy":"category","embeddable":true,"href":"https:\/\/www.visit-ulcinj.com\/blog\/wp-json\/wp\/v2\/categories?post=9274"},{"taxonomy":"post_tag","embeddable":true,"href":"https:\/\/www.visit-ulcinj.com\/blog\/wp-json\/wp\/v2\/tags?post=9274"}],"curies":[{"name":"wp","href":"https:\/\/api.w.org\/{rel}","templated":true}]}}