{"id":92761,"date":"2015-10-16T20:43:07","date_gmt":"2015-10-16T19:43:07","guid":{"rendered":"http:\/\/www.visit-ulcinj.com\/blog\/?p=92761"},"modified":"2015-10-16T20:43:07","modified_gmt":"2015-10-16T19:43:07","slug":"npcg-pripremili-program-upravljanja-solanom","status":"publish","type":"post","link":"https:\/\/www.visit-ulcinj.com\/blog\/2015\/10\/16\/npcg-pripremili-program-upravljanja-solanom\/","title":{"rendered":"NPCG pripremili program upravljanja Solanom"},"content":{"rendered":"<p><strong><a href=\"http:\/\/www.visit-ulcinj.com\/blog\/wp-content\/uploads\/2015\/10\/Nacionalni-parkovi-Crne-Gore-Ekipa.jpg\"><img loading=\"lazy\" class=\"alignleft wp-image-92762\" src=\"http:\/\/www.visit-ulcinj.com\/blog\/wp-content\/uploads\/2015\/10\/Nacionalni-parkovi-Crne-Gore-Ekipa.jpg\" alt=\"Nacionalni parkovi Crne Gore - Ekipa\" width=\"508\" height=\"320\" srcset=\"https:\/\/www.visit-ulcinj.com\/blog\/wp-content\/uploads\/2015\/10\/Nacionalni-parkovi-Crne-Gore-Ekipa.jpg 762w, https:\/\/www.visit-ulcinj.com\/blog\/wp-content\/uploads\/2015\/10\/Nacionalni-parkovi-Crne-Gore-Ekipa-300x189.jpg 300w\" sizes=\"(max-width: 508px) 100vw, 508px\" \/><\/a>Nacionalni parkovi Crne Gore (NPCG) pripremili su Nacrt programa upravljanja Ulcinjskom solanom za ovu i narednu godinu, koji sadr\u017ei \u0161est strate\u0161kih oblasti koje se ti\u010du unaprje\u0111enja prirodnih i stvorenih vrijednosti i turisti\u010dkih potencijala Solane, kao i pokretanja proizvodnje soli.<\/strong><\/p>\n<p>Nacrt programa predstavljen je na drugoj sjednica Savjetodavnog tijela za Solanu, koja je danas odr\u017eana u Ulcinju.<\/p>\n<p>Iz NPVG su podsjetili da je Vlada ranije usvojila Informaciju Ministarstva odr\u017eivog razvoja i turizma (MORT) o stanju na Solani sa predlogom daljih aktivnosti, i zadu\u017eila taj resor da koordinira aktivnosti na uspostavljanju Solane Ramsar i Emerald podru\u010djem i da koordinira i obezbje\u0111uje me\u0111unarodne donatorske podr\u0161ke za obnovu Solane.<\/p>\n<p>\u201cTako\u0111e je zadu\u017eila NPCG da pripremi aktivnosti i Plan upravljanja Ulcinjskom solanom, Ministarstvo finansija i MORT da prona\u0111u rje\u0161enje za obezbje\u0111ivanje sredstava neophodnih za uspostavljanje re\u017eima za\u0161tite na Solani, kao i Ministarstvo ekonomije za obezbje\u0111ivanje uslova za uvo\u0111enje koncesionara za privrednu djelatnost\u201d, ka\u017ee se u saop\u0161tenju tog Javnog preduze\u0107a.<\/p>\n<p>Navodi se da su, u cilju za\u0161tite i valorizacije Ulcinjske solane, NPCG pripremili Nacrt programa upravljanja Ulcinjskom solanom za 2015-2016. godinu.<\/p>\n<p>\u201cProgram sadr\u017ei \u0161est strate\u0161kih oblasti koje se ti\u010du unaprje\u0111enja prirodnih i stvorenih vrijednosti i turisti\u010dkih potencijala Solane, kao i pokretanja proizvodnje soli: Za\u0161tita i o\u010duvanje prirodnih vrijednosti, Za\u0161tita kulturnih vrijednosti, Turizam i rekreacija, Edukacija i interpretacija, Promocija i marketing i Pokretanje proizvodnje soli\u201d, naveli su iz NPCG.<\/p>\n<p>Na Sjednici je zaklju\u010deno da \u0107e to Javno preduze\u0107e obavje\u0161tavati o napretku ostvarivanja Programa upravljanja za Solanu sve institucije uklju\u010dene u rad Savjetodavnog tijela.<\/p>\n<p>\u201cTako\u0111e je istaknuta potreba potpune koordinacije rada institucija koje \u010dine Savjetodavno tijelo i redovnog informisanja Delegacije Evropske unije o svim pitanjima vezanim za za\u0161titu biodiverziteta, turisti\u010dke valorizacije i drugih upravlja\u010dkih aktivnosti\u201d, ka\u017ee se u saop\u0161tenju.<\/p>\n<p>U cilju razmjene nau\u010dnih i stru\u010dnih iskustava iz oblasti za\u0161tite i valorizacije Ulcinjske solane, podru\u010dja od me\u0111unarodnog zna\u010daja za boravak ptica i potencijalnog Emerald stani\u0161ta Bernske konvencije, NPCG \u0107e u saradniji sa MORT-om i Nau\u010dnim odborom Univerziteta Crne Gore, sjutra u Ulcinju organizovati okrugli sto pod nazivom \u201eZa\u0161tita i valorizacija prirodnih resursa Ulcinjske Solane\u201c.<\/p>\n<p>\u201cS tim u vezi, pozvali smo predstavnike Op\u0161tine Ulcinj, lokalne turisti\u010dke oranizacije, ste\u010dajne Uprave Solane, resornih ministarstava, institucija i organizacija koje se bave za\u0161titom biodiverziteta ovog jedinstvenog prostora, kao i predstavnike ambasada u Crnoj Gori da svojim diskusijama doprinesu dono\u0161enju konstruktivnih zaklju\u010daka\u201d, dodaje se u saop\u0161tenju.<\/p>\n<p>&nbsp;<\/p>\n<p><strong>Mina \/ RTCG<\/strong><\/p>\n","protected":false},"excerpt":{"rendered":"<p>Nacionalni parkovi Crne Gore (NPCG) pripremili su Nacrt programa upravljanja Ulcinjskom solanom za ovu i narednu godinu, koji sadr\u017ei \u0161est strate\u0161kih oblasti koje se ti\u010du unaprje\u0111enja prirodnih i stvorenih vrijednosti i turisti\u010dkih potencijala Solane, kao i pokretanja proizvodnje soli. Nacrt programa predstavljen je na drugoj sjednica Savjetodavnog tijela za Solanu, koja je danas odr\u017eana u [&hellip;]<\/p>\n","protected":false},"author":1,"featured_media":0,"comment_status":"closed","ping_status":"closed","sticky":false,"template":"","format":"standard","meta":{"spay_email":"","jetpack_publicize_message":"","jetpack_is_tweetstorm":false,"jetpack_publicize_feature_enabled":true},"categories":[8337],"tags":[],"jetpack_publicize_connections":[],"yoast_head":"<!-- This site is optimized with the Yoast SEO plugin v19.1 - https:\/\/yoast.com\/wordpress\/plugins\/seo\/ -->\n<title>NPCG pripremili program upravljanja Solanom - Lajme nga Ulqini<\/title>\n<meta name=\"description\" content=\"Nacionalni parkovi Crne Gore (NPCG) pripremili su Nacrt programa upravljanja Ulcinjskom solanom za ovu i narednu godinu, koji sadr\u017ei \u0161est strate\u0161kih\" \/>\n<meta name=\"robots\" content=\"index, follow, max-snippet:-1, max-image-preview:large, max-video-preview:-1\" \/>\n<link rel=\"canonical\" href=\"https:\/\/www.visit-ulcinj.com\/blog\/2015\/10\/16\/npcg-pripremili-program-upravljanja-solanom\/\" \/>\n<meta property=\"og:locale\" content=\"en_US\" \/>\n<meta property=\"og:type\" content=\"article\" \/>\n<meta property=\"og:title\" content=\"NPCG pripremili program upravljanja Solanom - Lajme nga Ulqini\" \/>\n<meta property=\"og:description\" content=\"Nacionalni parkovi Crne Gore (NPCG) pripremili su Nacrt programa upravljanja Ulcinjskom solanom za ovu i narednu godinu, koji sadr\u017ei \u0161est strate\u0161kih\" \/>\n<meta property=\"og:url\" content=\"https:\/\/www.visit-ulcinj.com\/blog\/2015\/10\/16\/npcg-pripremili-program-upravljanja-solanom\/\" \/>\n<meta property=\"og:site_name\" content=\"Lajme nga Ulqini\" \/>\n<meta property=\"article:published_time\" content=\"2015-10-16T19:43:07+00:00\" \/>\n<meta property=\"og:image\" content=\"http:\/\/www.visit-ulcinj.com\/blog\/wp-content\/uploads\/2015\/10\/Nacionalni-parkovi-Crne-Gore-Ekipa.jpg\" \/>\n<meta name=\"twitter:label1\" content=\"Written by\" \/>\n\t<meta name=\"twitter:data1\" content=\"ulqini\" \/>\n\t<meta name=\"twitter:label2\" content=\"Est. reading time\" \/>\n\t<meta name=\"twitter:data2\" content=\"2 minutes\" \/>\n<script type=\"application\/ld+json\" class=\"yoast-schema-graph\">{\"@context\":\"https:\/\/schema.org\",\"@graph\":[{\"@type\":\"WebSite\",\"@id\":\"https:\/\/www.visit-ulcinj.com\/blog\/#website\",\"url\":\"https:\/\/www.visit-ulcinj.com\/blog\/\",\"name\":\"Lajme nga Ulqini\",\"description\":\"Lajme,Vijesti,Ulqini,Ulqin,Crna Gora,Mali i Zi\",\"potentialAction\":[{\"@type\":\"SearchAction\",\"target\":{\"@type\":\"EntryPoint\",\"urlTemplate\":\"https:\/\/www.visit-ulcinj.com\/blog\/?s={search_term_string}\"},\"query-input\":\"required name=search_term_string\"}],\"inLanguage\":\"en-US\"},{\"@type\":\"ImageObject\",\"inLanguage\":\"en-US\",\"@id\":\"https:\/\/www.visit-ulcinj.com\/blog\/2015\/10\/16\/npcg-pripremili-program-upravljanja-solanom\/#primaryimage\",\"url\":\"https:\/\/www.visit-ulcinj.com\/blog\/wp-content\/uploads\/2015\/10\/Nacionalni-parkovi-Crne-Gore-Ekipa.jpg\",\"contentUrl\":\"https:\/\/www.visit-ulcinj.com\/blog\/wp-content\/uploads\/2015\/10\/Nacionalni-parkovi-Crne-Gore-Ekipa.jpg\",\"width\":762,\"height\":480},{\"@type\":\"WebPage\",\"@id\":\"https:\/\/www.visit-ulcinj.com\/blog\/2015\/10\/16\/npcg-pripremili-program-upravljanja-solanom\/#webpage\",\"url\":\"https:\/\/www.visit-ulcinj.com\/blog\/2015\/10\/16\/npcg-pripremili-program-upravljanja-solanom\/\",\"name\":\"NPCG pripremili program upravljanja Solanom - Lajme nga Ulqini\",\"isPartOf\":{\"@id\":\"https:\/\/www.visit-ulcinj.com\/blog\/#website\"},\"primaryImageOfPage\":{\"@id\":\"https:\/\/www.visit-ulcinj.com\/blog\/2015\/10\/16\/npcg-pripremili-program-upravljanja-solanom\/#primaryimage\"},\"datePublished\":\"2015-10-16T19:43:07+00:00\",\"dateModified\":\"2015-10-16T19:43:07+00:00\",\"author\":{\"@id\":\"https:\/\/www.visit-ulcinj.com\/blog\/#\/schema\/person\/dcab619c614d3038751c63bc2aadc06d\"},\"description\":\"Nacionalni parkovi Crne Gore (NPCG) pripremili su Nacrt programa upravljanja Ulcinjskom solanom za ovu i narednu godinu, koji sadr\u017ei \u0161est strate\u0161kih\",\"breadcrumb\":{\"@id\":\"https:\/\/www.visit-ulcinj.com\/blog\/2015\/10\/16\/npcg-pripremili-program-upravljanja-solanom\/#breadcrumb\"},\"inLanguage\":\"en-US\",\"potentialAction\":[{\"@type\":\"ReadAction\",\"target\":[\"https:\/\/www.visit-ulcinj.com\/blog\/2015\/10\/16\/npcg-pripremili-program-upravljanja-solanom\/\"]}]},{\"@type\":\"BreadcrumbList\",\"@id\":\"https:\/\/www.visit-ulcinj.com\/blog\/2015\/10\/16\/npcg-pripremili-program-upravljanja-solanom\/#breadcrumb\",\"itemListElement\":[{\"@type\":\"ListItem\",\"position\":1,\"name\":\"NPCG pripremili program upravljanja Solanom\"}]},{\"@type\":\"Person\",\"@id\":\"https:\/\/www.visit-ulcinj.com\/blog\/#\/schema\/person\/dcab619c614d3038751c63bc2aadc06d\",\"name\":\"ulqini\",\"sameAs\":[\"http:\/\/www.visit-ulcinj.com\"],\"url\":\"https:\/\/www.visit-ulcinj.com\/blog\/author\/admin\/\"}]}<\/script>\n<!-- \/ Yoast SEO plugin. -->","yoast_head_json":{"title":"NPCG pripremili program upravljanja Solanom - Lajme nga Ulqini","description":"Nacionalni parkovi Crne Gore (NPCG) pripremili su Nacrt programa upravljanja Ulcinjskom solanom za ovu i narednu godinu, koji sadr\u017ei \u0161est strate\u0161kih","robots":{"index":"index","follow":"follow","max-snippet":"max-snippet:-1","max-image-preview":"max-image-preview:large","max-video-preview":"max-video-preview:-1"},"canonical":"https:\/\/www.visit-ulcinj.com\/blog\/2015\/10\/16\/npcg-pripremili-program-upravljanja-solanom\/","og_locale":"en_US","og_type":"article","og_title":"NPCG pripremili program upravljanja Solanom - Lajme nga Ulqini","og_description":"Nacionalni parkovi Crne Gore (NPCG) pripremili su Nacrt programa upravljanja Ulcinjskom solanom za ovu i narednu godinu, koji sadr\u017ei \u0161est strate\u0161kih","og_url":"https:\/\/www.visit-ulcinj.com\/blog\/2015\/10\/16\/npcg-pripremili-program-upravljanja-solanom\/","og_site_name":"Lajme nga Ulqini","article_published_time":"2015-10-16T19:43:07+00:00","og_image":[{"url":"http:\/\/www.visit-ulcinj.com\/blog\/wp-content\/uploads\/2015\/10\/Nacionalni-parkovi-Crne-Gore-Ekipa.jpg"}],"twitter_misc":{"Written by":"ulqini","Est. reading time":"2 minutes"},"schema":{"@context":"https:\/\/schema.org","@graph":[{"@type":"WebSite","@id":"https:\/\/www.visit-ulcinj.com\/blog\/#website","url":"https:\/\/www.visit-ulcinj.com\/blog\/","name":"Lajme nga Ulqini","description":"Lajme,Vijesti,Ulqini,Ulqin,Crna Gora,Mali i Zi","potentialAction":[{"@type":"SearchAction","target":{"@type":"EntryPoint","urlTemplate":"https:\/\/www.visit-ulcinj.com\/blog\/?s={search_term_string}"},"query-input":"required name=search_term_string"}],"inLanguage":"en-US"},{"@type":"ImageObject","inLanguage":"en-US","@id":"https:\/\/www.visit-ulcinj.com\/blog\/2015\/10\/16\/npcg-pripremili-program-upravljanja-solanom\/#primaryimage","url":"https:\/\/www.visit-ulcinj.com\/blog\/wp-content\/uploads\/2015\/10\/Nacionalni-parkovi-Crne-Gore-Ekipa.jpg","contentUrl":"https:\/\/www.visit-ulcinj.com\/blog\/wp-content\/uploads\/2015\/10\/Nacionalni-parkovi-Crne-Gore-Ekipa.jpg","width":762,"height":480},{"@type":"WebPage","@id":"https:\/\/www.visit-ulcinj.com\/blog\/2015\/10\/16\/npcg-pripremili-program-upravljanja-solanom\/#webpage","url":"https:\/\/www.visit-ulcinj.com\/blog\/2015\/10\/16\/npcg-pripremili-program-upravljanja-solanom\/","name":"NPCG pripremili program upravljanja Solanom - Lajme nga Ulqini","isPartOf":{"@id":"https:\/\/www.visit-ulcinj.com\/blog\/#website"},"primaryImageOfPage":{"@id":"https:\/\/www.visit-ulcinj.com\/blog\/2015\/10\/16\/npcg-pripremili-program-upravljanja-solanom\/#primaryimage"},"datePublished":"2015-10-16T19:43:07+00:00","dateModified":"2015-10-16T19:43:07+00:00","author":{"@id":"https:\/\/www.visit-ulcinj.com\/blog\/#\/schema\/person\/dcab619c614d3038751c63bc2aadc06d"},"description":"Nacionalni parkovi Crne Gore (NPCG) pripremili su Nacrt programa upravljanja Ulcinjskom solanom za ovu i narednu godinu, koji sadr\u017ei \u0161est strate\u0161kih","breadcrumb":{"@id":"https:\/\/www.visit-ulcinj.com\/blog\/2015\/10\/16\/npcg-pripremili-program-upravljanja-solanom\/#breadcrumb"},"inLanguage":"en-US","potentialAction":[{"@type":"ReadAction","target":["https:\/\/www.visit-ulcinj.com\/blog\/2015\/10\/16\/npcg-pripremili-program-upravljanja-solanom\/"]}]},{"@type":"BreadcrumbList","@id":"https:\/\/www.visit-ulcinj.com\/blog\/2015\/10\/16\/npcg-pripremili-program-upravljanja-solanom\/#breadcrumb","itemListElement":[{"@type":"ListItem","position":1,"name":"NPCG pripremili program upravljanja Solanom"}]},{"@type":"Person","@id":"https:\/\/www.visit-ulcinj.com\/blog\/#\/schema\/person\/dcab619c614d3038751c63bc2aadc06d","name":"ulqini","sameAs":["http:\/\/www.visit-ulcinj.com"],"url":"https:\/\/www.visit-ulcinj.com\/blog\/author\/admin\/"}]}},"jetpack_featured_media_url":"","jetpack_sharing_enabled":true,"jetpack_shortlink":"https:\/\/wp.me\/pe6lTn-o89","_links":{"self":[{"href":"https:\/\/www.visit-ulcinj.com\/blog\/wp-json\/wp\/v2\/posts\/92761"}],"collection":[{"href":"https:\/\/www.visit-ulcinj.com\/blog\/wp-json\/wp\/v2\/posts"}],"about":[{"href":"https:\/\/www.visit-ulcinj.com\/blog\/wp-json\/wp\/v2\/types\/post"}],"author":[{"embeddable":true,"href":"https:\/\/www.visit-ulcinj.com\/blog\/wp-json\/wp\/v2\/users\/1"}],"replies":[{"embeddable":true,"href":"https:\/\/www.visit-ulcinj.com\/blog\/wp-json\/wp\/v2\/comments?post=92761"}],"version-history":[{"count":1,"href":"https:\/\/www.visit-ulcinj.com\/blog\/wp-json\/wp\/v2\/posts\/92761\/revisions"}],"predecessor-version":[{"id":92763,"href":"https:\/\/www.visit-ulcinj.com\/blog\/wp-json\/wp\/v2\/posts\/92761\/revisions\/92763"}],"wp:attachment":[{"href":"https:\/\/www.visit-ulcinj.com\/blog\/wp-json\/wp\/v2\/media?parent=92761"}],"wp:term":[{"taxonomy":"category","embeddable":true,"href":"https:\/\/www.visit-ulcinj.com\/blog\/wp-json\/wp\/v2\/categories?post=92761"},{"taxonomy":"post_tag","embeddable":true,"href":"https:\/\/www.visit-ulcinj.com\/blog\/wp-json\/wp\/v2\/tags?post=92761"}],"curies":[{"name":"wp","href":"https:\/\/api.w.org\/{rel}","templated":true}]}}