{"id":92764,"date":"2015-10-16T20:56:25","date_gmt":"2015-10-16T19:56:25","guid":{"rendered":"http:\/\/www.visit-ulcinj.com\/blog\/?p=92764"},"modified":"2015-10-16T21:02:57","modified_gmt":"2015-10-16T20:02:57","slug":"ministar-boskovic-muzafer-causi-dodijeljene-didakticke-knjige-za-barske-predskolce","status":"publish","type":"post","link":"https:\/\/www.visit-ulcinj.com\/blog\/2015\/10\/16\/ministar-boskovic-muzafer-causi-dodijeljene-didakticke-knjige-za-barske-predskolce\/","title":{"rendered":"Ministar Bo\u0161kovi\u0107 i Muzafer \u010cau\u0161i: Dodijeljene didakti\u010dke knjige za barske pred\u0161kolce &#8211; Video"},"content":{"rendered":"<p><a href=\"http:\/\/www.visit-ulcinj.com\/blog\/wp-content\/uploads\/2015\/10\/Predrag-Boskovic-Muzafer-Cau\u0161i-.jpg\"><img loading=\"lazy\" class=\"alignleft wp-image-92765\" src=\"http:\/\/www.visit-ulcinj.com\/blog\/wp-content\/uploads\/2015\/10\/Predrag-Boskovic-Muzafer-Cau\u0161i-.jpg\" alt=\"Predrag-Boskovic-Muzafer Cau\u0161i-\" width=\"508\" height=\"351\" srcset=\"https:\/\/www.visit-ulcinj.com\/blog\/wp-content\/uploads\/2015\/10\/Predrag-Boskovic-Muzafer-Cau\u0161i-.jpg 900w, https:\/\/www.visit-ulcinj.com\/blog\/wp-content\/uploads\/2015\/10\/Predrag-Boskovic-Muzafer-Cau\u0161i--300x207.jpg 300w\" sizes=\"(max-width: 508px) 100vw, 508px\" \/><\/a>Ministar prosvjete <strong>mr Predrag Bo\u0161kovi\u0107<\/strong> i autor dvojezi\u010dne didakti\u010dke knjige \u201eKo je izlije\u010dio slon\u010di\u0107a\u201c <strong>Muzafer \u010cau\u0161i<\/strong> dodijelili su danas direktorici JPU \u201eVukosava Ivanovi\u0107-Ma\u0161anovi\u0107\u201c <strong>Gordani Mijovi\u0107<\/strong> primjerke knjige koje \u0107e koristiti pred\u0161kolci ove ustanove.<\/p>\n<p>Ministar Bo\u0161kovi\u0107 je rekao da ova knjiga treba da spaja i poka\u017ee da je uz saradnju i dobre odnose mogu\u0107e ostvariti kvalitetan iskorak u su\u017eivotu i me\u0111usobnim odnosima u duhu najboljih tradicija crnogorskog i albanskog naroda. On je objasnio da \u0107e knjiga biti u upotrebi u svim vrti\u0107ima u Crnoj Gori, na crnogorskom i albanskom jeziku.<\/p>\n<p><a href=\"http:\/\/www.visit-ulcinj.com\/blog\/wp-content\/uploads\/2015\/10\/Predrag-Boskovic-Muzafer-Cau\u0161i-1.jpg\"><img loading=\"lazy\" class=\"alignleft wp-image-92767\" src=\"http:\/\/www.visit-ulcinj.com\/blog\/wp-content\/uploads\/2015\/10\/Predrag-Boskovic-Muzafer-Cau\u0161i-1.jpg\" alt=\"Predrag-Boskovic-Muzafer Cau\u0161i-1\" width=\"508\" height=\"332\" srcset=\"https:\/\/www.visit-ulcinj.com\/blog\/wp-content\/uploads\/2015\/10\/Predrag-Boskovic-Muzafer-Cau\u0161i-1.jpg 470w, https:\/\/www.visit-ulcinj.com\/blog\/wp-content\/uploads\/2015\/10\/Predrag-Boskovic-Muzafer-Cau\u0161i-1-300x196.jpg 300w\" sizes=\"(max-width: 508px) 100vw, 508px\" \/><\/a><\/p>\n<p>Autor knjige Muzafer \u010cau\u0161i rekao je da je za njega bio izazov pisati za djecu i izrazio zadovoljstvo \u0161to je dio ovog projekta.<\/p>\n<p>Direktorica JPU \u201eVukosava Ivanovi\u0107-Ma\u0161anovi\u0107\u201c Gordana Mijovi\u0107 kazala je da je ova ustanova u pro\u0161loj godini bila uklju\u010dena u projekat prekograni\u010dne saradnje sa Albanijom i da je knjiga rezultat ove saradnje.<\/p>\n<p>Dvojezi\u010dna didakti\u010dka knjiga \u201eKo je izlije\u010dio slon\u010di\u0107a\u201c predstavlja zbirku pri\u010da i bajki na crnogorskom i albanskom jeziku, a ura\u0111ena je u okviru IPA programa u saradnji sa organizacijom Monitoring Group Ulcinj \u2013 MogUL.<\/p>\n<p><strong>Izvor: Vlada.me<\/strong><\/p>\n<h3 class=\"r\">Obracanje ministra prosvjete Predraga Boskovica<\/h3>\n<!--YouTube Error: bad URL entered-->\n<p class=\"yt watch-title-container\"><strong><span id=\"eow-title\" class=\"watch-title \" dir=\"ltr\" title=\"Obracanje direktorice PU &quot;Vukosava Ivanovic Masanovic&quot; Gordane Mijovic\">Obracanje direktorice PU &#8220;Vukosava Ivanovic Masanovic&#8221; Gordane Mijovic<\/span><\/strong><\/p>\n<p class=\"yt watch-title-container\"><!--YouTube Error: bad URL entered--><\/p>\n<p class=\"yt watch-title-container\"><span id=\"eow-title\" class=\"watch-title \" dir=\"ltr\" title=\"Obracanje Muzafera Causia autora dvojezi\u010dne didakti\u010dke knjige \u201eKo je izlije\u010dio slon\u010di\u0107a\u201c\"><strong>Obracanje Muzafera Causia autora dvojezi\u010dne didakti\u010dke knjige \u201eKo je izlije\u010dio slon\u010di\u0107a\u201c<\/strong> <\/span><\/p>\n<p class=\"yt watch-title-container\"><!--YouTube Error: bad URL entered--><\/p>\n","protected":false},"excerpt":{"rendered":"<p>Ministar prosvjete mr Predrag Bo\u0161kovi\u0107 i autor dvojezi\u010dne didakti\u010dke knjige \u201eKo je izlije\u010dio slon\u010di\u0107a\u201c Muzafer \u010cau\u0161i dodijelili su danas direktorici JPU \u201eVukosava Ivanovi\u0107-Ma\u0161anovi\u0107\u201c Gordani Mijovi\u0107 primjerke knjige koje \u0107e koristiti pred\u0161kolci ove ustanove. Ministar Bo\u0161kovi\u0107 je rekao da ova knjiga treba da spaja i poka\u017ee da je uz saradnju i dobre odnose mogu\u0107e ostvariti kvalitetan [&hellip;]<\/p>\n","protected":false},"author":1,"featured_media":0,"comment_status":"closed","ping_status":"closed","sticky":false,"template":"","format":"standard","meta":{"spay_email":"","jetpack_publicize_message":"","jetpack_is_tweetstorm":false,"jetpack_publicize_feature_enabled":true},"categories":[8337],"tags":[],"jetpack_publicize_connections":[],"yoast_head":"<!-- This site is optimized with the Yoast SEO plugin v19.1 - https:\/\/yoast.com\/wordpress\/plugins\/seo\/ -->\n<title>Ministar Bo\u0161kovi\u0107 i Muzafer \u010cau\u0161i: Dodijeljene didakti\u010dke knjige za barske pred\u0161kolce - Video - Lajme nga Ulqini<\/title>\n<meta name=\"description\" content=\"Ministar prosvjete mr Predrag Bo\u0161kovi\u0107 i autor dvojezi\u010dne didakti\u010dke knjige \u201eKo je izlije\u010dio slon\u010di\u0107a\u201c Muzafer \u010cau\u0161i dodijelili su danas direktorici JPU\" \/>\n<meta name=\"robots\" content=\"index, follow, max-snippet:-1, max-image-preview:large, max-video-preview:-1\" \/>\n<link rel=\"canonical\" href=\"https:\/\/www.visit-ulcinj.com\/blog\/2015\/10\/16\/ministar-boskovic-muzafer-causi-dodijeljene-didakticke-knjige-za-barske-predskolce\/\" \/>\n<meta property=\"og:locale\" content=\"en_US\" \/>\n<meta property=\"og:type\" content=\"article\" \/>\n<meta property=\"og:title\" content=\"Ministar Bo\u0161kovi\u0107 i Muzafer \u010cau\u0161i: Dodijeljene didakti\u010dke knjige za barske pred\u0161kolce - Video - Lajme nga Ulqini\" \/>\n<meta property=\"og:description\" content=\"Ministar prosvjete mr Predrag Bo\u0161kovi\u0107 i autor dvojezi\u010dne didakti\u010dke knjige \u201eKo je izlije\u010dio slon\u010di\u0107a\u201c Muzafer \u010cau\u0161i dodijelili su danas direktorici JPU\" \/>\n<meta property=\"og:url\" content=\"https:\/\/www.visit-ulcinj.com\/blog\/2015\/10\/16\/ministar-boskovic-muzafer-causi-dodijeljene-didakticke-knjige-za-barske-predskolce\/\" \/>\n<meta property=\"og:site_name\" content=\"Lajme nga Ulqini\" \/>\n<meta property=\"article:published_time\" content=\"2015-10-16T19:56:25+00:00\" \/>\n<meta property=\"article:modified_time\" content=\"2015-10-16T20:02:57+00:00\" \/>\n<meta name=\"twitter:label1\" content=\"Written by\" \/>\n\t<meta name=\"twitter:data1\" content=\"ulqini\" \/>\n\t<meta name=\"twitter:label2\" content=\"Est. reading time\" \/>\n\t<meta name=\"twitter:data2\" content=\"1 minute\" \/>\n<script type=\"application\/ld+json\" class=\"yoast-schema-graph\">{\"@context\":\"https:\/\/schema.org\",\"@graph\":[{\"@type\":\"WebSite\",\"@id\":\"https:\/\/www.visit-ulcinj.com\/blog\/#website\",\"url\":\"https:\/\/www.visit-ulcinj.com\/blog\/\",\"name\":\"Lajme nga Ulqini\",\"description\":\"Lajme,Vijesti,Ulqini,Ulqin,Crna Gora,Mali i Zi\",\"potentialAction\":[{\"@type\":\"SearchAction\",\"target\":{\"@type\":\"EntryPoint\",\"urlTemplate\":\"https:\/\/www.visit-ulcinj.com\/blog\/?s={search_term_string}\"},\"query-input\":\"required name=search_term_string\"}],\"inLanguage\":\"en-US\"},{\"@type\":\"WebPage\",\"@id\":\"https:\/\/www.visit-ulcinj.com\/blog\/2015\/10\/16\/ministar-boskovic-muzafer-causi-dodijeljene-didakticke-knjige-za-barske-predskolce\/#webpage\",\"url\":\"https:\/\/www.visit-ulcinj.com\/blog\/2015\/10\/16\/ministar-boskovic-muzafer-causi-dodijeljene-didakticke-knjige-za-barske-predskolce\/\",\"name\":\"Ministar Bo\u0161kovi\u0107 i Muzafer \u010cau\u0161i: Dodijeljene didakti\u010dke knjige za barske pred\u0161kolce - Video - Lajme nga Ulqini\",\"isPartOf\":{\"@id\":\"https:\/\/www.visit-ulcinj.com\/blog\/#website\"},\"datePublished\":\"2015-10-16T19:56:25+00:00\",\"dateModified\":\"2015-10-16T20:02:57+00:00\",\"author\":{\"@id\":\"https:\/\/www.visit-ulcinj.com\/blog\/#\/schema\/person\/dcab619c614d3038751c63bc2aadc06d\"},\"description\":\"Ministar prosvjete mr Predrag Bo\u0161kovi\u0107 i autor dvojezi\u010dne didakti\u010dke knjige \u201eKo je izlije\u010dio slon\u010di\u0107a\u201c Muzafer \u010cau\u0161i dodijelili su danas direktorici JPU\",\"breadcrumb\":{\"@id\":\"https:\/\/www.visit-ulcinj.com\/blog\/2015\/10\/16\/ministar-boskovic-muzafer-causi-dodijeljene-didakticke-knjige-za-barske-predskolce\/#breadcrumb\"},\"inLanguage\":\"en-US\",\"potentialAction\":[{\"@type\":\"ReadAction\",\"target\":[\"https:\/\/www.visit-ulcinj.com\/blog\/2015\/10\/16\/ministar-boskovic-muzafer-causi-dodijeljene-didakticke-knjige-za-barske-predskolce\/\"]}]},{\"@type\":\"BreadcrumbList\",\"@id\":\"https:\/\/www.visit-ulcinj.com\/blog\/2015\/10\/16\/ministar-boskovic-muzafer-causi-dodijeljene-didakticke-knjige-za-barske-predskolce\/#breadcrumb\",\"itemListElement\":[{\"@type\":\"ListItem\",\"position\":1,\"name\":\"Ministar Bo\u0161kovi\u0107 i Muzafer \u010cau\u0161i: Dodijeljene didakti\u010dke knjige za barske pred\u0161kolce &#8211; Video\"}]},{\"@type\":\"Person\",\"@id\":\"https:\/\/www.visit-ulcinj.com\/blog\/#\/schema\/person\/dcab619c614d3038751c63bc2aadc06d\",\"name\":\"ulqini\",\"sameAs\":[\"http:\/\/www.visit-ulcinj.com\"],\"url\":\"https:\/\/www.visit-ulcinj.com\/blog\/author\/admin\/\"}]}<\/script>\n<!-- \/ Yoast SEO plugin. -->","yoast_head_json":{"title":"Ministar Bo\u0161kovi\u0107 i Muzafer \u010cau\u0161i: Dodijeljene didakti\u010dke knjige za barske pred\u0161kolce - Video - Lajme nga Ulqini","description":"Ministar prosvjete mr Predrag Bo\u0161kovi\u0107 i autor dvojezi\u010dne didakti\u010dke knjige \u201eKo je izlije\u010dio slon\u010di\u0107a\u201c Muzafer \u010cau\u0161i dodijelili su danas direktorici JPU","robots":{"index":"index","follow":"follow","max-snippet":"max-snippet:-1","max-image-preview":"max-image-preview:large","max-video-preview":"max-video-preview:-1"},"canonical":"https:\/\/www.visit-ulcinj.com\/blog\/2015\/10\/16\/ministar-boskovic-muzafer-causi-dodijeljene-didakticke-knjige-za-barske-predskolce\/","og_locale":"en_US","og_type":"article","og_title":"Ministar Bo\u0161kovi\u0107 i Muzafer \u010cau\u0161i: Dodijeljene didakti\u010dke knjige za barske pred\u0161kolce - Video - Lajme nga Ulqini","og_description":"Ministar prosvjete mr Predrag Bo\u0161kovi\u0107 i autor dvojezi\u010dne didakti\u010dke knjige \u201eKo je izlije\u010dio slon\u010di\u0107a\u201c Muzafer \u010cau\u0161i dodijelili su danas direktorici JPU","og_url":"https:\/\/www.visit-ulcinj.com\/blog\/2015\/10\/16\/ministar-boskovic-muzafer-causi-dodijeljene-didakticke-knjige-za-barske-predskolce\/","og_site_name":"Lajme nga Ulqini","article_published_time":"2015-10-16T19:56:25+00:00","article_modified_time":"2015-10-16T20:02:57+00:00","twitter_misc":{"Written by":"ulqini","Est. reading time":"1 minute"},"schema":{"@context":"https:\/\/schema.org","@graph":[{"@type":"WebSite","@id":"https:\/\/www.visit-ulcinj.com\/blog\/#website","url":"https:\/\/www.visit-ulcinj.com\/blog\/","name":"Lajme nga Ulqini","description":"Lajme,Vijesti,Ulqini,Ulqin,Crna Gora,Mali i Zi","potentialAction":[{"@type":"SearchAction","target":{"@type":"EntryPoint","urlTemplate":"https:\/\/www.visit-ulcinj.com\/blog\/?s={search_term_string}"},"query-input":"required name=search_term_string"}],"inLanguage":"en-US"},{"@type":"WebPage","@id":"https:\/\/www.visit-ulcinj.com\/blog\/2015\/10\/16\/ministar-boskovic-muzafer-causi-dodijeljene-didakticke-knjige-za-barske-predskolce\/#webpage","url":"https:\/\/www.visit-ulcinj.com\/blog\/2015\/10\/16\/ministar-boskovic-muzafer-causi-dodijeljene-didakticke-knjige-za-barske-predskolce\/","name":"Ministar Bo\u0161kovi\u0107 i Muzafer \u010cau\u0161i: Dodijeljene didakti\u010dke knjige za barske pred\u0161kolce - Video - Lajme nga Ulqini","isPartOf":{"@id":"https:\/\/www.visit-ulcinj.com\/blog\/#website"},"datePublished":"2015-10-16T19:56:25+00:00","dateModified":"2015-10-16T20:02:57+00:00","author":{"@id":"https:\/\/www.visit-ulcinj.com\/blog\/#\/schema\/person\/dcab619c614d3038751c63bc2aadc06d"},"description":"Ministar prosvjete mr Predrag Bo\u0161kovi\u0107 i autor dvojezi\u010dne didakti\u010dke knjige \u201eKo je izlije\u010dio slon\u010di\u0107a\u201c Muzafer \u010cau\u0161i dodijelili su danas direktorici JPU","breadcrumb":{"@id":"https:\/\/www.visit-ulcinj.com\/blog\/2015\/10\/16\/ministar-boskovic-muzafer-causi-dodijeljene-didakticke-knjige-za-barske-predskolce\/#breadcrumb"},"inLanguage":"en-US","potentialAction":[{"@type":"ReadAction","target":["https:\/\/www.visit-ulcinj.com\/blog\/2015\/10\/16\/ministar-boskovic-muzafer-causi-dodijeljene-didakticke-knjige-za-barske-predskolce\/"]}]},{"@type":"BreadcrumbList","@id":"https:\/\/www.visit-ulcinj.com\/blog\/2015\/10\/16\/ministar-boskovic-muzafer-causi-dodijeljene-didakticke-knjige-za-barske-predskolce\/#breadcrumb","itemListElement":[{"@type":"ListItem","position":1,"name":"Ministar Bo\u0161kovi\u0107 i Muzafer \u010cau\u0161i: Dodijeljene didakti\u010dke knjige za barske pred\u0161kolce &#8211; Video"}]},{"@type":"Person","@id":"https:\/\/www.visit-ulcinj.com\/blog\/#\/schema\/person\/dcab619c614d3038751c63bc2aadc06d","name":"ulqini","sameAs":["http:\/\/www.visit-ulcinj.com"],"url":"https:\/\/www.visit-ulcinj.com\/blog\/author\/admin\/"}]}},"jetpack_featured_media_url":"","jetpack_sharing_enabled":true,"jetpack_shortlink":"https:\/\/wp.me\/pe6lTn-o8c","_links":{"self":[{"href":"https:\/\/www.visit-ulcinj.com\/blog\/wp-json\/wp\/v2\/posts\/92764"}],"collection":[{"href":"https:\/\/www.visit-ulcinj.com\/blog\/wp-json\/wp\/v2\/posts"}],"about":[{"href":"https:\/\/www.visit-ulcinj.com\/blog\/wp-json\/wp\/v2\/types\/post"}],"author":[{"embeddable":true,"href":"https:\/\/www.visit-ulcinj.com\/blog\/wp-json\/wp\/v2\/users\/1"}],"replies":[{"embeddable":true,"href":"https:\/\/www.visit-ulcinj.com\/blog\/wp-json\/wp\/v2\/comments?post=92764"}],"version-history":[{"count":6,"href":"https:\/\/www.visit-ulcinj.com\/blog\/wp-json\/wp\/v2\/posts\/92764\/revisions"}],"predecessor-version":[{"id":92772,"href":"https:\/\/www.visit-ulcinj.com\/blog\/wp-json\/wp\/v2\/posts\/92764\/revisions\/92772"}],"wp:attachment":[{"href":"https:\/\/www.visit-ulcinj.com\/blog\/wp-json\/wp\/v2\/media?parent=92764"}],"wp:term":[{"taxonomy":"category","embeddable":true,"href":"https:\/\/www.visit-ulcinj.com\/blog\/wp-json\/wp\/v2\/categories?post=92764"},{"taxonomy":"post_tag","embeddable":true,"href":"https:\/\/www.visit-ulcinj.com\/blog\/wp-json\/wp\/v2\/tags?post=92764"}],"curies":[{"name":"wp","href":"https:\/\/api.w.org\/{rel}","templated":true}]}}