{"id":92782,"date":"2015-10-16T21:52:18","date_gmt":"2015-10-16T20:52:18","guid":{"rendered":"http:\/\/www.visit-ulcinj.com\/blog\/?p=92782"},"modified":"2015-10-16T21:59:24","modified_gmt":"2015-10-16T20:59:24","slug":"gradani-ulcinja-kupuju-vodu-traze-ispravnu-pijacu-vodu","status":"publish","type":"post","link":"https:\/\/www.visit-ulcinj.com\/blog\/2015\/10\/16\/gradani-ulcinja-kupuju-vodu-traze-ispravnu-pijacu-vodu\/","title":{"rendered":"Gra\u0111ani Ulcinja kupuju vodu i tra\u017ee ispravnu pija\u0107u vodu &#8211; Video"},"content":{"rendered":"<p><span class=\"tekstcijeli\"><span class=\"kapital\"><a href=\"http:\/\/www.visit-ulcinj.com\/blog\/wp-content\/uploads\/2015\/05\/Imena-ulica-Ulcinja.jpg\"><img loading=\"lazy\" class=\"alignleft wp-image-90633\" src=\"http:\/\/www.visit-ulcinj.com\/blog\/wp-content\/uploads\/2015\/05\/Imena-ulica-Ulcinja.jpg\" alt=\"Imena ulica-Ulcinja\" width=\"508\" height=\"280\" srcset=\"https:\/\/www.visit-ulcinj.com\/blog\/wp-content\/uploads\/2015\/05\/Imena-ulica-Ulcinja.jpg 960w, https:\/\/www.visit-ulcinj.com\/blog\/wp-content\/uploads\/2015\/05\/Imena-ulica-Ulcinja-300x166.jpg 300w\" sizes=\"(max-width: 508px) 100vw, 508px\" \/><\/a>D<\/span>i\u00adrek\u00adtor Jav\u00adnog pred\u00adu\u00adze\u00ad\u0107a Vo\u00addo\u00addvod i ka\u00adna\u00adli\u00adza\u00adci\u00adja Fe\u00adhim Av\u00addiu sa\u00adop\u00ad\u0161tio je ju\u00ad\u010de da vo\u00adda iz grad\u00adskog vo\u00addo\u00advo\u00adda jo\u0161 uvi\u00adjek ni\u00adje za pi\u00ad\u0107e i da \u0107e se jo\u0161 ne\u00adko\u00adli\u00adko da\u00adna \u010de\u00adka\u00adti re\u00adzul\u00adta\u00adti ana\u00adli\u00adze kva\u00adli\u00adte\u00adta. Op\u0161\u00adtinski in\u00adspek\u00adtor do\u00adnio je ne\u00addav\u00adno od\u00adlu\u00adku o za\u00adbra\u00adni ko\u00adri\u00ad\u0161\u0107e\u00adnja vo\u00adde iz vo\u00addo\u00advo\u00adda, jer su te\u00adsto\u00advi po\u00adka\u00adza\u00adli rast pa\u00adra\u00adme\u00adta\u00adra man\u00adga\u00adna. Tog sre\u00adbr\u00adna\u00adsto-bi\u00adje\u00adlog me\u00adta\u00adla u pri\u00adro\u00addi ima sa\u00admo u ob\u00adli\u00adku je\u00addi\u00adnje\u00adnja. U ma\u00adlim ko\u00adli\u00ad\u010di\u00adna\u00adma je neo\u00adp\u00adho\u00addan mi\u00adkro\u00ade\u00adle\u00adment za \u017ei\u00advo\u00adti\u00adnje i lju\u00adde, ali u ve\u00ad\u0107im je tok\u00adsi\u00ad\u010dan i do\u00advo\u00addi do raz\u00adli\u00ad\u010di\u00adtih funk\u00adci\u00ado\u00adnal\u00adnih i mor\u00adfo\u00adlo\u00ad\u0161kih po\u00adre\u00adme\u00ad\u0107a\u00adja. Lo\u00adkal\u00adno dej\u00adstvo ma\u00adni\u00adfe\u00adstu\u00adje se pro\u00admje\u00adna\u00adma na ko\u00ad\u017ei pec\u00adka\u00adnjem i svra\u00adbom u o\u010di\u00adma uz na\u00addra\u00ad\u017ee\u00adni ka\u00ad\u0161alj i ki\u00adja\u00adnje. U vi\u00adso\u00adkim kon\u00adcen\u00adtra\u00adci\u00adja\u00adma man\u00adgan- ok\u00adsid iza\u00adzi\u00adva simp\u00adto\u00adme me\u00adtal\u00adne gro\u00adzni\u00adce, gla\u00advo\u00adbo\u00adlju, bo\u00adlo\u00adve u gru\u00addi\u00adma, ka\u00ad\u0161alj, ko\u00adnjuk\u00adti\u00advi\u00adtis i cr\u00adve\u00adni\u00adlo. Av\u00addiu ka\u00ad\u017ee da u tom pred\u00adu\u00adze\u00ad\u0107u ne\u00adma\u00adju in\u00adfor\u00adma\u00adci\u00adja da je po\u00adja\u00adva man\u00adga\u00adna u vo\u00addi, iza\u00adzva\u00adla bi\u00adlo ka\u00adkve pro\u00adble\u00adme kod gra\u00ad\u0111a\u00adna.<br \/>\n\u2013 Mno\u00adgi gra\u00ad\u0111a\u00adni se i ne oba\u00adzi\u00adru na upo\u00adzo\u00adre\u00adnje da vo\u00adda ni\u00adje za pi\u00ad\u0107e ve\u0107 je i da\u00adlje ko\u00adri\u00adste. Ipak, tre\u00adba sa\u00ad\u010de\u00adka\u00adti re\u00adzul\u00adta\u00adte ana\u00adli\u00adza ka\u00adko bi\u00adsmo ima\u00adli zva\u00adni\u010d\u00adnu po\u00adtvr\u00addu da se vo\u00adda mo\u00ad\u017ee pi\u00adti- na\u00adgla\u00ad\u0161a\u00adva Av\u00addiu.<br \/>\nPre\u00adma nje\u00adgo\u00advim ri\u00adje\u00ad\u010di\u00adma, ova\u00adkva vr\u00adsta pro\u00adble\u00adma ni\u00adje se de\u00adsi\u00adla de\u00adce\u00adni\u00adja\u00adma. -Jo\u0161 uvi\u00adjek ne zna\u00admo \u0161ta je uzrok, ali sma\u00adtram da je mo\u00adgu\u00ad\u0107e da su pro\u00adblem iza\u00adza\u00adva\u00adli su\u00ad\u0161no lje\u00adto i in\u00adfra\u00adstruk\u00adtur\u00adni re\u00adsur\u00adsi ko\u00adji su pri kra\u00adju. Grad se ina\u00ad\u010de snab\u00addi\u00adje\u00adva sa iz\u00advo\u00adri\u00ad\u0161ta Sal\u010d, Ga\u010d, Mi\u00adde, Kaliman. Vo\u00adde ima do\u00advolj\u00adno jer Op\u00ad\u0161ti\u00adna sa\u00adda pre\u00adu\u00adzi\u00adma i 15 li\u00adta\u00adra u se\u00adkun\u00addi iz Re\u00adgi\u00ado\u00adnal\u00adnog vo\u00addo\u00advo\u00adda, ka\u00ad\u017ee Av\u00addiu i do\u00adda\u00adje da u naj\u00adju\u00ad\u017eni\u00adjoj op\u00ad\u0161ti\u00adni ima kva\u00adli\u00adte\u00adte\u00adne vo\u00adde ko\u00adja do\u00adsa\u00adda ni\u00adje uzro\u00adko\u00adva\u00adla zdrav\u00adstve\u00adne pro\u00adble\u00adme.<br \/>\nU lo\u00adkal\u00adnom Do\u00admu zdra\u00advlja ka\u00adza\u00adli su nam da je zdrav\u00adstve\u00adna si\u00adtu\u00ada\u00adci\u00adja u op\u00ad\u0161ti\u00adni sta\u00adbil\u00adna.<br \/>\n\u2013In\u00adfor\u00admi\u00adsa\u00adni smo da vo\u00adda ni\u00adje za pi\u00ad\u0107e, ali ni\u00adsmo ima\u00adli pa\u00adci\u00adje\u00adna\u00adta ko\u00adji su se even\u00adtu\u00adal\u00adno \u017ea\u00adli\u00adli na ne\u00adke pro\u00adble\u00adme zbog to\u00adga. Da\u00adkle, sta\u00adnje po tom pi\u00adta\u00adnju je re\u00addov\u00adno. Gra\u00ad\u0111a\u00adni\u00adma bih sa\u00advje\u00adto\u00advao da se pri\u00addr\u00ad\u017ea\u00adva\u00adju uput\u00adsta\u00adva nad\u00adle\u00ad\u017enih, dok se ne do\u00adbi\u00adje po\u00adtvr\u00adda da se vo\u00adda iz vo\u00addo\u00advo\u00adda mo\u00ad\u017ee ko\u00adri\u00adsti\u00adti, ka\u00adzao je za \u201eDan\u201c di\u00adrek\u00adtor Do\u00adma zdra\u00advlja dok\u00adtor Pa\u00advle Mar\u00adni\u00adko\u00advi\u0107.<br \/>\nI dok se \u010de\u00adka\u00adju re\u00adzu\u00adla\u00adta\u00adti ana\u00adli\u00adze, Ul\u00adci\u00adnja\u00adni uglav\u00adnom po\u00ad\u0161tu\u00adtju od\u00adlu\u00adku nad\u00adle\u00ad\u017enih. Vo\u00adda se naj\u00ad\u010de\u00ad\u0161\u0107e ku\u00adpu\u00adje, a naj\u00adve\u00ad\u0107u ko\u00adrist od tre\u00adnut\u00adne si\u00adtu\u00ada\u00adci\u00adje ima\u00adju tr\u00adgo\u00advi\u00adne u ko\u00adji\u00adma je ra\u00adzno\u00advr\u00adsna po\u00adnu\u00adda i od\u00adli\u010d\u00adna pro\u00adda\u00adja fla\u00ad\u0161i\u00adra\u00adne vo\u00adde. Zre\u00adnja\u00adni\u00adnac Pa\u00advle Jo\u00adne\u00adsku ko\u00adji go\u00addi\u00adna\u00adma \u017ei\u00advi i ra\u00addi u Ul\u00adci\u00adnju ka\u00ad\u017ee da ne ko\u00adri\u00adsti vo\u00addu iz grad\u00adskog vo\u00addo\u00advo\u00adda.<br \/>\n\u2013Vo\u00addu odav\u00adno ku\u00adpu\u00adjem, a ovu s \u010de\u00adsme mo\u00ad\u017ee\u00admo da pa\u00adku\u00adje\u00admo i pro\u00adda\u00adje\u00admo, sa\u00admo da pro\u00adna\u00ad\u0111e\u00admo u \u010de\u00admu po\u00adma\u00ad\u017ee, u \u0161a\u00adli ka\u00ad\u017ee Jo\u00adne\u00adsku.<br \/>\nNje\u00adga in\u00adfor\u00adma\u00adci\u00adja o po\u00adja\u00advi man\u00adga\u00adna u pi\u00adja\u00ad\u0107oj vo\u00addi ni\u00adje za\u00adbri\u00adnu\u00adla.<br \/>\n\u2013Si\u00adgur\u00adno je to ne\u00ad\u0161to tre\u00adnut\u00adno i na\u00addam se da \u0107e usko\u00adro sve bi\u00adti u re\u00addu, uvje\u00adren je Jo\u00adne\u00adsku.<br \/>\nMje\u00ad\u0161tan\u00adka Sa\u00adnja Vu\u00adki\u00ad\u0107e\u00advi\u0107 ta\u00adko\u00ad\u0111e tre\u00adnut\u00adno ne ko\u00adri\u00adsti vo\u00addu iz grad\u00adskog vo\u00addo\u00advo\u00adda iako je, ka\u00ad\u017ee, tek pri\u00adje dva da\u00adna sa\u00adzna\u00adla da ni\u00adje is\u00adprav\u00adna za pi\u00ad\u0107e.<br \/>\n\u2013Ni\u00adsam ima\u00adla ni\u00adka\u00adkvih zdrav\u00adstve\u00adnih pro\u00adble\u00adma, ali sa\u00adda ko\u00adri\u00adsti\u00admo fla\u00ad\u0161i\u00adra\u00adnu vo\u00addu dok se ne ri\u00adje\u00ad\u0161i pro\u00adblem, ka\u00ad\u017ee Vu\u00adki\u00ad\u0107e\u00advi\u00ad\u0107e\u00adva.<br \/>\nKva\u00adli\u00adte\u00adtom vo\u00adde u naj\u00adju\u00ad\u017eni\u00adjoj op\u00ad\u0161ti\u00adni svo\u00adje\u00advre\u00adme\u00adno se ba\u00advi\u00adla i Vla\u00adda ko\u00adja je po\u00ad\u010det\u00adkom pro\u00ad\u0161le go\u00addi\u00adne, iz\u00adme\u00ad\u0111u osta\u00adlog, sa\u00adop\u00ad\u0161ti\u00adla da je utvr\u00ad\u0111e\u00adno je da je kva\u00adli\u00adtet vo\u00adde u po\u00adje\u00addi\u00adnim dje\u00adlo\u00advi\u00adma op\u00ad\u0161ti\u00adne pro\u00adble\u00adma\u00adti\u00ad\u010dan, a evi\u00adden\u00adti\u00adra\u00adni su enorm\u00adni gu\u00adbi\u00adci na mre\u00ad\u017ei, ne\u00adle\u00adgal\u00adni po\u00adtro\u00ad\u0161a\u00ad\u010di, sla\u00adba na\u00adpla\u00adta, kao i iz\u00adu\u00adzet\u00adno vi\u00adso\u00adki tro\u00ad\u0161ko\u00advi, pr\u00adven\u00adstve\u00adno za za\u00adra\u00adde, te vi\u00ad\u0161ak za\u00adpo\u00adsle\u00adnih. Nje\u00adma\u010d\u00adki stru\u010d\u00adnja\u00adci ko\u00adji su ra\u00addi\u00adli stu\u00addi\u00adju o vo\u00addo\u00adsnab\u00addi\u00adje\u00adva\u00adnju i tret\u00adma\u00adnu ot\u00adpad\u00adnih vo\u00adda na te\u00adri\u00adto\u00adri\u00adji op\u00ad\u0161ti\u00adne do\u00ad\u0161li su \u010dak do po\u00adda\u00adtka da gu\u00adbi\u00adci vo\u00adde u di\u00adstri\u00adbu\u00adtiv\u00adnoj mre\u00ad\u017ei iz\u00adno\u00adse fra\u00adpant\u00adnih 653 od\u00adsto. Na\u00adi\u00adme, pre\u00adma nji\u00adho\u00advoj ra\u00ad\u010du\u00adni\u00adci, s okol\u00adnih iz\u00advo\u00adri\u00ad\u0161ta u vo\u00addo\u00advod\u00adni si\u00adstem op\u00ad\u0161ti\u00adne ula\u00adzi go\u00addi\u00ad\u0161nje 8,1 mi\u00adli\u00adon ku\u00adbi\u00adka, a od to\u00adga se sa\u00admo 1,3 mi\u00adli\u00ado\u00adna ku\u00adbi\u00adka vo\u00adde fak\u00adtu\u00adri\u00ad\u0161e. Do\u00adsad se spe\u00adku\u00adli\u00adsa\u00adlo da su gu\u00adbi\u00adci na vo\u00addo\u00advod\u00adnoj mre\u00ad\u017ei oko 60 od\u00adsto, pri\u00adje sve\u00adga zbog do\u00adtra\u00adja\u00adle in\u00adfra\u00adstruk\u00adtu\u00adre i di\u00advljih pri\u00adklju\u00ad\u010da\u00adka, ali pre\u00adci\u00adzni Njem\u00adci su po\u00adtvr\u00addi\u00adli da je to \u010dak de\u00adset pu\u00adta vi\u00ad\u0161e.<br \/>\n<strong>M.K.<\/strong><\/span><\/p>\n<p><strong> Op\u00ad\u0161ti\u00adna po\u00addi\u00ad\u017ee kre\u00addi\u00adte<\/strong><\/p>\n<p>Pod\u00adsje\u00adti\u00admo od\u00adbor\u00adni\u00adci SO Ul\u00adcinj usvo\u00adji\u00adli su ne\u00addav\u00adno dvi\u00adje od\u00adlu\u00adke o kre\u00addit\u00adnom za\u00addu\u00ad\u017ee\u00adnju Op\u00ad\u0161ti\u00adne za pro\u00adjek\u00adte vo\u00addo\u00adsnab\u00addi\u00adje\u00adva\u00adnja i od\u00advo\u00ad\u0111e\u00adnja ot\u00adpad\u00adnih vo\u00adda, u ukup\u00adnom iz\u00adno\u00adsu od 25 mi\u00adli\u00ado\u00adna eura. Evrop\u00adska in\u00adve\u00adsti\u00adci\u00ado\u00adna ban\u00adka (EIB) kre\u00addi\u00adti\u00adra\u00ad\u0107e pro\u00adje\u00adkat iz\u00adgrad\u00adnje ka\u00adna\u00adli\u00adza\u00adci\u00ado\u00adne mre\u00ad\u017ee u op\u00ad\u0161ti\u00adni Ul\u00adcinj. Op\u00ad\u0161ti\u00adna \u0107e se za\u00addu\u00ad\u017ei\u00adti pet mi\u00adli\u00ado\u00adna eura sa grejs pe\u00adri\u00ado\u00addom od \u010de\u00adti\u00adri go\u00addi\u00adne, na 42 ra\u00adte, a po ka\u00adma\u00adti ko\u00adja \u0107e za\u00advi\u00adsno od uslo\u00adva na dan pot\u00adpi\u00adsi\u00adva\u00adnja ugo\u00advo\u00adra sa EIB iz\u00adno\u00adsi\u00adti od 0,7 do 3,5 od\u00adsto. Ga\u00adrant vra\u00ad\u0107a\u00adnja kre\u00addi\u00adta je Vla\u00adda. Po\u00adme\u00adnu\u00adta sred\u00adstva bi\u00ad\u0107e utro\u00ad\u0161e\u00adna za iz\u00adgrad\u00adnju ka\u00adna\u00adli\u00adza\u00adci\u00ado\u00adne mre\u00ad\u017ee za na\u00adse\u00adlja Bra\u00adti\u00adca, To\u00adto\u00ad\u0161i, Bi\u00adje\u00adla go\u00adra i Ko\u00addre, a po\u00ad\u010de\u00adtak ra\u00addo\u00adva o\u010de\u00adku\u00adje se usko\u00adro, jer su sve ak\u00adtiv\u00adno\u00adsti, po\u00ad\u010dev od pro\u00adjekt\u00adne pa do ten\u00adder\u00adske do\u00adku\u00admen\u00adta\u00adci\u00adje za\u00advr\u00ad\u0161e\u00adne. Op\u00ad\u0161ti\u00adna \u0107e se za\u00addu\u00ad\u017ei\u00adti i kod nje\u00adma\u010d\u00adke KFV ban\u00adke za pro\u00adje\u00adkat vo\u00addo\u00adsnab\u00addi\u00adje\u00adva\u00adnja i od\u00advo\u00ad\u0111e\u00adnja ot\u00adpad\u00adnih vo\u00adda, u iz\u00adno\u00adsu od 20 mi\u00adli\u00ado\u00adna eura. Kre\u00addit \u0107e se vra\u00ad\u0107a\u00adti od 2021. do 2030. go\u00addi\u00adne s po\u00adlu\u00adgo\u00addi\u00ad\u0161njim ra\u00adta\u00adma od mi\u00adli\u00adon eura sa\u00admo na ime glav\u00adni\u00adce.<\/p>\n<p><strong> Ka\u00adzni\u00adti od\u00adgo\u00advor\u00adne<\/strong><\/p>\n<p>Me\u00ad\u0111u gra\u00ad\u0111a\u00adni\u00adma ima i onih ko\u00adji ni\u00adsu upo\u00adzna\u00adti s pro\u00adble\u00admom, ko\u00adji ve\u0107 da\u00adni\u00adma op\u00adte\u00adre\u00ad\u0107u\u00adje naj\u00adju\u00ad\u017eni\u00adju op\u00ad\u0161ti\u00adnu. Pen\u00adzi\u00ado\u00adner Vuk\u00admir Ban\u00addo\u00advi\u0107 ka\u00ad\u017ee da pr\u00advi put \u010du\u00adje da je vo\u00adda ne\u00adis\u00adprav\u00adna.<br \/>\n\u2013Ni\u00adsam znao za to. Evo sad pr\u00advi put \u010du\u00adjem. Ko\u00adri\u00adsti\u00admo vo\u00addu s \u010de\u00adsme, ali ni\u00adsam pri\u00admi\u00adje\u00adtio ni\u00ad\u0161ta neo\u00adbi\u010d\u00adno, ni\u00adti imam ne\u00adkih pro\u00adble\u00adma. Ako je to isti\u00adna, pri\u00adsu\u00adstvo man\u00adga\u00adna je po\u00adra\u00ad\u017ea\u00adva\u00adju\u00ad\u0107e \u0161tet\u00adno. Za pr\u00advi ko\u00adrak je nu\u00ad\u017eno in\u00adfor\u00admi\u00adsa\u00adti sve gra\u00ad\u0111a\u00adne i pred\u00adu\u00adze\u00adti hit\u00adne mje\u00adre za ot\u00adkla\u00adnja\u00adnje man\u00adga\u00adna, a isto ta\u00adko tre\u00adba po\u00adkre\u00adnu\u00adti pi\u00adta\u00adnje od\u00adgo\u00advor\u00adno\u00adsti stru\u010d\u00adnih slu\u00ad\u017ebi i or\u00adga\u00adna &#8211; ka\u00adzao je Ban\u00addo\u00advi\u0107.<\/p>\n<p><strong>Izvor: DAN<\/strong><\/p>\n<!--YouTube Error: bad URL entered-->\n","protected":false},"excerpt":{"rendered":"<p>Di\u00adrek\u00adtor Jav\u00adnog pred\u00adu\u00adze\u00ad\u0107a Vo\u00addo\u00addvod i ka\u00adna\u00adli\u00adza\u00adci\u00adja Fe\u00adhim Av\u00addiu sa\u00adop\u00ad\u0161tio je ju\u00ad\u010de da vo\u00adda iz grad\u00adskog vo\u00addo\u00advo\u00adda jo\u0161 uvi\u00adjek ni\u00adje za pi\u00ad\u0107e i da \u0107e se jo\u0161 ne\u00adko\u00adli\u00adko da\u00adna \u010de\u00adka\u00adti re\u00adzul\u00adta\u00adti ana\u00adli\u00adze kva\u00adli\u00adte\u00adta. Op\u0161\u00adtinski in\u00adspek\u00adtor do\u00adnio je ne\u00addav\u00adno od\u00adlu\u00adku o za\u00adbra\u00adni ko\u00adri\u00ad\u0161\u0107e\u00adnja vo\u00adde iz vo\u00addo\u00advo\u00adda, jer su te\u00adsto\u00advi po\u00adka\u00adza\u00adli rast pa\u00adra\u00adme\u00adta\u00adra man\u00adga\u00adna. Tog sre\u00adbr\u00adna\u00adsto-bi\u00adje\u00adlog me\u00adta\u00adla u [&hellip;]<\/p>\n","protected":false},"author":1,"featured_media":0,"comment_status":"closed","ping_status":"closed","sticky":false,"template":"","format":"standard","meta":{"spay_email":"","jetpack_publicize_message":"","jetpack_is_tweetstorm":false,"jetpack_publicize_feature_enabled":true},"categories":[6950],"tags":[],"jetpack_publicize_connections":[],"yoast_head":"<!-- This site is optimized with the Yoast SEO plugin v19.1 - https:\/\/yoast.com\/wordpress\/plugins\/seo\/ -->\n<title>Gra\u0111ani Ulcinja kupuju vodu i tra\u017ee ispravnu pija\u0107u vodu - Video - Lajme nga Ulqini<\/title>\n<meta name=\"description\" content=\"Di\u00adrek\u00adtor Jav\u00adnog pred\u00adu\u00adze\u00ad\u0107a Vo\u00addo\u00addvod i ka\u00adna\u00adli\u00adza\u00adci\u00adja Fe\u00adhim Av\u00addiu sa\u00adop\u00ad\u0161tio je ju\u00ad\u010de da vo\u00adda iz grad\u00adskog vo\u00addo\u00advo\u00adda jo\u0161 uvi\u00adjek ni\u00adje za\" \/>\n<meta name=\"robots\" content=\"index, follow, max-snippet:-1, max-image-preview:large, max-video-preview:-1\" \/>\n<link rel=\"canonical\" href=\"https:\/\/www.visit-ulcinj.com\/blog\/2015\/10\/16\/gradani-ulcinja-kupuju-vodu-traze-ispravnu-pijacu-vodu\/\" \/>\n<meta property=\"og:locale\" content=\"en_US\" \/>\n<meta property=\"og:type\" content=\"article\" \/>\n<meta property=\"og:title\" content=\"Gra\u0111ani Ulcinja kupuju vodu i tra\u017ee ispravnu pija\u0107u vodu - Video - Lajme nga Ulqini\" \/>\n<meta property=\"og:description\" content=\"Di\u00adrek\u00adtor Jav\u00adnog pred\u00adu\u00adze\u00ad\u0107a Vo\u00addo\u00addvod i ka\u00adna\u00adli\u00adza\u00adci\u00adja Fe\u00adhim Av\u00addiu sa\u00adop\u00ad\u0161tio je ju\u00ad\u010de da vo\u00adda iz grad\u00adskog vo\u00addo\u00advo\u00adda jo\u0161 uvi\u00adjek ni\u00adje za\" \/>\n<meta property=\"og:url\" content=\"https:\/\/www.visit-ulcinj.com\/blog\/2015\/10\/16\/gradani-ulcinja-kupuju-vodu-traze-ispravnu-pijacu-vodu\/\" \/>\n<meta property=\"og:site_name\" content=\"Lajme nga Ulqini\" \/>\n<meta property=\"article:published_time\" content=\"2015-10-16T20:52:18+00:00\" \/>\n<meta property=\"article:modified_time\" content=\"2015-10-16T20:59:24+00:00\" \/>\n<meta property=\"og:image\" content=\"http:\/\/www.visit-ulcinj.com\/blog\/wp-content\/uploads\/2015\/05\/Imena-ulica-Ulcinja.jpg\" \/>\n<meta name=\"twitter:label1\" content=\"Written by\" \/>\n\t<meta name=\"twitter:data1\" content=\"ulqini\" \/>\n\t<meta name=\"twitter:label2\" content=\"Est. reading time\" \/>\n\t<meta name=\"twitter:data2\" content=\"10 minutes\" \/>\n<script type=\"application\/ld+json\" class=\"yoast-schema-graph\">{\"@context\":\"https:\/\/schema.org\",\"@graph\":[{\"@type\":\"WebSite\",\"@id\":\"https:\/\/www.visit-ulcinj.com\/blog\/#website\",\"url\":\"https:\/\/www.visit-ulcinj.com\/blog\/\",\"name\":\"Lajme nga Ulqini\",\"description\":\"Lajme,Vijesti,Ulqini,Ulqin,Crna Gora,Mali i Zi\",\"potentialAction\":[{\"@type\":\"SearchAction\",\"target\":{\"@type\":\"EntryPoint\",\"urlTemplate\":\"https:\/\/www.visit-ulcinj.com\/blog\/?s={search_term_string}\"},\"query-input\":\"required name=search_term_string\"}],\"inLanguage\":\"en-US\"},{\"@type\":\"ImageObject\",\"inLanguage\":\"en-US\",\"@id\":\"https:\/\/www.visit-ulcinj.com\/blog\/2015\/10\/16\/gradani-ulcinja-kupuju-vodu-traze-ispravnu-pijacu-vodu\/#primaryimage\",\"url\":\"https:\/\/www.visit-ulcinj.com\/blog\/wp-content\/uploads\/2015\/05\/Imena-ulica-Ulcinja.jpg\",\"contentUrl\":\"https:\/\/www.visit-ulcinj.com\/blog\/wp-content\/uploads\/2015\/05\/Imena-ulica-Ulcinja.jpg\",\"width\":960,\"height\":530},{\"@type\":\"WebPage\",\"@id\":\"https:\/\/www.visit-ulcinj.com\/blog\/2015\/10\/16\/gradani-ulcinja-kupuju-vodu-traze-ispravnu-pijacu-vodu\/#webpage\",\"url\":\"https:\/\/www.visit-ulcinj.com\/blog\/2015\/10\/16\/gradani-ulcinja-kupuju-vodu-traze-ispravnu-pijacu-vodu\/\",\"name\":\"Gra\u0111ani Ulcinja kupuju vodu i tra\u017ee ispravnu pija\u0107u vodu - Video - Lajme nga Ulqini\",\"isPartOf\":{\"@id\":\"https:\/\/www.visit-ulcinj.com\/blog\/#website\"},\"primaryImageOfPage\":{\"@id\":\"https:\/\/www.visit-ulcinj.com\/blog\/2015\/10\/16\/gradani-ulcinja-kupuju-vodu-traze-ispravnu-pijacu-vodu\/#primaryimage\"},\"datePublished\":\"2015-10-16T20:52:18+00:00\",\"dateModified\":\"2015-10-16T20:59:24+00:00\",\"author\":{\"@id\":\"https:\/\/www.visit-ulcinj.com\/blog\/#\/schema\/person\/dcab619c614d3038751c63bc2aadc06d\"},\"description\":\"Di\u00adrek\u00adtor Jav\u00adnog pred\u00adu\u00adze\u00ad\u0107a Vo\u00addo\u00addvod i ka\u00adna\u00adli\u00adza\u00adci\u00adja Fe\u00adhim Av\u00addiu sa\u00adop\u00ad\u0161tio je ju\u00ad\u010de da vo\u00adda iz grad\u00adskog vo\u00addo\u00advo\u00adda jo\u0161 uvi\u00adjek ni\u00adje za\",\"breadcrumb\":{\"@id\":\"https:\/\/www.visit-ulcinj.com\/blog\/2015\/10\/16\/gradani-ulcinja-kupuju-vodu-traze-ispravnu-pijacu-vodu\/#breadcrumb\"},\"inLanguage\":\"en-US\",\"potentialAction\":[{\"@type\":\"ReadAction\",\"target\":[\"https:\/\/www.visit-ulcinj.com\/blog\/2015\/10\/16\/gradani-ulcinja-kupuju-vodu-traze-ispravnu-pijacu-vodu\/\"]}]},{\"@type\":\"BreadcrumbList\",\"@id\":\"https:\/\/www.visit-ulcinj.com\/blog\/2015\/10\/16\/gradani-ulcinja-kupuju-vodu-traze-ispravnu-pijacu-vodu\/#breadcrumb\",\"itemListElement\":[{\"@type\":\"ListItem\",\"position\":1,\"name\":\"Gra\u0111ani Ulcinja kupuju vodu i tra\u017ee ispravnu pija\u0107u vodu &#8211; Video\"}]},{\"@type\":\"Person\",\"@id\":\"https:\/\/www.visit-ulcinj.com\/blog\/#\/schema\/person\/dcab619c614d3038751c63bc2aadc06d\",\"name\":\"ulqini\",\"sameAs\":[\"http:\/\/www.visit-ulcinj.com\"],\"url\":\"https:\/\/www.visit-ulcinj.com\/blog\/author\/admin\/\"}]}<\/script>\n<!-- \/ Yoast SEO plugin. -->","yoast_head_json":{"title":"Gra\u0111ani Ulcinja kupuju vodu i tra\u017ee ispravnu pija\u0107u vodu - Video - Lajme nga Ulqini","description":"Di\u00adrek\u00adtor Jav\u00adnog pred\u00adu\u00adze\u00ad\u0107a Vo\u00addo\u00addvod i ka\u00adna\u00adli\u00adza\u00adci\u00adja Fe\u00adhim Av\u00addiu sa\u00adop\u00ad\u0161tio je ju\u00ad\u010de da vo\u00adda iz grad\u00adskog vo\u00addo\u00advo\u00adda jo\u0161 uvi\u00adjek ni\u00adje za","robots":{"index":"index","follow":"follow","max-snippet":"max-snippet:-1","max-image-preview":"max-image-preview:large","max-video-preview":"max-video-preview:-1"},"canonical":"https:\/\/www.visit-ulcinj.com\/blog\/2015\/10\/16\/gradani-ulcinja-kupuju-vodu-traze-ispravnu-pijacu-vodu\/","og_locale":"en_US","og_type":"article","og_title":"Gra\u0111ani Ulcinja kupuju vodu i tra\u017ee ispravnu pija\u0107u vodu - Video - Lajme nga Ulqini","og_description":"Di\u00adrek\u00adtor Jav\u00adnog pred\u00adu\u00adze\u00ad\u0107a Vo\u00addo\u00addvod i ka\u00adna\u00adli\u00adza\u00adci\u00adja Fe\u00adhim Av\u00addiu sa\u00adop\u00ad\u0161tio je ju\u00ad\u010de da vo\u00adda iz grad\u00adskog vo\u00addo\u00advo\u00adda jo\u0161 uvi\u00adjek ni\u00adje za","og_url":"https:\/\/www.visit-ulcinj.com\/blog\/2015\/10\/16\/gradani-ulcinja-kupuju-vodu-traze-ispravnu-pijacu-vodu\/","og_site_name":"Lajme nga Ulqini","article_published_time":"2015-10-16T20:52:18+00:00","article_modified_time":"2015-10-16T20:59:24+00:00","og_image":[{"url":"http:\/\/www.visit-ulcinj.com\/blog\/wp-content\/uploads\/2015\/05\/Imena-ulica-Ulcinja.jpg"}],"twitter_misc":{"Written by":"ulqini","Est. reading time":"10 minutes"},"schema":{"@context":"https:\/\/schema.org","@graph":[{"@type":"WebSite","@id":"https:\/\/www.visit-ulcinj.com\/blog\/#website","url":"https:\/\/www.visit-ulcinj.com\/blog\/","name":"Lajme nga Ulqini","description":"Lajme,Vijesti,Ulqini,Ulqin,Crna Gora,Mali i Zi","potentialAction":[{"@type":"SearchAction","target":{"@type":"EntryPoint","urlTemplate":"https:\/\/www.visit-ulcinj.com\/blog\/?s={search_term_string}"},"query-input":"required name=search_term_string"}],"inLanguage":"en-US"},{"@type":"ImageObject","inLanguage":"en-US","@id":"https:\/\/www.visit-ulcinj.com\/blog\/2015\/10\/16\/gradani-ulcinja-kupuju-vodu-traze-ispravnu-pijacu-vodu\/#primaryimage","url":"https:\/\/www.visit-ulcinj.com\/blog\/wp-content\/uploads\/2015\/05\/Imena-ulica-Ulcinja.jpg","contentUrl":"https:\/\/www.visit-ulcinj.com\/blog\/wp-content\/uploads\/2015\/05\/Imena-ulica-Ulcinja.jpg","width":960,"height":530},{"@type":"WebPage","@id":"https:\/\/www.visit-ulcinj.com\/blog\/2015\/10\/16\/gradani-ulcinja-kupuju-vodu-traze-ispravnu-pijacu-vodu\/#webpage","url":"https:\/\/www.visit-ulcinj.com\/blog\/2015\/10\/16\/gradani-ulcinja-kupuju-vodu-traze-ispravnu-pijacu-vodu\/","name":"Gra\u0111ani Ulcinja kupuju vodu i tra\u017ee ispravnu pija\u0107u vodu - Video - Lajme nga Ulqini","isPartOf":{"@id":"https:\/\/www.visit-ulcinj.com\/blog\/#website"},"primaryImageOfPage":{"@id":"https:\/\/www.visit-ulcinj.com\/blog\/2015\/10\/16\/gradani-ulcinja-kupuju-vodu-traze-ispravnu-pijacu-vodu\/#primaryimage"},"datePublished":"2015-10-16T20:52:18+00:00","dateModified":"2015-10-16T20:59:24+00:00","author":{"@id":"https:\/\/www.visit-ulcinj.com\/blog\/#\/schema\/person\/dcab619c614d3038751c63bc2aadc06d"},"description":"Di\u00adrek\u00adtor Jav\u00adnog pred\u00adu\u00adze\u00ad\u0107a Vo\u00addo\u00addvod i ka\u00adna\u00adli\u00adza\u00adci\u00adja Fe\u00adhim Av\u00addiu sa\u00adop\u00ad\u0161tio je ju\u00ad\u010de da vo\u00adda iz grad\u00adskog vo\u00addo\u00advo\u00adda jo\u0161 uvi\u00adjek ni\u00adje za","breadcrumb":{"@id":"https:\/\/www.visit-ulcinj.com\/blog\/2015\/10\/16\/gradani-ulcinja-kupuju-vodu-traze-ispravnu-pijacu-vodu\/#breadcrumb"},"inLanguage":"en-US","potentialAction":[{"@type":"ReadAction","target":["https:\/\/www.visit-ulcinj.com\/blog\/2015\/10\/16\/gradani-ulcinja-kupuju-vodu-traze-ispravnu-pijacu-vodu\/"]}]},{"@type":"BreadcrumbList","@id":"https:\/\/www.visit-ulcinj.com\/blog\/2015\/10\/16\/gradani-ulcinja-kupuju-vodu-traze-ispravnu-pijacu-vodu\/#breadcrumb","itemListElement":[{"@type":"ListItem","position":1,"name":"Gra\u0111ani Ulcinja kupuju vodu i tra\u017ee ispravnu pija\u0107u vodu &#8211; Video"}]},{"@type":"Person","@id":"https:\/\/www.visit-ulcinj.com\/blog\/#\/schema\/person\/dcab619c614d3038751c63bc2aadc06d","name":"ulqini","sameAs":["http:\/\/www.visit-ulcinj.com"],"url":"https:\/\/www.visit-ulcinj.com\/blog\/author\/admin\/"}]}},"jetpack_featured_media_url":"","jetpack_sharing_enabled":true,"jetpack_shortlink":"https:\/\/wp.me\/pe6lTn-o8u","_links":{"self":[{"href":"https:\/\/www.visit-ulcinj.com\/blog\/wp-json\/wp\/v2\/posts\/92782"}],"collection":[{"href":"https:\/\/www.visit-ulcinj.com\/blog\/wp-json\/wp\/v2\/posts"}],"about":[{"href":"https:\/\/www.visit-ulcinj.com\/blog\/wp-json\/wp\/v2\/types\/post"}],"author":[{"embeddable":true,"href":"https:\/\/www.visit-ulcinj.com\/blog\/wp-json\/wp\/v2\/users\/1"}],"replies":[{"embeddable":true,"href":"https:\/\/www.visit-ulcinj.com\/blog\/wp-json\/wp\/v2\/comments?post=92782"}],"version-history":[{"count":2,"href":"https:\/\/www.visit-ulcinj.com\/blog\/wp-json\/wp\/v2\/posts\/92782\/revisions"}],"predecessor-version":[{"id":92784,"href":"https:\/\/www.visit-ulcinj.com\/blog\/wp-json\/wp\/v2\/posts\/92782\/revisions\/92784"}],"wp:attachment":[{"href":"https:\/\/www.visit-ulcinj.com\/blog\/wp-json\/wp\/v2\/media?parent=92782"}],"wp:term":[{"taxonomy":"category","embeddable":true,"href":"https:\/\/www.visit-ulcinj.com\/blog\/wp-json\/wp\/v2\/categories?post=92782"},{"taxonomy":"post_tag","embeddable":true,"href":"https:\/\/www.visit-ulcinj.com\/blog\/wp-json\/wp\/v2\/tags?post=92782"}],"curies":[{"name":"wp","href":"https:\/\/api.w.org\/{rel}","templated":true}]}}