{"id":92790,"date":"2015-10-16T23:11:20","date_gmt":"2015-10-16T22:11:20","guid":{"rendered":"http:\/\/www.visit-ulcinj.com\/blog\/?p=92790"},"modified":"2015-10-16T23:11:20","modified_gmt":"2015-10-16T22:11:20","slug":"salaj-anetaresimi-malit-te-zi-ne-nato","status":"publish","type":"post","link":"https:\/\/www.visit-ulcinj.com\/blog\/2015\/10\/16\/salaj-anetaresimi-malit-te-zi-ne-nato\/","title":{"rendered":"Salaj: An\u00ebtar\u00ebsimi i Malit t\u00eb Zi n\u00eb Nato"},"content":{"rendered":"<p><a href=\"http:\/\/www.visit-ulcinj.com\/blog\/wp-content\/uploads\/2015\/10\/Salaj-Abazoviq.jpg\"><img loading=\"lazy\" class=\"alignleft wp-image-92791\" src=\"http:\/\/www.visit-ulcinj.com\/blog\/wp-content\/uploads\/2015\/10\/Salaj-Abazoviq.jpg\" alt=\"Salaj-Abazoviq\" width=\"508\" height=\"257\" srcset=\"https:\/\/www.visit-ulcinj.com\/blog\/wp-content\/uploads\/2015\/10\/Salaj-Abazoviq.jpg 638w, https:\/\/www.visit-ulcinj.com\/blog\/wp-content\/uploads\/2015\/10\/Salaj-Abazoviq-300x152.jpg 300w\" sizes=\"(max-width: 508px) 100vw, 508px\" \/><\/a>N\u00eb nj\u00eb tribun\u00eb t\u00eb mbajtur n\u00eb Ulqin u debatua p\u00ebr r\u00ebnd\u00ebsin\u00eb e an\u00ebtar\u00ebsimit t\u00eb Malit t\u00eb Zi n\u00eb NATO. Politikan\u00eb, diplomat\u00eb dhe p\u00ebrfaq\u00ebsues\u00a0 t\u00eb shoq\u00ebris\u00eb civile u shpreh\u00ebn optimist se deri n\u00eb fund t\u00eb k\u00ebtij viti Mali i Zi mund t\u00eb b\u00ebhet pjes\u00eb e\u00a0 Aleanc\u00ebs Veriatlantike. Edhe\u00a0 zyrtar\u00ebt malazez\u00eb vler\u00ebsojn\u00eb se vendimi p\u00ebr thirrje do t\u00eb ishte historike p\u00ebr t\u00eb ardhmen e Malit t\u00eb Zi dhe p\u00ebr sigurin\u00eb n\u00eb rajon.<\/p>\n<p>Korrespondenti i Z\u00ebrit t\u00eb Amerik\u00ebs Ali Salaj\u00a0 p\u00ebrgatiti kronik\u00ebn q\u00eb po transmetojm\u00eb:<\/p>\n<p>VAO<\/p>\n<p><iframe loading=\"lazy\" src=\"http:\/\/zeriamerikes.share.voanews.eu\/flashembed.aspx?t=vid&amp;id=3010426&amp;w=640&amp;h=363&amp;skin=embeded\" scrolling=\"no\" frameborder=\"0\" width=\"508\" height=\"363\"><\/iframe><\/p>\n","protected":false},"excerpt":{"rendered":"<p>N\u00eb nj\u00eb tribun\u00eb t\u00eb mbajtur n\u00eb Ulqin u debatua p\u00ebr r\u00ebnd\u00ebsin\u00eb e an\u00ebtar\u00ebsimit t\u00eb Malit t\u00eb Zi n\u00eb NATO. Politikan\u00eb, diplomat\u00eb dhe p\u00ebrfaq\u00ebsues\u00a0 t\u00eb shoq\u00ebris\u00eb civile u shpreh\u00ebn optimist se deri n\u00eb fund t\u00eb k\u00ebtij viti Mali i Zi mund t\u00eb b\u00ebhet pjes\u00eb e\u00a0 Aleanc\u00ebs Veriatlantike. Edhe\u00a0 zyrtar\u00ebt malazez\u00eb vler\u00ebsojn\u00eb se vendimi p\u00ebr thirrje do [&hellip;]<\/p>\n","protected":false},"author":1,"featured_media":0,"comment_status":"closed","ping_status":"closed","sticky":false,"template":"","format":"standard","meta":{"spay_email":"","jetpack_publicize_message":"","jetpack_is_tweetstorm":false,"jetpack_publicize_feature_enabled":true},"categories":[14],"tags":[],"jetpack_publicize_connections":[],"yoast_head":"<!-- This site is optimized with the Yoast SEO plugin v19.1 - https:\/\/yoast.com\/wordpress\/plugins\/seo\/ -->\n<title>Salaj: An\u00ebtar\u00ebsimi i Malit t\u00eb Zi n\u00eb Nato - Lajme nga Ulqini<\/title>\n<meta name=\"description\" content=\"N\u00eb nj\u00eb tribun\u00eb t\u00eb mbajtur n\u00eb Ulqin u debatua p\u00ebr r\u00ebnd\u00ebsin\u00eb e an\u00ebtar\u00ebsimit t\u00eb Malit t\u00eb Zi n\u00eb NATO. Politikan\u00eb, diplomat\u00eb dhe p\u00ebrfaq\u00ebsues\u00a0 t\u00eb shoq\u00ebris\u00eb\" \/>\n<meta name=\"robots\" content=\"index, follow, max-snippet:-1, max-image-preview:large, max-video-preview:-1\" \/>\n<link rel=\"canonical\" href=\"https:\/\/www.visit-ulcinj.com\/blog\/2015\/10\/16\/salaj-anetaresimi-malit-te-zi-ne-nato\/\" \/>\n<meta property=\"og:locale\" content=\"en_US\" \/>\n<meta property=\"og:type\" content=\"article\" \/>\n<meta property=\"og:title\" content=\"Salaj: An\u00ebtar\u00ebsimi i Malit t\u00eb Zi n\u00eb Nato - Lajme nga Ulqini\" \/>\n<meta property=\"og:description\" content=\"N\u00eb nj\u00eb tribun\u00eb t\u00eb mbajtur n\u00eb Ulqin u debatua p\u00ebr r\u00ebnd\u00ebsin\u00eb e an\u00ebtar\u00ebsimit t\u00eb Malit t\u00eb Zi n\u00eb NATO. Politikan\u00eb, diplomat\u00eb dhe p\u00ebrfaq\u00ebsues\u00a0 t\u00eb shoq\u00ebris\u00eb\" \/>\n<meta property=\"og:url\" content=\"https:\/\/www.visit-ulcinj.com\/blog\/2015\/10\/16\/salaj-anetaresimi-malit-te-zi-ne-nato\/\" \/>\n<meta property=\"og:site_name\" content=\"Lajme nga Ulqini\" \/>\n<meta property=\"article:published_time\" content=\"2015-10-16T22:11:20+00:00\" \/>\n<meta property=\"og:image\" content=\"http:\/\/www.visit-ulcinj.com\/blog\/wp-content\/uploads\/2015\/10\/Salaj-Abazoviq.jpg\" \/>\n<meta name=\"twitter:label1\" content=\"Written by\" \/>\n\t<meta name=\"twitter:data1\" content=\"ulqini\" \/>\n\t<meta name=\"twitter:label2\" content=\"Est. reading time\" \/>\n\t<meta name=\"twitter:data2\" content=\"1 minute\" \/>\n<script type=\"application\/ld+json\" class=\"yoast-schema-graph\">{\"@context\":\"https:\/\/schema.org\",\"@graph\":[{\"@type\":\"WebSite\",\"@id\":\"https:\/\/www.visit-ulcinj.com\/blog\/#website\",\"url\":\"https:\/\/www.visit-ulcinj.com\/blog\/\",\"name\":\"Lajme nga Ulqini\",\"description\":\"Lajme,Vijesti,Ulqini,Ulqin,Crna Gora,Mali i Zi\",\"potentialAction\":[{\"@type\":\"SearchAction\",\"target\":{\"@type\":\"EntryPoint\",\"urlTemplate\":\"https:\/\/www.visit-ulcinj.com\/blog\/?s={search_term_string}\"},\"query-input\":\"required name=search_term_string\"}],\"inLanguage\":\"en-US\"},{\"@type\":\"ImageObject\",\"inLanguage\":\"en-US\",\"@id\":\"https:\/\/www.visit-ulcinj.com\/blog\/2015\/10\/16\/salaj-anetaresimi-malit-te-zi-ne-nato\/#primaryimage\",\"url\":\"https:\/\/www.visit-ulcinj.com\/blog\/wp-content\/uploads\/2015\/10\/Salaj-Abazoviq.jpg\",\"contentUrl\":\"https:\/\/www.visit-ulcinj.com\/blog\/wp-content\/uploads\/2015\/10\/Salaj-Abazoviq.jpg\",\"width\":638,\"height\":323},{\"@type\":\"WebPage\",\"@id\":\"https:\/\/www.visit-ulcinj.com\/blog\/2015\/10\/16\/salaj-anetaresimi-malit-te-zi-ne-nato\/#webpage\",\"url\":\"https:\/\/www.visit-ulcinj.com\/blog\/2015\/10\/16\/salaj-anetaresimi-malit-te-zi-ne-nato\/\",\"name\":\"Salaj: An\u00ebtar\u00ebsimi i Malit t\u00eb Zi n\u00eb Nato - Lajme nga Ulqini\",\"isPartOf\":{\"@id\":\"https:\/\/www.visit-ulcinj.com\/blog\/#website\"},\"primaryImageOfPage\":{\"@id\":\"https:\/\/www.visit-ulcinj.com\/blog\/2015\/10\/16\/salaj-anetaresimi-malit-te-zi-ne-nato\/#primaryimage\"},\"datePublished\":\"2015-10-16T22:11:20+00:00\",\"dateModified\":\"2015-10-16T22:11:20+00:00\",\"author\":{\"@id\":\"https:\/\/www.visit-ulcinj.com\/blog\/#\/schema\/person\/dcab619c614d3038751c63bc2aadc06d\"},\"description\":\"N\u00eb nj\u00eb tribun\u00eb t\u00eb mbajtur n\u00eb Ulqin u debatua p\u00ebr r\u00ebnd\u00ebsin\u00eb e an\u00ebtar\u00ebsimit t\u00eb Malit t\u00eb Zi n\u00eb NATO. Politikan\u00eb, diplomat\u00eb dhe p\u00ebrfaq\u00ebsues\u00a0 t\u00eb shoq\u00ebris\u00eb\",\"breadcrumb\":{\"@id\":\"https:\/\/www.visit-ulcinj.com\/blog\/2015\/10\/16\/salaj-anetaresimi-malit-te-zi-ne-nato\/#breadcrumb\"},\"inLanguage\":\"en-US\",\"potentialAction\":[{\"@type\":\"ReadAction\",\"target\":[\"https:\/\/www.visit-ulcinj.com\/blog\/2015\/10\/16\/salaj-anetaresimi-malit-te-zi-ne-nato\/\"]}]},{\"@type\":\"BreadcrumbList\",\"@id\":\"https:\/\/www.visit-ulcinj.com\/blog\/2015\/10\/16\/salaj-anetaresimi-malit-te-zi-ne-nato\/#breadcrumb\",\"itemListElement\":[{\"@type\":\"ListItem\",\"position\":1,\"name\":\"Salaj: An\u00ebtar\u00ebsimi i Malit t\u00eb Zi n\u00eb Nato\"}]},{\"@type\":\"Person\",\"@id\":\"https:\/\/www.visit-ulcinj.com\/blog\/#\/schema\/person\/dcab619c614d3038751c63bc2aadc06d\",\"name\":\"ulqini\",\"sameAs\":[\"http:\/\/www.visit-ulcinj.com\"],\"url\":\"https:\/\/www.visit-ulcinj.com\/blog\/author\/admin\/\"}]}<\/script>\n<!-- \/ Yoast SEO plugin. -->","yoast_head_json":{"title":"Salaj: An\u00ebtar\u00ebsimi i Malit t\u00eb Zi n\u00eb Nato - Lajme nga Ulqini","description":"N\u00eb nj\u00eb tribun\u00eb t\u00eb mbajtur n\u00eb Ulqin u debatua p\u00ebr r\u00ebnd\u00ebsin\u00eb e an\u00ebtar\u00ebsimit t\u00eb Malit t\u00eb Zi n\u00eb NATO. Politikan\u00eb, diplomat\u00eb dhe p\u00ebrfaq\u00ebsues\u00a0 t\u00eb shoq\u00ebris\u00eb","robots":{"index":"index","follow":"follow","max-snippet":"max-snippet:-1","max-image-preview":"max-image-preview:large","max-video-preview":"max-video-preview:-1"},"canonical":"https:\/\/www.visit-ulcinj.com\/blog\/2015\/10\/16\/salaj-anetaresimi-malit-te-zi-ne-nato\/","og_locale":"en_US","og_type":"article","og_title":"Salaj: An\u00ebtar\u00ebsimi i Malit t\u00eb Zi n\u00eb Nato - Lajme nga Ulqini","og_description":"N\u00eb nj\u00eb tribun\u00eb t\u00eb mbajtur n\u00eb Ulqin u debatua p\u00ebr r\u00ebnd\u00ebsin\u00eb e an\u00ebtar\u00ebsimit t\u00eb Malit t\u00eb Zi n\u00eb NATO. Politikan\u00eb, diplomat\u00eb dhe p\u00ebrfaq\u00ebsues\u00a0 t\u00eb shoq\u00ebris\u00eb","og_url":"https:\/\/www.visit-ulcinj.com\/blog\/2015\/10\/16\/salaj-anetaresimi-malit-te-zi-ne-nato\/","og_site_name":"Lajme nga Ulqini","article_published_time":"2015-10-16T22:11:20+00:00","og_image":[{"url":"http:\/\/www.visit-ulcinj.com\/blog\/wp-content\/uploads\/2015\/10\/Salaj-Abazoviq.jpg"}],"twitter_misc":{"Written by":"ulqini","Est. reading time":"1 minute"},"schema":{"@context":"https:\/\/schema.org","@graph":[{"@type":"WebSite","@id":"https:\/\/www.visit-ulcinj.com\/blog\/#website","url":"https:\/\/www.visit-ulcinj.com\/blog\/","name":"Lajme nga Ulqini","description":"Lajme,Vijesti,Ulqini,Ulqin,Crna Gora,Mali i Zi","potentialAction":[{"@type":"SearchAction","target":{"@type":"EntryPoint","urlTemplate":"https:\/\/www.visit-ulcinj.com\/blog\/?s={search_term_string}"},"query-input":"required name=search_term_string"}],"inLanguage":"en-US"},{"@type":"ImageObject","inLanguage":"en-US","@id":"https:\/\/www.visit-ulcinj.com\/blog\/2015\/10\/16\/salaj-anetaresimi-malit-te-zi-ne-nato\/#primaryimage","url":"https:\/\/www.visit-ulcinj.com\/blog\/wp-content\/uploads\/2015\/10\/Salaj-Abazoviq.jpg","contentUrl":"https:\/\/www.visit-ulcinj.com\/blog\/wp-content\/uploads\/2015\/10\/Salaj-Abazoviq.jpg","width":638,"height":323},{"@type":"WebPage","@id":"https:\/\/www.visit-ulcinj.com\/blog\/2015\/10\/16\/salaj-anetaresimi-malit-te-zi-ne-nato\/#webpage","url":"https:\/\/www.visit-ulcinj.com\/blog\/2015\/10\/16\/salaj-anetaresimi-malit-te-zi-ne-nato\/","name":"Salaj: An\u00ebtar\u00ebsimi i Malit t\u00eb Zi n\u00eb Nato - Lajme nga Ulqini","isPartOf":{"@id":"https:\/\/www.visit-ulcinj.com\/blog\/#website"},"primaryImageOfPage":{"@id":"https:\/\/www.visit-ulcinj.com\/blog\/2015\/10\/16\/salaj-anetaresimi-malit-te-zi-ne-nato\/#primaryimage"},"datePublished":"2015-10-16T22:11:20+00:00","dateModified":"2015-10-16T22:11:20+00:00","author":{"@id":"https:\/\/www.visit-ulcinj.com\/blog\/#\/schema\/person\/dcab619c614d3038751c63bc2aadc06d"},"description":"N\u00eb nj\u00eb tribun\u00eb t\u00eb mbajtur n\u00eb Ulqin u debatua p\u00ebr r\u00ebnd\u00ebsin\u00eb e an\u00ebtar\u00ebsimit t\u00eb Malit t\u00eb Zi n\u00eb NATO. Politikan\u00eb, diplomat\u00eb dhe p\u00ebrfaq\u00ebsues\u00a0 t\u00eb shoq\u00ebris\u00eb","breadcrumb":{"@id":"https:\/\/www.visit-ulcinj.com\/blog\/2015\/10\/16\/salaj-anetaresimi-malit-te-zi-ne-nato\/#breadcrumb"},"inLanguage":"en-US","potentialAction":[{"@type":"ReadAction","target":["https:\/\/www.visit-ulcinj.com\/blog\/2015\/10\/16\/salaj-anetaresimi-malit-te-zi-ne-nato\/"]}]},{"@type":"BreadcrumbList","@id":"https:\/\/www.visit-ulcinj.com\/blog\/2015\/10\/16\/salaj-anetaresimi-malit-te-zi-ne-nato\/#breadcrumb","itemListElement":[{"@type":"ListItem","position":1,"name":"Salaj: An\u00ebtar\u00ebsimi i Malit t\u00eb Zi n\u00eb Nato"}]},{"@type":"Person","@id":"https:\/\/www.visit-ulcinj.com\/blog\/#\/schema\/person\/dcab619c614d3038751c63bc2aadc06d","name":"ulqini","sameAs":["http:\/\/www.visit-ulcinj.com"],"url":"https:\/\/www.visit-ulcinj.com\/blog\/author\/admin\/"}]}},"jetpack_featured_media_url":"","jetpack_sharing_enabled":true,"jetpack_shortlink":"https:\/\/wp.me\/pe6lTn-o8C","_links":{"self":[{"href":"https:\/\/www.visit-ulcinj.com\/blog\/wp-json\/wp\/v2\/posts\/92790"}],"collection":[{"href":"https:\/\/www.visit-ulcinj.com\/blog\/wp-json\/wp\/v2\/posts"}],"about":[{"href":"https:\/\/www.visit-ulcinj.com\/blog\/wp-json\/wp\/v2\/types\/post"}],"author":[{"embeddable":true,"href":"https:\/\/www.visit-ulcinj.com\/blog\/wp-json\/wp\/v2\/users\/1"}],"replies":[{"embeddable":true,"href":"https:\/\/www.visit-ulcinj.com\/blog\/wp-json\/wp\/v2\/comments?post=92790"}],"version-history":[{"count":1,"href":"https:\/\/www.visit-ulcinj.com\/blog\/wp-json\/wp\/v2\/posts\/92790\/revisions"}],"predecessor-version":[{"id":92792,"href":"https:\/\/www.visit-ulcinj.com\/blog\/wp-json\/wp\/v2\/posts\/92790\/revisions\/92792"}],"wp:attachment":[{"href":"https:\/\/www.visit-ulcinj.com\/blog\/wp-json\/wp\/v2\/media?parent=92790"}],"wp:term":[{"taxonomy":"category","embeddable":true,"href":"https:\/\/www.visit-ulcinj.com\/blog\/wp-json\/wp\/v2\/categories?post=92790"},{"taxonomy":"post_tag","embeddable":true,"href":"https:\/\/www.visit-ulcinj.com\/blog\/wp-json\/wp\/v2\/tags?post=92790"}],"curies":[{"name":"wp","href":"https:\/\/api.w.org\/{rel}","templated":true}]}}