{"id":92796,"date":"2015-10-18T10:22:16","date_gmt":"2015-10-18T09:22:16","guid":{"rendered":"http:\/\/www.visit-ulcinj.com\/blog\/?p=92796"},"modified":"2015-10-18T10:28:35","modified_gmt":"2015-10-18T09:28:35","slug":"ulcinjskoj-solani-proizvodnja-soli-osnov-za-opstanak","status":"publish","type":"post","link":"https:\/\/www.visit-ulcinj.com\/blog\/2015\/10\/18\/ulcinjskoj-solani-proizvodnja-soli-osnov-za-opstanak\/","title":{"rendered":"Ulcinjskoj Solani proizvodnja soli osnov za opstanak"},"content":{"rendered":"<p><strong><a href=\"http:\/\/www.visit-ulcinj.com\/blog\/wp-content\/uploads\/2015\/10\/SKUP-U-ULCINJU-SOLANA.jpg\"><img loading=\"lazy\" class=\"alignleft wp-image-92797\" src=\"http:\/\/www.visit-ulcinj.com\/blog\/wp-content\/uploads\/2015\/10\/SKUP-U-ULCINJU-SOLANA.jpg\" alt=\"SKUP U ULCINJU-SOLANA\" width=\"508\" height=\"227\" srcset=\"https:\/\/www.visit-ulcinj.com\/blog\/wp-content\/uploads\/2015\/10\/SKUP-U-ULCINJU-SOLANA.jpg 900w, https:\/\/www.visit-ulcinj.com\/blog\/wp-content\/uploads\/2015\/10\/SKUP-U-ULCINJU-SOLANA-300x134.jpg 300w\" sizes=\"(max-width: 508px) 100vw, 508px\" \/><\/a>Proizvodnja soli je osnov za opstanak Solane i za\u0161titu biodiverziteta na tom podru\u010dju koje je va\u017eno u evropskim razmjerama, re\u010deno je danas na okruglom stolu pod nazivom \u201eZa\u0161tita i valorizacija prirodnih resursa Ulcinjske Solane\u201c, koji je odr\u017ean u Ulcinju.<\/strong><\/p>\n<p>Na ovom skupu su \u010delnici JP &#8220;Nacionalni parkovi Crne Gore&#8221; (JPNPCG) predstavili Program upravljanja Solanom do avgusta naredne godine, koji uklju\u010duje i organizaciju berbe slanih kristala.<\/p>\n<p>Prema rije\u010dima dr\u017eavne sekretarke u Ministarstvu odr\u017eivog razvoja i turizma Daliborke Pejovi\u0107, pitanje Solane je jedan od uslova napretka Crne Gore u procesu pristupnih pregovora sa EU. Ona je istakla da \u0107e Solana biti za\u0161ti\u0107ena na dr\u017eavnom nivou, te da su krenule procedure da se uvrsti u Ramsarko i Emerald podru\u010dje, odnosno da \u0107e ona postati dio prirodne evropske ba\u0161tine.<\/p>\n<p>Svi u\u010desnici na ovom skupu su naglasili zna\u010daj sveobuhvatnog tretiranja ovog izuzetno vrijednog prostora, te izrazili o\u010dekivanje da \u0107e zakupac, JPNPCG, kvalitetno upravljati Solanom.<\/p>\n<p>Na okruglom stolu je istaknuto da u ekolo\u0161kom pogledu Ulcinjska solana predstavlja zna\u010dajan tip stani\u0161ta i ima veliku ulogu u odr\u017eanju biodiverziteta. Solana je 1989. godine stavljena na listu Me\u0111unarodno zna\u010dajnih podru\u010dja za boravak ptica, a od 2006. godine, prepoznata je kao Emerald stani\u0161te Bernske konvencije. Solana je 2008. godine stavljena na listu potencijalnih Natura 2000 stani\u0161ta u Crnoj Gori, dok je 2012. godine, izmjenama i dopunama Prostornog plana Crne Gore do 2020. godine, predlo\u017eena za budu\u0107i spomenik prirode.<\/p>\n<p>&#8220;Na skupu je istaknuto da je Vlada Crne Gore usvojila Informaciju Ministarstva odr\u017eivog razvoja i turizma o stanju na Solani s predlogom daljih aktivnosti, zadu\u017eila isto da koordinira aktivnosti na uspostavljanju Solane Ramsar i Emerald podru\u010djem i obezbijedi me\u0111unarodnu donatorsku podr\u0161ku za obnovu Solane, kao i da je pitanje Solane jedan od uslova napretka Crne Gore u procesu pristupnih pregovora sa EU&#8221;, saop\u0161teno je iz Ministarstva odr\u017eivog razvoja i turizma.<\/p>\n<p>U\u010desnici skupa su zaklju\u010dili da je neophodan multidisciplinaran pristup za\u0161titi, valorizaciji i promociji prirodnih resursa Ulcinjske solane, koordinisan i kontinuiran rad svih klju\u010dnih institucija i organizacija koje se bave za\u0161titom prirode, redovno i blagovremeno obavje\u0161tavanje Delegacije EU, a prije svega \u010dvr\u0161\u0107a saradnja sa lokalnom upravom, turisti\u010dkom organizacijom i lokalnim zajednicama koje \u0107e doprinijeti o\u010duvanju ovog prostora.<\/p>\n<p>Okruglom stolu su, ina\u010de, prisustvovali i predstavnici Evropske Delegacije u Crnoj Gori, predstavnici stranih ambasada, Turisti\u010dke organizacije Ulcinj, te doma\u0107ih i me\u0111unarodnih ekolo\u0161kih organizacija.<\/p>\n<p><strong>Izvor: RTCG<\/strong><\/p>\n","protected":false},"excerpt":{"rendered":"<p>Proizvodnja soli je osnov za opstanak Solane i za\u0161titu biodiverziteta na tom podru\u010dju koje je va\u017eno u evropskim razmjerama, re\u010deno je danas na okruglom stolu pod nazivom \u201eZa\u0161tita i valorizacija prirodnih resursa Ulcinjske Solane\u201c, koji je odr\u017ean u Ulcinju. Na ovom skupu su \u010delnici JP &#8220;Nacionalni parkovi Crne Gore&#8221; (JPNPCG) predstavili Program upravljanja Solanom do [&hellip;]<\/p>\n","protected":false},"author":1,"featured_media":0,"comment_status":"closed","ping_status":"closed","sticky":false,"template":"","format":"standard","meta":{"spay_email":"","jetpack_publicize_message":"","jetpack_is_tweetstorm":false,"jetpack_publicize_feature_enabled":true},"categories":[6950],"tags":[],"jetpack_publicize_connections":[],"yoast_head":"<!-- This site is optimized with the Yoast SEO plugin v19.1 - https:\/\/yoast.com\/wordpress\/plugins\/seo\/ -->\n<title>Ulcinjskoj Solani proizvodnja soli osnov za opstanak - Lajme nga Ulqini<\/title>\n<meta name=\"description\" content=\"Proizvodnja soli je osnov za opstanak Solane i za\u0161titu biodiverziteta na tom podru\u010dju koje je va\u017eno u evropskim razmjerama, re\u010deno je danas na okruglom\" \/>\n<meta name=\"robots\" content=\"index, follow, max-snippet:-1, max-image-preview:large, max-video-preview:-1\" \/>\n<link rel=\"canonical\" href=\"https:\/\/www.visit-ulcinj.com\/blog\/2015\/10\/18\/ulcinjskoj-solani-proizvodnja-soli-osnov-za-opstanak\/\" \/>\n<meta property=\"og:locale\" content=\"en_US\" \/>\n<meta property=\"og:type\" content=\"article\" \/>\n<meta property=\"og:title\" content=\"Ulcinjskoj Solani proizvodnja soli osnov za opstanak - Lajme nga Ulqini\" \/>\n<meta property=\"og:description\" content=\"Proizvodnja soli je osnov za opstanak Solane i za\u0161titu biodiverziteta na tom podru\u010dju koje je va\u017eno u evropskim razmjerama, re\u010deno je danas na okruglom\" \/>\n<meta property=\"og:url\" content=\"https:\/\/www.visit-ulcinj.com\/blog\/2015\/10\/18\/ulcinjskoj-solani-proizvodnja-soli-osnov-za-opstanak\/\" \/>\n<meta property=\"og:site_name\" content=\"Lajme nga Ulqini\" \/>\n<meta property=\"article:published_time\" content=\"2015-10-18T09:22:16+00:00\" \/>\n<meta property=\"article:modified_time\" content=\"2015-10-18T09:28:35+00:00\" \/>\n<meta property=\"og:image\" content=\"http:\/\/www.visit-ulcinj.com\/blog\/wp-content\/uploads\/2015\/10\/SKUP-U-ULCINJU-SOLANA.jpg\" \/>\n<meta name=\"twitter:label1\" content=\"Written by\" \/>\n\t<meta name=\"twitter:data1\" content=\"ulqini\" \/>\n\t<meta name=\"twitter:label2\" content=\"Est. reading time\" \/>\n\t<meta name=\"twitter:data2\" content=\"2 minutes\" \/>\n<script type=\"application\/ld+json\" class=\"yoast-schema-graph\">{\"@context\":\"https:\/\/schema.org\",\"@graph\":[{\"@type\":\"WebSite\",\"@id\":\"https:\/\/www.visit-ulcinj.com\/blog\/#website\",\"url\":\"https:\/\/www.visit-ulcinj.com\/blog\/\",\"name\":\"Lajme nga Ulqini\",\"description\":\"Lajme,Vijesti,Ulqini,Ulqin,Crna Gora,Mali i Zi\",\"potentialAction\":[{\"@type\":\"SearchAction\",\"target\":{\"@type\":\"EntryPoint\",\"urlTemplate\":\"https:\/\/www.visit-ulcinj.com\/blog\/?s={search_term_string}\"},\"query-input\":\"required name=search_term_string\"}],\"inLanguage\":\"en-US\"},{\"@type\":\"ImageObject\",\"inLanguage\":\"en-US\",\"@id\":\"https:\/\/www.visit-ulcinj.com\/blog\/2015\/10\/18\/ulcinjskoj-solani-proizvodnja-soli-osnov-za-opstanak\/#primaryimage\",\"url\":\"https:\/\/www.visit-ulcinj.com\/blog\/wp-content\/uploads\/2015\/10\/SKUP-U-ULCINJU-SOLANA.jpg\",\"contentUrl\":\"https:\/\/www.visit-ulcinj.com\/blog\/wp-content\/uploads\/2015\/10\/SKUP-U-ULCINJU-SOLANA.jpg\",\"width\":900,\"height\":402},{\"@type\":\"WebPage\",\"@id\":\"https:\/\/www.visit-ulcinj.com\/blog\/2015\/10\/18\/ulcinjskoj-solani-proizvodnja-soli-osnov-za-opstanak\/#webpage\",\"url\":\"https:\/\/www.visit-ulcinj.com\/blog\/2015\/10\/18\/ulcinjskoj-solani-proizvodnja-soli-osnov-za-opstanak\/\",\"name\":\"Ulcinjskoj Solani proizvodnja soli osnov za opstanak - Lajme nga Ulqini\",\"isPartOf\":{\"@id\":\"https:\/\/www.visit-ulcinj.com\/blog\/#website\"},\"primaryImageOfPage\":{\"@id\":\"https:\/\/www.visit-ulcinj.com\/blog\/2015\/10\/18\/ulcinjskoj-solani-proizvodnja-soli-osnov-za-opstanak\/#primaryimage\"},\"datePublished\":\"2015-10-18T09:22:16+00:00\",\"dateModified\":\"2015-10-18T09:28:35+00:00\",\"author\":{\"@id\":\"https:\/\/www.visit-ulcinj.com\/blog\/#\/schema\/person\/dcab619c614d3038751c63bc2aadc06d\"},\"description\":\"Proizvodnja soli je osnov za opstanak Solane i za\u0161titu biodiverziteta na tom podru\u010dju koje je va\u017eno u evropskim razmjerama, re\u010deno je danas na okruglom\",\"breadcrumb\":{\"@id\":\"https:\/\/www.visit-ulcinj.com\/blog\/2015\/10\/18\/ulcinjskoj-solani-proizvodnja-soli-osnov-za-opstanak\/#breadcrumb\"},\"inLanguage\":\"en-US\",\"potentialAction\":[{\"@type\":\"ReadAction\",\"target\":[\"https:\/\/www.visit-ulcinj.com\/blog\/2015\/10\/18\/ulcinjskoj-solani-proizvodnja-soli-osnov-za-opstanak\/\"]}]},{\"@type\":\"BreadcrumbList\",\"@id\":\"https:\/\/www.visit-ulcinj.com\/blog\/2015\/10\/18\/ulcinjskoj-solani-proizvodnja-soli-osnov-za-opstanak\/#breadcrumb\",\"itemListElement\":[{\"@type\":\"ListItem\",\"position\":1,\"name\":\"Ulcinjskoj Solani proizvodnja soli osnov za opstanak\"}]},{\"@type\":\"Person\",\"@id\":\"https:\/\/www.visit-ulcinj.com\/blog\/#\/schema\/person\/dcab619c614d3038751c63bc2aadc06d\",\"name\":\"ulqini\",\"sameAs\":[\"http:\/\/www.visit-ulcinj.com\"],\"url\":\"https:\/\/www.visit-ulcinj.com\/blog\/author\/admin\/\"}]}<\/script>\n<!-- \/ Yoast SEO plugin. -->","yoast_head_json":{"title":"Ulcinjskoj Solani proizvodnja soli osnov za opstanak - Lajme nga Ulqini","description":"Proizvodnja soli je osnov za opstanak Solane i za\u0161titu biodiverziteta na tom podru\u010dju koje je va\u017eno u evropskim razmjerama, re\u010deno je danas na okruglom","robots":{"index":"index","follow":"follow","max-snippet":"max-snippet:-1","max-image-preview":"max-image-preview:large","max-video-preview":"max-video-preview:-1"},"canonical":"https:\/\/www.visit-ulcinj.com\/blog\/2015\/10\/18\/ulcinjskoj-solani-proizvodnja-soli-osnov-za-opstanak\/","og_locale":"en_US","og_type":"article","og_title":"Ulcinjskoj Solani proizvodnja soli osnov za opstanak - Lajme nga Ulqini","og_description":"Proizvodnja soli je osnov za opstanak Solane i za\u0161titu biodiverziteta na tom podru\u010dju koje je va\u017eno u evropskim razmjerama, re\u010deno je danas na okruglom","og_url":"https:\/\/www.visit-ulcinj.com\/blog\/2015\/10\/18\/ulcinjskoj-solani-proizvodnja-soli-osnov-za-opstanak\/","og_site_name":"Lajme nga Ulqini","article_published_time":"2015-10-18T09:22:16+00:00","article_modified_time":"2015-10-18T09:28:35+00:00","og_image":[{"url":"http:\/\/www.visit-ulcinj.com\/blog\/wp-content\/uploads\/2015\/10\/SKUP-U-ULCINJU-SOLANA.jpg"}],"twitter_misc":{"Written by":"ulqini","Est. reading time":"2 minutes"},"schema":{"@context":"https:\/\/schema.org","@graph":[{"@type":"WebSite","@id":"https:\/\/www.visit-ulcinj.com\/blog\/#website","url":"https:\/\/www.visit-ulcinj.com\/blog\/","name":"Lajme nga Ulqini","description":"Lajme,Vijesti,Ulqini,Ulqin,Crna Gora,Mali i Zi","potentialAction":[{"@type":"SearchAction","target":{"@type":"EntryPoint","urlTemplate":"https:\/\/www.visit-ulcinj.com\/blog\/?s={search_term_string}"},"query-input":"required name=search_term_string"}],"inLanguage":"en-US"},{"@type":"ImageObject","inLanguage":"en-US","@id":"https:\/\/www.visit-ulcinj.com\/blog\/2015\/10\/18\/ulcinjskoj-solani-proizvodnja-soli-osnov-za-opstanak\/#primaryimage","url":"https:\/\/www.visit-ulcinj.com\/blog\/wp-content\/uploads\/2015\/10\/SKUP-U-ULCINJU-SOLANA.jpg","contentUrl":"https:\/\/www.visit-ulcinj.com\/blog\/wp-content\/uploads\/2015\/10\/SKUP-U-ULCINJU-SOLANA.jpg","width":900,"height":402},{"@type":"WebPage","@id":"https:\/\/www.visit-ulcinj.com\/blog\/2015\/10\/18\/ulcinjskoj-solani-proizvodnja-soli-osnov-za-opstanak\/#webpage","url":"https:\/\/www.visit-ulcinj.com\/blog\/2015\/10\/18\/ulcinjskoj-solani-proizvodnja-soli-osnov-za-opstanak\/","name":"Ulcinjskoj Solani proizvodnja soli osnov za opstanak - Lajme nga Ulqini","isPartOf":{"@id":"https:\/\/www.visit-ulcinj.com\/blog\/#website"},"primaryImageOfPage":{"@id":"https:\/\/www.visit-ulcinj.com\/blog\/2015\/10\/18\/ulcinjskoj-solani-proizvodnja-soli-osnov-za-opstanak\/#primaryimage"},"datePublished":"2015-10-18T09:22:16+00:00","dateModified":"2015-10-18T09:28:35+00:00","author":{"@id":"https:\/\/www.visit-ulcinj.com\/blog\/#\/schema\/person\/dcab619c614d3038751c63bc2aadc06d"},"description":"Proizvodnja soli je osnov za opstanak Solane i za\u0161titu biodiverziteta na tom podru\u010dju koje je va\u017eno u evropskim razmjerama, re\u010deno je danas na okruglom","breadcrumb":{"@id":"https:\/\/www.visit-ulcinj.com\/blog\/2015\/10\/18\/ulcinjskoj-solani-proizvodnja-soli-osnov-za-opstanak\/#breadcrumb"},"inLanguage":"en-US","potentialAction":[{"@type":"ReadAction","target":["https:\/\/www.visit-ulcinj.com\/blog\/2015\/10\/18\/ulcinjskoj-solani-proizvodnja-soli-osnov-za-opstanak\/"]}]},{"@type":"BreadcrumbList","@id":"https:\/\/www.visit-ulcinj.com\/blog\/2015\/10\/18\/ulcinjskoj-solani-proizvodnja-soli-osnov-za-opstanak\/#breadcrumb","itemListElement":[{"@type":"ListItem","position":1,"name":"Ulcinjskoj Solani proizvodnja soli osnov za opstanak"}]},{"@type":"Person","@id":"https:\/\/www.visit-ulcinj.com\/blog\/#\/schema\/person\/dcab619c614d3038751c63bc2aadc06d","name":"ulqini","sameAs":["http:\/\/www.visit-ulcinj.com"],"url":"https:\/\/www.visit-ulcinj.com\/blog\/author\/admin\/"}]}},"jetpack_featured_media_url":"","jetpack_sharing_enabled":true,"jetpack_shortlink":"https:\/\/wp.me\/pe6lTn-o8I","_links":{"self":[{"href":"https:\/\/www.visit-ulcinj.com\/blog\/wp-json\/wp\/v2\/posts\/92796"}],"collection":[{"href":"https:\/\/www.visit-ulcinj.com\/blog\/wp-json\/wp\/v2\/posts"}],"about":[{"href":"https:\/\/www.visit-ulcinj.com\/blog\/wp-json\/wp\/v2\/types\/post"}],"author":[{"embeddable":true,"href":"https:\/\/www.visit-ulcinj.com\/blog\/wp-json\/wp\/v2\/users\/1"}],"replies":[{"embeddable":true,"href":"https:\/\/www.visit-ulcinj.com\/blog\/wp-json\/wp\/v2\/comments?post=92796"}],"version-history":[{"count":2,"href":"https:\/\/www.visit-ulcinj.com\/blog\/wp-json\/wp\/v2\/posts\/92796\/revisions"}],"predecessor-version":[{"id":92799,"href":"https:\/\/www.visit-ulcinj.com\/blog\/wp-json\/wp\/v2\/posts\/92796\/revisions\/92799"}],"wp:attachment":[{"href":"https:\/\/www.visit-ulcinj.com\/blog\/wp-json\/wp\/v2\/media?parent=92796"}],"wp:term":[{"taxonomy":"category","embeddable":true,"href":"https:\/\/www.visit-ulcinj.com\/blog\/wp-json\/wp\/v2\/categories?post=92796"},{"taxonomy":"post_tag","embeddable":true,"href":"https:\/\/www.visit-ulcinj.com\/blog\/wp-json\/wp\/v2\/tags?post=92796"}],"curies":[{"name":"wp","href":"https:\/\/api.w.org\/{rel}","templated":true}]}}