{"id":9280,"date":"2009-01-17T20:49:18","date_gmt":"2009-01-17T19:49:18","guid":{"rendered":"http:\/\/www.visit-ulcinj.com\/blog\/?p=9280"},"modified":"2010-03-15T19:46:40","modified_gmt":"2010-03-15T17:46:40","slug":"shkreli-ne-pds-sherbej-me-mire-ceshtjes-shqiptare-ne-kete-parti","status":"publish","type":"post","link":"https:\/\/www.visit-ulcinj.com\/blog\/2009\/01\/17\/shkreli-ne-pds-sherbej-me-mire-ceshtjes-shqiptare-ne-kete-parti\/","title":{"rendered":"Shkreli: N\u00eb PDS sh\u00ebrbej m\u00eb mir\u00eb \u00e7\u00ebshtjes shqiptare n\u00eb k\u00ebt\u00eb parti"},"content":{"rendered":"<p><strong><a rel=\"attachment wp-att-9282\" href=\"http:\/\/www.visit-ulcinj.com\/blog\/2009\/01\/17\/shkreli-ne-pds-sherbej-me-mire-ceshtjes-shqiptare-ne-kete-parti\/luigj-shkrela-2\/\"><img loading=\"lazy\" class=\"alignleft size-full wp-image-9282\" title=\"luigj-shkrela\" src=\"http:\/\/www.visit-ulcinj.com\/blog\/wp-content\/uploads\/2009\/01\/luigj-shkrela.jpg\" alt=\"luigj-shkrela\" width=\"570\" height=\"400\" \/><\/a>Ju tregoj se kur jam ndjer\u00eb mir\u00eb si deputet i partis\u00eb s\u00eb Gjukanovi\u00e7it<\/strong>.<br \/>\nLuigj Shkreli \u00ebsht\u00eb deputet n\u00eb Parlamentin e Malit t\u00eb Zi. Komuniteti shqiptar i Mal\u00ebsis\u00eb dhe nj\u00eb pjes\u00eb e atij t\u00eb Ulqinit q\u00eb jeton n\u00eb Amerik\u00eb, e cil\u00ebson \u201ct\u00eb shitur\u201d tek serbo-malazez\u00ebt, dhe nuk pranojn\u00eb t\u00eb bisedojn\u00eb me t\u00eb, nd\u00ebrkoh\u00eb q\u00eb nj\u00eb pjes\u00eb tjet\u00ebr, jo vet\u00ebm q\u00eb e takojn\u00eb e bisedojn\u00eb, por edhe i shtrojn\u00eb dreka e darka, madje organizojn\u00eb edhe koncerte me k\u00ebng\u00ebtare t\u00eb zgjedhura. N\u00eb vizit\u00ebn e fundit q\u00eb b\u00ebri n\u00eb SHBA, ai shoq\u00ebroi dy ansamble artistike t\u00eb vendlindjes, q\u00eb mor\u00ebn pjes\u00eb n\u00eb Festivalin Shqiptar t\u00eb Nju Jork-ut.<\/p>\n<p><strong>N\u00eb bised\u00ebn q\u00eb b\u00ebra me t\u00eb, i shtrova pyetjen: Pse e keni futur veten kund\u00ebr rrym\u00ebs?<\/strong><\/p>\n<p>P\u00ebrgjigja e tij ishte: \u201cUn\u00eb i sh\u00ebrbej m\u00eb mir\u00eb \u00e7\u00ebshtjes shqiptare n\u00eb k\u00ebt\u00eb parti. Ndjehem i qet\u00eb se Qeveria e partis\u00eb time njohu Kosov\u00ebn e pavarur\u201d.<\/p>\n<p><strong>Kush \u00ebsht\u00eb Luigj Shkereli?<\/strong><\/p>\n<p>Un\u00eb jam prej Sh\u00ebn Gjergjit, nj\u00eb fshat piktoresk n\u00eb komun\u00ebn e Ulqinit, bri lumit Buna. P\u00ebr momentin jam deputet n\u00eb Parlamentin e Malit t\u00eb Zi. Ky \u00ebsht\u00eb mandati i tret\u00eb q\u00eb kam marr\u00eb nga votat e lira. P\u00ebrfaq\u00ebsoj Partin\u00eb Demokratike Socialiste n\u00eb Mal t\u00eb Zi; aktualisht \u00ebsht\u00eb partia n\u00eb pushtet. \u00cbsht\u00eb pik\u00ebrisht kjo parti q\u00eb ka jet\u00ebsuar dhe avancuar \u00ebndrrat shekullore p\u00ebr pavar\u00ebsi dhe integrim t\u00eb shtetit t\u00eb Malit t\u00eb Zi, dhe q\u00eb aktualisht, indirekt u ka hapur rrug\u00eb edhe realizimit t\u00eb aspiratave t\u00eb popullit shqiptar n\u00eb Ballkan.<\/p>\n<p>Fakultetin Juridik e kam kryer n\u00eb Universitetin e Prishtin\u00ebs. 16 vite shkoll\u00eb i kam kryer n\u00eb gjuh\u00ebn shqipe. E cil\u00ebsoj k\u00ebt\u00eb fakt sepse jo rrall\u00eb her\u00eb ballafaqohemi me informata jo t\u00eb sakta q\u00eb shp\u00ebrndahen me q\u00ebllim t\u00eb keq p\u00ebr autoritetet e sken\u00ebs politike t\u00eb Ballkanit, ve\u00e7an\u00ebrisht informata t\u00eb tilla n\u00eb form\u00eb thashethemesh shp\u00ebrndahen me shumic\u00eb nd\u00ebr ne shqiptar\u00ebt.<\/p>\n<p>Jam i martuar, jam babai i tri vajzave; Donika \u00ebsht\u00eb vajza m\u00eb e madhe, Fran\u00e7eska e dyta dhe Barbara. Q\u00eb t\u00eb tria m\u00ebsojn\u00eb n\u00eb gjuh\u00ebn amtare shqipe dhe deri tani ndjehem krenar p\u00ebr ecurin\u00eb dhe formimin e tyre amtar.<\/p>\n<p><strong>Kur dhe p\u00ebrse karrier\u00ebn tuaj politike ia keni besuar Partis\u00eb Demokratike socialiste t\u00eb Malit t\u00eb Zi, gj\u00eb p\u00ebr t\u00eb cil\u00ebn ju p\u00ebrgojojn\u00eb tek nj\u00eb pjes\u00eb e komunitetit shqiptar?<\/strong><\/p>\n<p>Gjat\u00eb studimeve kam qen\u00eb i paangazhuar n\u00eb politik\u00eb. Por pas diplomimit, duke marr\u00eb parasysh natyr\u00ebn e shteteve t\u00eb at\u00ebhershme diktatoriale, m\u00eb \u00ebsht\u00eb dasht\u00eb q\u00eb t\u00eb merrem me partin\u00eb e at\u00ebhershme komuniste, edhe pse nuk kam qen\u00eb an\u00ebtar i spikatur. Hyrja ime n\u00eb politik\u00eb fillon n\u00eb vitin 1997, at\u00ebher\u00eb kur z. Gjukanovi\u00e7, pa se \u00e7\u2019po ndodhte n\u00eb sken\u00ebn politike t\u00eb Jugosllavis\u00eb dhe ishte nd\u00ebr ata q\u00eb i dha grushtin fillestar \u00ebndrr\u00ebs p\u00ebr Serbin\u00eb e madhe. L\u00ebvizja politike e Gjukanovi\u00e7it u parapriu veprimeve t\u00eb m\u00ebvonshme q\u00eb \u00e7uan n\u00eb rrokullisjen e regjimit t\u00eb Milloshevi\u00e7it. Kam qen\u00eb nj\u00eb nd\u00ebr aktor\u00ebt kryesor\u00eb q\u00eb K\u00ebshilli komunal i Partis\u00eb s\u00eb at\u00ebhershme Demokratike t\u00eb Socialist\u00ebve t\u00eb shk\u00ebputej nga politika ekstremiste e Bullatovi\u00e7it, q\u00eb s\u2019ishte gj\u00eb tjet\u00ebr ve\u00e7se politik\u00eb e Milloshevi\u00e7it. Qysh n\u00eb at\u00eb moment aktiviteti im merr nj\u00eb rol aktiv.<\/p>\n<p><strong>Nj\u00eb pyetje e drejtp\u00ebrdrejt\u00eb: Ju ia keni besuar karrier\u00ebn politike nj\u00eb partie malazeze, un\u00eb ju pyes sinqerisht: \u00cbsht\u00eb e mundur q\u00eb t\u00eb mbrosh \u00e7\u00ebshtjen shqiptare n\u00eb nj\u00eb parti jo t\u00eb komb\u00ebsis\u00eb s\u00eb cil\u00ebs i p\u00ebrket?<\/strong><\/p>\n<p>Sinqeriteti \u00ebsht\u00eb pjes\u00eb p\u00ebrb\u00ebr\u00ebse e aktivitetit dhe karrier\u00ebs time politike. Ua kam th\u00ebn\u00eb shpesh k\u00ebt\u00eb edhe gazetar\u00ebve. A \u00ebsht\u00eb mir\u00eb, a \u00ebsht\u00eb keq, dikush tjet\u00ebr duhet ta vler\u00ebsoj\u00eb. Nganj\u00ebher\u00eb sinqeriteti, jo vet\u00ebm n\u00eb politik\u00eb, por edhe n\u00eb jet\u00ebn e p\u00ebrditshme, edhe n\u00eb familje mund t\u00eb kushtoj\u00eb shtrenjt\u00eb, mir\u00ebpo, fatmir\u00ebsisht mua m\u00eb ka ndihmuar. Ua kam pas\u00eb lakmi atyre q\u00eb n\u00eb vitet 1990-91 kan\u00eb qen\u00eb inkuadruar n\u00eb parti shqiptare. Nuk kam qen\u00eb larg angazhimeve t\u00eb mia n\u00eb partit\u00eb nacionale shqiptare, por vet\u00eb lider\u00ebt e partive shqiptare t\u00eb at\u00ebhershme e t\u00eb m\u00ebvonshme, nuk kan\u00eb dasht\u00eb pranin\u00eb time atje. Vet\u00eb u kam th\u00ebn\u00eb se un\u00eb nuk do t\u00eb vij aty vet\u00ebm p\u00ebr t\u00eb ngritur dor\u00ebn, ose p\u00ebr t\u00eb mbush nj\u00eb num\u00ebr. Kam respekt p\u00ebr subjektin e par\u00eb politik nacional t\u00eb shqiptar\u00ebve, Lidhjen Demokratike Shqiptare, por t\u00eb mos harrojm\u00eb se prej saj kan\u00eb dal\u00eb edhe gjasht\u00eb parti t\u00eb tjera. P\u00ebrfundimet i nxjerrin vet\u00eb ata.<\/p>\n<p><strong>\u00c7far\u00eb ju b\u00ebn t\u00eb ndjeheni mir\u00eb n\u00eb Partin\u00eb e Gjukanovi\u00e7it?<\/strong><\/p>\n<p>Ka shum\u00eb arsye. N\u00eb vitin 1997, partia, ku un\u00eb kam mb\u00ebshtetur aktivitetin tim, i tha \u201cJO\u201d Milloshevi\u00e7it; n\u00eb vitin 1999, partia ime, kryetari i qeveris\u00eb, z. Milo Gjukanovi\u00e7, u hapi dyert 100 mij\u00eb shqiptar\u00ebve, armiq t\u00eb drejtp\u00ebrdrejt\u00eb t\u00eb Milloshevi\u00e7it, v\u00ebllez\u00ebrve t\u00eb mi kosovar\u00eb, q\u00eb t\u00eb gjenin streh\u00eb n\u00eb Mal t\u00eb Zi. Nuk besoj se me forc\u00ebn q\u00eb kan\u00eb, kjo merit\u00eb t\u2019u adresohet partive nacionale shqiptare. Natyrisht q\u00eb faktori shqiptar ka merit\u00ebn e vet n\u00eb vendimin q\u00eb mori Gjukanovi\u00e7i, por besoj se kjo vjen nga vizioni i tij. N\u00eb partin\u00eb e Gjukanovi\u00e7it nuk jan\u00eb vet\u00ebm malazez\u00ebt, nuk jam vet\u00ebm un\u00eb, ka dhe shqiptar\u00eb t\u00eb tjer\u00eb, ka edhe kroat\u00eb, ka edhe boshnjak\u00eb, edhe rom\u00eb,pra \u00ebsht\u00eb parti qytetare.<\/p>\n<p>Un\u00eb ndjehem mir\u00eb edhe p\u00ebr faktin se partia ku zhvilloj aktivitetin, partia q\u00eb ka qeverin\u00eb, njohu pavar\u00ebsin\u00eb e Kosov\u00ebs. Kjo \u00ebsht\u00eb prov\u00eb e vizionit t\u00eb liderit. Ju besoj se i ndoq\u00ebt q\u00eb k\u00ebtu reagimet e opozit\u00ebs, demonstrimet, grevat, etj. U mendua se me k\u00ebt\u00eb veprim do t\u00eb binte n\u00eb elektorat partia e Gjukanovi\u00e7it, p\u00ebrkundrazi ka stabilitet dhe ngritje elektorale. P.sh n\u00eb Komun\u00ebn e Kotorrit, jo m\u00eb larg se e diela, ne fituam tre mandate m\u00eb tep\u00ebr se kat\u00ebr vjet m\u00eb par\u00eb. Partia shqiptare fitoi vet\u00ebm nj\u00eb mandat.<\/p>\n<p><strong>Ka pas\u00eb raste kur \u00ebsht\u00eb p\u00ebrfolur vota juaj si deputet i n\u00eb nj\u00eb partie jo shqiptare?<\/strong><\/p>\n<p>Si jo! Kur u diskutua marr\u00ebveshja e Beogradit, pati shum\u00eb zhurm\u00eb dhe flitej hapur: si deputeti shqiptar Luigj Shkreli po voton p\u00ebr bashkimin Serbi-Mali i Zi? Marr\u00ebveshja parashihte q\u00eb Kosova t\u00eb mbetej n\u00ebn Republik\u00ebn Serbi-Mali i Zi. I kam duruar t\u00eb gjitha kritikat dhe p\u00ebrgojimet p\u00ebr hir t\u00eb nj\u00eb t\u00eb nes\u00ebrmeje m\u00eb t\u00eb mir\u00eb dhe ja ku jemi sot: Mali i Zi shtet i pavarur, Kosova shtetet i pavarur, i njohur edhe nga Mali i Zi, marr\u00ebdh\u00ebnie shum\u00eb v\u00ebllaz\u00ebrore me Shqip\u00ebrin\u00eb.<\/p>\n<p><strong>Si u ndjet\u00eb si shqiptar n\u00eb dit\u00ebn e shpalljes s\u00eb pavar\u00ebsis\u00eb s\u00eb Kosov\u00ebs.<\/strong><\/p>\n<p>Po ju p\u00ebrgjigjem me nj\u00eb rast konkret. M\u00eb 17 shkurt nj\u00eb gazetar malazez m\u00eb merr n\u00eb telefon dhe fillimisht m\u00eb pyet: Ku gjendeni n\u00eb k\u00ebto momente dhe si ndjeheni? I p\u00ebrgjigjem se \u00ebsht\u00eb koh\u00eb e mir\u00eb, dit\u00eb me diell, e papar\u00eb p\u00ebr k\u00ebt\u00eb stin\u00eb t\u00eb motit. Po festojm\u00eb pavar\u00ebsin\u00eb e Kosov\u00ebs.<\/p>\n<p><strong>Si u ndjet\u00eb kur Qeveria e Malit t\u00eb Zi njohu pavar\u00ebsin\u00eb e Kosov\u00ebs?<\/strong><\/p>\n<p>Natyrisht q\u00eb jam ndjer\u00eb mir\u00eb. 9 tetori i vitit 2008 \u00ebsht\u00eb grushti i fundit q\u00eb Mali i Zi u dha \u00ebndrrave dhe projekteve shtet\u00ebrore p\u00ebr Serbin\u00eb e Madhe, duke pranuar bot\u00ebrisht pavar\u00ebsin\u00eb e Kosov\u00ebs, duke e njohur at\u00eb shtet t\u00eb lir\u00eb e sovran. Jam i sigurt q\u00eb Kosova do t\u00eb gjej\u00eb prosperitetin e saj n\u00eb rrjedhat demokratike t\u00eb zhvillimeve integruese. T\u00eb gjitha k\u00ebto kan\u00eb firm\u00ebn e partis\u00eb qeveris\u00ebse t\u00eb Malit t\u00eb Zi, ku un\u00eb jam an\u00ebtar.<\/p>\n<p><strong>Mund t\u00eb ket\u00eb nj\u00eb p\u00ebrgjigje t\u00eb drejtp\u00ebrdrejt\u00eb pyetja, q\u00eb ju b\u00ebra m\u00eb pare: A \u00ebsht\u00eb v\u00ebshtir\u00eb q\u00eb n\u00eb nj\u00eb parti q\u00eb s\u2019\u00ebsht\u00eb shqiptare t\u2019i sh\u00ebrbesh \u00e7\u00ebshtjes shqiptare?<\/strong><\/p>\n<p>Un\u00eb ju p\u00ebrgjigjem se e v\u00ebshtir\u00eb \u00ebsht\u00eb, por jo e pamundur. Mund t\u00eb shtoj edhe fakte t\u00eb tjera n\u00eb favor t\u00eb partis\u00eb, ku jam an\u00ebtar\u00ebsuar: Kur t\u00eb tjer\u00ebt e lypnin p\u00ebr \u201cmish dashi\u201d n\u00eb Beograd Agim \u00c7ekun, z. Gjukanovi\u00e7i e pranoi n\u00eb pritje zyrtare n\u00eb vil\u00ebn qeveritare n\u00eb Podgoric\u00eb, po ashtu si\u00e7 ka pritur kryeministrin shqiptar z. Sali Berisha e t\u00eb tjer\u00eb politikan\u00eb shqiptar\u00eb. Duhet t\u00eb dim\u00eb se demokracia \u00ebsht\u00eb e v\u00ebshtir\u00eb, ajo nuk \u00ebsht\u00eb rregull matematikor, nuk \u00ebsht\u00eb ekuacion me nj\u00eb apo dy t\u00eb panjohura, ajo ka shum\u00eb t\u00eb panjohura, \u00ebsht\u00eb proces i gjat\u00eb. Ne t\u00eb Ballkanit jemi n\u00eb leksionet e para t\u00eb demokracis\u00eb. Integrimi dhe demokratizimi do t\u2019i ulin tensionet n\u00eb rajonin ton\u00eb.<\/p>\n<p><strong>Si politikan ju i p\u00ebrkisni mazhoranc\u00ebs, si shqiptar i p\u00ebrkisni pakicave, \u00e7far\u00eb ka b\u00ebr\u00eb qeveria e partis\u00eb tuaj p\u00ebr pakicat?<\/strong><\/p>\n<p>N\u00eb Mal t\u00eb Zi demokratizimi \u00ebsht\u00eb ende n\u00eb fillimet e veta. Pakicave jam i bindur se do t\u2019u p\u00ebrmir\u00ebsohen edhe n\u00eb t\u00eb ardhmen t\u00eb drejtat. Sot kemi ligjin p\u00ebr pakicat; kemi Ministrin\u00eb p\u00ebr Pakicat, kemi fondin e pakicave, kemi formuar K\u00ebshillat Nacionale Shqiptare, n\u00eb t\u00eb cilin edhe un\u00eb jam an\u00ebtar, kemi dokumentet edhe n\u00eb gjuh\u00ebn amtare, ja shihni letr\u00ebn time t\u00eb njoftimit, q\u00eb \u00ebsht\u00eb e shkruar edhe n\u00eb gjuh\u00ebn shqipe. Jam i bindur se standardet demokratike do t\u00eb implementohen n\u00eb t\u00eb gjitha drejtimet.<\/p>\n<p><strong>Jeni t\u00eb k\u00ebnaqur me sa jan\u00eb arritur dhe \u00e7\u2019prisni p\u00ebr t\u00eb ardhmen?<\/strong><\/p>\n<p>Mali i Zi nuk \u00ebsht\u00eb m\u00eb shum\u00eb se dy vjet i pavarur dhe p\u00ebr \u00e7\u2019ka jan\u00eb b\u00ebr\u00eb p\u00ebr k\u00ebta dy vjet s\u2019mund t\u00eb mohohet. Natyrisht q\u00eb ka vend p\u00ebr m\u00eb mir\u00eb. Nuk ua mohoj rolin dhe merit\u00ebn e subjekteve shqiptare n\u00eb ato \u00e7far\u00eb jan\u00eb arritur. Mir\u00ebpo nj\u00eb pjes\u00eb prej lider\u00ebve t\u00eb tyre nuk duhet t\u00eb harrojn\u00eb t\u00eb djeshmen e tyre; un\u00eb p\u00ebr vete nuk kam fotografi personale as me Medoivi\u00e7in, as me Mandi\u00e7in, as me ata t\u00eb cil\u00ebt desh\u00ebn me e ndez\u00eb Podgoric\u00ebn pse ajo pranoi pavar\u00ebsin\u00eb e Kosov\u00ebs. Disa lider\u00eb politik\u00eb shqiptar\u00eb jan\u00eb fotografuar me ta dhe kujtesa s\u2019besoj se i kan\u00eb l\u00ebn\u00eb. A mund t\u2019i k\u00ebrkojn\u00eb k\u00ebta patriot\u00eb t\u00eb drejtat e shqiptar\u00ebve me Mandi\u00e7in e Mediovi\u00e7in, me p\u00ebrfaq\u00ebsuesit e Sheshelit?<\/p>\n<p><strong>A ju ka q\u00eblluar q\u00eb n\u00eb Parlament, p\u00ebr shkak t\u00eb interesave t\u00eb partis\u00eb tuaj ose t\u00eb disiplin\u00ebs partiake, t\u00eb viheni n\u00eb pozicion kund\u00ebr \u00e7\u00ebshtjes komb\u00ebtare, t\u00eb ngritur nga Partit\u00eb Nacionaliste shqiptare?<\/strong><\/p>\n<p>Pyetja q\u00eb m\u00eb shtroni \u00ebsht\u00eb e r\u00ebnd\u00ebsishme dhe ia vlen sepse m\u00eb s\u00eb shumti k\u00ebtu abuzohet shum\u00eb dhe tentohen t\u00eb manipulohen njer\u00ebzit. Mir\u00ebpo flitet n\u00eb p\u00ebrgjith\u00ebsi dhe nuk sakt\u00ebsohet konkretisht se n\u00eb \u00e7\u2019rast ka ndodh\u00eb kjo? Un\u00eb do t\u00eb pyesja: Cila ka qen\u00eb ajo \u00e7\u00ebshtje komb\u00ebtare q\u00eb un\u00eb kam kund\u00ebrshtuar? N\u00ebse do t\u00eb ishte k\u00ebshtu, un\u00eb them se asnj\u00eb nga \u00e7\u00ebshtjet e shtruara n\u00eb Parlament nuk do t\u00eb mund t\u00eb miratoheshin pa vot\u00ebn e shumic\u00ebs qeveris\u00ebse. S\u2019kan\u00eb fuqi miratimi 2 apo tre mandate q\u00eb kan\u00eb partit\u00eb shqiptare pa mb\u00ebshtetjen e mazhoranc\u00ebs. Ajo q\u00eb shp\u00ebrndahet n\u00eb form\u00eb thashethemesh \u00ebsht\u00eb loj\u00eb politike, q\u00eb tenton t\u00eb manipuloj\u00eb, por q\u00eb deri tani nuk pin\u00eb uj\u00eb. M\u00eb vjen keq q\u00eb k\u00ebto loj\u00ebra manipuluese po pin\u00eb uj\u00eb nga disa struktura politike k\u00ebtu n\u00eb diaspor\u00eb. Un\u00eb mendoj se loj\u00ebra t\u00eb tilla q\u00eb gjejn\u00eb mb\u00ebshtetje edhe n\u00eb komunitetin shqiptar t\u00eb Amerik\u00ebs, nuk i sh\u00ebrbejn\u00eb afirmimit t\u00eb kombit dhe as zgjidhjeve t\u00eb \u00e7\u00ebshtjeve komb\u00ebtare. Un\u00eb e di pse manipulohet, por \u00e7\u00ebshtja shtrohet: N\u00ebse Partia Demokratike Socialiste nuk do q\u00eb shqiptar\u00ebt t\u00eb ken\u00eb pozita t\u00eb avancuara n\u00eb Mal t\u00eb Zi, \u00e7far\u00eb e shtyu Gjukanovi\u00e7in q\u00eb p\u00ebrpara shum\u00eb e shum\u00eb shteteve t\u00eb tjera, njohu pavar\u00ebsin\u00eb e Kosov\u00ebs? Nuk besoj se ka shqiptar q\u00eb nuk e pranon se njohja e pavar\u00ebsis\u00eb s\u00eb Kosov\u00ebs nga Mali i Zi, \u00ebsht\u00eb grushti p\u00ebrfundimtar i projektit t\u00eb Serbis\u00eb s\u00eb Madhe.<\/p>\n<p><strong>\u00c7\u2019mendim keni p\u00ebr partit\u00eb shqiptare n\u00eb Mal t\u00eb Zi?<\/strong><\/p>\n<p>E thash\u00eb edhe m\u00eb par\u00eb: ato kan\u00eb r\u00ebnd\u00ebsin\u00eb e tyre, por fakti q\u00eb nga nj\u00eb u b\u00ebn\u00eb gjasht\u00eb dhe themeluesit jan\u00eb po ata q\u00eb kan\u00eb formuar Lidhjen Demokratike, tregon se di\u00e7ka nuk shkon atje brenda. M\u00eb e mira kishte me qen\u00eb q\u00eb k\u00ebto gjasht\u00eb parti nacionale t\u00eb merreshin vesh me nj\u00ebra-tjetr\u00ebn dhe t\u00eb dalin me nj\u00eb platform\u00eb dhe pastaj t\u00eb na kritikonin ne q\u00eb s\u2019jemi me ata.<\/p>\n<p><strong>Un\u00eb ju pyeta pak m\u00eb par\u00eb n\u00ebse ka pas\u00eb \u00e7aste, kur jeni v\u00ebn\u00eb n\u00eb pozicion t\u00eb v\u00ebshtir\u00eb p\u00ebr shkak t\u00eb mandatit tuaj politik, mir\u00ebpo ende nuk e kam nj\u00eb p\u00ebrgjigje t\u00eb sakt\u00eb, mundeni?<\/strong><\/p>\n<p>Po ka pas\u00eb raste kur nuk e kam ndjer\u00eb veten jo mir\u00eb. Nuk e kam ndjer\u00eb veten mir\u00eb me \u201997-n, kur nj\u00eb lider politik i nj\u00eb partie nacionale shqiptare pat th\u00ebn\u00eb publikisht se e kishte n\u00eb zem\u00ebr Bulatovi\u00e7in, nd\u00ebrsa un\u00eb i thash\u00eb Bulatovi\u00e7it n\u00eb Ulqin, se me q\u00ebndrimin p\u00ebr pozit\u00ebn e Malit t\u00eb Zi n\u00eb Ish- Jugosllavi, ju nuk mund t\u00eb jeni kryetar i shtetit tim. Kjo ka ndodh\u00eb n\u00eb qershor 1997 me pranin\u00eb e TV p\u00ebr shtat\u00eb or\u00eb. Zgjedhjet e parakohshme parlamentare kan\u00eb qen\u00eb n\u00eb tetor. Z. Bulatovi\u00e7 arriti q\u00eb t\u00eb fitoj\u00eb pes\u00eb mij\u00eb vota m\u00eb shum\u00eb, por un\u00eb nuk e kam nd\u00ebrruar mendimin. Nuk e kam ndjer\u00eb veten mir\u00eb kur \u00ebsht\u00eb b\u00ebr\u00eb marr\u00ebveshja e Beogradit p\u00ebr Serbi-Mali i Zi, sepse rezoluta 1244 ka pas l\u00ebn\u00eb nj\u00eb lloj hap\u00ebsire q\u00eb e shihte Kosov\u00ebn n\u00eb kuad\u00ebr t\u00eb Serbis\u00eb. Nuk e kam ndjer\u00eb veten mir\u00eb, por kam fituar bindje se ajo marr\u00ebveshje e kishte edhe hap\u00ebsir\u00ebn p\u00ebr t\u00eb ndodh\u00eb ajo q\u00eb ndodhi m\u00eb von\u00eb n\u00eb vitin 2006, kur Referendumi me nj\u00eb shif\u00ebr t\u00eb bindshme prej 55 p\u00ebr qind i dha pavar\u00ebsin\u00eb Malit t\u00eb Zi dhe natyrisht la hap\u00ebsira edhe p\u00ebr Kosov\u00ebn.<\/p>\n<p><strong>Cili ka qen\u00eb q\u00ebndrimi juaj p\u00ebr t\u00eb burgosurit shqiptar\u00eb n\u00eb operacionin e koduar si \u201cFluturimi i Shqiponj\u00ebs\u201d?<\/strong><\/p>\n<p>Un\u00eb kam mendimin se \u00e7\u00ebshtja e t\u00eb burgosurve nuk \u00ebsht\u00eb \u00e7\u00ebshtje as e partis\u00eb, as e politik\u00ebs, as e Parlamentit. Un\u00eb kam m\u00ebsuar se a-ja e politik\u00ebs \u00ebsht\u00eb t\u00eb q\u00ebndruarit e politik\u00ebs larg policis\u00eb, ndryshe do t\u00eb kishim polici t\u00eb partive, gjykata t\u00eb partive, prokuror\u00eb t\u00eb partive\u2026 Ky leksion vjen edhe nga demokracia amerikane.<\/p>\n<p>Po fakti q\u00eb operacioni u organizua nj\u00eb dit\u00eb para zgjedhjeve, a ju shqet\u00ebsoi?<\/p>\n<p>Po, mbetet enigmatike pse kjo ndodhi para zgjedhjeve n\u00eb Mal\u00ebsi, por m\u00eb enigmatike \u00ebsht\u00eb \u00e7\u00ebshtja q\u00eb nuk prononcohen njer\u00ebzit t\u00eb cil\u00ebt jan\u00eb shprehur se: N\u00ebse X parti nuk fiton n\u00eb Tuz, fillon lufta (\u00ebsht\u00eb e shkruar kjo edhe n\u00eb ditar).<\/p>\n<p><strong>Dhe nj\u00eb pyetje t\u00eb drejtp\u00ebrdrejt\u00eb: Kan\u00eb faj ata q\u00eb jan\u00eb n\u00eb burg?<\/strong><\/p>\n<p>Jam tep\u00ebr i bindur se ka nd\u00ebr ata q\u00eb nuk e din\u00eb pse jan\u00eb aty, por dikush tjet\u00ebr i ka \u00e7uar deri aty. Un\u00eb ende nuk mundem me mb\u00ebrrit\u00eb tek p\u00ebrgjigja e pyetjes se \u00e7far\u00eb ka ndodh\u00eb me k\u00ebta 14 shqiptar\u00eb dhe ku e kan\u00eb logjistik\u00ebn ata? Por n\u00ebse n\u00eb nj\u00eb ditar shkruhet q\u00eb p\u00ebr k\u00ebt\u00eb \u00e7\u2019ka duam t\u00eb b\u00ebjm\u00eb n\u00eb Mal\u00ebsi kemi p\u00ebrkrahjen e Amerik\u00ebs, kemi p\u00ebrkrahjen e U\u00c7K-s\u00eb, por edhe t\u00eb Departamentit t\u00eb Shtetit Amerikan, un\u00eb s\u2019arrij q\u00eb ta konceptoj dot v\u00ebrtet\u00ebsin\u00eb dhe faj\u00ebsin\u00eb. Duket se gjith\u00e7ka \u00ebsht\u00eb e mbuluar me mjegull. Enigma q\u00ebndron edhe n\u00eb faktin se shqiptar\u00ebt nuk jan\u00eb akuzuar se kan\u00eb luftuar kund\u00ebr Malit t\u00eb Zi, por p\u00ebr luft\u00eb v\u00ebllavras\u00ebse n\u00eb Mal t\u00eb Zi. Do t\u00eb ishte logjike l\u00ebvizja n\u00ebse synonte p\u00ebrmir\u00ebsimin e sistemit qeveris\u00ebs, por luft\u00eb nd\u00ebrshqiptare, fetare? Kjo nuk i sh\u00ebrben as shqiptar\u00ebve vet\u00eb. Gjith\u00e7ka m\u00eb duket mjegullnaj\u00eb.<\/p>\n<p><strong>N\u00eb v\u00ebshtrimin e nj\u00eb politikani shqiptar, pavar\u00ebsisht se militoni n\u00eb nj\u00eb parti jo shqiptare, por malazeze, cili \u00ebsht\u00eb raporti mes p\u00ebrqindjes s\u00eb popullsis\u00eb shqiptare n\u00eb Mal t\u00eb Zi dhe p\u00ebrfaq\u00ebsimit t\u00eb tyre n\u00eb administrat\u00ebn shtet\u00ebrore, duke filluar q\u00eb nga nj\u00ebsia e pushtetit lokal deri n\u00eb piramid\u00ebn e lart\u00eb shtet\u00ebrore, p\u00ebrfshi k\u00ebtu gjykatat, policin\u00eb, ushtrin\u00eb?<\/strong><\/p>\n<p>M\u00eb falni, por do t\u2019ju korrigjoj: Partia ime nuk \u00ebsht\u00eb malazeze, por qytetare. N\u00eb vitet \u201997-2000, ne na akuzuan se nuk ishim parti malazeze, at\u00ebher\u00eb ishte afirmative t\u00eb ishe n\u00eb nj\u00eb parti malazeze. Deputeti i tanish\u00ebm i Mal\u00ebsis\u00eb, z. Sinishtaj nuk ka pas\u00eb qytet n\u00eb Mal t\u00eb Zi ku s\u2019ka k\u00ebnduar k\u00ebng\u00ebn e Kral Nikoll\u00ebs. Ishte an\u00ebtar i Partis\u00eb Liberale. Tash, q\u00eb nga 2006, u b\u00eb shqiptar, mir\u00eb, \u00ebsht\u00eb pun\u00eb e tij. Un\u00eb s\u2019kam qen\u00eb at\u00ebher\u00eb n\u00eb ato parti. Un\u00eb kam qen\u00eb dhe jam i nj\u00ebjti. At\u00ebher\u00eb e theksoj se ishte afirmative t\u00eb ishe an\u00ebtar i Lidhjes Liberale sepse kreu i liberal\u00ebve ka qen\u00eb zoti i shqiptar\u00ebve nga q\u00eb ka preferuar Malin e Zi t\u00eb pavarur, \u00e7\u2019ka partia jon\u00eb nuk e ka pas\u00eb. K\u00ebt\u00eb s\u2019mund t\u2019ia mohoj. Sot Partia Demokratike Socialiste nuk \u00ebsht\u00eb parti vet\u00ebm malazeze, por e t\u00eb gjith\u00eb komb\u00ebsive n\u00eb Mal t\u00eb Zi. Ajo n\u00eb Ulqin \u00ebsht\u00eb n\u00eb pushtet me partin\u00eb shqiptare, Unioni Demokratik Shqiptar. Kur kam pas\u00eb debat me z. Ferhat Dinosha, kryetari i Unionit Demokratik Shqiptar, mua m\u2019kan\u00eb th\u00ebn\u00eb \u00e7\u2019ka don me ba ti n\u00eb Mal\u00ebsi, kur heroin ton\u00eb t\u00eb Kombit po e nguc? Tash, kur Ferhat Dinosha \u00ebsht\u00eb miku im politik, prap\u00eb m\u00eb thon\u00eb n\u00eb Mal\u00ebsi \u00e7\u2019ka don me ba ti n\u00eb Mal\u00ebsi me Ferhat Dinosh\u00ebn, q\u00eb \u00ebsht\u00eb armiku yn\u00eb politik? Pra \u00ebsht\u00eb v\u00ebshtir\u00eb t\u00eb kuptosh se kur nj\u00eb njeri q\u00eb merret me politik\u00eb \u00ebsht\u00eb mik e kur armik. Ferhatin e kan\u00eb v\u00ebn\u00eb n\u00eb krye mal\u00ebsor\u00ebt edhe n\u00eb dasma, u ka mbajt fjalime edhe n\u00eb dreka, por tash po p\u00ebrflitet nga ata q\u00eb e kan\u00eb dasht\u00eb. Pra k\u00ebto dy vjet\u00ebt e fundit ka qen\u00eb shum\u00eb e v\u00ebshtir\u00eb p\u00ebr shqiptar\u00ebt t\u00eb b\u00ebrit politik\u00eb n\u00eb sken\u00ebn malazeze. Partia ime \u00ebsht\u00eb n\u00eb koalicion n\u00eb Ulqin me dy parti shqiptare, \u00e7\u2019ka m\u00eb par\u00eb s\u2019mund t\u00eb konceptohej. E nj\u00ebjta gj\u00eb \u00ebsht\u00eb n\u00eb Plav\u00eb, nes\u00ebr kemi me pas\u00eb edhe n\u00eb Kotorr, ku ne kemi edhe partin\u00eb kroate AGI, q\u00eb \u00ebsht\u00eb pjes\u00eb e koalicionit shtet\u00ebror, kemi ministrin q\u00eb \u00ebsht\u00eb pjes\u00eb e koalicionit. Un\u00eb mendoj se politikani duhet t\u00eb jet\u00eb i p\u00ebrgjegjsh\u00ebm. N\u00ebse nj\u00eb lider politik shqiptar n\u00eb prill 2008, u ka thirr\u00eb shqiptar\u00ebve q\u00eb t\u2019ia japin vot\u00ebn Nejbosha Mediovi\u00e7it, i cili sot nuk vjen n\u00eb Parlament, b\u00ebn demonstrata, do me ndez\u00eb Podgoric\u00ebn pse Gjukanovi\u00e7i ka pranuar Kosov\u00ebn, un\u00eb them se ky politikan duhet t\u00eb jap\u00eb llogari para shqiptar\u00ebve, q\u00eb u mori votat p\u00ebr nj\u00eb antishqiptar. Merreni me mend se \u00e7do t\u00eb ndodhte n\u00ebse Mediovi\u00e7i do t\u00eb ishte fitues i zgjedhjeve? S\u2019do t\u00eb kishte njohje t\u00eb Kosov\u00ebs nga Mali i Zi. \u00c7\u2019patriot je ti i Partis\u00eb Nacionale Shqiptare, q\u00eb me 3 n\u00ebntor 2008 n\u00ebnshkruan deklarat\u00ebn q\u00eb t\u00eb hiqet nga rendi i dit\u00ebs t\u00eb Parlamentit rezoluta p\u00ebr pranimin e shtetit t\u00eb Kosov\u00ebs? \u00c7\u2019\u00ebsht\u00eb ky lider q\u00eb thot\u00eb se kjo pik\u00eb e njohjes s\u00eb Kosov\u00ebs duhet t\u00eb hiqet sepse mund t\u00eb sjell\u00eb destabilizimin e vendit?!<\/p>\n<p><strong>A mund t\u2019i kthehemi pyetjes se sa t\u00eb p\u00ebrfaq\u00ebsuar ndjehen shqiptar\u00ebt n\u00eb administrat\u00ebn e Malit t\u00eb Zi?<\/strong><\/p>\n<p>Po, keni t\u00eb drejt\u00eb. Ju kam mbetur borxh. Nuk jam i k\u00ebnaqur me p\u00ebrfaq\u00ebsimin e shqiptar\u00ebve n\u00eb strukturat shtet\u00ebrore. S\u2019jam i k\u00ebnaqur absolutisht n\u00eb raport me numrin e popullsis\u00eb q\u00eb p\u00ebrfaq\u00ebsojm\u00eb. Ve\u00e7se nuk jam i k\u00ebnaqur as me faktorin politik t\u00eb p\u00ebr\u00e7ar\u00eb shqiptar q\u00eb nuk unifikon k\u00ebrkesat. Po t\u00eb kishim bashk\u00ebpunim ne do t\u00eb ishim m\u00eb t\u00eb p\u00ebrfaq\u00ebsuar si komb\u00ebsi. Po ju sjell nj\u00eb shembull nga Ulqini. Kurr\u00eb nuk ka qen\u00eb shefi i policis\u00eb s\u00eb Ulqinit nj\u00eb shqiptar, ve\u00e7 kur un\u00eb kam ardh\u00eb deputet. Deri n\u00eb vitin 2001, p\u00ebrgjith\u00ebsisht shefat e policis\u00eb kan\u00eb qen\u00eb malazez\u00eb. Pik\u00ebrisht n\u00eb 2001-shin kemi vendos\u00eb, me k\u00ebmb\u00ebnguljen time, shef policie Sabro Buzukun, q\u00eb e njeh i gjith\u00eb Ulqini dhe n\u00eb funksion kemi v\u00ebn\u00eb edhe Rudolf Lezovi\u00e7in. Mir\u00ebpo \u00e7\u2019ndodh? Partit\u00eb Nacionale Shqiptare ngrihen kund\u00ebr dy shqiptar\u00ebve, nj\u00ebri mal\u00ebsor, katolik prej Shtojit, tjetri shqiptar me tradit\u00eb e rr\u00ebnj\u00eb i fes\u00eb myslimane. Rezultati? Kryejn\u00eb mandatin ata dhe me k\u00ebrkes\u00ebn e partive shqiptare Rudolfin e trasferojn\u00eb n\u00eb Tivar dhe Sabron e shkarkojn\u00eb. N\u00eb vitin 2008, i kam trokit\u00eb z. Gjukanovi\u00e7 n\u00eb zyr\u00eb dhe i kam k\u00ebrkuar s\u00ebrish nj\u00eb kandidatur\u00eb shqiptare. Sot shefi i policis\u00eb s\u00eb Ulqinit \u00ebsht\u00eb shqiptar i Shtojit. Mir\u00ebpo ne jemi m\u00ebsuar t\u2019na sundojn\u00eb t\u00eb tjer\u00ebt dhe nuk na e mbush syrin i yni. Ka pasur dhe rast kur \u00ebsht\u00eb hapur nj\u00eb konkurs n\u00eb Podgoric\u00eb. Kan\u00eb qen\u00eb pes\u00eb vende pun\u00eb. Jan\u00eb regjistruar pes\u00ebdhjet\u00eb konkurrues, p\u00ebr fat t\u00eb keq asnj\u00eb shqiptar.<\/p>\n<p>Gjithsesi p\u00ebrfaq\u00ebsimi i shqiptar\u00ebve duhet t\u00eb p\u00ebrmir\u00ebsohet dhe duhet luftuar m\u00eb fort. Un\u00eb jam edhe an\u00ebtar i K\u00ebshillit Gjyq\u00ebsor p\u00ebr Malin e Zi dhe e kam shtruar p\u00ebrmir\u00ebsimin e p\u00ebrfaq\u00ebsimit shqiptar.<\/p>\n<p><strong>Ka shum\u00eb ankesa nga politikan\u00eb shqiptar\u00eb, q\u00eb vijn\u00eb n\u00eb diaspor\u00eb t\u00eb cil\u00ebt thon\u00eb se n\u00eb Ulqin po tjet\u00ebrsohen pronat, se objektet e turizmit po i g\u00eblltisin rus\u00ebt, se ka disproporcion t\u00eb shp\u00ebrndarjes s\u00eb fondeve, krahasuar me komunat me shumic\u00eb malazeze, se nuk ka hap\u00ebsir\u00eb p\u00ebr investime nga diaspora shqiptare. Cila \u00ebsht\u00eb gjendja sipas v\u00ebshtrimit tuaj?<\/strong><\/p>\n<p>Un\u00eb them se diaspor\u00ebn shqiptare nga komuna e Ulqinit, nuk ka kush e ndalon t\u00eb b\u00ebj\u00eb investime se ajo ka pronat e veta atje dhe mund t\u00eb investoj\u00eb, ve\u00e7 t\u00eb ket\u00eb d\u00ebshir\u00eb dhe kapital.<\/p>\n<p>T\u00eb vetmit njer\u00ebz q\u00eb kan\u00eb shit\u00eb prona atje jan\u00eb pik\u00ebrisht nga diaspora. P\u00ebr sa u p\u00ebrket ardhjes s\u00eb rus\u00ebve, mendoj se zmadhohet, as 001 p\u00ebr qind t\u00eb shifr\u00ebs nuk e p\u00ebrb\u00ebjn\u00eb rus\u00ebt.<\/p>\n<p>Kan\u00eb ardh\u00eb edhe nga Nju Jorku e kan\u00eb konkurruar por konkurrimi i tyre nuk ka qen\u00eb bind\u00ebs. Pa dyshim q\u00eb ka pas\u00eb padrejt\u00ebsi n\u00eb privatizim, un\u00eb s\u2019kam qen\u00eb aktor se s\u2019kam konkurruar, por kam qen\u00eb drejtor i Nd\u00ebrmarrjes Albatros, e kam l\u00ebshuar detyr\u00ebn sepse nuk kam qen\u00eb dakord p\u00ebr m\u00ebnyr\u00ebn se si po privatizohej ai objekt. Edhe disa objekte q\u00eb kan\u00eb fituar shqiptar\u00ebt, i kan\u00eb l\u00ebn\u00eb ashtu si\u00e7 i kan\u00eb marr\u00eb, pa b\u00ebr\u00eb asnj\u00eb investim.<\/p>\n<p><strong>Nga Dalip Greca<br \/>\nGazeta Tema<\/strong><\/p>\n<p><strong>\n\t\t<style type=\"text\/css\">\n\t\t\t#gallery-1 {\n\t\t\t\tmargin: auto;\n\t\t\t}\n\t\t\t#gallery-1 .gallery-item {\n\t\t\t\tfloat: left;\n\t\t\t\tmargin-top: 10px;\n\t\t\t\ttext-align: center;\n\t\t\t\twidth: 33%;\n\t\t\t}\n\t\t\t#gallery-1 img {\n\t\t\t\tborder: 2px solid #cfcfcf;\n\t\t\t}\n\t\t\t#gallery-1 .gallery-caption {\n\t\t\t\tmargin-left: 0;\n\t\t\t}\n\t\t\t\/* see gallery_shortcode() in wp-includes\/media.php *\/\n\t\t<\/style>\n\t\t<div id='gallery-1' class='gallery galleryid-9280 gallery-columns-3 gallery-size-thumbnail'><dl class='gallery-item'>\n\t\t\t<dt class='gallery-icon landscape'>\n\t\t\t\t<a href='https:\/\/www.visit-ulcinj.com\/blog\/wp-content\/uploads\/2009\/01\/luigj-shkrela.jpg'><img width=\"150\" height=\"150\" src=\"https:\/\/www.visit-ulcinj.com\/blog\/wp-content\/uploads\/2009\/01\/luigj-shkrela-150x150.jpg\" class=\"attachment-thumbnail size-thumbnail\" alt=\"\" loading=\"lazy\" \/><\/a>\n\t\t\t<\/dt><\/dl><dl class='gallery-item'>\n\t\t\t<dt class='gallery-icon landscape'>\n\t\t\t\t<a href='https:\/\/www.visit-ulcinj.com\/blog\/wp-content\/uploads\/2009\/01\/Luigj-Lubo-Shkrela-_FILIP-VUJANOVIC.jpg'><img width=\"150\" height=\"150\" src=\"https:\/\/www.visit-ulcinj.com\/blog\/wp-content\/uploads\/2009\/01\/Luigj-Lubo-Shkrela-_FILIP-VUJANOVIC-150x150.jpg\" class=\"attachment-thumbnail size-thumbnail\" alt=\"\" loading=\"lazy\" \/><\/a>\n\t\t\t<\/dt><\/dl><dl class='gallery-item'>\n\t\t\t<dt class='gallery-icon landscape'>\n\t\t\t\t<a href='https:\/\/www.visit-ulcinj.com\/blog\/wp-content\/uploads\/2009\/01\/Luigj-Lubo-Shkrela-_FILIP-VUJANOVIC.1.jpg'><img width=\"150\" height=\"150\" src=\"https:\/\/www.visit-ulcinj.com\/blog\/wp-content\/uploads\/2009\/01\/Luigj-Lubo-Shkrela-_FILIP-VUJANOVIC.1-150x150.jpg\" class=\"attachment-thumbnail size-thumbnail\" alt=\"\" loading=\"lazy\" \/><\/a>\n\t\t\t<\/dt><\/dl><br style=\"clear: both\" \/><dl class='gallery-item'>\n\t\t\t<dt class='gallery-icon landscape'>\n\t\t\t\t<a href='https:\/\/www.visit-ulcinj.com\/blog\/wp-content\/uploads\/2009\/01\/Luigj-Lubo-Shkrela-_FILIP-VUJANOVIC.2.jpg'><img width=\"150\" height=\"150\" src=\"https:\/\/www.visit-ulcinj.com\/blog\/wp-content\/uploads\/2009\/01\/Luigj-Lubo-Shkrela-_FILIP-VUJANOVIC.2-150x150.jpg\" class=\"attachment-thumbnail size-thumbnail\" alt=\"\" loading=\"lazy\" \/><\/a>\n\t\t\t<\/dt><\/dl><dl class='gallery-item'>\n\t\t\t<dt class='gallery-icon landscape'>\n\t\t\t\t<a href='https:\/\/www.visit-ulcinj.com\/blog\/wp-content\/uploads\/2009\/01\/Luigj-Lubo-Shkrela-_me-koalicionin_UDSH.1.jpg'><img width=\"150\" height=\"150\" src=\"https:\/\/www.visit-ulcinj.com\/blog\/wp-content\/uploads\/2009\/01\/Luigj-Lubo-Shkrela-_me-koalicionin_UDSH.1-150x150.jpg\" class=\"attachment-thumbnail size-thumbnail\" alt=\"\" loading=\"lazy\" \/><\/a>\n\t\t\t<\/dt><\/dl><dl class='gallery-item'>\n\t\t\t<dt class='gallery-icon landscape'>\n\t\t\t\t<a href='https:\/\/www.visit-ulcinj.com\/blog\/wp-content\/uploads\/2009\/01\/Luigj-Lubo-Shkrela-_me-koalicionin_UDSH.2.jpg'><img width=\"150\" height=\"150\" src=\"https:\/\/www.visit-ulcinj.com\/blog\/wp-content\/uploads\/2009\/01\/Luigj-Lubo-Shkrela-_me-koalicionin_UDSH.2-150x150.jpg\" class=\"attachment-thumbnail size-thumbnail\" alt=\"\" loading=\"lazy\" \/><\/a>\n\t\t\t<\/dt><\/dl><br style=\"clear: both\" \/><dl class='gallery-item'>\n\t\t\t<dt class='gallery-icon portrait'>\n\t\t\t\t<a href='https:\/\/www.visit-ulcinj.com\/blog\/wp-content\/uploads\/2009\/01\/Luigj-Lubo-Shkrela-_me-koalicionin_UDSH.3.jpg'><img width=\"150\" height=\"150\" src=\"https:\/\/www.visit-ulcinj.com\/blog\/wp-content\/uploads\/2009\/01\/Luigj-Lubo-Shkrela-_me-koalicionin_UDSH.3-150x150.jpg\" class=\"attachment-thumbnail size-thumbnail\" alt=\"\" loading=\"lazy\" \/><\/a>\n\t\t\t<\/dt><\/dl><dl class='gallery-item'>\n\t\t\t<dt class='gallery-icon landscape'>\n\t\t\t\t<a href='https:\/\/www.visit-ulcinj.com\/blog\/wp-content\/uploads\/2009\/01\/Luigj-Lubo-Shkrela-_me-koalicionin_UDSH.4.jpg'><img width=\"150\" height=\"150\" src=\"https:\/\/www.visit-ulcinj.com\/blog\/wp-content\/uploads\/2009\/01\/Luigj-Lubo-Shkrela-_me-koalicionin_UDSH.4-150x150.jpg\" class=\"attachment-thumbnail size-thumbnail\" alt=\"\" loading=\"lazy\" \/><\/a>\n\t\t\t<\/dt><\/dl><dl class='gallery-item'>\n\t\t\t<dt class='gallery-icon landscape'>\n\t\t\t\t<a href='https:\/\/www.visit-ulcinj.com\/blog\/wp-content\/uploads\/2009\/01\/Luigj-Lubo-Shkrela-_me-koalicionin_UDSH.5.jpg'><img width=\"150\" height=\"150\" src=\"https:\/\/www.visit-ulcinj.com\/blog\/wp-content\/uploads\/2009\/01\/Luigj-Lubo-Shkrela-_me-koalicionin_UDSH.5-150x150.jpg\" class=\"attachment-thumbnail size-thumbnail\" alt=\"\" loading=\"lazy\" \/><\/a>\n\t\t\t<\/dt><\/dl><br style=\"clear: both\" \/><dl class='gallery-item'>\n\t\t\t<dt class='gallery-icon landscape'>\n\t\t\t\t<a href='https:\/\/www.visit-ulcinj.com\/blog\/wp-content\/uploads\/2009\/01\/Luigj-Lubo-Shkrela-_me-koalicionin_UDSH.6.jpg'><img width=\"150\" height=\"150\" src=\"https:\/\/www.visit-ulcinj.com\/blog\/wp-content\/uploads\/2009\/01\/Luigj-Lubo-Shkrela-_me-koalicionin_UDSH.6-150x150.jpg\" class=\"attachment-thumbnail size-thumbnail\" alt=\"\" loading=\"lazy\" \/><\/a>\n\t\t\t<\/dt><\/dl><dl class='gallery-item'>\n\t\t\t<dt class='gallery-icon landscape'>\n\t\t\t\t<a href='https:\/\/www.visit-ulcinj.com\/blog\/wp-content\/uploads\/2009\/01\/Luigj-Lubo-Shkrela-_me-koalicionin_UDSH.jpg'><img width=\"150\" height=\"150\" src=\"https:\/\/www.visit-ulcinj.com\/blog\/wp-content\/uploads\/2009\/01\/Luigj-Lubo-Shkrela-_me-koalicionin_UDSH-150x150.jpg\" class=\"attachment-thumbnail size-thumbnail\" alt=\"\" loading=\"lazy\" \/><\/a>\n\t\t\t<\/dt><\/dl><dl class='gallery-item'>\n\t\t\t<dt class='gallery-icon landscape'>\n\t\t\t\t<a href='https:\/\/www.visit-ulcinj.com\/blog\/wp-content\/uploads\/2009\/01\/Luigj-Lubo-Shkrela-_Millo-Gjukanovic._1jpg.jpg'><img width=\"150\" height=\"150\" src=\"https:\/\/www.visit-ulcinj.com\/blog\/wp-content\/uploads\/2009\/01\/Luigj-Lubo-Shkrela-_Millo-Gjukanovic._1jpg-150x150.jpg\" class=\"attachment-thumbnail size-thumbnail\" alt=\"\" loading=\"lazy\" \/><\/a>\n\t\t\t<\/dt><\/dl><br style=\"clear: both\" \/><dl class='gallery-item'>\n\t\t\t<dt class='gallery-icon landscape'>\n\t\t\t\t<a href='https:\/\/www.visit-ulcinj.com\/blog\/wp-content\/uploads\/2009\/01\/Luigj-Lubo-Shkrela-_Millo-Gjukanovic._2.jpg'><img width=\"150\" height=\"150\" src=\"https:\/\/www.visit-ulcinj.com\/blog\/wp-content\/uploads\/2009\/01\/Luigj-Lubo-Shkrela-_Millo-Gjukanovic._2-150x150.jpg\" class=\"attachment-thumbnail size-thumbnail\" alt=\"\" loading=\"lazy\" \/><\/a>\n\t\t\t<\/dt><\/dl><dl class='gallery-item'>\n\t\t\t<dt class='gallery-icon landscape'>\n\t\t\t\t<a href='https:\/\/www.visit-ulcinj.com\/blog\/wp-content\/uploads\/2009\/01\/Luigj-Lubo-Shkrela-_Millo-Gjukanovic._2jpg.jpg'><img width=\"150\" height=\"150\" src=\"https:\/\/www.visit-ulcinj.com\/blog\/wp-content\/uploads\/2009\/01\/Luigj-Lubo-Shkrela-_Millo-Gjukanovic._2jpg-150x150.jpg\" class=\"attachment-thumbnail size-thumbnail\" alt=\"\" loading=\"lazy\" \/><\/a>\n\t\t\t<\/dt><\/dl><dl class='gallery-item'>\n\t\t\t<dt class='gallery-icon landscape'>\n\t\t\t\t<a href='https:\/\/www.visit-ulcinj.com\/blog\/wp-content\/uploads\/2009\/01\/Luigj-Lubo-Shkrela-_Millo-Gjukanovic._3pg.jpg'><img width=\"150\" height=\"150\" src=\"https:\/\/www.visit-ulcinj.com\/blog\/wp-content\/uploads\/2009\/01\/Luigj-Lubo-Shkrela-_Millo-Gjukanovic._3pg-150x150.jpg\" class=\"attachment-thumbnail size-thumbnail\" alt=\"\" loading=\"lazy\" \/><\/a>\n\t\t\t<\/dt><\/dl><br style=\"clear: both\" \/><dl class='gallery-item'>\n\t\t\t<dt class='gallery-icon landscape'>\n\t\t\t\t<a href='https:\/\/www.visit-ulcinj.com\/blog\/wp-content\/uploads\/2009\/01\/Luigj-Lubo-Shkrela-_Millo-Gjukanovic._4pg.jpg'><img width=\"150\" height=\"150\" src=\"https:\/\/www.visit-ulcinj.com\/blog\/wp-content\/uploads\/2009\/01\/Luigj-Lubo-Shkrela-_Millo-Gjukanovic._4pg-150x150.jpg\" class=\"attachment-thumbnail size-thumbnail\" alt=\"\" loading=\"lazy\" \/><\/a>\n\t\t\t<\/dt><\/dl><dl class='gallery-item'>\n\t\t\t<dt class='gallery-icon landscape'>\n\t\t\t\t<a href='https:\/\/www.visit-ulcinj.com\/blog\/wp-content\/uploads\/2009\/01\/Luigj-Lubo-Shkrela-_Millo-Gjukanovic._5.jpg'><img width=\"150\" height=\"150\" src=\"https:\/\/www.visit-ulcinj.com\/blog\/wp-content\/uploads\/2009\/01\/Luigj-Lubo-Shkrela-_Millo-Gjukanovic._5-150x150.jpg\" class=\"attachment-thumbnail size-thumbnail\" alt=\"\" loading=\"lazy\" \/><\/a>\n\t\t\t<\/dt><\/dl><dl class='gallery-item'>\n\t\t\t<dt class='gallery-icon landscape'>\n\t\t\t\t<a href='https:\/\/www.visit-ulcinj.com\/blog\/wp-content\/uploads\/2009\/01\/Luigj-Lubo-Shkrela-_Millo-Gjukanovic._6.jpg'><img width=\"150\" height=\"150\" src=\"https:\/\/www.visit-ulcinj.com\/blog\/wp-content\/uploads\/2009\/01\/Luigj-Lubo-Shkrela-_Millo-Gjukanovic._6-150x150.jpg\" class=\"attachment-thumbnail size-thumbnail\" alt=\"\" loading=\"lazy\" \/><\/a>\n\t\t\t<\/dt><\/dl><br style=\"clear: both\" \/><dl class='gallery-item'>\n\t\t\t<dt class='gallery-icon portrait'>\n\t\t\t\t<a href='https:\/\/www.visit-ulcinj.com\/blog\/wp-content\/uploads\/2009\/01\/Luigj-Lubo-Shkrela-_Millo-Gjukanovic._7.jpg'><img width=\"150\" height=\"150\" src=\"https:\/\/www.visit-ulcinj.com\/blog\/wp-content\/uploads\/2009\/01\/Luigj-Lubo-Shkrela-_Millo-Gjukanovic._7-150x150.jpg\" class=\"attachment-thumbnail size-thumbnail\" alt=\"\" loading=\"lazy\" \/><\/a>\n\t\t\t<\/dt><\/dl><dl class='gallery-item'>\n\t\t\t<dt class='gallery-icon landscape'>\n\t\t\t\t<a href='https:\/\/www.visit-ulcinj.com\/blog\/wp-content\/uploads\/2009\/01\/Luigj-Lubo-Shkrela-_Millo-Gjukanovic._8.jpg'><img width=\"150\" height=\"150\" src=\"https:\/\/www.visit-ulcinj.com\/blog\/wp-content\/uploads\/2009\/01\/Luigj-Lubo-Shkrela-_Millo-Gjukanovic._8-150x150.jpg\" class=\"attachment-thumbnail size-thumbnail\" alt=\"\" loading=\"lazy\" \/><\/a>\n\t\t\t<\/dt><\/dl><dl class='gallery-item'>\n\t\t\t<dt class='gallery-icon landscape'>\n\t\t\t\t<a href='https:\/\/www.visit-ulcinj.com\/blog\/wp-content\/uploads\/2009\/01\/Luigj-Lubo-Shkrela-_Millo-Gjukanovic._9.jpg'><img width=\"150\" height=\"150\" src=\"https:\/\/www.visit-ulcinj.com\/blog\/wp-content\/uploads\/2009\/01\/Luigj-Lubo-Shkrela-_Millo-Gjukanovic._9-150x150.jpg\" class=\"attachment-thumbnail size-thumbnail\" alt=\"\" loading=\"lazy\" \/><\/a>\n\t\t\t<\/dt><\/dl><br style=\"clear: both\" \/><dl class='gallery-item'>\n\t\t\t<dt class='gallery-icon landscape'>\n\t\t\t\t<a href='https:\/\/www.visit-ulcinj.com\/blog\/wp-content\/uploads\/2009\/01\/Luigj-Lubo-Shkrela-_Millo-Gjukanovic._10.jpg'><img width=\"150\" height=\"150\" src=\"https:\/\/www.visit-ulcinj.com\/blog\/wp-content\/uploads\/2009\/01\/Luigj-Lubo-Shkrela-_Millo-Gjukanovic._10-150x150.jpg\" class=\"attachment-thumbnail size-thumbnail\" alt=\"\" loading=\"lazy\" \/><\/a>\n\t\t\t<\/dt><\/dl><dl class='gallery-item'>\n\t\t\t<dt class='gallery-icon landscape'>\n\t\t\t\t<a href='https:\/\/www.visit-ulcinj.com\/blog\/wp-content\/uploads\/2009\/01\/Luigj-Lubo-Shkrela-_Millo-Gjukanovic._11.jpg'><img width=\"150\" height=\"150\" src=\"https:\/\/www.visit-ulcinj.com\/blog\/wp-content\/uploads\/2009\/01\/Luigj-Lubo-Shkrela-_Millo-Gjukanovic._11-150x150.jpg\" class=\"attachment-thumbnail size-thumbnail\" alt=\"\" loading=\"lazy\" \/><\/a>\n\t\t\t<\/dt><\/dl><dl class='gallery-item'>\n\t\t\t<dt class='gallery-icon landscape'>\n\t\t\t\t<a href='https:\/\/www.visit-ulcinj.com\/blog\/wp-content\/uploads\/2009\/01\/Luigj-Lubo-Shkrela-_Millo-Gjukanovic._12.jpg'><img width=\"150\" height=\"150\" src=\"https:\/\/www.visit-ulcinj.com\/blog\/wp-content\/uploads\/2009\/01\/Luigj-Lubo-Shkrela-_Millo-Gjukanovic._12-150x150.jpg\" class=\"attachment-thumbnail size-thumbnail\" alt=\"\" loading=\"lazy\" \/><\/a>\n\t\t\t<\/dt><\/dl><br style=\"clear: both\" \/><dl class='gallery-item'>\n\t\t\t<dt class='gallery-icon landscape'>\n\t\t\t\t<a href='https:\/\/www.visit-ulcinj.com\/blog\/wp-content\/uploads\/2009\/01\/Luigj-Lubo-Shkrela-_Millo-Gjukanovic._13.jpg'><img width=\"150\" height=\"150\" src=\"https:\/\/www.visit-ulcinj.com\/blog\/wp-content\/uploads\/2009\/01\/Luigj-Lubo-Shkrela-_Millo-Gjukanovic._13-150x150.jpg\" class=\"attachment-thumbnail size-thumbnail\" alt=\"\" loading=\"lazy\" \/><\/a>\n\t\t\t<\/dt><\/dl><dl class='gallery-item'>\n\t\t\t<dt class='gallery-icon landscape'>\n\t\t\t\t<a href='https:\/\/www.visit-ulcinj.com\/blog\/wp-content\/uploads\/2009\/01\/Luigj-Lubo-Shkrela-_Millo-Gjukanovic._14.jpg'><img width=\"150\" height=\"150\" src=\"https:\/\/www.visit-ulcinj.com\/blog\/wp-content\/uploads\/2009\/01\/Luigj-Lubo-Shkrela-_Millo-Gjukanovic._14-150x150.jpg\" class=\"attachment-thumbnail size-thumbnail\" alt=\"\" loading=\"lazy\" \/><\/a>\n\t\t\t<\/dt><\/dl><dl class='gallery-item'>\n\t\t\t<dt class='gallery-icon landscape'>\n\t\t\t\t<a href='https:\/\/www.visit-ulcinj.com\/blog\/wp-content\/uploads\/2009\/01\/Luigj-Lubo-Shkrela-_Millo-Gjukanovic._15.jpg'><img width=\"150\" height=\"150\" src=\"https:\/\/www.visit-ulcinj.com\/blog\/wp-content\/uploads\/2009\/01\/Luigj-Lubo-Shkrela-_Millo-Gjukanovic._15-150x150.jpg\" class=\"attachment-thumbnail size-thumbnail\" alt=\"\" loading=\"lazy\" \/><\/a>\n\t\t\t<\/dt><\/dl><br style=\"clear: both\" \/><dl class='gallery-item'>\n\t\t\t<dt class='gallery-icon landscape'>\n\t\t\t\t<a href='https:\/\/www.visit-ulcinj.com\/blog\/wp-content\/uploads\/2009\/01\/Luigj-Lubo-Shkrela-_Riza-Rexha_Bajram-Rexha.jpg'><img width=\"150\" height=\"150\" src=\"https:\/\/www.visit-ulcinj.com\/blog\/wp-content\/uploads\/2009\/01\/Luigj-Lubo-Shkrela-_Riza-Rexha_Bajram-Rexha-150x150.jpg\" class=\"attachment-thumbnail size-thumbnail\" alt=\"\" loading=\"lazy\" \/><\/a>\n\t\t\t<\/dt><\/dl><dl class='gallery-item'>\n\t\t\t<dt class='gallery-icon landscape'>\n\t\t\t\t<a href='https:\/\/www.visit-ulcinj.com\/blog\/wp-content\/uploads\/2009\/01\/Luigj-Lubo-Shkrela-ne-vashington.jpg'><img width=\"150\" height=\"150\" src=\"https:\/\/www.visit-ulcinj.com\/blog\/wp-content\/uploads\/2009\/01\/Luigj-Lubo-Shkrela-ne-vashington-150x150.jpg\" class=\"attachment-thumbnail size-thumbnail\" alt=\"\" loading=\"lazy\" \/><\/a>\n\t\t\t<\/dt><\/dl><dl class='gallery-item'>\n\t\t\t<dt class='gallery-icon landscape'>\n\t\t\t\t<a href='https:\/\/www.visit-ulcinj.com\/blog\/wp-content\/uploads\/2009\/01\/Luigj-Lubo-Shkrela-ne-vashington.1.jpg'><img width=\"150\" height=\"150\" src=\"https:\/\/www.visit-ulcinj.com\/blog\/wp-content\/uploads\/2009\/01\/Luigj-Lubo-Shkrela-ne-vashington.1-150x150.jpg\" class=\"attachment-thumbnail size-thumbnail\" alt=\"\" loading=\"lazy\" \/><\/a>\n\t\t\t<\/dt><\/dl><br style=\"clear: both\" \/>\n\t\t<\/div>\n<\/p>\n<p><\/strong><\/p>\n<p><strong> <\/strong><\/p>\n<p><!--YouTube Error: bad URL entered--><strong><br \/>\n<\/strong><\/p>\n<p><strong><br \/>\n<\/strong><\/p>\n<p><strong><br \/>\n<\/strong><\/p>\n<p><strong><br \/>\n<\/strong><\/p>\n<p><strong><br \/>\n<\/strong><\/p>\n<p><strong><br \/>\n<\/strong><\/p>\n","protected":false},"excerpt":{"rendered":"<p>Ju tregoj se kur jam ndjer\u00eb mir\u00eb si deputet i partis\u00eb s\u00eb Gjukanovi\u00e7it. Luigj Shkreli \u00ebsht\u00eb deputet n\u00eb Parlamentin e Malit t\u00eb Zi. Komuniteti shqiptar i Mal\u00ebsis\u00eb dhe nj\u00eb pjes\u00eb e atij t\u00eb Ulqinit q\u00eb jeton n\u00eb Amerik\u00eb, e cil\u00ebson \u201ct\u00eb shitur\u201d tek serbo-malazez\u00ebt, dhe nuk pranojn\u00eb t\u00eb bisedojn\u00eb me t\u00eb, nd\u00ebrkoh\u00eb q\u00eb nj\u00eb pjes\u00eb [&hellip;]<\/p>\n","protected":false},"author":1,"featured_media":0,"comment_status":"open","ping_status":"closed","sticky":false,"template":"","format":"standard","meta":{"spay_email":"","jetpack_publicize_message":"","jetpack_is_tweetstorm":false,"jetpack_publicize_feature_enabled":true},"categories":[5],"tags":[5892,97,2611,13850,729,95,5891],"jetpack_publicize_connections":[],"yoast_head":"<!-- This site is optimized with the Yoast SEO plugin v19.1 - https:\/\/yoast.com\/wordpress\/plugins\/seo\/ -->\n<title>Shkreli: N\u00eb PDS sh\u00ebrbej m\u00eb mir\u00eb \u00e7\u00ebshtjes shqiptare n\u00eb k\u00ebt\u00eb parti - Lajme nga Ulqini<\/title>\n<meta name=\"description\" content=\"Ju tregoj se kur jam ndjer\u00eb mir\u00eb si deputet i partis\u00eb s\u00eb Gjukanovi\u00e7it. Luigj Shkreli \u00ebsht\u00eb deputet n\u00eb Parlamentin e Malit t\u00eb Zi. Komuniteti shqiptar i\" \/>\n<meta name=\"robots\" content=\"index, follow, max-snippet:-1, max-image-preview:large, max-video-preview:-1\" \/>\n<link rel=\"canonical\" href=\"https:\/\/www.visit-ulcinj.com\/blog\/2009\/01\/17\/shkreli-ne-pds-sherbej-me-mire-ceshtjes-shqiptare-ne-kete-parti\/\" \/>\n<meta property=\"og:locale\" content=\"en_US\" \/>\n<meta property=\"og:type\" content=\"article\" \/>\n<meta property=\"og:title\" content=\"Shkreli: N\u00eb PDS sh\u00ebrbej m\u00eb mir\u00eb \u00e7\u00ebshtjes shqiptare n\u00eb k\u00ebt\u00eb parti - Lajme nga Ulqini\" \/>\n<meta property=\"og:description\" content=\"Ju tregoj se kur jam ndjer\u00eb mir\u00eb si deputet i partis\u00eb s\u00eb Gjukanovi\u00e7it. Luigj Shkreli \u00ebsht\u00eb deputet n\u00eb Parlamentin e Malit t\u00eb Zi. Komuniteti shqiptar i\" \/>\n<meta property=\"og:url\" content=\"https:\/\/www.visit-ulcinj.com\/blog\/2009\/01\/17\/shkreli-ne-pds-sherbej-me-mire-ceshtjes-shqiptare-ne-kete-parti\/\" \/>\n<meta property=\"og:site_name\" content=\"Lajme nga Ulqini\" \/>\n<meta property=\"article:published_time\" content=\"2009-01-17T19:49:18+00:00\" \/>\n<meta property=\"article:modified_time\" content=\"2010-03-15T17:46:40+00:00\" \/>\n<meta property=\"og:image\" content=\"https:\/\/www.visit-ulcinj.com\/blog\/wp-content\/uploads\/2009\/01\/luigj-shkrela-150x150.jpg\" \/>\n<meta name=\"twitter:label1\" content=\"Written by\" \/>\n\t<meta name=\"twitter:data1\" content=\"ulqini\" \/>\n\t<meta name=\"twitter:label2\" content=\"Est. reading time\" \/>\n\t<meta name=\"twitter:data2\" content=\"19 minutes\" \/>\n<script type=\"application\/ld+json\" class=\"yoast-schema-graph\">{\"@context\":\"https:\/\/schema.org\",\"@graph\":[{\"@type\":\"WebSite\",\"@id\":\"https:\/\/www.visit-ulcinj.com\/blog\/#website\",\"url\":\"https:\/\/www.visit-ulcinj.com\/blog\/\",\"name\":\"Lajme nga Ulqini\",\"description\":\"Lajme,Vijesti,Ulqini,Ulqin,Crna Gora,Mali i Zi\",\"potentialAction\":[{\"@type\":\"SearchAction\",\"target\":{\"@type\":\"EntryPoint\",\"urlTemplate\":\"https:\/\/www.visit-ulcinj.com\/blog\/?s={search_term_string}\"},\"query-input\":\"required name=search_term_string\"}],\"inLanguage\":\"en-US\"},{\"@type\":\"ImageObject\",\"inLanguage\":\"en-US\",\"@id\":\"https:\/\/www.visit-ulcinj.com\/blog\/2009\/01\/17\/shkreli-ne-pds-sherbej-me-mire-ceshtjes-shqiptare-ne-kete-parti\/#primaryimage\",\"url\":\"https:\/\/www.visit-ulcinj.com\/blog\/wp-content\/uploads\/2009\/01\/luigj-shkrela.jpg\",\"contentUrl\":\"https:\/\/www.visit-ulcinj.com\/blog\/wp-content\/uploads\/2009\/01\/luigj-shkrela.jpg\",\"width\":\"600\",\"height\":\"400\"},{\"@type\":\"WebPage\",\"@id\":\"https:\/\/www.visit-ulcinj.com\/blog\/2009\/01\/17\/shkreli-ne-pds-sherbej-me-mire-ceshtjes-shqiptare-ne-kete-parti\/#webpage\",\"url\":\"https:\/\/www.visit-ulcinj.com\/blog\/2009\/01\/17\/shkreli-ne-pds-sherbej-me-mire-ceshtjes-shqiptare-ne-kete-parti\/\",\"name\":\"Shkreli: N\u00eb PDS sh\u00ebrbej m\u00eb mir\u00eb \u00e7\u00ebshtjes shqiptare n\u00eb k\u00ebt\u00eb parti - Lajme nga Ulqini\",\"isPartOf\":{\"@id\":\"https:\/\/www.visit-ulcinj.com\/blog\/#website\"},\"primaryImageOfPage\":{\"@id\":\"https:\/\/www.visit-ulcinj.com\/blog\/2009\/01\/17\/shkreli-ne-pds-sherbej-me-mire-ceshtjes-shqiptare-ne-kete-parti\/#primaryimage\"},\"datePublished\":\"2009-01-17T19:49:18+00:00\",\"dateModified\":\"2010-03-15T17:46:40+00:00\",\"author\":{\"@id\":\"https:\/\/www.visit-ulcinj.com\/blog\/#\/schema\/person\/dcab619c614d3038751c63bc2aadc06d\"},\"description\":\"Ju tregoj se kur jam ndjer\u00eb mir\u00eb si deputet i partis\u00eb s\u00eb Gjukanovi\u00e7it. Luigj Shkreli \u00ebsht\u00eb deputet n\u00eb Parlamentin e Malit t\u00eb Zi. Komuniteti shqiptar i\",\"breadcrumb\":{\"@id\":\"https:\/\/www.visit-ulcinj.com\/blog\/2009\/01\/17\/shkreli-ne-pds-sherbej-me-mire-ceshtjes-shqiptare-ne-kete-parti\/#breadcrumb\"},\"inLanguage\":\"en-US\",\"potentialAction\":[{\"@type\":\"ReadAction\",\"target\":[\"https:\/\/www.visit-ulcinj.com\/blog\/2009\/01\/17\/shkreli-ne-pds-sherbej-me-mire-ceshtjes-shqiptare-ne-kete-parti\/\"]}]},{\"@type\":\"BreadcrumbList\",\"@id\":\"https:\/\/www.visit-ulcinj.com\/blog\/2009\/01\/17\/shkreli-ne-pds-sherbej-me-mire-ceshtjes-shqiptare-ne-kete-parti\/#breadcrumb\",\"itemListElement\":[{\"@type\":\"ListItem\",\"position\":1,\"name\":\"Shkreli: N\u00eb PDS sh\u00ebrbej m\u00eb mir\u00eb \u00e7\u00ebshtjes shqiptare n\u00eb k\u00ebt\u00eb parti\"}]},{\"@type\":\"Person\",\"@id\":\"https:\/\/www.visit-ulcinj.com\/blog\/#\/schema\/person\/dcab619c614d3038751c63bc2aadc06d\",\"name\":\"ulqini\",\"sameAs\":[\"http:\/\/www.visit-ulcinj.com\"],\"url\":\"https:\/\/www.visit-ulcinj.com\/blog\/author\/admin\/\"}]}<\/script>\n<!-- \/ Yoast SEO plugin. -->","yoast_head_json":{"title":"Shkreli: N\u00eb PDS sh\u00ebrbej m\u00eb mir\u00eb \u00e7\u00ebshtjes shqiptare n\u00eb k\u00ebt\u00eb parti - Lajme nga Ulqini","description":"Ju tregoj se kur jam ndjer\u00eb mir\u00eb si deputet i partis\u00eb s\u00eb Gjukanovi\u00e7it. Luigj Shkreli \u00ebsht\u00eb deputet n\u00eb Parlamentin e Malit t\u00eb Zi. Komuniteti shqiptar i","robots":{"index":"index","follow":"follow","max-snippet":"max-snippet:-1","max-image-preview":"max-image-preview:large","max-video-preview":"max-video-preview:-1"},"canonical":"https:\/\/www.visit-ulcinj.com\/blog\/2009\/01\/17\/shkreli-ne-pds-sherbej-me-mire-ceshtjes-shqiptare-ne-kete-parti\/","og_locale":"en_US","og_type":"article","og_title":"Shkreli: N\u00eb PDS sh\u00ebrbej m\u00eb mir\u00eb \u00e7\u00ebshtjes shqiptare n\u00eb k\u00ebt\u00eb parti - Lajme nga Ulqini","og_description":"Ju tregoj se kur jam ndjer\u00eb mir\u00eb si deputet i partis\u00eb s\u00eb Gjukanovi\u00e7it. Luigj Shkreli \u00ebsht\u00eb deputet n\u00eb Parlamentin e Malit t\u00eb Zi. Komuniteti shqiptar i","og_url":"https:\/\/www.visit-ulcinj.com\/blog\/2009\/01\/17\/shkreli-ne-pds-sherbej-me-mire-ceshtjes-shqiptare-ne-kete-parti\/","og_site_name":"Lajme nga Ulqini","article_published_time":"2009-01-17T19:49:18+00:00","article_modified_time":"2010-03-15T17:46:40+00:00","og_image":[{"url":"https:\/\/www.visit-ulcinj.com\/blog\/wp-content\/uploads\/2009\/01\/luigj-shkrela-150x150.jpg"}],"twitter_misc":{"Written by":"ulqini","Est. reading time":"19 minutes"},"schema":{"@context":"https:\/\/schema.org","@graph":[{"@type":"WebSite","@id":"https:\/\/www.visit-ulcinj.com\/blog\/#website","url":"https:\/\/www.visit-ulcinj.com\/blog\/","name":"Lajme nga Ulqini","description":"Lajme,Vijesti,Ulqini,Ulqin,Crna Gora,Mali i Zi","potentialAction":[{"@type":"SearchAction","target":{"@type":"EntryPoint","urlTemplate":"https:\/\/www.visit-ulcinj.com\/blog\/?s={search_term_string}"},"query-input":"required name=search_term_string"}],"inLanguage":"en-US"},{"@type":"ImageObject","inLanguage":"en-US","@id":"https:\/\/www.visit-ulcinj.com\/blog\/2009\/01\/17\/shkreli-ne-pds-sherbej-me-mire-ceshtjes-shqiptare-ne-kete-parti\/#primaryimage","url":"https:\/\/www.visit-ulcinj.com\/blog\/wp-content\/uploads\/2009\/01\/luigj-shkrela.jpg","contentUrl":"https:\/\/www.visit-ulcinj.com\/blog\/wp-content\/uploads\/2009\/01\/luigj-shkrela.jpg","width":"600","height":"400"},{"@type":"WebPage","@id":"https:\/\/www.visit-ulcinj.com\/blog\/2009\/01\/17\/shkreli-ne-pds-sherbej-me-mire-ceshtjes-shqiptare-ne-kete-parti\/#webpage","url":"https:\/\/www.visit-ulcinj.com\/blog\/2009\/01\/17\/shkreli-ne-pds-sherbej-me-mire-ceshtjes-shqiptare-ne-kete-parti\/","name":"Shkreli: N\u00eb PDS sh\u00ebrbej m\u00eb mir\u00eb \u00e7\u00ebshtjes shqiptare n\u00eb k\u00ebt\u00eb parti - Lajme nga Ulqini","isPartOf":{"@id":"https:\/\/www.visit-ulcinj.com\/blog\/#website"},"primaryImageOfPage":{"@id":"https:\/\/www.visit-ulcinj.com\/blog\/2009\/01\/17\/shkreli-ne-pds-sherbej-me-mire-ceshtjes-shqiptare-ne-kete-parti\/#primaryimage"},"datePublished":"2009-01-17T19:49:18+00:00","dateModified":"2010-03-15T17:46:40+00:00","author":{"@id":"https:\/\/www.visit-ulcinj.com\/blog\/#\/schema\/person\/dcab619c614d3038751c63bc2aadc06d"},"description":"Ju tregoj se kur jam ndjer\u00eb mir\u00eb si deputet i partis\u00eb s\u00eb Gjukanovi\u00e7it. Luigj Shkreli \u00ebsht\u00eb deputet n\u00eb Parlamentin e Malit t\u00eb Zi. Komuniteti shqiptar i","breadcrumb":{"@id":"https:\/\/www.visit-ulcinj.com\/blog\/2009\/01\/17\/shkreli-ne-pds-sherbej-me-mire-ceshtjes-shqiptare-ne-kete-parti\/#breadcrumb"},"inLanguage":"en-US","potentialAction":[{"@type":"ReadAction","target":["https:\/\/www.visit-ulcinj.com\/blog\/2009\/01\/17\/shkreli-ne-pds-sherbej-me-mire-ceshtjes-shqiptare-ne-kete-parti\/"]}]},{"@type":"BreadcrumbList","@id":"https:\/\/www.visit-ulcinj.com\/blog\/2009\/01\/17\/shkreli-ne-pds-sherbej-me-mire-ceshtjes-shqiptare-ne-kete-parti\/#breadcrumb","itemListElement":[{"@type":"ListItem","position":1,"name":"Shkreli: N\u00eb PDS sh\u00ebrbej m\u00eb mir\u00eb \u00e7\u00ebshtjes shqiptare n\u00eb k\u00ebt\u00eb parti"}]},{"@type":"Person","@id":"https:\/\/www.visit-ulcinj.com\/blog\/#\/schema\/person\/dcab619c614d3038751c63bc2aadc06d","name":"ulqini","sameAs":["http:\/\/www.visit-ulcinj.com"],"url":"https:\/\/www.visit-ulcinj.com\/blog\/author\/admin\/"}]}},"jetpack_featured_media_url":"","jetpack_sharing_enabled":true,"jetpack_shortlink":"https:\/\/wp.me\/pe6lTn-2pG","_links":{"self":[{"href":"https:\/\/www.visit-ulcinj.com\/blog\/wp-json\/wp\/v2\/posts\/9280"}],"collection":[{"href":"https:\/\/www.visit-ulcinj.com\/blog\/wp-json\/wp\/v2\/posts"}],"about":[{"href":"https:\/\/www.visit-ulcinj.com\/blog\/wp-json\/wp\/v2\/types\/post"}],"author":[{"embeddable":true,"href":"https:\/\/www.visit-ulcinj.com\/blog\/wp-json\/wp\/v2\/users\/1"}],"replies":[{"embeddable":true,"href":"https:\/\/www.visit-ulcinj.com\/blog\/wp-json\/wp\/v2\/comments?post=9280"}],"version-history":[{"count":0,"href":"https:\/\/www.visit-ulcinj.com\/blog\/wp-json\/wp\/v2\/posts\/9280\/revisions"}],"wp:attachment":[{"href":"https:\/\/www.visit-ulcinj.com\/blog\/wp-json\/wp\/v2\/media?parent=9280"}],"wp:term":[{"taxonomy":"category","embeddable":true,"href":"https:\/\/www.visit-ulcinj.com\/blog\/wp-json\/wp\/v2\/categories?post=9280"},{"taxonomy":"post_tag","embeddable":true,"href":"https:\/\/www.visit-ulcinj.com\/blog\/wp-json\/wp\/v2\/tags?post=9280"}],"curies":[{"name":"wp","href":"https:\/\/api.w.org\/{rel}","templated":true}]}}