{"id":92800,"date":"2015-10-18T10:45:46","date_gmt":"2015-10-18T09:45:46","guid":{"rendered":"http:\/\/www.visit-ulcinj.com\/blog\/?p=92800"},"modified":"2015-10-18T10:45:46","modified_gmt":"2015-10-18T09:45:46","slug":"udes-u-ulcinj-povrijeden-ljoro-nrekic","status":"publish","type":"post","link":"https:\/\/www.visit-ulcinj.com\/blog\/2015\/10\/18\/udes-u-ulcinj-povrijeden-ljoro-nrekic\/","title":{"rendered":"Udes u Ulcinj, povrije\u0111en Ljoro Nreki\u0107"},"content":{"rendered":"<p><span class=\"credits__author\"> <a href=\"http:\/\/www.visit-ulcinj.com\/blog\/wp-content\/uploads\/2013\/03\/Ljoro-Nrekic_Ulcinj.jpg\"><img loading=\"lazy\" class=\"alignleft wp-image-69368\" src=\"http:\/\/www.visit-ulcinj.com\/blog\/wp-content\/uploads\/2013\/03\/Ljoro-Nrekic_Ulcinj.jpg\" alt=\"Ljoro-Nrekic_Ulcinj\" width=\"508\" height=\"381\" srcset=\"https:\/\/www.visit-ulcinj.com\/blog\/wp-content\/uploads\/2013\/03\/Ljoro-Nrekic_Ulcinj.jpg 400w, https:\/\/www.visit-ulcinj.com\/blog\/wp-content\/uploads\/2013\/03\/Ljoro-Nrekic_Ulcinj-300x225.jpg 300w\" sizes=\"(max-width: 508px) 100vw, 508px\" \/><\/a>Autor: Samir Adrovi\u0107 <\/span><\/p>\n<p>\u0160ef ulcinjskog odbora DPS Ljoro Nreki\u0107 povrije\u0111en je u saobra\u0107ajnom udesu koji se dogodio no\u0107as na putu od Ulcinja do Ade Bojane.<\/p>\n<p>Nreki\u0107 je preba\u010den u barsku bolnici ali Vijestima je u ulcinjskoj Hitnoj pomo\u0107i re\u010deno da nije \u017eivotno ugro\u017een.<\/p>\n<p>Za Bar je upu\u0107en i voza\u010d drugog vozila, koji je imao kontakt sa Nreki\u0107em ali ni on nije u \u017eivotnoj opsanosti.<\/p>\n<p>Kako saznajemo, do udesa je do\u0161lo zbog krave koja je bila na putu.<\/p>\n<p>Uvi\u0111aj je u toku.<\/p>\n<p><strong>Izvor: Vijesti Online<\/strong><\/p>\n","protected":false},"excerpt":{"rendered":"<p>Autor: Samir Adrovi\u0107 \u0160ef ulcinjskog odbora DPS Ljoro Nreki\u0107 povrije\u0111en je u saobra\u0107ajnom udesu koji se dogodio no\u0107as na putu od Ulcinja do Ade Bojane. Nreki\u0107 je preba\u010den u barsku bolnici ali Vijestima je u ulcinjskoj Hitnoj pomo\u0107i re\u010deno da nije \u017eivotno ugro\u017een. Za Bar je upu\u0107en i voza\u010d drugog vozila, koji je imao kontakt [&hellip;]<\/p>\n","protected":false},"author":1,"featured_media":0,"comment_status":"closed","ping_status":"closed","sticky":false,"template":"","format":"standard","meta":{"spay_email":"","jetpack_publicize_message":"","jetpack_is_tweetstorm":false,"jetpack_publicize_feature_enabled":true},"categories":[8337],"tags":[],"jetpack_publicize_connections":[],"yoast_head":"<!-- This site is optimized with the Yoast SEO plugin v19.1 - https:\/\/yoast.com\/wordpress\/plugins\/seo\/ -->\n<title>Udes u Ulcinj, povrije\u0111en Ljoro Nreki\u0107 - Lajme nga Ulqini<\/title>\n<meta name=\"description\" content=\"Autor: Samir Adrovi\u0107 \u0160ef ulcinjskog odbora DPS Ljoro Nreki\u0107 povrije\u0111en je u saobra\u0107ajnom udesu koji se dogodio no\u0107as na putu od Ulcinja do Ade Bojane.\" \/>\n<meta name=\"robots\" content=\"index, follow, max-snippet:-1, max-image-preview:large, max-video-preview:-1\" \/>\n<link rel=\"canonical\" href=\"https:\/\/www.visit-ulcinj.com\/blog\/2015\/10\/18\/udes-u-ulcinj-povrijeden-ljoro-nrekic\/\" \/>\n<meta property=\"og:locale\" content=\"en_US\" \/>\n<meta property=\"og:type\" content=\"article\" \/>\n<meta property=\"og:title\" content=\"Udes u Ulcinj, povrije\u0111en Ljoro Nreki\u0107 - Lajme nga Ulqini\" \/>\n<meta property=\"og:description\" content=\"Autor: Samir Adrovi\u0107 \u0160ef ulcinjskog odbora DPS Ljoro Nreki\u0107 povrije\u0111en je u saobra\u0107ajnom udesu koji se dogodio no\u0107as na putu od Ulcinja do Ade Bojane.\" \/>\n<meta property=\"og:url\" content=\"https:\/\/www.visit-ulcinj.com\/blog\/2015\/10\/18\/udes-u-ulcinj-povrijeden-ljoro-nrekic\/\" \/>\n<meta property=\"og:site_name\" content=\"Lajme nga Ulqini\" \/>\n<meta property=\"article:published_time\" content=\"2015-10-18T09:45:46+00:00\" \/>\n<meta property=\"og:image\" content=\"http:\/\/www.visit-ulcinj.com\/blog\/wp-content\/uploads\/2013\/03\/Ljoro-Nrekic_Ulcinj.jpg\" \/>\n<meta name=\"twitter:label1\" content=\"Written by\" \/>\n\t<meta name=\"twitter:data1\" content=\"ulqini\" \/>\n<script type=\"application\/ld+json\" class=\"yoast-schema-graph\">{\"@context\":\"https:\/\/schema.org\",\"@graph\":[{\"@type\":\"WebSite\",\"@id\":\"https:\/\/www.visit-ulcinj.com\/blog\/#website\",\"url\":\"https:\/\/www.visit-ulcinj.com\/blog\/\",\"name\":\"Lajme nga Ulqini\",\"description\":\"Lajme,Vijesti,Ulqini,Ulqin,Crna Gora,Mali i Zi\",\"potentialAction\":[{\"@type\":\"SearchAction\",\"target\":{\"@type\":\"EntryPoint\",\"urlTemplate\":\"https:\/\/www.visit-ulcinj.com\/blog\/?s={search_term_string}\"},\"query-input\":\"required name=search_term_string\"}],\"inLanguage\":\"en-US\"},{\"@type\":\"ImageObject\",\"inLanguage\":\"en-US\",\"@id\":\"https:\/\/www.visit-ulcinj.com\/blog\/2015\/10\/18\/udes-u-ulcinj-povrijeden-ljoro-nrekic\/#primaryimage\",\"url\":\"https:\/\/www.visit-ulcinj.com\/blog\/wp-content\/uploads\/2013\/03\/Ljoro-Nrekic_Ulcinj.jpg\",\"contentUrl\":\"https:\/\/www.visit-ulcinj.com\/blog\/wp-content\/uploads\/2013\/03\/Ljoro-Nrekic_Ulcinj.jpg\",\"width\":400,\"height\":300},{\"@type\":\"WebPage\",\"@id\":\"https:\/\/www.visit-ulcinj.com\/blog\/2015\/10\/18\/udes-u-ulcinj-povrijeden-ljoro-nrekic\/#webpage\",\"url\":\"https:\/\/www.visit-ulcinj.com\/blog\/2015\/10\/18\/udes-u-ulcinj-povrijeden-ljoro-nrekic\/\",\"name\":\"Udes u Ulcinj, povrije\u0111en Ljoro Nreki\u0107 - Lajme nga Ulqini\",\"isPartOf\":{\"@id\":\"https:\/\/www.visit-ulcinj.com\/blog\/#website\"},\"primaryImageOfPage\":{\"@id\":\"https:\/\/www.visit-ulcinj.com\/blog\/2015\/10\/18\/udes-u-ulcinj-povrijeden-ljoro-nrekic\/#primaryimage\"},\"datePublished\":\"2015-10-18T09:45:46+00:00\",\"dateModified\":\"2015-10-18T09:45:46+00:00\",\"author\":{\"@id\":\"https:\/\/www.visit-ulcinj.com\/blog\/#\/schema\/person\/dcab619c614d3038751c63bc2aadc06d\"},\"description\":\"Autor: Samir Adrovi\u0107 \u0160ef ulcinjskog odbora DPS Ljoro Nreki\u0107 povrije\u0111en je u saobra\u0107ajnom udesu koji se dogodio no\u0107as na putu od Ulcinja do Ade Bojane.\",\"breadcrumb\":{\"@id\":\"https:\/\/www.visit-ulcinj.com\/blog\/2015\/10\/18\/udes-u-ulcinj-povrijeden-ljoro-nrekic\/#breadcrumb\"},\"inLanguage\":\"en-US\",\"potentialAction\":[{\"@type\":\"ReadAction\",\"target\":[\"https:\/\/www.visit-ulcinj.com\/blog\/2015\/10\/18\/udes-u-ulcinj-povrijeden-ljoro-nrekic\/\"]}]},{\"@type\":\"BreadcrumbList\",\"@id\":\"https:\/\/www.visit-ulcinj.com\/blog\/2015\/10\/18\/udes-u-ulcinj-povrijeden-ljoro-nrekic\/#breadcrumb\",\"itemListElement\":[{\"@type\":\"ListItem\",\"position\":1,\"name\":\"Udes u Ulcinj, povrije\u0111en Ljoro Nreki\u0107\"}]},{\"@type\":\"Person\",\"@id\":\"https:\/\/www.visit-ulcinj.com\/blog\/#\/schema\/person\/dcab619c614d3038751c63bc2aadc06d\",\"name\":\"ulqini\",\"sameAs\":[\"http:\/\/www.visit-ulcinj.com\"],\"url\":\"https:\/\/www.visit-ulcinj.com\/blog\/author\/admin\/\"}]}<\/script>\n<!-- \/ Yoast SEO plugin. -->","yoast_head_json":{"title":"Udes u Ulcinj, povrije\u0111en Ljoro Nreki\u0107 - Lajme nga Ulqini","description":"Autor: Samir Adrovi\u0107 \u0160ef ulcinjskog odbora DPS Ljoro Nreki\u0107 povrije\u0111en je u saobra\u0107ajnom udesu koji se dogodio no\u0107as na putu od Ulcinja do Ade Bojane.","robots":{"index":"index","follow":"follow","max-snippet":"max-snippet:-1","max-image-preview":"max-image-preview:large","max-video-preview":"max-video-preview:-1"},"canonical":"https:\/\/www.visit-ulcinj.com\/blog\/2015\/10\/18\/udes-u-ulcinj-povrijeden-ljoro-nrekic\/","og_locale":"en_US","og_type":"article","og_title":"Udes u Ulcinj, povrije\u0111en Ljoro Nreki\u0107 - Lajme nga Ulqini","og_description":"Autor: Samir Adrovi\u0107 \u0160ef ulcinjskog odbora DPS Ljoro Nreki\u0107 povrije\u0111en je u saobra\u0107ajnom udesu koji se dogodio no\u0107as na putu od Ulcinja do Ade Bojane.","og_url":"https:\/\/www.visit-ulcinj.com\/blog\/2015\/10\/18\/udes-u-ulcinj-povrijeden-ljoro-nrekic\/","og_site_name":"Lajme nga Ulqini","article_published_time":"2015-10-18T09:45:46+00:00","og_image":[{"url":"http:\/\/www.visit-ulcinj.com\/blog\/wp-content\/uploads\/2013\/03\/Ljoro-Nrekic_Ulcinj.jpg"}],"twitter_misc":{"Written by":"ulqini"},"schema":{"@context":"https:\/\/schema.org","@graph":[{"@type":"WebSite","@id":"https:\/\/www.visit-ulcinj.com\/blog\/#website","url":"https:\/\/www.visit-ulcinj.com\/blog\/","name":"Lajme nga Ulqini","description":"Lajme,Vijesti,Ulqini,Ulqin,Crna Gora,Mali i Zi","potentialAction":[{"@type":"SearchAction","target":{"@type":"EntryPoint","urlTemplate":"https:\/\/www.visit-ulcinj.com\/blog\/?s={search_term_string}"},"query-input":"required name=search_term_string"}],"inLanguage":"en-US"},{"@type":"ImageObject","inLanguage":"en-US","@id":"https:\/\/www.visit-ulcinj.com\/blog\/2015\/10\/18\/udes-u-ulcinj-povrijeden-ljoro-nrekic\/#primaryimage","url":"https:\/\/www.visit-ulcinj.com\/blog\/wp-content\/uploads\/2013\/03\/Ljoro-Nrekic_Ulcinj.jpg","contentUrl":"https:\/\/www.visit-ulcinj.com\/blog\/wp-content\/uploads\/2013\/03\/Ljoro-Nrekic_Ulcinj.jpg","width":400,"height":300},{"@type":"WebPage","@id":"https:\/\/www.visit-ulcinj.com\/blog\/2015\/10\/18\/udes-u-ulcinj-povrijeden-ljoro-nrekic\/#webpage","url":"https:\/\/www.visit-ulcinj.com\/blog\/2015\/10\/18\/udes-u-ulcinj-povrijeden-ljoro-nrekic\/","name":"Udes u Ulcinj, povrije\u0111en Ljoro Nreki\u0107 - Lajme nga Ulqini","isPartOf":{"@id":"https:\/\/www.visit-ulcinj.com\/blog\/#website"},"primaryImageOfPage":{"@id":"https:\/\/www.visit-ulcinj.com\/blog\/2015\/10\/18\/udes-u-ulcinj-povrijeden-ljoro-nrekic\/#primaryimage"},"datePublished":"2015-10-18T09:45:46+00:00","dateModified":"2015-10-18T09:45:46+00:00","author":{"@id":"https:\/\/www.visit-ulcinj.com\/blog\/#\/schema\/person\/dcab619c614d3038751c63bc2aadc06d"},"description":"Autor: Samir Adrovi\u0107 \u0160ef ulcinjskog odbora DPS Ljoro Nreki\u0107 povrije\u0111en je u saobra\u0107ajnom udesu koji se dogodio no\u0107as na putu od Ulcinja do Ade Bojane.","breadcrumb":{"@id":"https:\/\/www.visit-ulcinj.com\/blog\/2015\/10\/18\/udes-u-ulcinj-povrijeden-ljoro-nrekic\/#breadcrumb"},"inLanguage":"en-US","potentialAction":[{"@type":"ReadAction","target":["https:\/\/www.visit-ulcinj.com\/blog\/2015\/10\/18\/udes-u-ulcinj-povrijeden-ljoro-nrekic\/"]}]},{"@type":"BreadcrumbList","@id":"https:\/\/www.visit-ulcinj.com\/blog\/2015\/10\/18\/udes-u-ulcinj-povrijeden-ljoro-nrekic\/#breadcrumb","itemListElement":[{"@type":"ListItem","position":1,"name":"Udes u Ulcinj, povrije\u0111en Ljoro Nreki\u0107"}]},{"@type":"Person","@id":"https:\/\/www.visit-ulcinj.com\/blog\/#\/schema\/person\/dcab619c614d3038751c63bc2aadc06d","name":"ulqini","sameAs":["http:\/\/www.visit-ulcinj.com"],"url":"https:\/\/www.visit-ulcinj.com\/blog\/author\/admin\/"}]}},"jetpack_featured_media_url":"","jetpack_sharing_enabled":true,"jetpack_shortlink":"https:\/\/wp.me\/pe6lTn-o8M","_links":{"self":[{"href":"https:\/\/www.visit-ulcinj.com\/blog\/wp-json\/wp\/v2\/posts\/92800"}],"collection":[{"href":"https:\/\/www.visit-ulcinj.com\/blog\/wp-json\/wp\/v2\/posts"}],"about":[{"href":"https:\/\/www.visit-ulcinj.com\/blog\/wp-json\/wp\/v2\/types\/post"}],"author":[{"embeddable":true,"href":"https:\/\/www.visit-ulcinj.com\/blog\/wp-json\/wp\/v2\/users\/1"}],"replies":[{"embeddable":true,"href":"https:\/\/www.visit-ulcinj.com\/blog\/wp-json\/wp\/v2\/comments?post=92800"}],"version-history":[{"count":1,"href":"https:\/\/www.visit-ulcinj.com\/blog\/wp-json\/wp\/v2\/posts\/92800\/revisions"}],"predecessor-version":[{"id":92801,"href":"https:\/\/www.visit-ulcinj.com\/blog\/wp-json\/wp\/v2\/posts\/92800\/revisions\/92801"}],"wp:attachment":[{"href":"https:\/\/www.visit-ulcinj.com\/blog\/wp-json\/wp\/v2\/media?parent=92800"}],"wp:term":[{"taxonomy":"category","embeddable":true,"href":"https:\/\/www.visit-ulcinj.com\/blog\/wp-json\/wp\/v2\/categories?post=92800"},{"taxonomy":"post_tag","embeddable":true,"href":"https:\/\/www.visit-ulcinj.com\/blog\/wp-json\/wp\/v2\/tags?post=92800"}],"curies":[{"name":"wp","href":"https:\/\/api.w.org\/{rel}","templated":true}]}}